{"id":421414,"date":"2026-03-25T16:00:00","date_gmt":"2026-03-25T19:00:00","guid":{"rendered":"https:\/\/portaltela.pt\/noticias\/2026\/03\/25\/governo-nao-consegue-atribuir-medico-de-familia-a-todos-ate-2027\/"},"modified":"2026-03-25T16:00:00","modified_gmt":"2026-03-25T19:00:00","slug":"governo-nao-consegue-atribuir-medico-de-familia-a-todos-ate-2027","status":"publish","type":"post","link":"https:\/\/portaltela.pt\/saude\/2026\/03\/25\/governo-nao-consegue-atribuir-medico-de-familia-a-todos-ate-2027\/","title":{"rendered":"Governo n\u00e3o consegue atribuir m\u00e9dico de fam\u00edlia a todos at\u00e9 2027"},"content":{"rendered":"<p>A ministra da Sa\u00fade, Ana Paula Martins, afirmou que o Governo n\u00e3o conseguir\u00e1 atribuir m\u00e9dico de fam\u00edlia a todos os utentes at\u00e9 2027. A raz\u00e3o apresentada \u00e9 o fluxo di\u00e1rio de novas inscri\u00e7\u00f5es nos centros de sa\u00fade, que complica o objetivo dentro do Servi\u00e7o Nacional de Sa\u00fade.<\/p>\n<p>Martins destacou que o desafio \u00e9 novo nos \u00faltimos cinco anos e requer ajustes na organiza\u00e7\u00e3o do SNS. A governante enalteceu a coopera\u00e7\u00e3o entre poderes local e central e admitiu que a transfer\u00eancia de compet\u00eancias da sa\u00fade para as autarquias precisa de aperfei\u00e7oamento para que seja ben\u00e9fica e com contrapartidas claras.<\/p>\n<p>A ministro mencionou ainda que a ambi\u00e7\u00e3o de garantir m\u00e9dico de fam\u00edlia a todos os utentes n\u00e3o ser\u00e1 abandonada. Todos os anos h\u00e1 progressos, por\u00e9m surgem novos utentes no Registo Nacional de Utentes, o que mant\u00e9m o desafio em aberto.<\/p>\n<h3>Estrat\u00e9gias e vias<\/h3>\n<p>Entre as alternativas destacadas est\u00e1 o modelo B das Unidades de Sa\u00fade Familiar, visto como mais atrativo para profissionais e com bons resultados. Al\u00e9m disso, surge o projeto Bata Branca, que assegura consultas a utentes sem m\u00e9dico de fam\u00edlia atrav\u00e9s de colabora\u00e7\u00e3o entre unidades locais de sa\u00fade, miseric\u00f3rdias e autarquias.<\/p>\n<p>A requalifica\u00e7\u00e3o do centro de sa\u00fade de F\u00e1tima teve um custo de 1,8 milh\u00f5es de euros, financiados pelo Plano de Recupera\u00e7\u00e3o e Resili\u00eancia. O presidente da Junta de F\u00e1tima afirmou que a freguesia ainda tem cerca de 1.200 utentes sem m\u00e9dico de fam\u00edlia, refor\u00e7ando a necessidade de respostas locais.<\/p>\n<p>Na C\u00e2mara de Our\u00e9m, o presidente Lu\u00eds Albuquerque reiterou que o concelho continua com cerca de 16 mil utentes sem m\u00e9dico de fam\u00edlia, ainda que estejam assistidos via Bata Branca e teleconsulta. Prop\u00f4s ainda a cria\u00e7\u00e3o de um centro de atendimento cl\u00ednico e de uma USF no centro da sede do munic\u00edpio, para reduzir desloca\u00e7\u00f5es ao hospital local.<\/p>\n","protected":false},"excerpt":{"rendered":"<ul>\n<li>O Governo admite n\u00e3o conseguir atribuir m\u00e9dico de fam\u00edlia a todos os utentes at\u00e9 2027, devido ao registo di\u00e1rio de novas pessoas nos centros de sa\u00fade.<\/li>\n<li>A ministra da Sa\u00fade destacou que o desafio \u00e9 complexo e novo nos \u00faltimos cinco anos, exigindo acomoda\u00e7\u00e3o no Servi\u00e7o Nacional de Sa\u00fade.<\/li>\n<li>Existem v\u00e1rias vias em estudo, incluindo as unidades de sa\u00fade familiar (USF) modelo B e o projeto Bata Branca, com colabora\u00e7\u00e3o entre unidades locais de sa\u00fade, miseric\u00f3rdias e autarquias.<\/li>\n<li>A requalifica\u00e7\u00e3o do centro de sa\u00fade de F\u00e1tima ficou conclu\u00edda por 1,8 milh\u00f5es de euros, financiados pelo Plano de Recupera\u00e7\u00e3o e Resili\u00eancia, numa regi\u00e3o com cerca de 1.200 utentes sem m\u00e9dico de fam\u00edlia.<\/li>\n<li>Em Our\u00e9m, a autarquia aponta que o concelho continua com cerca de 16 mil utentes sem m\u00e9dico de fam\u00edlia, recorrendo a teleconsulta e ao Bata Branca para assegurar atendimento.<\/li>\n<\/ul>\n","protected":false},"author":2,"featured_media":421417,"comment_status":"closed","ping_status":"closed","sticky":false,"template":"","format":"standard","meta":{"footnotes":""},"categories":[1,6745],"tags":[2654,2581,2357,172,271,3159],"class_list":["post-421414","post","type-post","status-publish","format-standard","has-post-thumbnail","hentry","category-noticias","category-saude","tag-cuidados-de-saude-primarios","tag-hospitais","tag-ourem","tag-saude","tag-saude-publica","tag-unidades-de-saude-familiar"],"yoast_head":"<!-- This site is optimized with the Yoast SEO plugin v27.2 - https:\/\/yoast.com\/product\/yoast-seo-wordpress\/ -->\n<title>Governo n\u00e3o consegue atribuir m\u00e9dico de fam\u00edlia a todos at\u00e9 2027 - Portal Tela Portugal<\/title>\n<meta name=\"robots\" content=\"index, follow, max-snippet:-1, max-image-preview:large, max-video-preview:-1\" \/>\n<meta property=\"og:locale\" content=\"pt_PT\" \/>\n<meta property=\"og:type\" content=\"article\" \/>\n<meta property=\"og:title\" content=\"Governo n\u00e3o consegue atribuir m\u00e9dico de fam\u00edlia a todos at\u00e9 2027 - Portal Tela Portugal\" \/>\n<meta property=\"og:description\" content=\"O Governo admite n\u00e3o conseguir atribuir m\u00e9dico de fam\u00edlia a todos os utentes at\u00e9 2027, devido ao registo di\u00e1rio de novas pessoas nos centros de sa\u00fade. A ministra da Sa\u00fade destacou que o desafio \u00e9 complexo e novo nos \u00faltimos cinco anos, exigindo acomoda\u00e7\u00e3o no Servi\u00e7o Nacional de Sa\u00fade. Existem v\u00e1rias vias em estudo, incluindo as unidades de sa\u00fade familiar (USF) modelo B e o projeto Bata Branca, com colabora\u00e7\u00e3o entre unidades locais de sa\u00fade, miseric\u00f3rdias e autarquias. A requalifica\u00e7\u00e3o do centro de sa\u00fade de F\u00e1tima ficou conclu\u00edda por 1,8 milh\u00f5es de euros, financiados pelo Plano de Recupera\u00e7\u00e3o e Resili\u00eancia, numa regi\u00e3o com cerca de 1.200 utentes sem m\u00e9dico de fam\u00edlia. Em Our\u00e9m, a autarquia aponta que o concelho continua com cerca de 16 mil utentes sem m\u00e9dico de fam\u00edlia, recorrendo a teleconsulta e ao Bata Branca para assegurar atendimento.\" \/>\n<meta property=\"og:url\" content=\"https:\/\/portaltela.pt\/noticias\/2026\/03\/25\/governo-nao-consegue-atribuir-medico-de-familia-a-todos-ate-2027\/\" \/>\n<meta property=\"og:site_name\" content=\"Portal Tela Portugal\" \/>\n<meta property=\"article:published_time\" content=\"2026-03-25T19:00:00+00:00\" \/>\n<meta name=\"author\" content=\"Telinha\" \/>\n<meta name=\"twitter:card\" content=\"summary_large_image\" \/>\n<meta name=\"twitter:label1\" content=\"Escrito por\" \/>\n\t<meta name=\"twitter:data1\" content=\"Telinha\" \/>\n\t<meta name=\"twitter:label2\" content=\"Tempo estimado de leitura\" \/>\n\t<meta name=\"twitter:data2\" content=\"2 minutos\" \/>\n<script type=\"application\/ld+json\" class=\"yoast-schema-graph\">{\"@context\":\"https:\/\/schema.org\",\"@graph\":[{\"@type\":\"Article\",\"@id\":\"https:\/\/portaltela.pt\/noticias\/2026\/03\/25\/governo-nao-consegue-atribuir-medico-de-familia-a-todos-ate-2027\/#article\",\"isPartOf\":{\"@id\":\"https:\/\/portaltela.pt\/noticias\/2026\/03\/25\/governo-nao-consegue-atribuir-medico-de-familia-a-todos-ate-2027\/\"},\"author\":{\"name\":\"Telinha\",\"@id\":\"https:\/\/portaltela.pt\/#\/schema\/person\/c4278d4a6028830caff9ee44b42d32ed\"},\"headline\":\"Governo n\u00e3o consegue atribuir m\u00e9dico de fam\u00edlia a todos at\u00e9 2027\",\"datePublished\":\"2026-03-25T19:00:00+00:00\",\"mainEntityOfPage\":{\"@id\":\"https:\/\/portaltela.pt\/noticias\/2026\/03\/25\/governo-nao-consegue-atribuir-medico-de-familia-a-todos-ate-2027\/\"},\"wordCount\":357,\"image\":{\"@id\":\"https:\/\/portaltela.pt\/noticias\/2026\/03\/25\/governo-nao-consegue-atribuir-medico-de-familia-a-todos-ate-2027\/#primaryimage\"},\"thumbnailUrl\":\"https:\/\/portaltela.pt\/s.01k8rhncp4jt1\/2026\/03\/image-143.webp\",\"keywords\":[\"Cuidados de Sa\u00fade Prim\u00e1rios\",\"hospitais\",\"Our\u00e9m\",\"sa\u00fade\",\"sa\u00fade p\u00fablica\",\"Unidades de Sa\u00fade Familiar\"],\"articleSection\":[\"Not\u00edcias\",\"Sa\u00fade\"],\"inLanguage\":\"pt-PT\"},{\"@type\":\"WebPage\",\"@id\":\"https:\/\/portaltela.pt\/noticias\/2026\/03\/25\/governo-nao-consegue-atribuir-medico-de-familia-a-todos-ate-2027\/\",\"url\":\"https:\/\/portaltela.pt\/noticias\/2026\/03\/25\/governo-nao-consegue-atribuir-medico-de-familia-a-todos-ate-2027\/\",\"name\":\"Governo n\u00e3o consegue atribuir m\u00e9dico de fam\u00edlia a todos at\u00e9 2027 - Portal Tela Portugal\",\"isPartOf\":{\"@id\":\"https:\/\/portaltela.pt\/#website\"},\"primaryImageOfPage\":{\"@id\":\"https:\/\/portaltela.pt\/noticias\/2026\/03\/25\/governo-nao-consegue-atribuir-medico-de-familia-a-todos-ate-2027\/#primaryimage\"},\"image\":{\"@id\":\"https:\/\/portaltela.pt\/noticias\/2026\/03\/25\/governo-nao-consegue-atribuir-medico-de-familia-a-todos-ate-2027\/#primaryimage\"},\"thumbnailUrl\":\"https:\/\/portaltela.pt\/s.01k8rhncp4jt1\/2026\/03\/image-143.webp\",\"datePublished\":\"2026-03-25T19:00:00+00:00\",\"author\":{\"@id\":\"https:\/\/portaltela.pt\/#\/schema\/person\/c4278d4a6028830caff9ee44b42d32ed\"},\"breadcrumb\":{\"@id\":\"https:\/\/portaltela.pt\/noticias\/2026\/03\/25\/governo-nao-consegue-atribuir-medico-de-familia-a-todos-ate-2027\/#breadcrumb\"},\"inLanguage\":\"pt-PT\",\"potentialAction\":[{\"@type\":\"ReadAction\",\"target\":[\"https:\/\/portaltela.pt\/noticias\/2026\/03\/25\/governo-nao-consegue-atribuir-medico-de-familia-a-todos-ate-2027\/\"]}]},{\"@type\":\"ImageObject\",\"inLanguage\":\"pt-PT\",\"@id\":\"https:\/\/portaltela.pt\/noticias\/2026\/03\/25\/governo-nao-consegue-atribuir-medico-de-familia-a-todos-ate-2027\/#primaryimage\",\"url\":\"https:\/\/portaltela.pt\/s.01k8rhncp4jt1\/2026\/03\/image-143.webp\",\"contentUrl\":\"https:\/\/portaltela.pt\/s.01k8rhncp4jt1\/2026\/03\/image-143.webp\",\"width\":1200,\"height\":800,\"caption\":\"A ministra da Sa\u00fade, Ana Paula Martins\"},{\"@type\":\"BreadcrumbList\",\"@id\":\"https:\/\/portaltela.pt\/noticias\/2026\/03\/25\/governo-nao-consegue-atribuir-medico-de-familia-a-todos-ate-2027\/#breadcrumb\",\"itemListElement\":[{\"@type\":\"ListItem\",\"position\":1,\"name\":\"In\u00edcio\",\"item\":\"https:\/\/portaltela.pt\/\"},{\"@type\":\"ListItem\",\"position\":2,\"name\":\"Governo n\u00e3o consegue atribuir m\u00e9dico de fam\u00edlia a todos at\u00e9 2027\"}]},{\"@type\":\"WebSite\",\"@id\":\"https:\/\/portaltela.pt\/#website\",\"url\":\"https:\/\/portaltela.pt\/\",\"name\":\"Portal Tela Portugal\",\"description\":\"\",\"potentialAction\":[{\"@type\":\"SearchAction\",\"target\":{\"@type\":\"EntryPoint\",\"urlTemplate\":\"https:\/\/portaltela.pt\/?s={search_term_string}\"},\"query-input\":{\"@type\":\"PropertyValueSpecification\",\"valueRequired\":true,\"valueName\":\"search_term_string\"}}],\"inLanguage\":\"pt-PT\"},{\"@type\":\"Person\",\"@id\":\"https:\/\/portaltela.pt\/#\/schema\/person\/c4278d4a6028830caff9ee44b42d32ed\",\"name\":\"Telinha\",\"image\":{\"@type\":\"ImageObject\",\"inLanguage\":\"pt-PT\",\"@id\":\"https:\/\/portaltela.pt\/s.01k8rhncp4jt1\/2025\/11\/talking-bot-125x125.png\",\"url\":\"https:\/\/portaltela.pt\/s.01k8rhncp4jt1\/2025\/11\/talking-bot-125x125.png\",\"contentUrl\":\"https:\/\/portaltela.pt\/s.01k8rhncp4jt1\/2025\/11\/talking-bot-125x125.png\",\"caption\":\"Telinha\"},\"sameAs\":[\"https:\/\/portaltela.pt\/\"],\"url\":\"https:\/\/portaltela.pt\/por\/367410592786\/\"}]}<\/script>\n<!-- \/ Yoast SEO plugin. -->","yoast_head_json":{"title":"Governo n\u00e3o consegue atribuir m\u00e9dico de fam\u00edlia a todos at\u00e9 2027 - Portal Tela Portugal","robots":{"index":"index","follow":"follow","max-snippet":"max-snippet:-1","max-image-preview":"max-image-preview:large","max-video-preview":"max-video-preview:-1"},"og_locale":"pt_PT","og_type":"article","og_title":"Governo n\u00e3o consegue atribuir m\u00e9dico de fam\u00edlia a todos at\u00e9 2027 - Portal Tela Portugal","og_description":"O Governo admite n\u00e3o conseguir atribuir m\u00e9dico de fam\u00edlia a todos os utentes at\u00e9 2027, devido ao registo di\u00e1rio de novas pessoas nos centros de sa\u00fade. A ministra da Sa\u00fade destacou que o desafio \u00e9 complexo e novo nos \u00faltimos cinco anos, exigindo acomoda\u00e7\u00e3o no Servi\u00e7o Nacional de Sa\u00fade. Existem v\u00e1rias vias em estudo, incluindo as unidades de sa\u00fade familiar (USF) modelo B e o projeto Bata Branca, com colabora\u00e7\u00e3o entre unidades locais de sa\u00fade, miseric\u00f3rdias e autarquias. A requalifica\u00e7\u00e3o do centro de sa\u00fade de F\u00e1tima ficou conclu\u00edda por 1,8 milh\u00f5es de euros, financiados pelo Plano de Recupera\u00e7\u00e3o e Resili\u00eancia, numa regi\u00e3o com cerca de 1.200 utentes sem m\u00e9dico de fam\u00edlia. Em Our\u00e9m, a autarquia aponta que o concelho continua com cerca de 16 mil utentes sem m\u00e9dico de fam\u00edlia, recorrendo a teleconsulta e ao Bata Branca para assegurar atendimento.","og_url":"https:\/\/portaltela.pt\/noticias\/2026\/03\/25\/governo-nao-consegue-atribuir-medico-de-familia-a-todos-ate-2027\/","og_site_name":"Portal Tela Portugal","article_published_time":"2026-03-25T19:00:00+00:00","author":"Telinha","twitter_card":"summary_large_image","twitter_misc":{"Escrito por":"Telinha","Tempo estimado de leitura":"2 minutos"},"schema":{"@context":"https:\/\/schema.org","@graph":[{"@type":"Article","@id":"https:\/\/portaltela.pt\/noticias\/2026\/03\/25\/governo-nao-consegue-atribuir-medico-de-familia-a-todos-ate-2027\/#article","isPartOf":{"@id":"https:\/\/portaltela.pt\/noticias\/2026\/03\/25\/governo-nao-consegue-atribuir-medico-de-familia-a-todos-ate-2027\/"},"author":{"name":"Telinha","@id":"https:\/\/portaltela.pt\/#\/schema\/person\/c4278d4a6028830caff9ee44b42d32ed"},"headline":"Governo n\u00e3o consegue atribuir m\u00e9dico de fam\u00edlia a todos at\u00e9 2027","datePublished":"2026-03-25T19:00:00+00:00","mainEntityOfPage":{"@id":"https:\/\/portaltela.pt\/noticias\/2026\/03\/25\/governo-nao-consegue-atribuir-medico-de-familia-a-todos-ate-2027\/"},"wordCount":357,"image":{"@id":"https:\/\/portaltela.pt\/noticias\/2026\/03\/25\/governo-nao-consegue-atribuir-medico-de-familia-a-todos-ate-2027\/#primaryimage"},"thumbnailUrl":"https:\/\/portaltela.pt\/s.01k8rhncp4jt1\/2026\/03\/image-143.webp","keywords":["Cuidados de Sa\u00fade Prim\u00e1rios","hospitais","Our\u00e9m","sa\u00fade","sa\u00fade p\u00fablica","Unidades de Sa\u00fade Familiar"],"articleSection":["Not\u00edcias","Sa\u00fade"],"inLanguage":"pt-PT"},{"@type":"WebPage","@id":"https:\/\/portaltela.pt\/noticias\/2026\/03\/25\/governo-nao-consegue-atribuir-medico-de-familia-a-todos-ate-2027\/","url":"https:\/\/portaltela.pt\/noticias\/2026\/03\/25\/governo-nao-consegue-atribuir-medico-de-familia-a-todos-ate-2027\/","name":"Governo n\u00e3o consegue atribuir m\u00e9dico de fam\u00edlia a todos at\u00e9 2027 - Portal Tela Portugal","isPartOf":{"@id":"https:\/\/portaltela.pt\/#website"},"primaryImageOfPage":{"@id":"https:\/\/portaltela.pt\/noticias\/2026\/03\/25\/governo-nao-consegue-atribuir-medico-de-familia-a-todos-ate-2027\/#primaryimage"},"image":{"@id":"https:\/\/portaltela.pt\/noticias\/2026\/03\/25\/governo-nao-consegue-atribuir-medico-de-familia-a-todos-ate-2027\/#primaryimage"},"thumbnailUrl":"https:\/\/portaltela.pt\/s.01k8rhncp4jt1\/2026\/03\/image-143.webp","datePublished":"2026-03-25T19:00:00+00:00","author":{"@id":"https:\/\/portaltela.pt\/#\/schema\/person\/c4278d4a6028830caff9ee44b42d32ed"},"breadcrumb":{"@id":"https:\/\/portaltela.pt\/noticias\/2026\/03\/25\/governo-nao-consegue-atribuir-medico-de-familia-a-todos-ate-2027\/#breadcrumb"},"inLanguage":"pt-PT","potentialAction":[{"@type":"ReadAction","target":["https:\/\/portaltela.pt\/noticias\/2026\/03\/25\/governo-nao-consegue-atribuir-medico-de-familia-a-todos-ate-2027\/"]}]},{"@type":"ImageObject","inLanguage":"pt-PT","@id":"https:\/\/portaltela.pt\/noticias\/2026\/03\/25\/governo-nao-consegue-atribuir-medico-de-familia-a-todos-ate-2027\/#primaryimage","url":"https:\/\/portaltela.pt\/s.01k8rhncp4jt1\/2026\/03\/image-143.webp","contentUrl":"https:\/\/portaltela.pt\/s.01k8rhncp4jt1\/2026\/03\/image-143.webp","width":1200,"height":800,"caption":"A ministra da Sa\u00fade, Ana Paula Martins"},{"@type":"BreadcrumbList","@id":"https:\/\/portaltela.pt\/noticias\/2026\/03\/25\/governo-nao-consegue-atribuir-medico-de-familia-a-todos-ate-2027\/#breadcrumb","itemListElement":[{"@type":"ListItem","position":1,"name":"In\u00edcio","item":"https:\/\/portaltela.pt\/"},{"@type":"ListItem","position":2,"name":"Governo n\u00e3o consegue atribuir m\u00e9dico de fam\u00edlia a todos at\u00e9 2027"}]},{"@type":"WebSite","@id":"https:\/\/portaltela.pt\/#website","url":"https:\/\/portaltela.pt\/","name":"Portal Tela Portugal","description":"","potentialAction":[{"@type":"SearchAction","target":{"@type":"EntryPoint","urlTemplate":"https:\/\/portaltela.pt\/?s={search_term_string}"},"query-input":{"@type":"PropertyValueSpecification","valueRequired":true,"valueName":"search_term_string"}}],"inLanguage":"pt-PT"},{"@type":"Person","@id":"https:\/\/portaltela.pt\/#\/schema\/person\/c4278d4a6028830caff9ee44b42d32ed","name":"Telinha","image":{"@type":"ImageObject","inLanguage":"pt-PT","@id":"https:\/\/portaltela.pt\/s.01k8rhncp4jt1\/2025\/11\/talking-bot-125x125.png","url":"https:\/\/portaltela.pt\/s.01k8rhncp4jt1\/2025\/11\/talking-bot-125x125.png","contentUrl":"https:\/\/portaltela.pt\/s.01k8rhncp4jt1\/2025\/11\/talking-bot-125x125.png","caption":"Telinha"},"sameAs":["https:\/\/portaltela.pt\/"],"url":"https:\/\/portaltela.pt\/por\/367410592786\/"}]}},"_links":{"self":[{"href":"https:\/\/portaltela.pt\/api\/wp\/v2\/posts\/421414","targetHints":{"allow":["GET"]}}],"collection":[{"href":"https:\/\/portaltela.pt\/api\/wp\/v2\/posts"}],"about":[{"href":"https:\/\/portaltela.pt\/api\/wp\/v2\/types\/post"}],"author":[{"embeddable":true,"href":"https:\/\/portaltela.pt\/api\/wp\/v2\/users\/2"}],"replies":[{"embeddable":true,"href":"https:\/\/portaltela.pt\/api\/wp\/v2\/comments?post=421414"}],"version-history":[{"count":0,"href":"https:\/\/portaltela.pt\/api\/wp\/v2\/posts\/421414\/revisions"}],"wp:featuredmedia":[{"embeddable":true,"href":"https:\/\/portaltela.pt\/api\/wp\/v2\/media\/421417"}],"wp:attachment":[{"href":"https:\/\/portaltela.pt\/api\/wp\/v2\/media?parent=421414"}],"wp:term":[{"taxonomy":"category","embeddable":true,"href":"https:\/\/portaltela.pt\/api\/wp\/v2\/categories?post=421414"},{"taxonomy":"post_tag","embeddable":true,"href":"https:\/\/portaltela.pt\/api\/wp\/v2\/tags?post=421414"}],"curies":[{"name":"wp","href":"https:\/\/api.w.org\/{rel}","templated":true}]}}