{"id":421400,"date":"2026-03-25T15:37:00","date_gmt":"2026-03-25T18:37:00","guid":{"rendered":"https:\/\/portaltela.pt\/noticias\/2026\/03\/25\/sindicato-confirma-encerramento-da-esquadra-de-cedofeita\/"},"modified":"2026-03-25T15:37:00","modified_gmt":"2026-03-25T18:37:00","slug":"sindicato-confirma-encerramento-da-esquadra-de-cedofeita","status":"publish","type":"post","link":"https:\/\/portaltela.pt\/policia\/2026\/03\/25\/sindicato-confirma-encerramento-da-esquadra-de-cedofeita\/","title":{"rendered":"Sindicato confirma encerramento da esquadra de Cedofeita"},"content":{"rendered":"<p>O PSP detinha originalmente 34 agentes na 12\u00aa Esquadra de Cedofeita, no Porto. Deixou de manter o atendimento ao p\u00fablico residente no munic\u00edpio, com a maioria dos efetivos realocados para outras esquadras.<\/p>\n<p>Os pol\u00edcias que permaneceram, apenas quatro, continuam a ocupar o edif\u00edcio da Pra\u00e7a Pedro Nunes. O atendimento aos cidad\u00e3os passou a ficar a cargo da divis\u00e3o de Turismo e Visibilidade, que trabalha sobretudo com queixas de turistas.<\/p>\n<p>O Comando Metropolitano da PSP e o presidente da C\u00e2mara do Porto, Pedro Duarte, garantem que o atendimento ainda \u00e9 poss\u00edvel em Cedofeita. A informa\u00e7\u00e3o contrasta com o que diz a ASPP\/PSP.<\/p>\n<h3>ASPP\/PSP acusa encerramento<\/h3>\n<p>A Associa\u00e7\u00e3o Sindical dos Profissionais da Pol\u00edcia afirma, em comunicado, que a 12\u00aa Esquadra encerrou atividades e \u201cn\u00e3o existe\u201d enquanto unidade operacional. Ambas as partes n\u00e3o especificam data de encerramento ou impactos adicionais.<\/p>\n","protected":false},"excerpt":{"rendered":"<ul>\n<li>O efectivo da 12\u00aa Esquadra da PSP, em Cedofeita, passou de 34 agentes para apenas 4.<\/li>\n<li>Os restantes foram realocados para outras esquadras do Porto.<\/li>\n<li>Os agentes que ficaram passaram a integrar a divis\u00e3o do Turismo e Visibilidade, que s\u00f3 gere queixas de turistas.<\/li>\n<li>O Comando Metropolitano da PSP e o presidente da C\u00e2mara do Porto, Pedro Duarte, dizem que ainda \u00e9 poss\u00edvel ser atendido em Cedofeita.<\/li>\n<li>A Associa\u00e7\u00e3o Sindical dos Profissionais da Pol\u00edcia (ASPP\/PSP) contesta a vers\u00e3o oficial, afirmando que a 12\u00aa Esquadra fechou.<\/li>\n<\/ul>\n","protected":false},"author":2,"featured_media":421408,"comment_status":"closed","ping_status":"closed","sticky":false,"template":"","format":"standard","meta":{"footnotes":""},"categories":[6781],"tags":[168,2497,3418,982,250],"class_list":["post-421400","post","type-post","status-publish","format-standard","has-post-thumbnail","hentry","category-policia","tag-administracao-publica","tag-governacao","tag-policia-de-seguranca-publica","tag-porto","tag-seguranca-publica"],"yoast_head":"<!-- This site is optimized with the Yoast SEO plugin v27.2 - https:\/\/yoast.com\/product\/yoast-seo-wordpress\/ -->\n<title>Sindicato confirma encerramento da esquadra de Cedofeita - Portal Tela Portugal<\/title>\n<meta name=\"robots\" content=\"index, follow, max-snippet:-1, max-image-preview:large, max-video-preview:-1\" \/>\n<meta property=\"og:locale\" content=\"pt_PT\" \/>\n<meta property=\"og:type\" content=\"article\" \/>\n<meta property=\"og:title\" content=\"Sindicato confirma encerramento da esquadra de Cedofeita - Portal Tela Portugal\" \/>\n<meta property=\"og:description\" content=\"O efectivo da 12\u00aa Esquadra da PSP, em Cedofeita, passou de 34 agentes para apenas 4. Os restantes foram realocados para outras esquadras do Porto. Os agentes que ficaram passaram a integrar a divis\u00e3o do Turismo e Visibilidade, que s\u00f3 gere queixas de turistas. O Comando Metropolitano da PSP e o presidente da C\u00e2mara do Porto, Pedro Duarte, dizem que ainda \u00e9 poss\u00edvel ser atendido em Cedofeita. A Associa\u00e7\u00e3o Sindical dos Profissionais da Pol\u00edcia (ASPP\/PSP) contesta a vers\u00e3o oficial, afirmando que a 12\u00aa Esquadra fechou.\" \/>\n<meta property=\"og:url\" content=\"https:\/\/portaltela.pt\/noticias\/2026\/03\/25\/sindicato-confirma-encerramento-da-esquadra-de-cedofeita\/\" \/>\n<meta property=\"og:site_name\" content=\"Portal Tela Portugal\" \/>\n<meta property=\"article:published_time\" content=\"2026-03-25T18:37:00+00:00\" \/>\n<meta name=\"author\" content=\"Telinha\" \/>\n<meta name=\"twitter:card\" content=\"summary_large_image\" \/>\n<meta name=\"twitter:label1\" content=\"Escrito por\" \/>\n\t<meta name=\"twitter:data1\" content=\"Telinha\" \/>\n\t<meta name=\"twitter:label2\" content=\"Tempo estimado de leitura\" \/>\n\t<meta name=\"twitter:data2\" content=\"1 minuto\" \/>\n<script type=\"application\/ld+json\" class=\"yoast-schema-graph\">{\"@context\":\"https:\/\/schema.org\",\"@graph\":[{\"@type\":\"Article\",\"@id\":\"https:\/\/portaltela.pt\/noticias\/2026\/03\/25\/sindicato-confirma-encerramento-da-esquadra-de-cedofeita\/#article\",\"isPartOf\":{\"@id\":\"https:\/\/portaltela.pt\/noticias\/2026\/03\/25\/sindicato-confirma-encerramento-da-esquadra-de-cedofeita\/\"},\"author\":{\"name\":\"Telinha\",\"@id\":\"https:\/\/portaltela.pt\/#\/schema\/person\/c4278d4a6028830caff9ee44b42d32ed\"},\"headline\":\"Sindicato confirma encerramento da esquadra de Cedofeita\",\"datePublished\":\"2026-03-25T18:37:00+00:00\",\"mainEntityOfPage\":{\"@id\":\"https:\/\/portaltela.pt\/noticias\/2026\/03\/25\/sindicato-confirma-encerramento-da-esquadra-de-cedofeita\/\"},\"wordCount\":156,\"image\":{\"@id\":\"https:\/\/portaltela.pt\/noticias\/2026\/03\/25\/sindicato-confirma-encerramento-da-esquadra-de-cedofeita\/#primaryimage\"},\"thumbnailUrl\":\"https:\/\/portaltela.pt\/s.01k8rhncp4jt1\/2026\/03\/tpUHdbIMAGENStypeJPGshare1oBarraFacebook_Publico-71.jpg\",\"keywords\":[\"administra\u00e7\u00e3o p\u00fablica\",\"governa\u00e7\u00e3o\",\"Pol\u00edcia de Seguran\u00e7a P\u00fablica\",\"Porto\",\"seguran\u00e7a p\u00fablica\"],\"articleSection\":[\"Pol\u00edcia\"],\"inLanguage\":\"pt-PT\"},{\"@type\":\"WebPage\",\"@id\":\"https:\/\/portaltela.pt\/noticias\/2026\/03\/25\/sindicato-confirma-encerramento-da-esquadra-de-cedofeita\/\",\"url\":\"https:\/\/portaltela.pt\/noticias\/2026\/03\/25\/sindicato-confirma-encerramento-da-esquadra-de-cedofeita\/\",\"name\":\"Sindicato confirma encerramento da esquadra de Cedofeita - Portal Tela Portugal\",\"isPartOf\":{\"@id\":\"https:\/\/portaltela.pt\/#website\"},\"primaryImageOfPage\":{\"@id\":\"https:\/\/portaltela.pt\/noticias\/2026\/03\/25\/sindicato-confirma-encerramento-da-esquadra-de-cedofeita\/#primaryimage\"},\"image\":{\"@id\":\"https:\/\/portaltela.pt\/noticias\/2026\/03\/25\/sindicato-confirma-encerramento-da-esquadra-de-cedofeita\/#primaryimage\"},\"thumbnailUrl\":\"https:\/\/portaltela.pt\/s.01k8rhncp4jt1\/2026\/03\/tpUHdbIMAGENStypeJPGshare1oBarraFacebook_Publico-71.jpg\",\"datePublished\":\"2026-03-25T18:37:00+00:00\",\"author\":{\"@id\":\"https:\/\/portaltela.pt\/#\/schema\/person\/c4278d4a6028830caff9ee44b42d32ed\"},\"breadcrumb\":{\"@id\":\"https:\/\/portaltela.pt\/noticias\/2026\/03\/25\/sindicato-confirma-encerramento-da-esquadra-de-cedofeita\/#breadcrumb\"},\"inLanguage\":\"pt-PT\",\"potentialAction\":[{\"@type\":\"ReadAction\",\"target\":[\"https:\/\/portaltela.pt\/noticias\/2026\/03\/25\/sindicato-confirma-encerramento-da-esquadra-de-cedofeita\/\"]}]},{\"@type\":\"ImageObject\",\"inLanguage\":\"pt-PT\",\"@id\":\"https:\/\/portaltela.pt\/noticias\/2026\/03\/25\/sindicato-confirma-encerramento-da-esquadra-de-cedofeita\/#primaryimage\",\"url\":\"https:\/\/portaltela.pt\/s.01k8rhncp4jt1\/2026\/03\/tpUHdbIMAGENStypeJPGshare1oBarraFacebook_Publico-71.jpg\",\"contentUrl\":\"https:\/\/portaltela.pt\/s.01k8rhncp4jt1\/2026\/03\/tpUHdbIMAGENStypeJPGshare1oBarraFacebook_Publico-71.jpg\",\"width\":1200,\"height\":630,\"caption\":\"A 12\u00aa Esquadra da PSP foi inaugurada em Junho de 2020 nas antigas instala\u00e7\u00f5es da Junta de Freguesia de Cedofeita\"},{\"@type\":\"BreadcrumbList\",\"@id\":\"https:\/\/portaltela.pt\/noticias\/2026\/03\/25\/sindicato-confirma-encerramento-da-esquadra-de-cedofeita\/#breadcrumb\",\"itemListElement\":[{\"@type\":\"ListItem\",\"position\":1,\"name\":\"In\u00edcio\",\"item\":\"https:\/\/portaltela.pt\/\"},{\"@type\":\"ListItem\",\"position\":2,\"name\":\"Sindicato confirma encerramento da esquadra de Cedofeita\"}]},{\"@type\":\"WebSite\",\"@id\":\"https:\/\/portaltela.pt\/#website\",\"url\":\"https:\/\/portaltela.pt\/\",\"name\":\"Portal Tela Portugal\",\"description\":\"\",\"potentialAction\":[{\"@type\":\"SearchAction\",\"target\":{\"@type\":\"EntryPoint\",\"urlTemplate\":\"https:\/\/portaltela.pt\/?s={search_term_string}\"},\"query-input\":{\"@type\":\"PropertyValueSpecification\",\"valueRequired\":true,\"valueName\":\"search_term_string\"}}],\"inLanguage\":\"pt-PT\"},{\"@type\":\"Person\",\"@id\":\"https:\/\/portaltela.pt\/#\/schema\/person\/c4278d4a6028830caff9ee44b42d32ed\",\"name\":\"Telinha\",\"image\":{\"@type\":\"ImageObject\",\"inLanguage\":\"pt-PT\",\"@id\":\"https:\/\/portaltela.pt\/s.01k8rhncp4jt1\/2025\/11\/talking-bot-125x125.png\",\"url\":\"https:\/\/portaltela.pt\/s.01k8rhncp4jt1\/2025\/11\/talking-bot-125x125.png\",\"contentUrl\":\"https:\/\/portaltela.pt\/s.01k8rhncp4jt1\/2025\/11\/talking-bot-125x125.png\",\"caption\":\"Telinha\"},\"sameAs\":[\"https:\/\/portaltela.pt\/\"],\"url\":\"https:\/\/portaltela.pt\/por\/367410592786\/\"}]}<\/script>\n<!-- \/ Yoast SEO plugin. -->","yoast_head_json":{"title":"Sindicato confirma encerramento da esquadra de Cedofeita - Portal Tela Portugal","robots":{"index":"index","follow":"follow","max-snippet":"max-snippet:-1","max-image-preview":"max-image-preview:large","max-video-preview":"max-video-preview:-1"},"og_locale":"pt_PT","og_type":"article","og_title":"Sindicato confirma encerramento da esquadra de Cedofeita - Portal Tela Portugal","og_description":"O efectivo da 12\u00aa Esquadra da PSP, em Cedofeita, passou de 34 agentes para apenas 4. Os restantes foram realocados para outras esquadras do Porto. Os agentes que ficaram passaram a integrar a divis\u00e3o do Turismo e Visibilidade, que s\u00f3 gere queixas de turistas. O Comando Metropolitano da PSP e o presidente da C\u00e2mara do Porto, Pedro Duarte, dizem que ainda \u00e9 poss\u00edvel ser atendido em Cedofeita. A Associa\u00e7\u00e3o Sindical dos Profissionais da Pol\u00edcia (ASPP\/PSP) contesta a vers\u00e3o oficial, afirmando que a 12\u00aa Esquadra fechou.","og_url":"https:\/\/portaltela.pt\/noticias\/2026\/03\/25\/sindicato-confirma-encerramento-da-esquadra-de-cedofeita\/","og_site_name":"Portal Tela Portugal","article_published_time":"2026-03-25T18:37:00+00:00","author":"Telinha","twitter_card":"summary_large_image","twitter_misc":{"Escrito por":"Telinha","Tempo estimado de leitura":"1 minuto"},"schema":{"@context":"https:\/\/schema.org","@graph":[{"@type":"Article","@id":"https:\/\/portaltela.pt\/noticias\/2026\/03\/25\/sindicato-confirma-encerramento-da-esquadra-de-cedofeita\/#article","isPartOf":{"@id":"https:\/\/portaltela.pt\/noticias\/2026\/03\/25\/sindicato-confirma-encerramento-da-esquadra-de-cedofeita\/"},"author":{"name":"Telinha","@id":"https:\/\/portaltela.pt\/#\/schema\/person\/c4278d4a6028830caff9ee44b42d32ed"},"headline":"Sindicato confirma encerramento da esquadra de Cedofeita","datePublished":"2026-03-25T18:37:00+00:00","mainEntityOfPage":{"@id":"https:\/\/portaltela.pt\/noticias\/2026\/03\/25\/sindicato-confirma-encerramento-da-esquadra-de-cedofeita\/"},"wordCount":156,"image":{"@id":"https:\/\/portaltela.pt\/noticias\/2026\/03\/25\/sindicato-confirma-encerramento-da-esquadra-de-cedofeita\/#primaryimage"},"thumbnailUrl":"https:\/\/portaltela.pt\/s.01k8rhncp4jt1\/2026\/03\/tpUHdbIMAGENStypeJPGshare1oBarraFacebook_Publico-71.jpg","keywords":["administra\u00e7\u00e3o p\u00fablica","governa\u00e7\u00e3o","Pol\u00edcia de Seguran\u00e7a P\u00fablica","Porto","seguran\u00e7a p\u00fablica"],"articleSection":["Pol\u00edcia"],"inLanguage":"pt-PT"},{"@type":"WebPage","@id":"https:\/\/portaltela.pt\/noticias\/2026\/03\/25\/sindicato-confirma-encerramento-da-esquadra-de-cedofeita\/","url":"https:\/\/portaltela.pt\/noticias\/2026\/03\/25\/sindicato-confirma-encerramento-da-esquadra-de-cedofeita\/","name":"Sindicato confirma encerramento da esquadra de Cedofeita - Portal Tela Portugal","isPartOf":{"@id":"https:\/\/portaltela.pt\/#website"},"primaryImageOfPage":{"@id":"https:\/\/portaltela.pt\/noticias\/2026\/03\/25\/sindicato-confirma-encerramento-da-esquadra-de-cedofeita\/#primaryimage"},"image":{"@id":"https:\/\/portaltela.pt\/noticias\/2026\/03\/25\/sindicato-confirma-encerramento-da-esquadra-de-cedofeita\/#primaryimage"},"thumbnailUrl":"https:\/\/portaltela.pt\/s.01k8rhncp4jt1\/2026\/03\/tpUHdbIMAGENStypeJPGshare1oBarraFacebook_Publico-71.jpg","datePublished":"2026-03-25T18:37:00+00:00","author":{"@id":"https:\/\/portaltela.pt\/#\/schema\/person\/c4278d4a6028830caff9ee44b42d32ed"},"breadcrumb":{"@id":"https:\/\/portaltela.pt\/noticias\/2026\/03\/25\/sindicato-confirma-encerramento-da-esquadra-de-cedofeita\/#breadcrumb"},"inLanguage":"pt-PT","potentialAction":[{"@type":"ReadAction","target":["https:\/\/portaltela.pt\/noticias\/2026\/03\/25\/sindicato-confirma-encerramento-da-esquadra-de-cedofeita\/"]}]},{"@type":"ImageObject","inLanguage":"pt-PT","@id":"https:\/\/portaltela.pt\/noticias\/2026\/03\/25\/sindicato-confirma-encerramento-da-esquadra-de-cedofeita\/#primaryimage","url":"https:\/\/portaltela.pt\/s.01k8rhncp4jt1\/2026\/03\/tpUHdbIMAGENStypeJPGshare1oBarraFacebook_Publico-71.jpg","contentUrl":"https:\/\/portaltela.pt\/s.01k8rhncp4jt1\/2026\/03\/tpUHdbIMAGENStypeJPGshare1oBarraFacebook_Publico-71.jpg","width":1200,"height":630,"caption":"A 12\u00aa Esquadra da PSP foi inaugurada em Junho de 2020 nas antigas instala\u00e7\u00f5es da Junta de Freguesia de Cedofeita"},{"@type":"BreadcrumbList","@id":"https:\/\/portaltela.pt\/noticias\/2026\/03\/25\/sindicato-confirma-encerramento-da-esquadra-de-cedofeita\/#breadcrumb","itemListElement":[{"@type":"ListItem","position":1,"name":"In\u00edcio","item":"https:\/\/portaltela.pt\/"},{"@type":"ListItem","position":2,"name":"Sindicato confirma encerramento da esquadra de Cedofeita"}]},{"@type":"WebSite","@id":"https:\/\/portaltela.pt\/#website","url":"https:\/\/portaltela.pt\/","name":"Portal Tela Portugal","description":"","potentialAction":[{"@type":"SearchAction","target":{"@type":"EntryPoint","urlTemplate":"https:\/\/portaltela.pt\/?s={search_term_string}"},"query-input":{"@type":"PropertyValueSpecification","valueRequired":true,"valueName":"search_term_string"}}],"inLanguage":"pt-PT"},{"@type":"Person","@id":"https:\/\/portaltela.pt\/#\/schema\/person\/c4278d4a6028830caff9ee44b42d32ed","name":"Telinha","image":{"@type":"ImageObject","inLanguage":"pt-PT","@id":"https:\/\/portaltela.pt\/s.01k8rhncp4jt1\/2025\/11\/talking-bot-125x125.png","url":"https:\/\/portaltela.pt\/s.01k8rhncp4jt1\/2025\/11\/talking-bot-125x125.png","contentUrl":"https:\/\/portaltela.pt\/s.01k8rhncp4jt1\/2025\/11\/talking-bot-125x125.png","caption":"Telinha"},"sameAs":["https:\/\/portaltela.pt\/"],"url":"https:\/\/portaltela.pt\/por\/367410592786\/"}]}},"_links":{"self":[{"href":"https:\/\/portaltela.pt\/api\/wp\/v2\/posts\/421400","targetHints":{"allow":["GET"]}}],"collection":[{"href":"https:\/\/portaltela.pt\/api\/wp\/v2\/posts"}],"about":[{"href":"https:\/\/portaltela.pt\/api\/wp\/v2\/types\/post"}],"author":[{"embeddable":true,"href":"https:\/\/portaltela.pt\/api\/wp\/v2\/users\/2"}],"replies":[{"embeddable":true,"href":"https:\/\/portaltela.pt\/api\/wp\/v2\/comments?post=421400"}],"version-history":[{"count":0,"href":"https:\/\/portaltela.pt\/api\/wp\/v2\/posts\/421400\/revisions"}],"wp:featuredmedia":[{"embeddable":true,"href":"https:\/\/portaltela.pt\/api\/wp\/v2\/media\/421408"}],"wp:attachment":[{"href":"https:\/\/portaltela.pt\/api\/wp\/v2\/media?parent=421400"}],"wp:term":[{"taxonomy":"category","embeddable":true,"href":"https:\/\/portaltela.pt\/api\/wp\/v2\/categories?post=421400"},{"taxonomy":"post_tag","embeddable":true,"href":"https:\/\/portaltela.pt\/api\/wp\/v2\/tags?post=421400"}],"curies":[{"name":"wp","href":"https:\/\/api.w.org\/{rel}","templated":true}]}}