{"id":421398,"date":"2026-03-25T15:24:00","date_gmt":"2026-03-25T18:24:00","guid":{"rendered":"https:\/\/portaltela.pt\/noticias\/2026\/03\/25\/concurso-de-vinhos-em-chaves-visa-consolidar-tras-os-montes-no-enoturismo\/"},"modified":"2026-03-25T15:24:00","modified_gmt":"2026-03-25T18:24:00","slug":"concurso-de-vinhos-em-chaves-visa-consolidar-tras-os-montes-no-enoturismo","status":"publish","type":"post","link":"https:\/\/portaltela.pt\/noticias\/2026\/03\/25\/concurso-de-vinhos-em-chaves-visa-consolidar-tras-os-montes-no-enoturismo\/","title":{"rendered":"Concurso de vinhos em Chaves visa consolidar Tr\u00e1s-os-Montes no enoturismo"},"content":{"rendered":"<p>O Portugal Wine Trophy chega a Chaves entre 5 e 7 de Junho, avaliando cerca de 1.500 refer\u00eancias de vinho e promovendo o enoturismo na regi\u00e3o de Tr\u00e1s-os-Montes. A competi\u00e7\u00e3o internacional conta com a participa\u00e7\u00e3o de especialistas nacionais e internacionais.<\/p>\n<p>Simultaneamente, a cidade recebe a quarta edi\u00e7\u00e3o do Aqua Wine Fest, que decorre de 4 a 6 de Junho, numa programa\u00e7\u00e3o que visa criar sinergias entre os dois eventos \u00e2ncora para o setor. A CIMAT assinala que \u00e9 a primeira vez que a regi\u00e3o acolhe o concurso.<\/p>\n<p>O evento \u00e9 organizado pela DWM &#8211; Deutsche Wein Marketing e dever\u00e1 reunir entre 70 a 80 provadores, incluindo en\u00f3logos, sommeliers e cr\u00edticos, que far\u00e3o provas cegas de vinhos de diversas origens.<\/p>\n<p>Ramiro Gon\u00e7alves, primeiro secret\u00e1rio da CIMAT, aponta que a iniciativa alia vis\u00e3o, coopera\u00e7\u00e3o institucional e ambi\u00e7\u00e3o, elevando a visibilidade da regi\u00e3o a n\u00edvel internacional. Aposta na competitividade regional no mercado global.<\/p>\n<p>Ana Alves, presidente da Comiss\u00e3o Vitivin\u00edcola Regional de Tr\u00e1s-os-Montes, considera a presen\u00e7a de vinhos variados e j\u00fari internacional uma oportunidade estrat\u00e9gica para afirmar a regi\u00e3o no panorama vitivin\u00edcola mundial.<\/p>\n","protected":false},"excerpt":{"rendered":"<ul>\n<li>Chaves acolhe o Portugal Wine Trophy de 5 a 7 de junho, com cerca de 1.500 refer\u00eancias de vinho, para promover o enoturismo em Tr\u00e1s-os-Montes.<\/li>\n<li>Em simult\u00e2neo, realiza-se o Aqua Wine Fest na cidade, de 4 a 6 de junho, criando sinergia entre os dois eventos \u00e2ncora.<\/li>\n<li>\u00c9 a primeira vez que a regi\u00e3o de Tr\u00e1s-os-Montes recebe este concurso internacional, segundo a CIMAT.<\/li>\n<li>O evento, organizado pela Deutsche Wein Marketing, dever\u00e1 contar com 70 a 80 provadores nacionais e internacionais, que v\u00e3o avaliar as 1.500 refer\u00eancias em provas cegas.<\/li>\n<li>Autoridades destacam que a presen\u00e7a de vinhos de v\u00e1rias origens refor\u00e7a a visibilidade dos vinhos transmontanos e a valoriza\u00e7\u00e3o do enoturismo na regi\u00e3o.<\/li>\n<\/ul>\n","protected":false},"author":2,"featured_media":421412,"comment_status":"closed","ping_status":"closed","sticky":false,"template":"","format":"standard","meta":{"footnotes":""},"categories":[7369,1],"tags":[3734,3727,1811,169,5586,779],"class_list":["post-421398","post","type-post","status-publish","format-standard","has-post-thumbnail","hentry","category-gastronomia","category-noticias","tag-chaves","tag-enoturismo","tag-tras-os-montes","tag-turismo","tag-vinho","tag-vinhos"],"yoast_head":"<!-- This site is optimized with the Yoast SEO plugin v27.2 - https:\/\/yoast.com\/product\/yoast-seo-wordpress\/ -->\n<title>Concurso de vinhos em Chaves visa consolidar Tr\u00e1s-os-Montes no enoturismo - Portal Tela Portugal<\/title>\n<meta name=\"robots\" content=\"index, follow, max-snippet:-1, max-image-preview:large, max-video-preview:-1\" \/>\n<meta property=\"og:locale\" content=\"pt_PT\" \/>\n<meta property=\"og:type\" content=\"article\" \/>\n<meta property=\"og:title\" content=\"Concurso de vinhos em Chaves visa consolidar Tr\u00e1s-os-Montes no enoturismo - Portal Tela Portugal\" \/>\n<meta property=\"og:description\" content=\"Chaves acolhe o Portugal Wine Trophy de 5 a 7 de junho, com cerca de 1.500 refer\u00eancias de vinho, para promover o enoturismo em Tr\u00e1s-os-Montes. Em simult\u00e2neo, realiza-se o Aqua Wine Fest na cidade, de 4 a 6 de junho, criando sinergia entre os dois eventos \u00e2ncora. \u00c9 a primeira vez que a regi\u00e3o de Tr\u00e1s-os-Montes recebe este concurso internacional, segundo a CIMAT. O evento, organizado pela Deutsche Wein Marketing, dever\u00e1 contar com 70 a 80 provadores nacionais e internacionais, que v\u00e3o avaliar as 1.500 refer\u00eancias em provas cegas. Autoridades destacam que a presen\u00e7a de vinhos de v\u00e1rias origens refor\u00e7a a visibilidade dos vinhos transmontanos e a valoriza\u00e7\u00e3o do enoturismo na regi\u00e3o.\" \/>\n<meta property=\"og:url\" content=\"https:\/\/portaltela.pt\/noticias\/2026\/03\/25\/concurso-de-vinhos-em-chaves-visa-consolidar-tras-os-montes-no-enoturismo\/\" \/>\n<meta property=\"og:site_name\" content=\"Portal Tela Portugal\" \/>\n<meta property=\"article:published_time\" content=\"2026-03-25T18:24:00+00:00\" \/>\n<meta name=\"author\" content=\"Telinha\" \/>\n<meta name=\"twitter:card\" content=\"summary_large_image\" \/>\n<meta name=\"twitter:label1\" content=\"Escrito por\" \/>\n\t<meta name=\"twitter:data1\" content=\"Telinha\" \/>\n\t<meta name=\"twitter:label2\" content=\"Tempo estimado de leitura\" \/>\n\t<meta name=\"twitter:data2\" content=\"1 minuto\" \/>\n<script type=\"application\/ld+json\" class=\"yoast-schema-graph\">{\"@context\":\"https:\/\/schema.org\",\"@graph\":[{\"@type\":\"Article\",\"@id\":\"https:\/\/portaltela.pt\/noticias\/2026\/03\/25\/concurso-de-vinhos-em-chaves-visa-consolidar-tras-os-montes-no-enoturismo\/#article\",\"isPartOf\":{\"@id\":\"https:\/\/portaltela.pt\/noticias\/2026\/03\/25\/concurso-de-vinhos-em-chaves-visa-consolidar-tras-os-montes-no-enoturismo\/\"},\"author\":{\"name\":\"Telinha\",\"@id\":\"https:\/\/portaltela.pt\/#\/schema\/person\/c4278d4a6028830caff9ee44b42d32ed\"},\"headline\":\"Concurso de vinhos em Chaves visa consolidar Tr\u00e1s-os-Montes no enoturismo\",\"datePublished\":\"2026-03-25T18:24:00+00:00\",\"mainEntityOfPage\":{\"@id\":\"https:\/\/portaltela.pt\/noticias\/2026\/03\/25\/concurso-de-vinhos-em-chaves-visa-consolidar-tras-os-montes-no-enoturismo\/\"},\"wordCount\":207,\"image\":{\"@id\":\"https:\/\/portaltela.pt\/noticias\/2026\/03\/25\/concurso-de-vinhos-em-chaves-visa-consolidar-tras-os-montes-no-enoturismo\/#primaryimage\"},\"thumbnailUrl\":\"https:\/\/portaltela.pt\/s.01k8rhncp4jt1\/2026\/03\/tpUHdbIMAGENStypeJPGshare1oBarraFacebook_Fugas-9.jpg\",\"keywords\":[\"Chaves\",\"enoturismo\",\"Tr\u00e1s-os-Montes\",\"turismo\",\"vinho\",\"vinhos\"],\"articleSection\":[\"Gastronomia\",\"Not\u00edcias\"],\"inLanguage\":\"pt-PT\"},{\"@type\":\"WebPage\",\"@id\":\"https:\/\/portaltela.pt\/noticias\/2026\/03\/25\/concurso-de-vinhos-em-chaves-visa-consolidar-tras-os-montes-no-enoturismo\/\",\"url\":\"https:\/\/portaltela.pt\/noticias\/2026\/03\/25\/concurso-de-vinhos-em-chaves-visa-consolidar-tras-os-montes-no-enoturismo\/\",\"name\":\"Concurso de vinhos em Chaves visa consolidar Tr\u00e1s-os-Montes no enoturismo - Portal Tela Portugal\",\"isPartOf\":{\"@id\":\"https:\/\/portaltela.pt\/#website\"},\"primaryImageOfPage\":{\"@id\":\"https:\/\/portaltela.pt\/noticias\/2026\/03\/25\/concurso-de-vinhos-em-chaves-visa-consolidar-tras-os-montes-no-enoturismo\/#primaryimage\"},\"image\":{\"@id\":\"https:\/\/portaltela.pt\/noticias\/2026\/03\/25\/concurso-de-vinhos-em-chaves-visa-consolidar-tras-os-montes-no-enoturismo\/#primaryimage\"},\"thumbnailUrl\":\"https:\/\/portaltela.pt\/s.01k8rhncp4jt1\/2026\/03\/tpUHdbIMAGENStypeJPGshare1oBarraFacebook_Fugas-9.jpg\",\"datePublished\":\"2026-03-25T18:24:00+00:00\",\"author\":{\"@id\":\"https:\/\/portaltela.pt\/#\/schema\/person\/c4278d4a6028830caff9ee44b42d32ed\"},\"breadcrumb\":{\"@id\":\"https:\/\/portaltela.pt\/noticias\/2026\/03\/25\/concurso-de-vinhos-em-chaves-visa-consolidar-tras-os-montes-no-enoturismo\/#breadcrumb\"},\"inLanguage\":\"pt-PT\",\"potentialAction\":[{\"@type\":\"ReadAction\",\"target\":[\"https:\/\/portaltela.pt\/noticias\/2026\/03\/25\/concurso-de-vinhos-em-chaves-visa-consolidar-tras-os-montes-no-enoturismo\/\"]}]},{\"@type\":\"ImageObject\",\"inLanguage\":\"pt-PT\",\"@id\":\"https:\/\/portaltela.pt\/noticias\/2026\/03\/25\/concurso-de-vinhos-em-chaves-visa-consolidar-tras-os-montes-no-enoturismo\/#primaryimage\",\"url\":\"https:\/\/portaltela.pt\/s.01k8rhncp4jt1\/2026\/03\/tpUHdbIMAGENStypeJPGshare1oBarraFacebook_Fugas-9.jpg\",\"contentUrl\":\"https:\/\/portaltela.pt\/s.01k8rhncp4jt1\/2026\/03\/tpUHdbIMAGENStypeJPGshare1oBarraFacebook_Fugas-9.jpg\",\"width\":1200,\"height\":630,\"caption\":\"Os vinhos de Tr\u00e1s-os-Montes tamb\u00e9m estar\u00e3o em destaque no evento internacional em Chaves\"},{\"@type\":\"BreadcrumbList\",\"@id\":\"https:\/\/portaltela.pt\/noticias\/2026\/03\/25\/concurso-de-vinhos-em-chaves-visa-consolidar-tras-os-montes-no-enoturismo\/#breadcrumb\",\"itemListElement\":[{\"@type\":\"ListItem\",\"position\":1,\"name\":\"In\u00edcio\",\"item\":\"https:\/\/portaltela.pt\/\"},{\"@type\":\"ListItem\",\"position\":2,\"name\":\"Concurso de vinhos em Chaves visa consolidar Tr\u00e1s-os-Montes no enoturismo\"}]},{\"@type\":\"WebSite\",\"@id\":\"https:\/\/portaltela.pt\/#website\",\"url\":\"https:\/\/portaltela.pt\/\",\"name\":\"Portal Tela Portugal\",\"description\":\"\",\"potentialAction\":[{\"@type\":\"SearchAction\",\"target\":{\"@type\":\"EntryPoint\",\"urlTemplate\":\"https:\/\/portaltela.pt\/?s={search_term_string}\"},\"query-input\":{\"@type\":\"PropertyValueSpecification\",\"valueRequired\":true,\"valueName\":\"search_term_string\"}}],\"inLanguage\":\"pt-PT\"},{\"@type\":\"Person\",\"@id\":\"https:\/\/portaltela.pt\/#\/schema\/person\/c4278d4a6028830caff9ee44b42d32ed\",\"name\":\"Telinha\",\"image\":{\"@type\":\"ImageObject\",\"inLanguage\":\"pt-PT\",\"@id\":\"https:\/\/portaltela.pt\/s.01k8rhncp4jt1\/2025\/11\/talking-bot-125x125.png\",\"url\":\"https:\/\/portaltela.pt\/s.01k8rhncp4jt1\/2025\/11\/talking-bot-125x125.png\",\"contentUrl\":\"https:\/\/portaltela.pt\/s.01k8rhncp4jt1\/2025\/11\/talking-bot-125x125.png\",\"caption\":\"Telinha\"},\"sameAs\":[\"https:\/\/portaltela.pt\/\"],\"url\":\"https:\/\/portaltela.pt\/por\/367410592786\/\"}]}<\/script>\n<!-- \/ Yoast SEO plugin. -->","yoast_head_json":{"title":"Concurso de vinhos em Chaves visa consolidar Tr\u00e1s-os-Montes no enoturismo - Portal Tela Portugal","robots":{"index":"index","follow":"follow","max-snippet":"max-snippet:-1","max-image-preview":"max-image-preview:large","max-video-preview":"max-video-preview:-1"},"og_locale":"pt_PT","og_type":"article","og_title":"Concurso de vinhos em Chaves visa consolidar Tr\u00e1s-os-Montes no enoturismo - Portal Tela Portugal","og_description":"Chaves acolhe o Portugal Wine Trophy de 5 a 7 de junho, com cerca de 1.500 refer\u00eancias de vinho, para promover o enoturismo em Tr\u00e1s-os-Montes. Em simult\u00e2neo, realiza-se o Aqua Wine Fest na cidade, de 4 a 6 de junho, criando sinergia entre os dois eventos \u00e2ncora. \u00c9 a primeira vez que a regi\u00e3o de Tr\u00e1s-os-Montes recebe este concurso internacional, segundo a CIMAT. O evento, organizado pela Deutsche Wein Marketing, dever\u00e1 contar com 70 a 80 provadores nacionais e internacionais, que v\u00e3o avaliar as 1.500 refer\u00eancias em provas cegas. Autoridades destacam que a presen\u00e7a de vinhos de v\u00e1rias origens refor\u00e7a a visibilidade dos vinhos transmontanos e a valoriza\u00e7\u00e3o do enoturismo na regi\u00e3o.","og_url":"https:\/\/portaltela.pt\/noticias\/2026\/03\/25\/concurso-de-vinhos-em-chaves-visa-consolidar-tras-os-montes-no-enoturismo\/","og_site_name":"Portal Tela Portugal","article_published_time":"2026-03-25T18:24:00+00:00","author":"Telinha","twitter_card":"summary_large_image","twitter_misc":{"Escrito por":"Telinha","Tempo estimado de leitura":"1 minuto"},"schema":{"@context":"https:\/\/schema.org","@graph":[{"@type":"Article","@id":"https:\/\/portaltela.pt\/noticias\/2026\/03\/25\/concurso-de-vinhos-em-chaves-visa-consolidar-tras-os-montes-no-enoturismo\/#article","isPartOf":{"@id":"https:\/\/portaltela.pt\/noticias\/2026\/03\/25\/concurso-de-vinhos-em-chaves-visa-consolidar-tras-os-montes-no-enoturismo\/"},"author":{"name":"Telinha","@id":"https:\/\/portaltela.pt\/#\/schema\/person\/c4278d4a6028830caff9ee44b42d32ed"},"headline":"Concurso de vinhos em Chaves visa consolidar Tr\u00e1s-os-Montes no enoturismo","datePublished":"2026-03-25T18:24:00+00:00","mainEntityOfPage":{"@id":"https:\/\/portaltela.pt\/noticias\/2026\/03\/25\/concurso-de-vinhos-em-chaves-visa-consolidar-tras-os-montes-no-enoturismo\/"},"wordCount":207,"image":{"@id":"https:\/\/portaltela.pt\/noticias\/2026\/03\/25\/concurso-de-vinhos-em-chaves-visa-consolidar-tras-os-montes-no-enoturismo\/#primaryimage"},"thumbnailUrl":"https:\/\/portaltela.pt\/s.01k8rhncp4jt1\/2026\/03\/tpUHdbIMAGENStypeJPGshare1oBarraFacebook_Fugas-9.jpg","keywords":["Chaves","enoturismo","Tr\u00e1s-os-Montes","turismo","vinho","vinhos"],"articleSection":["Gastronomia","Not\u00edcias"],"inLanguage":"pt-PT"},{"@type":"WebPage","@id":"https:\/\/portaltela.pt\/noticias\/2026\/03\/25\/concurso-de-vinhos-em-chaves-visa-consolidar-tras-os-montes-no-enoturismo\/","url":"https:\/\/portaltela.pt\/noticias\/2026\/03\/25\/concurso-de-vinhos-em-chaves-visa-consolidar-tras-os-montes-no-enoturismo\/","name":"Concurso de vinhos em Chaves visa consolidar Tr\u00e1s-os-Montes no enoturismo - Portal Tela Portugal","isPartOf":{"@id":"https:\/\/portaltela.pt\/#website"},"primaryImageOfPage":{"@id":"https:\/\/portaltela.pt\/noticias\/2026\/03\/25\/concurso-de-vinhos-em-chaves-visa-consolidar-tras-os-montes-no-enoturismo\/#primaryimage"},"image":{"@id":"https:\/\/portaltela.pt\/noticias\/2026\/03\/25\/concurso-de-vinhos-em-chaves-visa-consolidar-tras-os-montes-no-enoturismo\/#primaryimage"},"thumbnailUrl":"https:\/\/portaltela.pt\/s.01k8rhncp4jt1\/2026\/03\/tpUHdbIMAGENStypeJPGshare1oBarraFacebook_Fugas-9.jpg","datePublished":"2026-03-25T18:24:00+00:00","author":{"@id":"https:\/\/portaltela.pt\/#\/schema\/person\/c4278d4a6028830caff9ee44b42d32ed"},"breadcrumb":{"@id":"https:\/\/portaltela.pt\/noticias\/2026\/03\/25\/concurso-de-vinhos-em-chaves-visa-consolidar-tras-os-montes-no-enoturismo\/#breadcrumb"},"inLanguage":"pt-PT","potentialAction":[{"@type":"ReadAction","target":["https:\/\/portaltela.pt\/noticias\/2026\/03\/25\/concurso-de-vinhos-em-chaves-visa-consolidar-tras-os-montes-no-enoturismo\/"]}]},{"@type":"ImageObject","inLanguage":"pt-PT","@id":"https:\/\/portaltela.pt\/noticias\/2026\/03\/25\/concurso-de-vinhos-em-chaves-visa-consolidar-tras-os-montes-no-enoturismo\/#primaryimage","url":"https:\/\/portaltela.pt\/s.01k8rhncp4jt1\/2026\/03\/tpUHdbIMAGENStypeJPGshare1oBarraFacebook_Fugas-9.jpg","contentUrl":"https:\/\/portaltela.pt\/s.01k8rhncp4jt1\/2026\/03\/tpUHdbIMAGENStypeJPGshare1oBarraFacebook_Fugas-9.jpg","width":1200,"height":630,"caption":"Os vinhos de Tr\u00e1s-os-Montes tamb\u00e9m estar\u00e3o em destaque no evento internacional em Chaves"},{"@type":"BreadcrumbList","@id":"https:\/\/portaltela.pt\/noticias\/2026\/03\/25\/concurso-de-vinhos-em-chaves-visa-consolidar-tras-os-montes-no-enoturismo\/#breadcrumb","itemListElement":[{"@type":"ListItem","position":1,"name":"In\u00edcio","item":"https:\/\/portaltela.pt\/"},{"@type":"ListItem","position":2,"name":"Concurso de vinhos em Chaves visa consolidar Tr\u00e1s-os-Montes no enoturismo"}]},{"@type":"WebSite","@id":"https:\/\/portaltela.pt\/#website","url":"https:\/\/portaltela.pt\/","name":"Portal Tela Portugal","description":"","potentialAction":[{"@type":"SearchAction","target":{"@type":"EntryPoint","urlTemplate":"https:\/\/portaltela.pt\/?s={search_term_string}"},"query-input":{"@type":"PropertyValueSpecification","valueRequired":true,"valueName":"search_term_string"}}],"inLanguage":"pt-PT"},{"@type":"Person","@id":"https:\/\/portaltela.pt\/#\/schema\/person\/c4278d4a6028830caff9ee44b42d32ed","name":"Telinha","image":{"@type":"ImageObject","inLanguage":"pt-PT","@id":"https:\/\/portaltela.pt\/s.01k8rhncp4jt1\/2025\/11\/talking-bot-125x125.png","url":"https:\/\/portaltela.pt\/s.01k8rhncp4jt1\/2025\/11\/talking-bot-125x125.png","contentUrl":"https:\/\/portaltela.pt\/s.01k8rhncp4jt1\/2025\/11\/talking-bot-125x125.png","caption":"Telinha"},"sameAs":["https:\/\/portaltela.pt\/"],"url":"https:\/\/portaltela.pt\/por\/367410592786\/"}]}},"_links":{"self":[{"href":"https:\/\/portaltela.pt\/api\/wp\/v2\/posts\/421398","targetHints":{"allow":["GET"]}}],"collection":[{"href":"https:\/\/portaltela.pt\/api\/wp\/v2\/posts"}],"about":[{"href":"https:\/\/portaltela.pt\/api\/wp\/v2\/types\/post"}],"author":[{"embeddable":true,"href":"https:\/\/portaltela.pt\/api\/wp\/v2\/users\/2"}],"replies":[{"embeddable":true,"href":"https:\/\/portaltela.pt\/api\/wp\/v2\/comments?post=421398"}],"version-history":[{"count":0,"href":"https:\/\/portaltela.pt\/api\/wp\/v2\/posts\/421398\/revisions"}],"wp:featuredmedia":[{"embeddable":true,"href":"https:\/\/portaltela.pt\/api\/wp\/v2\/media\/421412"}],"wp:attachment":[{"href":"https:\/\/portaltela.pt\/api\/wp\/v2\/media?parent=421398"}],"wp:term":[{"taxonomy":"category","embeddable":true,"href":"https:\/\/portaltela.pt\/api\/wp\/v2\/categories?post=421398"},{"taxonomy":"post_tag","embeddable":true,"href":"https:\/\/portaltela.pt\/api\/wp\/v2\/tags?post=421398"}],"curies":[{"name":"wp","href":"https:\/\/api.w.org\/{rel}","templated":true}]}}