{"id":421393,"date":"2026-03-25T15:46:00","date_gmt":"2026-03-25T18:46:00","guid":{"rendered":"https:\/\/portaltela.pt\/noticias\/2026\/03\/25\/luisa-salgueiro-e-60-autarcas-solicitam-empenho-do-ps-na-regionalizacao\/"},"modified":"2026-03-25T15:46:00","modified_gmt":"2026-03-25T18:46:00","slug":"luisa-salgueiro-e-60-autarcas-solicitam-empenho-do-ps-na-regionalizacao","status":"publish","type":"post","link":"https:\/\/portaltela.pt\/noticias\/politica\/2026\/03\/25\/luisa-salgueiro-e-60-autarcas-solicitam-empenho-do-ps-na-regionalizacao\/","title":{"rendered":"Lu\u00edsa Salgueiro e 60 autarcas solicitam empenho do PS na regionaliza\u00e7\u00e3o"},"content":{"rendered":"<p>A mo\u00e7\u00e3o sectorial apresentada por Lu\u00edsa Salgueiro, presidente da C\u00e2mara de Matosinhos, e assinada por 60 autarcas defende o aumento do empenho do PS na regionaliza\u00e7\u00e3o e na revis\u00e3o da Lei das Finan\u00e7as Locais. A pe\u00e7a aponta a regionaliza\u00e7\u00e3o e uma nova lei como prioridades pol\u00edticas nacionais.<\/p>\n<p>Segundo o documento, \u00e9 essencial enfrentar o centralismo atrav\u00e9s de uma agenda de regionaliza\u00e7\u00e3o que integre uma nova Lei das Finan\u00e7as Locais. A mo\u00e7\u00e3o foi levada ao Congresso do PS, com Salgueiro como primeira subscritora, e pretende transformar estes temas numa linha program\u00e1tica do partido.<\/p>\n<p>A posi\u00e7\u00e3o surge num momento em que o secret\u00e1rio-geral do PS, Jos\u00e9 Lu\u00eds Carneiro, j\u00e1 destacou a regionaliza\u00e7\u00e3o como prioridade na sua mo\u00e7\u00e3o estrat\u00e9gica, mas enfrenta resist\u00eancia do PSD at\u00e9, pelo menos, 2029. O Presidente da Rep\u00fablica tamb\u00e9m sinalizou que quer uma avalia\u00e7\u00e3o pr\u00e9via do processo de descentraliza\u00e7\u00e3o.<\/p>\n<h3>Contexto pol\u00edtico<\/h3>\n<p>A iniciativa associa a regionaliza\u00e7\u00e3o a medidas de melhoria de financiamento municipal e \u00e0 descentraliza\u00e7\u00e3o de compet\u00eancias, segundo o texto da mo\u00e7\u00e3o. O objetivo \u00e9 criar um quadro est\u00e1vel que permita uma gest\u00e3o mais pr\u00f3xima das necessidades locais.<\/p>\n<p>A not\u00edcia acompanha o debate p\u00fablico sobre a descentraliza\u00e7\u00e3o, que envolve v\u00e1rias vis\u00f5es sobre prazos, etapas e impactos or\u00e7amentais. Os apoios e obst\u00e1culos entre PS, PSD e outros atores nacionais continuam a moldar o ritmo de qualquer mudan\u00e7a.<\/p>\n","protected":false},"excerpt":{"rendered":"<ul>\n<li>Mo\u00e7\u00e3o sectorial apresentada pela presidente da C\u00e2mara de Matosinhos, Lu\u00edsa Salgueiro, subscrita por 60 autarcas, pede o empenho do PS na regionaliza\u00e7\u00e3o e na revis\u00e3o da Lei das Finan\u00e7as Locais.<\/li>\n<li>O objetivo \u00e9 tornar a regionaliza\u00e7\u00e3o e a revis\u00e3o da Lei das Finan\u00e7as Locais uma prioridade pol\u00edtica nacional e uma linha program\u00e1tica do Partido Socialista.<\/li>\n<li>O tema conta com o apoio do secret\u00e1rio-geral, Jos\u00e9 Lu\u00eds Carneiro, mas enfrenta oposi\u00e7\u00e3o do PSD pelo menos at\u00e9 2029 e n\u00e3o tem amplo apoio do Presidente da Rep\u00fablica, que quer primeiro uma avalia\u00e7\u00e3o do processo de descentraliza\u00e7\u00e3o.<\/li>\n<li>A mo\u00e7\u00e3o ser\u00e1 apresentada no Congresso do PS.<\/li>\n<\/ul>\n","protected":false},"author":2,"featured_media":421405,"comment_status":"closed","ping_status":"closed","sticky":false,"template":"","format":"standard","meta":{"footnotes":""},"categories":[1,5],"tags":[3057,1275,2584,2832,2144,1778],"class_list":["post-421393","post","type-post","status-publish","format-standard","has-post-thumbnail","hentry","category-noticias","category-politica","tag-autarcas","tag-descentralizacao-territorial","tag-financas","tag-politica","tag-ps","tag-regionalizacao-territorial"],"yoast_head":"<!-- This site is optimized with the Yoast SEO plugin v27.2 - https:\/\/yoast.com\/product\/yoast-seo-wordpress\/ -->\n<title>Lu\u00edsa Salgueiro e 60 autarcas solicitam empenho do PS na regionaliza\u00e7\u00e3o - Portal Tela Portugal<\/title>\n<meta name=\"robots\" content=\"index, follow, max-snippet:-1, max-image-preview:large, max-video-preview:-1\" \/>\n<meta property=\"og:locale\" content=\"pt_PT\" \/>\n<meta property=\"og:type\" content=\"article\" \/>\n<meta property=\"og:title\" content=\"Lu\u00edsa Salgueiro e 60 autarcas solicitam empenho do PS na regionaliza\u00e7\u00e3o - Portal Tela Portugal\" \/>\n<meta property=\"og:description\" content=\"Mo\u00e7\u00e3o sectorial apresentada pela presidente da C\u00e2mara de Matosinhos, Lu\u00edsa Salgueiro, subscrita por 60 autarcas, pede o empenho do PS na regionaliza\u00e7\u00e3o e na revis\u00e3o da Lei das Finan\u00e7as Locais. O objetivo \u00e9 tornar a regionaliza\u00e7\u00e3o e a revis\u00e3o da Lei das Finan\u00e7as Locais uma prioridade pol\u00edtica nacional e uma linha program\u00e1tica do Partido Socialista. O tema conta com o apoio do secret\u00e1rio-geral, Jos\u00e9 Lu\u00eds Carneiro, mas enfrenta oposi\u00e7\u00e3o do PSD pelo menos at\u00e9 2029 e n\u00e3o tem amplo apoio do Presidente da Rep\u00fablica, que quer primeiro uma avalia\u00e7\u00e3o do processo de descentraliza\u00e7\u00e3o. A mo\u00e7\u00e3o ser\u00e1 apresentada no Congresso do PS.\" \/>\n<meta property=\"og:url\" content=\"https:\/\/portaltela.pt\/noticias\/2026\/03\/25\/luisa-salgueiro-e-60-autarcas-solicitam-empenho-do-ps-na-regionalizacao\/\" \/>\n<meta property=\"og:site_name\" content=\"Portal Tela Portugal\" \/>\n<meta property=\"article:published_time\" content=\"2026-03-25T18:46:00+00:00\" \/>\n<meta name=\"author\" content=\"Telinha\" \/>\n<meta name=\"twitter:card\" content=\"summary_large_image\" \/>\n<meta name=\"twitter:label1\" content=\"Escrito por\" \/>\n\t<meta name=\"twitter:data1\" content=\"Telinha\" \/>\n\t<meta name=\"twitter:label2\" content=\"Tempo estimado de leitura\" \/>\n\t<meta name=\"twitter:data2\" content=\"1 minuto\" \/>\n<script type=\"application\/ld+json\" class=\"yoast-schema-graph\">{\"@context\":\"https:\/\/schema.org\",\"@graph\":[{\"@type\":\"Article\",\"@id\":\"https:\/\/portaltela.pt\/noticias\/2026\/03\/25\/luisa-salgueiro-e-60-autarcas-solicitam-empenho-do-ps-na-regionalizacao\/#article\",\"isPartOf\":{\"@id\":\"https:\/\/portaltela.pt\/noticias\/2026\/03\/25\/luisa-salgueiro-e-60-autarcas-solicitam-empenho-do-ps-na-regionalizacao\/\"},\"author\":{\"name\":\"Telinha\",\"@id\":\"https:\/\/portaltela.pt\/#\/schema\/person\/c4278d4a6028830caff9ee44b42d32ed\"},\"headline\":\"Lu\u00edsa Salgueiro e 60 autarcas solicitam empenho do PS na regionaliza\u00e7\u00e3o\",\"datePublished\":\"2026-03-25T18:46:00+00:00\",\"mainEntityOfPage\":{\"@id\":\"https:\/\/portaltela.pt\/noticias\/2026\/03\/25\/luisa-salgueiro-e-60-autarcas-solicitam-empenho-do-ps-na-regionalizacao\/\"},\"wordCount\":267,\"image\":{\"@id\":\"https:\/\/portaltela.pt\/noticias\/2026\/03\/25\/luisa-salgueiro-e-60-autarcas-solicitam-empenho-do-ps-na-regionalizacao\/#primaryimage\"},\"thumbnailUrl\":\"https:\/\/portaltela.pt\/s.01k8rhncp4jt1\/2026\/03\/tpUHdbIMAGENStypeJPGshare1oBarraFacebook_Publico-70.jpg\",\"keywords\":[\"autarcas\",\"descentraliza\u00e7\u00e3o territorial\",\"finan\u00e7as\",\"pol\u00edtica\",\"PS\",\"regionaliza\u00e7\u00e3o territorial\"],\"articleSection\":[\"Not\u00edcias\",\"Pol\u00edtica\"],\"inLanguage\":\"pt-PT\"},{\"@type\":\"WebPage\",\"@id\":\"https:\/\/portaltela.pt\/noticias\/2026\/03\/25\/luisa-salgueiro-e-60-autarcas-solicitam-empenho-do-ps-na-regionalizacao\/\",\"url\":\"https:\/\/portaltela.pt\/noticias\/2026\/03\/25\/luisa-salgueiro-e-60-autarcas-solicitam-empenho-do-ps-na-regionalizacao\/\",\"name\":\"Lu\u00edsa Salgueiro e 60 autarcas solicitam empenho do PS na regionaliza\u00e7\u00e3o - Portal Tela Portugal\",\"isPartOf\":{\"@id\":\"https:\/\/portaltela.pt\/#website\"},\"primaryImageOfPage\":{\"@id\":\"https:\/\/portaltela.pt\/noticias\/2026\/03\/25\/luisa-salgueiro-e-60-autarcas-solicitam-empenho-do-ps-na-regionalizacao\/#primaryimage\"},\"image\":{\"@id\":\"https:\/\/portaltela.pt\/noticias\/2026\/03\/25\/luisa-salgueiro-e-60-autarcas-solicitam-empenho-do-ps-na-regionalizacao\/#primaryimage\"},\"thumbnailUrl\":\"https:\/\/portaltela.pt\/s.01k8rhncp4jt1\/2026\/03\/tpUHdbIMAGENStypeJPGshare1oBarraFacebook_Publico-70.jpg\",\"datePublished\":\"2026-03-25T18:46:00+00:00\",\"author\":{\"@id\":\"https:\/\/portaltela.pt\/#\/schema\/person\/c4278d4a6028830caff9ee44b42d32ed\"},\"breadcrumb\":{\"@id\":\"https:\/\/portaltela.pt\/noticias\/2026\/03\/25\/luisa-salgueiro-e-60-autarcas-solicitam-empenho-do-ps-na-regionalizacao\/#breadcrumb\"},\"inLanguage\":\"pt-PT\",\"potentialAction\":[{\"@type\":\"ReadAction\",\"target\":[\"https:\/\/portaltela.pt\/noticias\/2026\/03\/25\/luisa-salgueiro-e-60-autarcas-solicitam-empenho-do-ps-na-regionalizacao\/\"]}]},{\"@type\":\"ImageObject\",\"inLanguage\":\"pt-PT\",\"@id\":\"https:\/\/portaltela.pt\/noticias\/2026\/03\/25\/luisa-salgueiro-e-60-autarcas-solicitam-empenho-do-ps-na-regionalizacao\/#primaryimage\",\"url\":\"https:\/\/portaltela.pt\/s.01k8rhncp4jt1\/2026\/03\/tpUHdbIMAGENStypeJPGshare1oBarraFacebook_Publico-70.jpg\",\"contentUrl\":\"https:\/\/portaltela.pt\/s.01k8rhncp4jt1\/2026\/03\/tpUHdbIMAGENStypeJPGshare1oBarraFacebook_Publico-70.jpg\",\"width\":1200,\"height\":630,\"caption\":\"\u201cRegionaliza\u00e7\u00e3o \u00e9 reforma necess\u00e1ria e n\u00e3o uma simples bandeira simb\u00f3lica\u201d, defende a mo\u00e7\u00e3o liderada pela autarca de Matosinhos\"},{\"@type\":\"BreadcrumbList\",\"@id\":\"https:\/\/portaltela.pt\/noticias\/2026\/03\/25\/luisa-salgueiro-e-60-autarcas-solicitam-empenho-do-ps-na-regionalizacao\/#breadcrumb\",\"itemListElement\":[{\"@type\":\"ListItem\",\"position\":1,\"name\":\"In\u00edcio\",\"item\":\"https:\/\/portaltela.pt\/\"},{\"@type\":\"ListItem\",\"position\":2,\"name\":\"Lu\u00edsa Salgueiro e 60 autarcas solicitam empenho do PS na regionaliza\u00e7\u00e3o\"}]},{\"@type\":\"WebSite\",\"@id\":\"https:\/\/portaltela.pt\/#website\",\"url\":\"https:\/\/portaltela.pt\/\",\"name\":\"Portal Tela Portugal\",\"description\":\"\",\"potentialAction\":[{\"@type\":\"SearchAction\",\"target\":{\"@type\":\"EntryPoint\",\"urlTemplate\":\"https:\/\/portaltela.pt\/?s={search_term_string}\"},\"query-input\":{\"@type\":\"PropertyValueSpecification\",\"valueRequired\":true,\"valueName\":\"search_term_string\"}}],\"inLanguage\":\"pt-PT\"},{\"@type\":\"Person\",\"@id\":\"https:\/\/portaltela.pt\/#\/schema\/person\/c4278d4a6028830caff9ee44b42d32ed\",\"name\":\"Telinha\",\"image\":{\"@type\":\"ImageObject\",\"inLanguage\":\"pt-PT\",\"@id\":\"https:\/\/portaltela.pt\/s.01k8rhncp4jt1\/2025\/11\/talking-bot-125x125.png\",\"url\":\"https:\/\/portaltela.pt\/s.01k8rhncp4jt1\/2025\/11\/talking-bot-125x125.png\",\"contentUrl\":\"https:\/\/portaltela.pt\/s.01k8rhncp4jt1\/2025\/11\/talking-bot-125x125.png\",\"caption\":\"Telinha\"},\"sameAs\":[\"https:\/\/portaltela.pt\/\"],\"url\":\"https:\/\/portaltela.pt\/por\/367410592786\/\"}]}<\/script>\n<!-- \/ Yoast SEO plugin. -->","yoast_head_json":{"title":"Lu\u00edsa Salgueiro e 60 autarcas solicitam empenho do PS na regionaliza\u00e7\u00e3o - Portal Tela Portugal","robots":{"index":"index","follow":"follow","max-snippet":"max-snippet:-1","max-image-preview":"max-image-preview:large","max-video-preview":"max-video-preview:-1"},"og_locale":"pt_PT","og_type":"article","og_title":"Lu\u00edsa Salgueiro e 60 autarcas solicitam empenho do PS na regionaliza\u00e7\u00e3o - Portal Tela Portugal","og_description":"Mo\u00e7\u00e3o sectorial apresentada pela presidente da C\u00e2mara de Matosinhos, Lu\u00edsa Salgueiro, subscrita por 60 autarcas, pede o empenho do PS na regionaliza\u00e7\u00e3o e na revis\u00e3o da Lei das Finan\u00e7as Locais. O objetivo \u00e9 tornar a regionaliza\u00e7\u00e3o e a revis\u00e3o da Lei das Finan\u00e7as Locais uma prioridade pol\u00edtica nacional e uma linha program\u00e1tica do Partido Socialista. O tema conta com o apoio do secret\u00e1rio-geral, Jos\u00e9 Lu\u00eds Carneiro, mas enfrenta oposi\u00e7\u00e3o do PSD pelo menos at\u00e9 2029 e n\u00e3o tem amplo apoio do Presidente da Rep\u00fablica, que quer primeiro uma avalia\u00e7\u00e3o do processo de descentraliza\u00e7\u00e3o. A mo\u00e7\u00e3o ser\u00e1 apresentada no Congresso do PS.","og_url":"https:\/\/portaltela.pt\/noticias\/2026\/03\/25\/luisa-salgueiro-e-60-autarcas-solicitam-empenho-do-ps-na-regionalizacao\/","og_site_name":"Portal Tela Portugal","article_published_time":"2026-03-25T18:46:00+00:00","author":"Telinha","twitter_card":"summary_large_image","twitter_misc":{"Escrito por":"Telinha","Tempo estimado de leitura":"1 minuto"},"schema":{"@context":"https:\/\/schema.org","@graph":[{"@type":"Article","@id":"https:\/\/portaltela.pt\/noticias\/2026\/03\/25\/luisa-salgueiro-e-60-autarcas-solicitam-empenho-do-ps-na-regionalizacao\/#article","isPartOf":{"@id":"https:\/\/portaltela.pt\/noticias\/2026\/03\/25\/luisa-salgueiro-e-60-autarcas-solicitam-empenho-do-ps-na-regionalizacao\/"},"author":{"name":"Telinha","@id":"https:\/\/portaltela.pt\/#\/schema\/person\/c4278d4a6028830caff9ee44b42d32ed"},"headline":"Lu\u00edsa Salgueiro e 60 autarcas solicitam empenho do PS na regionaliza\u00e7\u00e3o","datePublished":"2026-03-25T18:46:00+00:00","mainEntityOfPage":{"@id":"https:\/\/portaltela.pt\/noticias\/2026\/03\/25\/luisa-salgueiro-e-60-autarcas-solicitam-empenho-do-ps-na-regionalizacao\/"},"wordCount":267,"image":{"@id":"https:\/\/portaltela.pt\/noticias\/2026\/03\/25\/luisa-salgueiro-e-60-autarcas-solicitam-empenho-do-ps-na-regionalizacao\/#primaryimage"},"thumbnailUrl":"https:\/\/portaltela.pt\/s.01k8rhncp4jt1\/2026\/03\/tpUHdbIMAGENStypeJPGshare1oBarraFacebook_Publico-70.jpg","keywords":["autarcas","descentraliza\u00e7\u00e3o territorial","finan\u00e7as","pol\u00edtica","PS","regionaliza\u00e7\u00e3o territorial"],"articleSection":["Not\u00edcias","Pol\u00edtica"],"inLanguage":"pt-PT"},{"@type":"WebPage","@id":"https:\/\/portaltela.pt\/noticias\/2026\/03\/25\/luisa-salgueiro-e-60-autarcas-solicitam-empenho-do-ps-na-regionalizacao\/","url":"https:\/\/portaltela.pt\/noticias\/2026\/03\/25\/luisa-salgueiro-e-60-autarcas-solicitam-empenho-do-ps-na-regionalizacao\/","name":"Lu\u00edsa Salgueiro e 60 autarcas solicitam empenho do PS na regionaliza\u00e7\u00e3o - Portal Tela Portugal","isPartOf":{"@id":"https:\/\/portaltela.pt\/#website"},"primaryImageOfPage":{"@id":"https:\/\/portaltela.pt\/noticias\/2026\/03\/25\/luisa-salgueiro-e-60-autarcas-solicitam-empenho-do-ps-na-regionalizacao\/#primaryimage"},"image":{"@id":"https:\/\/portaltela.pt\/noticias\/2026\/03\/25\/luisa-salgueiro-e-60-autarcas-solicitam-empenho-do-ps-na-regionalizacao\/#primaryimage"},"thumbnailUrl":"https:\/\/portaltela.pt\/s.01k8rhncp4jt1\/2026\/03\/tpUHdbIMAGENStypeJPGshare1oBarraFacebook_Publico-70.jpg","datePublished":"2026-03-25T18:46:00+00:00","author":{"@id":"https:\/\/portaltela.pt\/#\/schema\/person\/c4278d4a6028830caff9ee44b42d32ed"},"breadcrumb":{"@id":"https:\/\/portaltela.pt\/noticias\/2026\/03\/25\/luisa-salgueiro-e-60-autarcas-solicitam-empenho-do-ps-na-regionalizacao\/#breadcrumb"},"inLanguage":"pt-PT","potentialAction":[{"@type":"ReadAction","target":["https:\/\/portaltela.pt\/noticias\/2026\/03\/25\/luisa-salgueiro-e-60-autarcas-solicitam-empenho-do-ps-na-regionalizacao\/"]}]},{"@type":"ImageObject","inLanguage":"pt-PT","@id":"https:\/\/portaltela.pt\/noticias\/2026\/03\/25\/luisa-salgueiro-e-60-autarcas-solicitam-empenho-do-ps-na-regionalizacao\/#primaryimage","url":"https:\/\/portaltela.pt\/s.01k8rhncp4jt1\/2026\/03\/tpUHdbIMAGENStypeJPGshare1oBarraFacebook_Publico-70.jpg","contentUrl":"https:\/\/portaltela.pt\/s.01k8rhncp4jt1\/2026\/03\/tpUHdbIMAGENStypeJPGshare1oBarraFacebook_Publico-70.jpg","width":1200,"height":630,"caption":"\u201cRegionaliza\u00e7\u00e3o \u00e9 reforma necess\u00e1ria e n\u00e3o uma simples bandeira simb\u00f3lica\u201d, defende a mo\u00e7\u00e3o liderada pela autarca de Matosinhos"},{"@type":"BreadcrumbList","@id":"https:\/\/portaltela.pt\/noticias\/2026\/03\/25\/luisa-salgueiro-e-60-autarcas-solicitam-empenho-do-ps-na-regionalizacao\/#breadcrumb","itemListElement":[{"@type":"ListItem","position":1,"name":"In\u00edcio","item":"https:\/\/portaltela.pt\/"},{"@type":"ListItem","position":2,"name":"Lu\u00edsa Salgueiro e 60 autarcas solicitam empenho do PS na regionaliza\u00e7\u00e3o"}]},{"@type":"WebSite","@id":"https:\/\/portaltela.pt\/#website","url":"https:\/\/portaltela.pt\/","name":"Portal Tela Portugal","description":"","potentialAction":[{"@type":"SearchAction","target":{"@type":"EntryPoint","urlTemplate":"https:\/\/portaltela.pt\/?s={search_term_string}"},"query-input":{"@type":"PropertyValueSpecification","valueRequired":true,"valueName":"search_term_string"}}],"inLanguage":"pt-PT"},{"@type":"Person","@id":"https:\/\/portaltela.pt\/#\/schema\/person\/c4278d4a6028830caff9ee44b42d32ed","name":"Telinha","image":{"@type":"ImageObject","inLanguage":"pt-PT","@id":"https:\/\/portaltela.pt\/s.01k8rhncp4jt1\/2025\/11\/talking-bot-125x125.png","url":"https:\/\/portaltela.pt\/s.01k8rhncp4jt1\/2025\/11\/talking-bot-125x125.png","contentUrl":"https:\/\/portaltela.pt\/s.01k8rhncp4jt1\/2025\/11\/talking-bot-125x125.png","caption":"Telinha"},"sameAs":["https:\/\/portaltela.pt\/"],"url":"https:\/\/portaltela.pt\/por\/367410592786\/"}]}},"_links":{"self":[{"href":"https:\/\/portaltela.pt\/api\/wp\/v2\/posts\/421393","targetHints":{"allow":["GET"]}}],"collection":[{"href":"https:\/\/portaltela.pt\/api\/wp\/v2\/posts"}],"about":[{"href":"https:\/\/portaltela.pt\/api\/wp\/v2\/types\/post"}],"author":[{"embeddable":true,"href":"https:\/\/portaltela.pt\/api\/wp\/v2\/users\/2"}],"replies":[{"embeddable":true,"href":"https:\/\/portaltela.pt\/api\/wp\/v2\/comments?post=421393"}],"version-history":[{"count":0,"href":"https:\/\/portaltela.pt\/api\/wp\/v2\/posts\/421393\/revisions"}],"wp:featuredmedia":[{"embeddable":true,"href":"https:\/\/portaltela.pt\/api\/wp\/v2\/media\/421405"}],"wp:attachment":[{"href":"https:\/\/portaltela.pt\/api\/wp\/v2\/media?parent=421393"}],"wp:term":[{"taxonomy":"category","embeddable":true,"href":"https:\/\/portaltela.pt\/api\/wp\/v2\/categories?post=421393"},{"taxonomy":"post_tag","embeddable":true,"href":"https:\/\/portaltela.pt\/api\/wp\/v2\/tags?post=421393"}],"curies":[{"name":"wp","href":"https:\/\/api.w.org\/{rel}","templated":true}]}}