{"id":421389,"date":"2026-03-25T15:02:00","date_gmt":"2026-03-25T18:02:00","guid":{"rendered":"https:\/\/portaltela.pt\/noticias\/2026\/03\/25\/homem-que-matou-a-mae-na-madeira-abriu-porta-a-vizinha-coberto-de-sangue\/"},"modified":"2026-03-25T15:02:00","modified_gmt":"2026-03-25T18:02:00","slug":"homem-que-matou-a-mae-na-madeira-abriu-porta-a-vizinha-coberto-de-sangue","status":"publish","type":"post","link":"https:\/\/portaltela.pt\/noticias\/2026\/03\/25\/homem-que-matou-a-mae-na-madeira-abriu-porta-a-vizinha-coberto-de-sangue\/","title":{"rendered":"Homem que matou a m\u00e3e na Madeira abriu porta \u00e0 vizinha coberto de sangue"},"content":{"rendered":"<p>Foi uma vizinha quem percebeu a absence de Maria da Concei\u00e7\u00e3o Santos, enfermeira reformada de 64 anos, na tarde de segunda-feira, em Machico, Madeira. A porta da casa ficou aberta e o filho da v\u00edtima, Jo\u00e3o Silva, de 36 anos, surgiu \u00e0 entrada, coberto de sangue. A moradora avisou a filha da enfermeira, que chamou a PSP.<\/p>\n<p>A psquiatria com historial de doen\u00e7a mental \u00e9 referido pela PSP. O jovem recusou abrir a porta e ter\u00e1 fugido pela janela traseira da casa, escapando aos investigadores. A esquadra de Machico iniciou a persegui\u00e7\u00e3o, sem o conseguir intercetar no local.<\/p>\n<p>A v\u00edtima foi encontrada com golpes na cabe\u00e7a causados por um objeto contundente e com sinais de agress\u00e3o com arma branca. O cad\u00e1ver foi declarado no interior da resid\u00eancia e o cen\u00e1rio foi assegurado para a investiga\u00e7\u00e3o. Blood e vest\u00edgios foram encontrados em v\u00e1rios pontos da casa, segundo o CM.<\/p>\n<h3>Investiga\u00e7\u00e3o em curso pela Pol\u00edcia Judici\u00e1ria da Madeira<\/h3>\n<p>O corpo da enfermeira foi encaminhado para aut\u00f3psia, para determinar as causas da morte de forma detalhada. At\u00e9 ao in\u00edcio da tarde de ontem, Jo\u00e3o Silva era ainda procurado pela PJ, que dirige as dilig\u00eancias para localizar o suspeito e esclarecer as circunst\u00e2ncias do homic\u00eddio.<\/p>\n","protected":false},"excerpt":{"rendered":"<ul>\n<li>Na tarde de segunda-feira, em Machico, Madeira, Maria da Concei\u00e7\u00e3o Santos, de 64 anos, foi morta na pr\u00f3pria casa por agress\u00e3o com objeto contundente e arma branca.<\/li>\n<li>O filho da v\u00edtima, Jo\u00e3o Silva, de 36 anos, foi visto pelo menos uma vizinha \u00e0 porta da casa, coberto de sangue.<\/li>\n<li>O homem ter\u00e1 fugido da resid\u00eancia por uma janela dos fundos, sendo perseguido pela PSP sem sucesso.<\/li>\n<li>A resid\u00eancia apresentava v\u00e1rios sinais de agress\u00e3o e sangue em diversos pontos, e o cen\u00e1rio foi preservado para a investiga\u00e7\u00e3o da Pol\u00edcia Judici\u00e1ria da Madeira.<\/li>\n<li>O cad\u00e1ver foi encaminhado para aut\u00f3psia e, at\u00e9 ontem \u00e0 tarde, Jo\u00e3o Silva ainda era procurado pelos inspetores.<\/li>\n<\/ul>\n","protected":false},"author":2,"featured_media":421404,"comment_status":"closed","ping_status":"closed","sticky":false,"template":"","format":"standard","meta":{"footnotes":""},"categories":[7386,1],"tags":[147,1345,215,1283,859,939],"class_list":["post-421389","post","type-post","status-publish","format-standard","has-post-thumbnail","hentry","category-crimes-contra-a-pessoa","category-noticias","tag-crime","tag-homicidio","tag-investigacao","tag-machico","tag-madeira","tag-violencia"],"yoast_head":"<!-- This site is optimized with the Yoast SEO plugin v27.2 - https:\/\/yoast.com\/product\/yoast-seo-wordpress\/ -->\n<title>Homem que matou a m\u00e3e na Madeira abriu porta \u00e0 vizinha coberto de sangue - Portal Tela Portugal<\/title>\n<meta name=\"robots\" content=\"index, follow, max-snippet:-1, max-image-preview:large, max-video-preview:-1\" \/>\n<meta property=\"og:locale\" content=\"pt_PT\" \/>\n<meta property=\"og:type\" content=\"article\" \/>\n<meta property=\"og:title\" content=\"Homem que matou a m\u00e3e na Madeira abriu porta \u00e0 vizinha coberto de sangue - Portal Tela Portugal\" \/>\n<meta property=\"og:description\" content=\"Na tarde de segunda-feira, em Machico, Madeira, Maria da Concei\u00e7\u00e3o Santos, de 64 anos, foi morta na pr\u00f3pria casa por agress\u00e3o com objeto contundente e arma branca. O filho da v\u00edtima, Jo\u00e3o Silva, de 36 anos, foi visto pelo menos uma vizinha \u00e0 porta da casa, coberto de sangue. O homem ter\u00e1 fugido da resid\u00eancia por uma janela dos fundos, sendo perseguido pela PSP sem sucesso. A resid\u00eancia apresentava v\u00e1rios sinais de agress\u00e3o e sangue em diversos pontos, e o cen\u00e1rio foi preservado para a investiga\u00e7\u00e3o da Pol\u00edcia Judici\u00e1ria da Madeira. O cad\u00e1ver foi encaminhado para aut\u00f3psia e, at\u00e9 ontem \u00e0 tarde, Jo\u00e3o Silva ainda era procurado pelos inspetores.\" \/>\n<meta property=\"og:url\" content=\"https:\/\/portaltela.pt\/noticias\/2026\/03\/25\/homem-que-matou-a-mae-na-madeira-abriu-porta-a-vizinha-coberto-de-sangue\/\" \/>\n<meta property=\"og:site_name\" content=\"Portal Tela Portugal\" \/>\n<meta property=\"article:published_time\" content=\"2026-03-25T18:02:00+00:00\" \/>\n<meta name=\"author\" content=\"Telinha\" \/>\n<meta name=\"twitter:card\" content=\"summary_large_image\" \/>\n<meta name=\"twitter:label1\" content=\"Escrito por\" \/>\n\t<meta name=\"twitter:data1\" content=\"Telinha\" \/>\n\t<meta name=\"twitter:label2\" content=\"Tempo estimado de leitura\" \/>\n\t<meta name=\"twitter:data2\" content=\"1 minuto\" \/>\n<script type=\"application\/ld+json\" class=\"yoast-schema-graph\">{\"@context\":\"https:\/\/schema.org\",\"@graph\":[{\"@type\":\"Article\",\"@id\":\"https:\/\/portaltela.pt\/noticias\/2026\/03\/25\/homem-que-matou-a-mae-na-madeira-abriu-porta-a-vizinha-coberto-de-sangue\/#article\",\"isPartOf\":{\"@id\":\"https:\/\/portaltela.pt\/noticias\/2026\/03\/25\/homem-que-matou-a-mae-na-madeira-abriu-porta-a-vizinha-coberto-de-sangue\/\"},\"author\":{\"name\":\"Telinha\",\"@id\":\"https:\/\/portaltela.pt\/#\/schema\/person\/c4278d4a6028830caff9ee44b42d32ed\"},\"headline\":\"Homem que matou a m\u00e3e na Madeira abriu porta \u00e0 vizinha coberto de sangue\",\"datePublished\":\"2026-03-25T18:02:00+00:00\",\"mainEntityOfPage\":{\"@id\":\"https:\/\/portaltela.pt\/noticias\/2026\/03\/25\/homem-que-matou-a-mae-na-madeira-abriu-porta-a-vizinha-coberto-de-sangue\/\"},\"wordCount\":234,\"image\":{\"@id\":\"https:\/\/portaltela.pt\/noticias\/2026\/03\/25\/homem-que-matou-a-mae-na-madeira-abriu-porta-a-vizinha-coberto-de-sangue\/#primaryimage\"},\"thumbnailUrl\":\"https:\/\/portaltela.pt\/s.01k8rhncp4jt1\/2026\/03\/img_1280x721uu2026-03-25-11-24-43-2274591.jpg\",\"keywords\":[\"crime\",\"homic\u00eddio\",\"investiga\u00e7\u00e3o\",\"Machico\",\"Madeira\",\"viol\u00eancia\"],\"articleSection\":[\"Crimes contra a pessoa\",\"Not\u00edcias\"],\"inLanguage\":\"pt-PT\"},{\"@type\":\"WebPage\",\"@id\":\"https:\/\/portaltela.pt\/noticias\/2026\/03\/25\/homem-que-matou-a-mae-na-madeira-abriu-porta-a-vizinha-coberto-de-sangue\/\",\"url\":\"https:\/\/portaltela.pt\/noticias\/2026\/03\/25\/homem-que-matou-a-mae-na-madeira-abriu-porta-a-vizinha-coberto-de-sangue\/\",\"name\":\"Homem que matou a m\u00e3e na Madeira abriu porta \u00e0 vizinha coberto de sangue - Portal Tela Portugal\",\"isPartOf\":{\"@id\":\"https:\/\/portaltela.pt\/#website\"},\"primaryImageOfPage\":{\"@id\":\"https:\/\/portaltela.pt\/noticias\/2026\/03\/25\/homem-que-matou-a-mae-na-madeira-abriu-porta-a-vizinha-coberto-de-sangue\/#primaryimage\"},\"image\":{\"@id\":\"https:\/\/portaltela.pt\/noticias\/2026\/03\/25\/homem-que-matou-a-mae-na-madeira-abriu-porta-a-vizinha-coberto-de-sangue\/#primaryimage\"},\"thumbnailUrl\":\"https:\/\/portaltela.pt\/s.01k8rhncp4jt1\/2026\/03\/img_1280x721uu2026-03-25-11-24-43-2274591.jpg\",\"datePublished\":\"2026-03-25T18:02:00+00:00\",\"author\":{\"@id\":\"https:\/\/portaltela.pt\/#\/schema\/person\/c4278d4a6028830caff9ee44b42d32ed\"},\"breadcrumb\":{\"@id\":\"https:\/\/portaltela.pt\/noticias\/2026\/03\/25\/homem-que-matou-a-mae-na-madeira-abriu-porta-a-vizinha-coberto-de-sangue\/#breadcrumb\"},\"inLanguage\":\"pt-PT\",\"potentialAction\":[{\"@type\":\"ReadAction\",\"target\":[\"https:\/\/portaltela.pt\/noticias\/2026\/03\/25\/homem-que-matou-a-mae-na-madeira-abriu-porta-a-vizinha-coberto-de-sangue\/\"]}]},{\"@type\":\"ImageObject\",\"inLanguage\":\"pt-PT\",\"@id\":\"https:\/\/portaltela.pt\/noticias\/2026\/03\/25\/homem-que-matou-a-mae-na-madeira-abriu-porta-a-vizinha-coberto-de-sangue\/#primaryimage\",\"url\":\"https:\/\/portaltela.pt\/s.01k8rhncp4jt1\/2026\/03\/img_1280x721uu2026-03-25-11-24-43-2274591.jpg\",\"contentUrl\":\"https:\/\/portaltela.pt\/s.01k8rhncp4jt1\/2026\/03\/img_1280x721uu2026-03-25-11-24-43-2274591.jpg\",\"width\":1280,\"height\":721,\"caption\":\"Jo\u00e3o Silva, doente esquizofr\u00e9nico, est\u00e1 a ser procurado em Machico\"},{\"@type\":\"BreadcrumbList\",\"@id\":\"https:\/\/portaltela.pt\/noticias\/2026\/03\/25\/homem-que-matou-a-mae-na-madeira-abriu-porta-a-vizinha-coberto-de-sangue\/#breadcrumb\",\"itemListElement\":[{\"@type\":\"ListItem\",\"position\":1,\"name\":\"In\u00edcio\",\"item\":\"https:\/\/portaltela.pt\/\"},{\"@type\":\"ListItem\",\"position\":2,\"name\":\"Homem que matou a m\u00e3e na Madeira abriu porta \u00e0 vizinha coberto de sangue\"}]},{\"@type\":\"WebSite\",\"@id\":\"https:\/\/portaltela.pt\/#website\",\"url\":\"https:\/\/portaltela.pt\/\",\"name\":\"Portal Tela Portugal\",\"description\":\"\",\"potentialAction\":[{\"@type\":\"SearchAction\",\"target\":{\"@type\":\"EntryPoint\",\"urlTemplate\":\"https:\/\/portaltela.pt\/?s={search_term_string}\"},\"query-input\":{\"@type\":\"PropertyValueSpecification\",\"valueRequired\":true,\"valueName\":\"search_term_string\"}}],\"inLanguage\":\"pt-PT\"},{\"@type\":\"Person\",\"@id\":\"https:\/\/portaltela.pt\/#\/schema\/person\/c4278d4a6028830caff9ee44b42d32ed\",\"name\":\"Telinha\",\"image\":{\"@type\":\"ImageObject\",\"inLanguage\":\"pt-PT\",\"@id\":\"https:\/\/portaltela.pt\/s.01k8rhncp4jt1\/2025\/11\/talking-bot-125x125.png\",\"url\":\"https:\/\/portaltela.pt\/s.01k8rhncp4jt1\/2025\/11\/talking-bot-125x125.png\",\"contentUrl\":\"https:\/\/portaltela.pt\/s.01k8rhncp4jt1\/2025\/11\/talking-bot-125x125.png\",\"caption\":\"Telinha\"},\"sameAs\":[\"https:\/\/portaltela.pt\/\"],\"url\":\"https:\/\/portaltela.pt\/por\/367410592786\/\"}]}<\/script>\n<!-- \/ Yoast SEO plugin. -->","yoast_head_json":{"title":"Homem que matou a m\u00e3e na Madeira abriu porta \u00e0 vizinha coberto de sangue - Portal Tela Portugal","robots":{"index":"index","follow":"follow","max-snippet":"max-snippet:-1","max-image-preview":"max-image-preview:large","max-video-preview":"max-video-preview:-1"},"og_locale":"pt_PT","og_type":"article","og_title":"Homem que matou a m\u00e3e na Madeira abriu porta \u00e0 vizinha coberto de sangue - Portal Tela Portugal","og_description":"Na tarde de segunda-feira, em Machico, Madeira, Maria da Concei\u00e7\u00e3o Santos, de 64 anos, foi morta na pr\u00f3pria casa por agress\u00e3o com objeto contundente e arma branca. O filho da v\u00edtima, Jo\u00e3o Silva, de 36 anos, foi visto pelo menos uma vizinha \u00e0 porta da casa, coberto de sangue. O homem ter\u00e1 fugido da resid\u00eancia por uma janela dos fundos, sendo perseguido pela PSP sem sucesso. A resid\u00eancia apresentava v\u00e1rios sinais de agress\u00e3o e sangue em diversos pontos, e o cen\u00e1rio foi preservado para a investiga\u00e7\u00e3o da Pol\u00edcia Judici\u00e1ria da Madeira. O cad\u00e1ver foi encaminhado para aut\u00f3psia e, at\u00e9 ontem \u00e0 tarde, Jo\u00e3o Silva ainda era procurado pelos inspetores.","og_url":"https:\/\/portaltela.pt\/noticias\/2026\/03\/25\/homem-que-matou-a-mae-na-madeira-abriu-porta-a-vizinha-coberto-de-sangue\/","og_site_name":"Portal Tela Portugal","article_published_time":"2026-03-25T18:02:00+00:00","author":"Telinha","twitter_card":"summary_large_image","twitter_misc":{"Escrito por":"Telinha","Tempo estimado de leitura":"1 minuto"},"schema":{"@context":"https:\/\/schema.org","@graph":[{"@type":"Article","@id":"https:\/\/portaltela.pt\/noticias\/2026\/03\/25\/homem-que-matou-a-mae-na-madeira-abriu-porta-a-vizinha-coberto-de-sangue\/#article","isPartOf":{"@id":"https:\/\/portaltela.pt\/noticias\/2026\/03\/25\/homem-que-matou-a-mae-na-madeira-abriu-porta-a-vizinha-coberto-de-sangue\/"},"author":{"name":"Telinha","@id":"https:\/\/portaltela.pt\/#\/schema\/person\/c4278d4a6028830caff9ee44b42d32ed"},"headline":"Homem que matou a m\u00e3e na Madeira abriu porta \u00e0 vizinha coberto de sangue","datePublished":"2026-03-25T18:02:00+00:00","mainEntityOfPage":{"@id":"https:\/\/portaltela.pt\/noticias\/2026\/03\/25\/homem-que-matou-a-mae-na-madeira-abriu-porta-a-vizinha-coberto-de-sangue\/"},"wordCount":234,"image":{"@id":"https:\/\/portaltela.pt\/noticias\/2026\/03\/25\/homem-que-matou-a-mae-na-madeira-abriu-porta-a-vizinha-coberto-de-sangue\/#primaryimage"},"thumbnailUrl":"https:\/\/portaltela.pt\/s.01k8rhncp4jt1\/2026\/03\/img_1280x721uu2026-03-25-11-24-43-2274591.jpg","keywords":["crime","homic\u00eddio","investiga\u00e7\u00e3o","Machico","Madeira","viol\u00eancia"],"articleSection":["Crimes contra a pessoa","Not\u00edcias"],"inLanguage":"pt-PT"},{"@type":"WebPage","@id":"https:\/\/portaltela.pt\/noticias\/2026\/03\/25\/homem-que-matou-a-mae-na-madeira-abriu-porta-a-vizinha-coberto-de-sangue\/","url":"https:\/\/portaltela.pt\/noticias\/2026\/03\/25\/homem-que-matou-a-mae-na-madeira-abriu-porta-a-vizinha-coberto-de-sangue\/","name":"Homem que matou a m\u00e3e na Madeira abriu porta \u00e0 vizinha coberto de sangue - Portal Tela Portugal","isPartOf":{"@id":"https:\/\/portaltela.pt\/#website"},"primaryImageOfPage":{"@id":"https:\/\/portaltela.pt\/noticias\/2026\/03\/25\/homem-que-matou-a-mae-na-madeira-abriu-porta-a-vizinha-coberto-de-sangue\/#primaryimage"},"image":{"@id":"https:\/\/portaltela.pt\/noticias\/2026\/03\/25\/homem-que-matou-a-mae-na-madeira-abriu-porta-a-vizinha-coberto-de-sangue\/#primaryimage"},"thumbnailUrl":"https:\/\/portaltela.pt\/s.01k8rhncp4jt1\/2026\/03\/img_1280x721uu2026-03-25-11-24-43-2274591.jpg","datePublished":"2026-03-25T18:02:00+00:00","author":{"@id":"https:\/\/portaltela.pt\/#\/schema\/person\/c4278d4a6028830caff9ee44b42d32ed"},"breadcrumb":{"@id":"https:\/\/portaltela.pt\/noticias\/2026\/03\/25\/homem-que-matou-a-mae-na-madeira-abriu-porta-a-vizinha-coberto-de-sangue\/#breadcrumb"},"inLanguage":"pt-PT","potentialAction":[{"@type":"ReadAction","target":["https:\/\/portaltela.pt\/noticias\/2026\/03\/25\/homem-que-matou-a-mae-na-madeira-abriu-porta-a-vizinha-coberto-de-sangue\/"]}]},{"@type":"ImageObject","inLanguage":"pt-PT","@id":"https:\/\/portaltela.pt\/noticias\/2026\/03\/25\/homem-que-matou-a-mae-na-madeira-abriu-porta-a-vizinha-coberto-de-sangue\/#primaryimage","url":"https:\/\/portaltela.pt\/s.01k8rhncp4jt1\/2026\/03\/img_1280x721uu2026-03-25-11-24-43-2274591.jpg","contentUrl":"https:\/\/portaltela.pt\/s.01k8rhncp4jt1\/2026\/03\/img_1280x721uu2026-03-25-11-24-43-2274591.jpg","width":1280,"height":721,"caption":"Jo\u00e3o Silva, doente esquizofr\u00e9nico, est\u00e1 a ser procurado em Machico"},{"@type":"BreadcrumbList","@id":"https:\/\/portaltela.pt\/noticias\/2026\/03\/25\/homem-que-matou-a-mae-na-madeira-abriu-porta-a-vizinha-coberto-de-sangue\/#breadcrumb","itemListElement":[{"@type":"ListItem","position":1,"name":"In\u00edcio","item":"https:\/\/portaltela.pt\/"},{"@type":"ListItem","position":2,"name":"Homem que matou a m\u00e3e na Madeira abriu porta \u00e0 vizinha coberto de sangue"}]},{"@type":"WebSite","@id":"https:\/\/portaltela.pt\/#website","url":"https:\/\/portaltela.pt\/","name":"Portal Tela Portugal","description":"","potentialAction":[{"@type":"SearchAction","target":{"@type":"EntryPoint","urlTemplate":"https:\/\/portaltela.pt\/?s={search_term_string}"},"query-input":{"@type":"PropertyValueSpecification","valueRequired":true,"valueName":"search_term_string"}}],"inLanguage":"pt-PT"},{"@type":"Person","@id":"https:\/\/portaltela.pt\/#\/schema\/person\/c4278d4a6028830caff9ee44b42d32ed","name":"Telinha","image":{"@type":"ImageObject","inLanguage":"pt-PT","@id":"https:\/\/portaltela.pt\/s.01k8rhncp4jt1\/2025\/11\/talking-bot-125x125.png","url":"https:\/\/portaltela.pt\/s.01k8rhncp4jt1\/2025\/11\/talking-bot-125x125.png","contentUrl":"https:\/\/portaltela.pt\/s.01k8rhncp4jt1\/2025\/11\/talking-bot-125x125.png","caption":"Telinha"},"sameAs":["https:\/\/portaltela.pt\/"],"url":"https:\/\/portaltela.pt\/por\/367410592786\/"}]}},"_links":{"self":[{"href":"https:\/\/portaltela.pt\/api\/wp\/v2\/posts\/421389","targetHints":{"allow":["GET"]}}],"collection":[{"href":"https:\/\/portaltela.pt\/api\/wp\/v2\/posts"}],"about":[{"href":"https:\/\/portaltela.pt\/api\/wp\/v2\/types\/post"}],"author":[{"embeddable":true,"href":"https:\/\/portaltela.pt\/api\/wp\/v2\/users\/2"}],"replies":[{"embeddable":true,"href":"https:\/\/portaltela.pt\/api\/wp\/v2\/comments?post=421389"}],"version-history":[{"count":0,"href":"https:\/\/portaltela.pt\/api\/wp\/v2\/posts\/421389\/revisions"}],"wp:featuredmedia":[{"embeddable":true,"href":"https:\/\/portaltela.pt\/api\/wp\/v2\/media\/421404"}],"wp:attachment":[{"href":"https:\/\/portaltela.pt\/api\/wp\/v2\/media?parent=421389"}],"wp:term":[{"taxonomy":"category","embeddable":true,"href":"https:\/\/portaltela.pt\/api\/wp\/v2\/categories?post=421389"},{"taxonomy":"post_tag","embeddable":true,"href":"https:\/\/portaltela.pt\/api\/wp\/v2\/tags?post=421389"}],"curies":[{"name":"wp","href":"https:\/\/api.w.org\/{rel}","templated":true}]}}