{"id":421384,"date":"2026-03-25T15:58:00","date_gmt":"2026-03-25T18:58:00","guid":{"rendered":"https:\/\/portaltela.pt\/noticias\/2026\/03\/25\/judoca-patricia-sampaio-preve-regresso-a-competicao-no-fim-de-agosto\/"},"modified":"2026-03-25T15:58:00","modified_gmt":"2026-03-25T18:58:00","slug":"judoca-patricia-sampaio-preve-regresso-a-competicao-no-fim-de-agosto","status":"publish","type":"post","link":"https:\/\/portaltela.pt\/desporto\/futebol\/2026\/03\/25\/judoca-patricia-sampaio-preve-regresso-a-competicao-no-fim-de-agosto\/","title":{"rendered":"Judoca Patr\u00edcia Sampaio prev\u00ea regresso \u00e0 competi\u00e7\u00e3o no fim de agosto"},"content":{"rendered":"<p>A judoca ol\u00edmpica Patr\u00edcia Sampaio estimou hoje o regresso \u00e0s competi\u00e7\u00f5es, depois de uma les\u00e3o grave. A atleta acompanha a recupera\u00e7\u00e3o e aponta a possibilidade de voltar a competir talvez no fim de agosto. O objetivo \u00e9 estar em condi\u00e7\u00f5es para se manter competitiva no circuito internacional.<\/p>\n<p>Segundo as informa\u00e7\u00f5es dispon\u00edveis, o regresso permitir-lhe-\u00e1 disputar o campeonato do Mundo, marcado para outubro. Sampaio mant\u00e9m o foco na recupera\u00e7\u00e3o e na prepara\u00e7\u00e3o f\u00edsica para alcan\u00e7ar o n\u00edvel necess\u00e1rio para a competi\u00e7\u00e3o.<\/p>\n<p>A not\u00edcia foi divulgada pela atleta, que continua a seguir o plano de reabilita\u00e7\u00e3o definido pela equipa m\u00e9dica. O atual estado de sa\u00fade e o cronograma de treinos s\u00e3o acompanhados de perto pela estrutura que a apoia, sem confirma\u00e7\u00e3o de datas oficiais de retorno.<\/p>\n","protected":false},"excerpt":{"rendered":"<ul>\n<li>A judoca ol\u00edmpica Patr\u00edcia Sampaio, que est\u00e1 a recuperar de uma les\u00e3o grave, estima regressar \u00e0 competi\u00e7\u00e3o talvez no final de agosto.<\/li>\n<li>Com o regresso, pretende disputar o campeonato do Mundo, que se realiza em outubro.<\/li>\n<li>O plano depende da evolu\u00e7\u00e3o da recupera\u00e7\u00e3o at\u00e9 ao final de agosto.<\/li>\n<li>A participa\u00e7\u00e3o no Mundial permitir-lhe-ia competir numa prova de n\u00edvel global ainda este ano.<\/li>\n<\/ul>\n","protected":false},"author":2,"featured_media":421386,"comment_status":"closed","ping_status":"closed","sticky":false,"template":"","format":"standard","meta":{"footnotes":""},"categories":[21,24],"tags":[1285,152,2681,1862,2538,6346],"class_list":["post-421384","post","type-post","status-publish","format-standard","has-post-thumbnail","hentry","category-desporto","category-futebol","tag-competicao","tag-desporto","tag-desporto-internacional","tag-judo","tag-lesoes","tag-recuperacao"],"yoast_head":"<!-- This site is optimized with the Yoast SEO plugin v27.2 - https:\/\/yoast.com\/product\/yoast-seo-wordpress\/ -->\n<title>Judoca Patr\u00edcia Sampaio prev\u00ea regresso \u00e0 competi\u00e7\u00e3o no fim de agosto - Portal Tela Portugal<\/title>\n<meta name=\"robots\" content=\"index, follow, max-snippet:-1, max-image-preview:large, max-video-preview:-1\" \/>\n<meta property=\"og:locale\" content=\"pt_PT\" \/>\n<meta property=\"og:type\" content=\"article\" \/>\n<meta property=\"og:title\" content=\"Judoca Patr\u00edcia Sampaio prev\u00ea regresso \u00e0 competi\u00e7\u00e3o no fim de agosto - Portal Tela Portugal\" \/>\n<meta property=\"og:description\" content=\"A judoca ol\u00edmpica Patr\u00edcia Sampaio, que est\u00e1 a recuperar de uma les\u00e3o grave, estima regressar \u00e0 competi\u00e7\u00e3o talvez no final de agosto. Com o regresso, pretende disputar o campeonato do Mundo, que se realiza em outubro. O plano depende da evolu\u00e7\u00e3o da recupera\u00e7\u00e3o at\u00e9 ao final de agosto. A participa\u00e7\u00e3o no Mundial permitir-lhe-ia competir numa prova de n\u00edvel global ainda este ano.\" \/>\n<meta property=\"og:url\" content=\"https:\/\/portaltela.pt\/noticias\/2026\/03\/25\/judoca-patricia-sampaio-preve-regresso-a-competicao-no-fim-de-agosto\/\" \/>\n<meta property=\"og:site_name\" content=\"Portal Tela Portugal\" \/>\n<meta property=\"article:published_time\" content=\"2026-03-25T18:58:00+00:00\" \/>\n<meta name=\"author\" content=\"Telinha\" \/>\n<meta name=\"twitter:card\" content=\"summary_large_image\" \/>\n<meta name=\"twitter:label1\" content=\"Escrito por\" \/>\n\t<meta name=\"twitter:data1\" content=\"Telinha\" \/>\n\t<meta name=\"twitter:label2\" content=\"Tempo estimado de leitura\" \/>\n\t<meta name=\"twitter:data2\" content=\"1 minuto\" \/>\n<script type=\"application\/ld+json\" class=\"yoast-schema-graph\">{\"@context\":\"https:\/\/schema.org\",\"@graph\":[{\"@type\":\"Article\",\"@id\":\"https:\/\/portaltela.pt\/noticias\/2026\/03\/25\/judoca-patricia-sampaio-preve-regresso-a-competicao-no-fim-de-agosto\/#article\",\"isPartOf\":{\"@id\":\"https:\/\/portaltela.pt\/noticias\/2026\/03\/25\/judoca-patricia-sampaio-preve-regresso-a-competicao-no-fim-de-agosto\/\"},\"author\":{\"name\":\"Telinha\",\"@id\":\"https:\/\/portaltela.pt\/#\/schema\/person\/c4278d4a6028830caff9ee44b42d32ed\"},\"headline\":\"Judoca Patr\u00edcia Sampaio prev\u00ea regresso \u00e0 competi\u00e7\u00e3o no fim de agosto\",\"datePublished\":\"2026-03-25T18:58:00+00:00\",\"mainEntityOfPage\":{\"@id\":\"https:\/\/portaltela.pt\/noticias\/2026\/03\/25\/judoca-patricia-sampaio-preve-regresso-a-competicao-no-fim-de-agosto\/\"},\"wordCount\":157,\"image\":{\"@id\":\"https:\/\/portaltela.pt\/noticias\/2026\/03\/25\/judoca-patricia-sampaio-preve-regresso-a-competicao-no-fim-de-agosto\/#primaryimage\"},\"thumbnailUrl\":\"https:\/\/portaltela.pt\/s.01k8rhncp4jt1\/2026\/03\/CACHE_780X1200_ANALOG_WATERMARKED_44340655_271014724000077.jpg\",\"keywords\":[\"competi\u00e7\u00e3o\",\"desporto\",\"desporto internacional\",\"judo\",\"les\u00f5es\",\"recupera\u00e7\u00e3o\"],\"articleSection\":[\"Desporto\",\"Futebol\"],\"inLanguage\":\"pt-PT\"},{\"@type\":\"WebPage\",\"@id\":\"https:\/\/portaltela.pt\/noticias\/2026\/03\/25\/judoca-patricia-sampaio-preve-regresso-a-competicao-no-fim-de-agosto\/\",\"url\":\"https:\/\/portaltela.pt\/noticias\/2026\/03\/25\/judoca-patricia-sampaio-preve-regresso-a-competicao-no-fim-de-agosto\/\",\"name\":\"Judoca Patr\u00edcia Sampaio prev\u00ea regresso \u00e0 competi\u00e7\u00e3o no fim de agosto - Portal Tela Portugal\",\"isPartOf\":{\"@id\":\"https:\/\/portaltela.pt\/#website\"},\"primaryImageOfPage\":{\"@id\":\"https:\/\/portaltela.pt\/noticias\/2026\/03\/25\/judoca-patricia-sampaio-preve-regresso-a-competicao-no-fim-de-agosto\/#primaryimage\"},\"image\":{\"@id\":\"https:\/\/portaltela.pt\/noticias\/2026\/03\/25\/judoca-patricia-sampaio-preve-regresso-a-competicao-no-fim-de-agosto\/#primaryimage\"},\"thumbnailUrl\":\"https:\/\/portaltela.pt\/s.01k8rhncp4jt1\/2026\/03\/CACHE_780X1200_ANALOG_WATERMARKED_44340655_271014724000077.jpg\",\"datePublished\":\"2026-03-25T18:58:00+00:00\",\"author\":{\"@id\":\"https:\/\/portaltela.pt\/#\/schema\/person\/c4278d4a6028830caff9ee44b42d32ed\"},\"breadcrumb\":{\"@id\":\"https:\/\/portaltela.pt\/noticias\/2026\/03\/25\/judoca-patricia-sampaio-preve-regresso-a-competicao-no-fim-de-agosto\/#breadcrumb\"},\"inLanguage\":\"pt-PT\",\"potentialAction\":[{\"@type\":\"ReadAction\",\"target\":[\"https:\/\/portaltela.pt\/noticias\/2026\/03\/25\/judoca-patricia-sampaio-preve-regresso-a-competicao-no-fim-de-agosto\/\"]}]},{\"@type\":\"ImageObject\",\"inLanguage\":\"pt-PT\",\"@id\":\"https:\/\/portaltela.pt\/noticias\/2026\/03\/25\/judoca-patricia-sampaio-preve-regresso-a-competicao-no-fim-de-agosto\/#primaryimage\",\"url\":\"https:\/\/portaltela.pt\/s.01k8rhncp4jt1\/2026\/03\/CACHE_780X1200_ANALOG_WATERMARKED_44340655_271014724000077.jpg\",\"contentUrl\":\"https:\/\/portaltela.pt\/s.01k8rhncp4jt1\/2026\/03\/CACHE_780X1200_ANALOG_WATERMARKED_44340655_271014724000077.jpg\",\"width\":768,\"height\":512,\"caption\":\"Judoca Patr\u00edcia Sampaio estima voltar \u00e0 competi\u00e7\u00e3o \u201ctalvez para o fim de agosto\u201d\"},{\"@type\":\"BreadcrumbList\",\"@id\":\"https:\/\/portaltela.pt\/noticias\/2026\/03\/25\/judoca-patricia-sampaio-preve-regresso-a-competicao-no-fim-de-agosto\/#breadcrumb\",\"itemListElement\":[{\"@type\":\"ListItem\",\"position\":1,\"name\":\"In\u00edcio\",\"item\":\"https:\/\/portaltela.pt\/\"},{\"@type\":\"ListItem\",\"position\":2,\"name\":\"Judoca Patr\u00edcia Sampaio prev\u00ea regresso \u00e0 competi\u00e7\u00e3o no fim de agosto\"}]},{\"@type\":\"WebSite\",\"@id\":\"https:\/\/portaltela.pt\/#website\",\"url\":\"https:\/\/portaltela.pt\/\",\"name\":\"Portal Tela Portugal\",\"description\":\"\",\"potentialAction\":[{\"@type\":\"SearchAction\",\"target\":{\"@type\":\"EntryPoint\",\"urlTemplate\":\"https:\/\/portaltela.pt\/?s={search_term_string}\"},\"query-input\":{\"@type\":\"PropertyValueSpecification\",\"valueRequired\":true,\"valueName\":\"search_term_string\"}}],\"inLanguage\":\"pt-PT\"},{\"@type\":\"Person\",\"@id\":\"https:\/\/portaltela.pt\/#\/schema\/person\/c4278d4a6028830caff9ee44b42d32ed\",\"name\":\"Telinha\",\"image\":{\"@type\":\"ImageObject\",\"inLanguage\":\"pt-PT\",\"@id\":\"https:\/\/portaltela.pt\/s.01k8rhncp4jt1\/2025\/11\/talking-bot-125x125.png\",\"url\":\"https:\/\/portaltela.pt\/s.01k8rhncp4jt1\/2025\/11\/talking-bot-125x125.png\",\"contentUrl\":\"https:\/\/portaltela.pt\/s.01k8rhncp4jt1\/2025\/11\/talking-bot-125x125.png\",\"caption\":\"Telinha\"},\"sameAs\":[\"https:\/\/portaltela.pt\/\"],\"url\":\"https:\/\/portaltela.pt\/por\/367410592786\/\"}]}<\/script>\n<!-- \/ Yoast SEO plugin. -->","yoast_head_json":{"title":"Judoca Patr\u00edcia Sampaio prev\u00ea regresso \u00e0 competi\u00e7\u00e3o no fim de agosto - Portal Tela Portugal","robots":{"index":"index","follow":"follow","max-snippet":"max-snippet:-1","max-image-preview":"max-image-preview:large","max-video-preview":"max-video-preview:-1"},"og_locale":"pt_PT","og_type":"article","og_title":"Judoca Patr\u00edcia Sampaio prev\u00ea regresso \u00e0 competi\u00e7\u00e3o no fim de agosto - Portal Tela Portugal","og_description":"A judoca ol\u00edmpica Patr\u00edcia Sampaio, que est\u00e1 a recuperar de uma les\u00e3o grave, estima regressar \u00e0 competi\u00e7\u00e3o talvez no final de agosto. Com o regresso, pretende disputar o campeonato do Mundo, que se realiza em outubro. O plano depende da evolu\u00e7\u00e3o da recupera\u00e7\u00e3o at\u00e9 ao final de agosto. A participa\u00e7\u00e3o no Mundial permitir-lhe-ia competir numa prova de n\u00edvel global ainda este ano.","og_url":"https:\/\/portaltela.pt\/noticias\/2026\/03\/25\/judoca-patricia-sampaio-preve-regresso-a-competicao-no-fim-de-agosto\/","og_site_name":"Portal Tela Portugal","article_published_time":"2026-03-25T18:58:00+00:00","author":"Telinha","twitter_card":"summary_large_image","twitter_misc":{"Escrito por":"Telinha","Tempo estimado de leitura":"1 minuto"},"schema":{"@context":"https:\/\/schema.org","@graph":[{"@type":"Article","@id":"https:\/\/portaltela.pt\/noticias\/2026\/03\/25\/judoca-patricia-sampaio-preve-regresso-a-competicao-no-fim-de-agosto\/#article","isPartOf":{"@id":"https:\/\/portaltela.pt\/noticias\/2026\/03\/25\/judoca-patricia-sampaio-preve-regresso-a-competicao-no-fim-de-agosto\/"},"author":{"name":"Telinha","@id":"https:\/\/portaltela.pt\/#\/schema\/person\/c4278d4a6028830caff9ee44b42d32ed"},"headline":"Judoca Patr\u00edcia Sampaio prev\u00ea regresso \u00e0 competi\u00e7\u00e3o no fim de agosto","datePublished":"2026-03-25T18:58:00+00:00","mainEntityOfPage":{"@id":"https:\/\/portaltela.pt\/noticias\/2026\/03\/25\/judoca-patricia-sampaio-preve-regresso-a-competicao-no-fim-de-agosto\/"},"wordCount":157,"image":{"@id":"https:\/\/portaltela.pt\/noticias\/2026\/03\/25\/judoca-patricia-sampaio-preve-regresso-a-competicao-no-fim-de-agosto\/#primaryimage"},"thumbnailUrl":"https:\/\/portaltela.pt\/s.01k8rhncp4jt1\/2026\/03\/CACHE_780X1200_ANALOG_WATERMARKED_44340655_271014724000077.jpg","keywords":["competi\u00e7\u00e3o","desporto","desporto internacional","judo","les\u00f5es","recupera\u00e7\u00e3o"],"articleSection":["Desporto","Futebol"],"inLanguage":"pt-PT"},{"@type":"WebPage","@id":"https:\/\/portaltela.pt\/noticias\/2026\/03\/25\/judoca-patricia-sampaio-preve-regresso-a-competicao-no-fim-de-agosto\/","url":"https:\/\/portaltela.pt\/noticias\/2026\/03\/25\/judoca-patricia-sampaio-preve-regresso-a-competicao-no-fim-de-agosto\/","name":"Judoca Patr\u00edcia Sampaio prev\u00ea regresso \u00e0 competi\u00e7\u00e3o no fim de agosto - Portal Tela Portugal","isPartOf":{"@id":"https:\/\/portaltela.pt\/#website"},"primaryImageOfPage":{"@id":"https:\/\/portaltela.pt\/noticias\/2026\/03\/25\/judoca-patricia-sampaio-preve-regresso-a-competicao-no-fim-de-agosto\/#primaryimage"},"image":{"@id":"https:\/\/portaltela.pt\/noticias\/2026\/03\/25\/judoca-patricia-sampaio-preve-regresso-a-competicao-no-fim-de-agosto\/#primaryimage"},"thumbnailUrl":"https:\/\/portaltela.pt\/s.01k8rhncp4jt1\/2026\/03\/CACHE_780X1200_ANALOG_WATERMARKED_44340655_271014724000077.jpg","datePublished":"2026-03-25T18:58:00+00:00","author":{"@id":"https:\/\/portaltela.pt\/#\/schema\/person\/c4278d4a6028830caff9ee44b42d32ed"},"breadcrumb":{"@id":"https:\/\/portaltela.pt\/noticias\/2026\/03\/25\/judoca-patricia-sampaio-preve-regresso-a-competicao-no-fim-de-agosto\/#breadcrumb"},"inLanguage":"pt-PT","potentialAction":[{"@type":"ReadAction","target":["https:\/\/portaltela.pt\/noticias\/2026\/03\/25\/judoca-patricia-sampaio-preve-regresso-a-competicao-no-fim-de-agosto\/"]}]},{"@type":"ImageObject","inLanguage":"pt-PT","@id":"https:\/\/portaltela.pt\/noticias\/2026\/03\/25\/judoca-patricia-sampaio-preve-regresso-a-competicao-no-fim-de-agosto\/#primaryimage","url":"https:\/\/portaltela.pt\/s.01k8rhncp4jt1\/2026\/03\/CACHE_780X1200_ANALOG_WATERMARKED_44340655_271014724000077.jpg","contentUrl":"https:\/\/portaltela.pt\/s.01k8rhncp4jt1\/2026\/03\/CACHE_780X1200_ANALOG_WATERMARKED_44340655_271014724000077.jpg","width":768,"height":512,"caption":"Judoca Patr\u00edcia Sampaio estima voltar \u00e0 competi\u00e7\u00e3o \u201ctalvez para o fim de agosto\u201d"},{"@type":"BreadcrumbList","@id":"https:\/\/portaltela.pt\/noticias\/2026\/03\/25\/judoca-patricia-sampaio-preve-regresso-a-competicao-no-fim-de-agosto\/#breadcrumb","itemListElement":[{"@type":"ListItem","position":1,"name":"In\u00edcio","item":"https:\/\/portaltela.pt\/"},{"@type":"ListItem","position":2,"name":"Judoca Patr\u00edcia Sampaio prev\u00ea regresso \u00e0 competi\u00e7\u00e3o no fim de agosto"}]},{"@type":"WebSite","@id":"https:\/\/portaltela.pt\/#website","url":"https:\/\/portaltela.pt\/","name":"Portal Tela Portugal","description":"","potentialAction":[{"@type":"SearchAction","target":{"@type":"EntryPoint","urlTemplate":"https:\/\/portaltela.pt\/?s={search_term_string}"},"query-input":{"@type":"PropertyValueSpecification","valueRequired":true,"valueName":"search_term_string"}}],"inLanguage":"pt-PT"},{"@type":"Person","@id":"https:\/\/portaltela.pt\/#\/schema\/person\/c4278d4a6028830caff9ee44b42d32ed","name":"Telinha","image":{"@type":"ImageObject","inLanguage":"pt-PT","@id":"https:\/\/portaltela.pt\/s.01k8rhncp4jt1\/2025\/11\/talking-bot-125x125.png","url":"https:\/\/portaltela.pt\/s.01k8rhncp4jt1\/2025\/11\/talking-bot-125x125.png","contentUrl":"https:\/\/portaltela.pt\/s.01k8rhncp4jt1\/2025\/11\/talking-bot-125x125.png","caption":"Telinha"},"sameAs":["https:\/\/portaltela.pt\/"],"url":"https:\/\/portaltela.pt\/por\/367410592786\/"}]}},"_links":{"self":[{"href":"https:\/\/portaltela.pt\/api\/wp\/v2\/posts\/421384","targetHints":{"allow":["GET"]}}],"collection":[{"href":"https:\/\/portaltela.pt\/api\/wp\/v2\/posts"}],"about":[{"href":"https:\/\/portaltela.pt\/api\/wp\/v2\/types\/post"}],"author":[{"embeddable":true,"href":"https:\/\/portaltela.pt\/api\/wp\/v2\/users\/2"}],"replies":[{"embeddable":true,"href":"https:\/\/portaltela.pt\/api\/wp\/v2\/comments?post=421384"}],"version-history":[{"count":0,"href":"https:\/\/portaltela.pt\/api\/wp\/v2\/posts\/421384\/revisions"}],"wp:featuredmedia":[{"embeddable":true,"href":"https:\/\/portaltela.pt\/api\/wp\/v2\/media\/421386"}],"wp:attachment":[{"href":"https:\/\/portaltela.pt\/api\/wp\/v2\/media?parent=421384"}],"wp:term":[{"taxonomy":"category","embeddable":true,"href":"https:\/\/portaltela.pt\/api\/wp\/v2\/categories?post=421384"},{"taxonomy":"post_tag","embeddable":true,"href":"https:\/\/portaltela.pt\/api\/wp\/v2\/tags?post=421384"}],"curies":[{"name":"wp","href":"https:\/\/api.w.org\/{rel}","templated":true}]}}