{"id":421376,"date":"2026-03-25T15:57:00","date_gmt":"2026-03-25T18:57:00","guid":{"rendered":"https:\/\/portaltela.pt\/noticias\/2026\/03\/25\/saude-promete-previsibilidade-e-seguranca-com-urgencia-regional-em-setubal\/"},"modified":"2026-03-25T15:57:00","modified_gmt":"2026-03-25T18:57:00","slug":"saude-promete-previsibilidade-e-seguranca-com-urgencia-regional-em-setubal","status":"publish","type":"post","link":"https:\/\/portaltela.pt\/saude\/2026\/03\/25\/saude-promete-previsibilidade-e-seguranca-com-urgencia-regional-em-setubal\/","title":{"rendered":"Sa\u00fade promete previsibilidade e seguran\u00e7a com urg\u00eancia regional em Set\u00fabal"},"content":{"rendered":"<p>A ministra da Sa\u00fade informou que h\u00e1 previsibilidade e seguran\u00e7a associadas \u00e0 abertura, no pr\u00f3ximo dia 15 de abril, da urg\u00eancia regional de Ginecologia e Obstetr\u00edcia da Pen\u00ednsula de Set\u00fabal. O an\u00fancio visa esclarecer o funcionamento e os padr\u00f5es de atendimento da unidade.<\/p>\n<p>Segundo a nota oficial, a medida envolve a operacionaliza\u00e7\u00e3o da urg\u00eancia na regi\u00e3o, com foco na melhoria do acesso e da qualidade dos servi\u00e7os de Ginecologia e Obstetr\u00edcia. O objetivo \u00e9 assegurar estabilidade para pacientes e profissionais.<\/p>\n<p>A informa\u00e7\u00e3o completa encontra-se dispon\u00edvel apenas para subscritores. A medida insere-se na estrat\u00e9gia de refor\u00e7ar a resposta regional em sa\u00fade materna e obst\u00e9trica, com implementa\u00e7\u00e3o prevista para a data indicada.<\/p>\n<h3>Contexto e impactos<\/h3>\n<ul>\n<li>A abertura da urg\u00eancia regional deve ampliar a capacidade de resposta na Pen\u00ednsula de Set\u00fabal.<\/li>\n<li>A governan\u00e7a e os protocolos a seguir ser\u00e3o determinados pela gest\u00e3o da sa\u00fade regional, em alinhamento com as normas nacionais.<\/li>\n<\/ul>\n","protected":false},"excerpt":{"rendered":"<ul>\n<li>A ministra da Sa\u00fade anunciou a abertura da urg\u00eancia regional de Ginecologia e Obstetr\u00edcia da Pen\u00ednsula de Set\u00fabal para o dia 15 de abril.<\/li>\n<li>A governante destacou que a abertura visa garantir previsibilidade no servi\u00e7o.<\/li>\n<li>A abertura \u00e9 direcionada a refor\u00e7ar a seguran\u00e7a no atendimento nessa \u00e1rea da pen\u00ednsula.<\/li>\n<li>A not\u00edcia n\u00e3o detalha outras informa\u00e7\u00f5es sobre o funcionamento ou recursos al\u00e9m do marco temporal.<\/li>\n<\/ul>\n","protected":false},"author":2,"featured_media":421380,"comment_status":"closed","ping_status":"closed","sticky":false,"template":"","format":"standard","meta":{"footnotes":""},"categories":[7371,6745],"tags":[2217,1826,172,994,1899],"class_list":["post-421376","post","type-post","status-publish","format-standard","has-post-thumbnail","hentry","category-medicina","category-saude","tag-ginecologia-obstetricia","tag-peninsula-de-setubal","tag-saude","tag-setubal","tag-urgencias"],"yoast_head":"<!-- This site is optimized with the Yoast SEO plugin v27.2 - https:\/\/yoast.com\/product\/yoast-seo-wordpress\/ -->\n<title>Sa\u00fade promete previsibilidade e seguran\u00e7a com urg\u00eancia regional em Set\u00fabal - Portal Tela Portugal<\/title>\n<meta name=\"robots\" content=\"index, follow, max-snippet:-1, max-image-preview:large, max-video-preview:-1\" \/>\n<meta property=\"og:locale\" content=\"pt_PT\" \/>\n<meta property=\"og:type\" content=\"article\" \/>\n<meta property=\"og:title\" content=\"Sa\u00fade promete previsibilidade e seguran\u00e7a com urg\u00eancia regional em Set\u00fabal - Portal Tela Portugal\" \/>\n<meta property=\"og:description\" content=\"A ministra da Sa\u00fade anunciou a abertura da urg\u00eancia regional de Ginecologia e Obstetr\u00edcia da Pen\u00ednsula de Set\u00fabal para o dia 15 de abril. A governante destacou que a abertura visa garantir previsibilidade no servi\u00e7o. A abertura \u00e9 direcionada a refor\u00e7ar a seguran\u00e7a no atendimento nessa \u00e1rea da pen\u00ednsula. A not\u00edcia n\u00e3o detalha outras informa\u00e7\u00f5es sobre o funcionamento ou recursos al\u00e9m do marco temporal.\" \/>\n<meta property=\"og:url\" content=\"https:\/\/portaltela.pt\/noticias\/2026\/03\/25\/saude-promete-previsibilidade-e-seguranca-com-urgencia-regional-em-setubal\/\" \/>\n<meta property=\"og:site_name\" content=\"Portal Tela Portugal\" \/>\n<meta property=\"article:published_time\" content=\"2026-03-25T18:57:00+00:00\" \/>\n<meta name=\"author\" content=\"Telinha\" \/>\n<meta name=\"twitter:card\" content=\"summary_large_image\" \/>\n<meta name=\"twitter:label1\" content=\"Escrito por\" \/>\n\t<meta name=\"twitter:data1\" content=\"Telinha\" \/>\n\t<meta name=\"twitter:label2\" content=\"Tempo estimado de leitura\" \/>\n\t<meta name=\"twitter:data2\" content=\"1 minuto\" \/>\n<script type=\"application\/ld+json\" class=\"yoast-schema-graph\">{\"@context\":\"https:\/\/schema.org\",\"@graph\":[{\"@type\":\"Article\",\"@id\":\"https:\/\/portaltela.pt\/noticias\/2026\/03\/25\/saude-promete-previsibilidade-e-seguranca-com-urgencia-regional-em-setubal\/#article\",\"isPartOf\":{\"@id\":\"https:\/\/portaltela.pt\/noticias\/2026\/03\/25\/saude-promete-previsibilidade-e-seguranca-com-urgencia-regional-em-setubal\/\"},\"author\":{\"name\":\"Telinha\",\"@id\":\"https:\/\/portaltela.pt\/#\/schema\/person\/c4278d4a6028830caff9ee44b42d32ed\"},\"headline\":\"Sa\u00fade promete previsibilidade e seguran\u00e7a com urg\u00eancia regional em Set\u00fabal\",\"datePublished\":\"2026-03-25T18:57:00+00:00\",\"mainEntityOfPage\":{\"@id\":\"https:\/\/portaltela.pt\/noticias\/2026\/03\/25\/saude-promete-previsibilidade-e-seguranca-com-urgencia-regional-em-setubal\/\"},\"wordCount\":187,\"image\":{\"@id\":\"https:\/\/portaltela.pt\/noticias\/2026\/03\/25\/saude-promete-previsibilidade-e-seguranca-com-urgencia-regional-em-setubal\/#primaryimage\"},\"thumbnailUrl\":\"https:\/\/portaltela.pt\/s.01k8rhncp4jt1\/2026\/03\/CACHE_780X1200_ANALOG_WATERMARKED_46791724_5751518_20032026120005.jpg\",\"keywords\":[\"Ginecologia\/Obstetr\u00edcia\",\"Pen\u00ednsula de Set\u00fabal\",\"sa\u00fade\",\"Set\u00fabal\",\"urg\u00eancias\"],\"articleSection\":[\"Medicina\",\"Sa\u00fade\"],\"inLanguage\":\"pt-PT\"},{\"@type\":\"WebPage\",\"@id\":\"https:\/\/portaltela.pt\/noticias\/2026\/03\/25\/saude-promete-previsibilidade-e-seguranca-com-urgencia-regional-em-setubal\/\",\"url\":\"https:\/\/portaltela.pt\/noticias\/2026\/03\/25\/saude-promete-previsibilidade-e-seguranca-com-urgencia-regional-em-setubal\/\",\"name\":\"Sa\u00fade promete previsibilidade e seguran\u00e7a com urg\u00eancia regional em Set\u00fabal - Portal Tela Portugal\",\"isPartOf\":{\"@id\":\"https:\/\/portaltela.pt\/#website\"},\"primaryImageOfPage\":{\"@id\":\"https:\/\/portaltela.pt\/noticias\/2026\/03\/25\/saude-promete-previsibilidade-e-seguranca-com-urgencia-regional-em-setubal\/#primaryimage\"},\"image\":{\"@id\":\"https:\/\/portaltela.pt\/noticias\/2026\/03\/25\/saude-promete-previsibilidade-e-seguranca-com-urgencia-regional-em-setubal\/#primaryimage\"},\"thumbnailUrl\":\"https:\/\/portaltela.pt\/s.01k8rhncp4jt1\/2026\/03\/CACHE_780X1200_ANALOG_WATERMARKED_46791724_5751518_20032026120005.jpg\",\"datePublished\":\"2026-03-25T18:57:00+00:00\",\"author\":{\"@id\":\"https:\/\/portaltela.pt\/#\/schema\/person\/c4278d4a6028830caff9ee44b42d32ed\"},\"breadcrumb\":{\"@id\":\"https:\/\/portaltela.pt\/noticias\/2026\/03\/25\/saude-promete-previsibilidade-e-seguranca-com-urgencia-regional-em-setubal\/#breadcrumb\"},\"inLanguage\":\"pt-PT\",\"potentialAction\":[{\"@type\":\"ReadAction\",\"target\":[\"https:\/\/portaltela.pt\/noticias\/2026\/03\/25\/saude-promete-previsibilidade-e-seguranca-com-urgencia-regional-em-setubal\/\"]}]},{\"@type\":\"ImageObject\",\"inLanguage\":\"pt-PT\",\"@id\":\"https:\/\/portaltela.pt\/noticias\/2026\/03\/25\/saude-promete-previsibilidade-e-seguranca-com-urgencia-regional-em-setubal\/#primaryimage\",\"url\":\"https:\/\/portaltela.pt\/s.01k8rhncp4jt1\/2026\/03\/CACHE_780X1200_ANALOG_WATERMARKED_46791724_5751518_20032026120005.jpg\",\"contentUrl\":\"https:\/\/portaltela.pt\/s.01k8rhncp4jt1\/2026\/03\/CACHE_780X1200_ANALOG_WATERMARKED_46791724_5751518_20032026120005.jpg\",\"width\":768,\"height\":512,\"caption\":\"Ministra da Sa\u00fade espera previsibilidade e seguran\u00e7a com urg\u00eancia regional da Pen\u00ednsula de Set\u00fabal\"},{\"@type\":\"BreadcrumbList\",\"@id\":\"https:\/\/portaltela.pt\/noticias\/2026\/03\/25\/saude-promete-previsibilidade-e-seguranca-com-urgencia-regional-em-setubal\/#breadcrumb\",\"itemListElement\":[{\"@type\":\"ListItem\",\"position\":1,\"name\":\"In\u00edcio\",\"item\":\"https:\/\/portaltela.pt\/\"},{\"@type\":\"ListItem\",\"position\":2,\"name\":\"Sa\u00fade promete previsibilidade e seguran\u00e7a com urg\u00eancia regional em Set\u00fabal\"}]},{\"@type\":\"WebSite\",\"@id\":\"https:\/\/portaltela.pt\/#website\",\"url\":\"https:\/\/portaltela.pt\/\",\"name\":\"Portal Tela Portugal\",\"description\":\"\",\"potentialAction\":[{\"@type\":\"SearchAction\",\"target\":{\"@type\":\"EntryPoint\",\"urlTemplate\":\"https:\/\/portaltela.pt\/?s={search_term_string}\"},\"query-input\":{\"@type\":\"PropertyValueSpecification\",\"valueRequired\":true,\"valueName\":\"search_term_string\"}}],\"inLanguage\":\"pt-PT\"},{\"@type\":\"Person\",\"@id\":\"https:\/\/portaltela.pt\/#\/schema\/person\/c4278d4a6028830caff9ee44b42d32ed\",\"name\":\"Telinha\",\"image\":{\"@type\":\"ImageObject\",\"inLanguage\":\"pt-PT\",\"@id\":\"https:\/\/portaltela.pt\/s.01k8rhncp4jt1\/2025\/11\/talking-bot-125x125.png\",\"url\":\"https:\/\/portaltela.pt\/s.01k8rhncp4jt1\/2025\/11\/talking-bot-125x125.png\",\"contentUrl\":\"https:\/\/portaltela.pt\/s.01k8rhncp4jt1\/2025\/11\/talking-bot-125x125.png\",\"caption\":\"Telinha\"},\"sameAs\":[\"https:\/\/portaltela.pt\/\"],\"url\":\"https:\/\/portaltela.pt\/por\/367410592786\/\"}]}<\/script>\n<!-- \/ Yoast SEO plugin. -->","yoast_head_json":{"title":"Sa\u00fade promete previsibilidade e seguran\u00e7a com urg\u00eancia regional em Set\u00fabal - Portal Tela Portugal","robots":{"index":"index","follow":"follow","max-snippet":"max-snippet:-1","max-image-preview":"max-image-preview:large","max-video-preview":"max-video-preview:-1"},"og_locale":"pt_PT","og_type":"article","og_title":"Sa\u00fade promete previsibilidade e seguran\u00e7a com urg\u00eancia regional em Set\u00fabal - Portal Tela Portugal","og_description":"A ministra da Sa\u00fade anunciou a abertura da urg\u00eancia regional de Ginecologia e Obstetr\u00edcia da Pen\u00ednsula de Set\u00fabal para o dia 15 de abril. A governante destacou que a abertura visa garantir previsibilidade no servi\u00e7o. A abertura \u00e9 direcionada a refor\u00e7ar a seguran\u00e7a no atendimento nessa \u00e1rea da pen\u00ednsula. A not\u00edcia n\u00e3o detalha outras informa\u00e7\u00f5es sobre o funcionamento ou recursos al\u00e9m do marco temporal.","og_url":"https:\/\/portaltela.pt\/noticias\/2026\/03\/25\/saude-promete-previsibilidade-e-seguranca-com-urgencia-regional-em-setubal\/","og_site_name":"Portal Tela Portugal","article_published_time":"2026-03-25T18:57:00+00:00","author":"Telinha","twitter_card":"summary_large_image","twitter_misc":{"Escrito por":"Telinha","Tempo estimado de leitura":"1 minuto"},"schema":{"@context":"https:\/\/schema.org","@graph":[{"@type":"Article","@id":"https:\/\/portaltela.pt\/noticias\/2026\/03\/25\/saude-promete-previsibilidade-e-seguranca-com-urgencia-regional-em-setubal\/#article","isPartOf":{"@id":"https:\/\/portaltela.pt\/noticias\/2026\/03\/25\/saude-promete-previsibilidade-e-seguranca-com-urgencia-regional-em-setubal\/"},"author":{"name":"Telinha","@id":"https:\/\/portaltela.pt\/#\/schema\/person\/c4278d4a6028830caff9ee44b42d32ed"},"headline":"Sa\u00fade promete previsibilidade e seguran\u00e7a com urg\u00eancia regional em Set\u00fabal","datePublished":"2026-03-25T18:57:00+00:00","mainEntityOfPage":{"@id":"https:\/\/portaltela.pt\/noticias\/2026\/03\/25\/saude-promete-previsibilidade-e-seguranca-com-urgencia-regional-em-setubal\/"},"wordCount":187,"image":{"@id":"https:\/\/portaltela.pt\/noticias\/2026\/03\/25\/saude-promete-previsibilidade-e-seguranca-com-urgencia-regional-em-setubal\/#primaryimage"},"thumbnailUrl":"https:\/\/portaltela.pt\/s.01k8rhncp4jt1\/2026\/03\/CACHE_780X1200_ANALOG_WATERMARKED_46791724_5751518_20032026120005.jpg","keywords":["Ginecologia\/Obstetr\u00edcia","Pen\u00ednsula de Set\u00fabal","sa\u00fade","Set\u00fabal","urg\u00eancias"],"articleSection":["Medicina","Sa\u00fade"],"inLanguage":"pt-PT"},{"@type":"WebPage","@id":"https:\/\/portaltela.pt\/noticias\/2026\/03\/25\/saude-promete-previsibilidade-e-seguranca-com-urgencia-regional-em-setubal\/","url":"https:\/\/portaltela.pt\/noticias\/2026\/03\/25\/saude-promete-previsibilidade-e-seguranca-com-urgencia-regional-em-setubal\/","name":"Sa\u00fade promete previsibilidade e seguran\u00e7a com urg\u00eancia regional em Set\u00fabal - Portal Tela Portugal","isPartOf":{"@id":"https:\/\/portaltela.pt\/#website"},"primaryImageOfPage":{"@id":"https:\/\/portaltela.pt\/noticias\/2026\/03\/25\/saude-promete-previsibilidade-e-seguranca-com-urgencia-regional-em-setubal\/#primaryimage"},"image":{"@id":"https:\/\/portaltela.pt\/noticias\/2026\/03\/25\/saude-promete-previsibilidade-e-seguranca-com-urgencia-regional-em-setubal\/#primaryimage"},"thumbnailUrl":"https:\/\/portaltela.pt\/s.01k8rhncp4jt1\/2026\/03\/CACHE_780X1200_ANALOG_WATERMARKED_46791724_5751518_20032026120005.jpg","datePublished":"2026-03-25T18:57:00+00:00","author":{"@id":"https:\/\/portaltela.pt\/#\/schema\/person\/c4278d4a6028830caff9ee44b42d32ed"},"breadcrumb":{"@id":"https:\/\/portaltela.pt\/noticias\/2026\/03\/25\/saude-promete-previsibilidade-e-seguranca-com-urgencia-regional-em-setubal\/#breadcrumb"},"inLanguage":"pt-PT","potentialAction":[{"@type":"ReadAction","target":["https:\/\/portaltela.pt\/noticias\/2026\/03\/25\/saude-promete-previsibilidade-e-seguranca-com-urgencia-regional-em-setubal\/"]}]},{"@type":"ImageObject","inLanguage":"pt-PT","@id":"https:\/\/portaltela.pt\/noticias\/2026\/03\/25\/saude-promete-previsibilidade-e-seguranca-com-urgencia-regional-em-setubal\/#primaryimage","url":"https:\/\/portaltela.pt\/s.01k8rhncp4jt1\/2026\/03\/CACHE_780X1200_ANALOG_WATERMARKED_46791724_5751518_20032026120005.jpg","contentUrl":"https:\/\/portaltela.pt\/s.01k8rhncp4jt1\/2026\/03\/CACHE_780X1200_ANALOG_WATERMARKED_46791724_5751518_20032026120005.jpg","width":768,"height":512,"caption":"Ministra da Sa\u00fade espera previsibilidade e seguran\u00e7a com urg\u00eancia regional da Pen\u00ednsula de Set\u00fabal"},{"@type":"BreadcrumbList","@id":"https:\/\/portaltela.pt\/noticias\/2026\/03\/25\/saude-promete-previsibilidade-e-seguranca-com-urgencia-regional-em-setubal\/#breadcrumb","itemListElement":[{"@type":"ListItem","position":1,"name":"In\u00edcio","item":"https:\/\/portaltela.pt\/"},{"@type":"ListItem","position":2,"name":"Sa\u00fade promete previsibilidade e seguran\u00e7a com urg\u00eancia regional em Set\u00fabal"}]},{"@type":"WebSite","@id":"https:\/\/portaltela.pt\/#website","url":"https:\/\/portaltela.pt\/","name":"Portal Tela Portugal","description":"","potentialAction":[{"@type":"SearchAction","target":{"@type":"EntryPoint","urlTemplate":"https:\/\/portaltela.pt\/?s={search_term_string}"},"query-input":{"@type":"PropertyValueSpecification","valueRequired":true,"valueName":"search_term_string"}}],"inLanguage":"pt-PT"},{"@type":"Person","@id":"https:\/\/portaltela.pt\/#\/schema\/person\/c4278d4a6028830caff9ee44b42d32ed","name":"Telinha","image":{"@type":"ImageObject","inLanguage":"pt-PT","@id":"https:\/\/portaltela.pt\/s.01k8rhncp4jt1\/2025\/11\/talking-bot-125x125.png","url":"https:\/\/portaltela.pt\/s.01k8rhncp4jt1\/2025\/11\/talking-bot-125x125.png","contentUrl":"https:\/\/portaltela.pt\/s.01k8rhncp4jt1\/2025\/11\/talking-bot-125x125.png","caption":"Telinha"},"sameAs":["https:\/\/portaltela.pt\/"],"url":"https:\/\/portaltela.pt\/por\/367410592786\/"}]}},"_links":{"self":[{"href":"https:\/\/portaltela.pt\/api\/wp\/v2\/posts\/421376","targetHints":{"allow":["GET"]}}],"collection":[{"href":"https:\/\/portaltela.pt\/api\/wp\/v2\/posts"}],"about":[{"href":"https:\/\/portaltela.pt\/api\/wp\/v2\/types\/post"}],"author":[{"embeddable":true,"href":"https:\/\/portaltela.pt\/api\/wp\/v2\/users\/2"}],"replies":[{"embeddable":true,"href":"https:\/\/portaltela.pt\/api\/wp\/v2\/comments?post=421376"}],"version-history":[{"count":0,"href":"https:\/\/portaltela.pt\/api\/wp\/v2\/posts\/421376\/revisions"}],"wp:featuredmedia":[{"embeddable":true,"href":"https:\/\/portaltela.pt\/api\/wp\/v2\/media\/421380"}],"wp:attachment":[{"href":"https:\/\/portaltela.pt\/api\/wp\/v2\/media?parent=421376"}],"wp:term":[{"taxonomy":"category","embeddable":true,"href":"https:\/\/portaltela.pt\/api\/wp\/v2\/categories?post=421376"},{"taxonomy":"post_tag","embeddable":true,"href":"https:\/\/portaltela.pt\/api\/wp\/v2\/tags?post=421376"}],"curies":[{"name":"wp","href":"https:\/\/api.w.org\/{rel}","templated":true}]}}