{"id":421360,"date":"2026-03-25T15:45:00","date_gmt":"2026-03-25T18:45:00","guid":{"rendered":"https:\/\/portaltela.pt\/noticias\/2026\/03\/25\/homem-detido-por-posse-ilegal-de-arma-na-ericeira\/"},"modified":"2026-03-25T15:45:00","modified_gmt":"2026-03-25T18:45:00","slug":"homem-detido-por-posse-ilegal-de-arma-na-ericeira","status":"publish","type":"post","link":"https:\/\/portaltela.pt\/policia\/2026\/03\/25\/homem-detido-por-posse-ilegal-de-arma-na-ericeira\/","title":{"rendered":"Homem detido por posse ilegal de arma na Ericeira"},"content":{"rendered":"<p>Um homem de 38 anos foi detido na Ericeira por posse ilegal de arma proibida no dia 20 de mar\u00e7o. A apreens\u00e3o ocorreu durante uma opera\u00e7\u00e3o de patrulhamento e fiscaliza\u00e7\u00e3o rodovi\u00e1ria; a arma encontrada foi uma katana com l\u00e2mina de 41 cent\u00edmetros.<\/p>\n<p>De acordo com o comunicado da GNR, a atua\u00e7\u00e3o decorreu no \u00e2mbito de uma a\u00e7\u00e3o de fiscaliza\u00e7\u00e3o de rotina. A deten\u00e7\u00e3o integra a interven\u00e7\u00e3o policial para combater a posse de armas proibidas.<\/p>\n<p>O suspeito foi constitu\u00eddo arguido e os factos foram remetidos ao Tribunal Judicial de Mafra, informou a GNR. A autoridade n\u00e3o divulgou mais detalhes sobre o processo.<\/p>\n<h3>Procedimento e pr\u00f3ximos passos<\/h3>\n<p>A GNR segue a tramitar o caso junto das entidades competentes, sem indicar prazos espec\u00edficos para o desfecho judicial. N\u00e3o foram avan\u00e7adas informa\u00e7\u00f5es adicionais sobre o evento.<\/p>\n","protected":false},"excerpt":{"rendered":"<ul>\n<li>Homem de 38 anos detido por posse ilegal de arma na Ericeira, no dia 20 de mar\u00e7o.<\/li>\n<li>A arma era uma catana com l\u00e2mina de 41 cent\u00edmetros.<\/li>\n<li>A apreens\u00e3o resultou de uma a\u00e7\u00e3o de patrulhamento e fiscaliza\u00e7\u00e3o rodovi\u00e1ria da Guarda Nacional Republicana.<\/li>\n<li>O arguido foi constitu\u00eddo e os factos foram remetidos ao Tribunal Judicial de Mafra.<\/li>\n<\/ul>\n","protected":false},"author":2,"featured_media":421368,"comment_status":"closed","ping_status":"closed","sticky":false,"template":"","format":"standard","meta":{"footnotes":""},"categories":[6907,6781],"tags":[2660,182,2174,2600,766,250],"class_list":["post-421360","post","type-post","status-publish","format-standard","has-post-thumbnail","hentry","category-crime","category-policia","tag-arma-proibida","tag-armas","tag-ericeira","tag-mafra","tag-posse-de-arma-proibida","tag-seguranca-publica"],"yoast_head":"<!-- This site is optimized with the Yoast SEO plugin v27.2 - https:\/\/yoast.com\/product\/yoast-seo-wordpress\/ -->\n<title>Homem detido por posse ilegal de arma na Ericeira - Portal Tela Portugal<\/title>\n<meta name=\"robots\" content=\"index, follow, max-snippet:-1, max-image-preview:large, max-video-preview:-1\" \/>\n<meta property=\"og:locale\" content=\"pt_PT\" \/>\n<meta property=\"og:type\" content=\"article\" \/>\n<meta property=\"og:title\" content=\"Homem detido por posse ilegal de arma na Ericeira - Portal Tela Portugal\" \/>\n<meta property=\"og:description\" content=\"Homem de 38 anos detido por posse ilegal de arma na Ericeira, no dia 20 de mar\u00e7o. A arma era uma catana com l\u00e2mina de 41 cent\u00edmetros. A apreens\u00e3o resultou de uma a\u00e7\u00e3o de patrulhamento e fiscaliza\u00e7\u00e3o rodovi\u00e1ria da Guarda Nacional Republicana. O arguido foi constitu\u00eddo e os factos foram remetidos ao Tribunal Judicial de Mafra.\" \/>\n<meta property=\"og:url\" content=\"https:\/\/portaltela.pt\/noticias\/2026\/03\/25\/homem-detido-por-posse-ilegal-de-arma-na-ericeira\/\" \/>\n<meta property=\"og:site_name\" content=\"Portal Tela Portugal\" \/>\n<meta property=\"article:published_time\" content=\"2026-03-25T18:45:00+00:00\" \/>\n<meta name=\"author\" content=\"Telinha\" \/>\n<meta name=\"twitter:card\" content=\"summary_large_image\" \/>\n<meta name=\"twitter:label1\" content=\"Escrito por\" \/>\n\t<meta name=\"twitter:data1\" content=\"Telinha\" \/>\n\t<meta name=\"twitter:label2\" content=\"Tempo estimado de leitura\" \/>\n\t<meta name=\"twitter:data2\" content=\"1 minuto\" \/>\n<script type=\"application\/ld+json\" class=\"yoast-schema-graph\">{\"@context\":\"https:\/\/schema.org\",\"@graph\":[{\"@type\":\"Article\",\"@id\":\"https:\/\/portaltela.pt\/noticias\/2026\/03\/25\/homem-detido-por-posse-ilegal-de-arma-na-ericeira\/#article\",\"isPartOf\":{\"@id\":\"https:\/\/portaltela.pt\/noticias\/2026\/03\/25\/homem-detido-por-posse-ilegal-de-arma-na-ericeira\/\"},\"author\":{\"name\":\"Telinha\",\"@id\":\"https:\/\/portaltela.pt\/#\/schema\/person\/c4278d4a6028830caff9ee44b42d32ed\"},\"headline\":\"Homem detido por posse ilegal de arma na Ericeira\",\"datePublished\":\"2026-03-25T18:45:00+00:00\",\"mainEntityOfPage\":{\"@id\":\"https:\/\/portaltela.pt\/noticias\/2026\/03\/25\/homem-detido-por-posse-ilegal-de-arma-na-ericeira\/\"},\"wordCount\":157,\"image\":{\"@id\":\"https:\/\/portaltela.pt\/noticias\/2026\/03\/25\/homem-detido-por-posse-ilegal-de-arma-na-ericeira\/#primaryimage\"},\"thumbnailUrl\":\"https:\/\/portaltela.pt\/s.01k8rhncp4jt1\/2026\/03\/img_1500x1000uu2026-03-25-18-43-26-2274801-im-639100610179531258.png\",\"keywords\":[\"arma proibida\",\"armas\",\"Ericeira\",\"Mafra\",\"posse de arma proibida\",\"seguran\u00e7a p\u00fablica\"],\"articleSection\":[\"Crime\",\"Pol\u00edcia\"],\"inLanguage\":\"pt-PT\"},{\"@type\":\"WebPage\",\"@id\":\"https:\/\/portaltela.pt\/noticias\/2026\/03\/25\/homem-detido-por-posse-ilegal-de-arma-na-ericeira\/\",\"url\":\"https:\/\/portaltela.pt\/noticias\/2026\/03\/25\/homem-detido-por-posse-ilegal-de-arma-na-ericeira\/\",\"name\":\"Homem detido por posse ilegal de arma na Ericeira - Portal Tela Portugal\",\"isPartOf\":{\"@id\":\"https:\/\/portaltela.pt\/#website\"},\"primaryImageOfPage\":{\"@id\":\"https:\/\/portaltela.pt\/noticias\/2026\/03\/25\/homem-detido-por-posse-ilegal-de-arma-na-ericeira\/#primaryimage\"},\"image\":{\"@id\":\"https:\/\/portaltela.pt\/noticias\/2026\/03\/25\/homem-detido-por-posse-ilegal-de-arma-na-ericeira\/#primaryimage\"},\"thumbnailUrl\":\"https:\/\/portaltela.pt\/s.01k8rhncp4jt1\/2026\/03\/img_1500x1000uu2026-03-25-18-43-26-2274801-im-639100610179531258.png\",\"datePublished\":\"2026-03-25T18:45:00+00:00\",\"author\":{\"@id\":\"https:\/\/portaltela.pt\/#\/schema\/person\/c4278d4a6028830caff9ee44b42d32ed\"},\"breadcrumb\":{\"@id\":\"https:\/\/portaltela.pt\/noticias\/2026\/03\/25\/homem-detido-por-posse-ilegal-de-arma-na-ericeira\/#breadcrumb\"},\"inLanguage\":\"pt-PT\",\"potentialAction\":[{\"@type\":\"ReadAction\",\"target\":[\"https:\/\/portaltela.pt\/noticias\/2026\/03\/25\/homem-detido-por-posse-ilegal-de-arma-na-ericeira\/\"]}]},{\"@type\":\"ImageObject\",\"inLanguage\":\"pt-PT\",\"@id\":\"https:\/\/portaltela.pt\/noticias\/2026\/03\/25\/homem-detido-por-posse-ilegal-de-arma-na-ericeira\/#primaryimage\",\"url\":\"https:\/\/portaltela.pt\/s.01k8rhncp4jt1\/2026\/03\/img_1500x1000uu2026-03-25-18-43-26-2274801-im-639100610179531258.png\",\"contentUrl\":\"https:\/\/portaltela.pt\/s.01k8rhncp4jt1\/2026\/03\/img_1500x1000uu2026-03-25-18-43-26-2274801-im-639100610179531258.png\",\"width\":1500,\"height\":1000,\"caption\":\"Catana apreendida\"},{\"@type\":\"BreadcrumbList\",\"@id\":\"https:\/\/portaltela.pt\/noticias\/2026\/03\/25\/homem-detido-por-posse-ilegal-de-arma-na-ericeira\/#breadcrumb\",\"itemListElement\":[{\"@type\":\"ListItem\",\"position\":1,\"name\":\"In\u00edcio\",\"item\":\"https:\/\/portaltela.pt\/\"},{\"@type\":\"ListItem\",\"position\":2,\"name\":\"Homem detido por posse ilegal de arma na Ericeira\"}]},{\"@type\":\"WebSite\",\"@id\":\"https:\/\/portaltela.pt\/#website\",\"url\":\"https:\/\/portaltela.pt\/\",\"name\":\"Portal Tela Portugal\",\"description\":\"\",\"potentialAction\":[{\"@type\":\"SearchAction\",\"target\":{\"@type\":\"EntryPoint\",\"urlTemplate\":\"https:\/\/portaltela.pt\/?s={search_term_string}\"},\"query-input\":{\"@type\":\"PropertyValueSpecification\",\"valueRequired\":true,\"valueName\":\"search_term_string\"}}],\"inLanguage\":\"pt-PT\"},{\"@type\":\"Person\",\"@id\":\"https:\/\/portaltela.pt\/#\/schema\/person\/c4278d4a6028830caff9ee44b42d32ed\",\"name\":\"Telinha\",\"image\":{\"@type\":\"ImageObject\",\"inLanguage\":\"pt-PT\",\"@id\":\"https:\/\/portaltela.pt\/s.01k8rhncp4jt1\/2025\/11\/talking-bot-125x125.png\",\"url\":\"https:\/\/portaltela.pt\/s.01k8rhncp4jt1\/2025\/11\/talking-bot-125x125.png\",\"contentUrl\":\"https:\/\/portaltela.pt\/s.01k8rhncp4jt1\/2025\/11\/talking-bot-125x125.png\",\"caption\":\"Telinha\"},\"sameAs\":[\"https:\/\/portaltela.pt\/\"],\"url\":\"https:\/\/portaltela.pt\/por\/367410592786\/\"}]}<\/script>\n<!-- \/ Yoast SEO plugin. -->","yoast_head_json":{"title":"Homem detido por posse ilegal de arma na Ericeira - Portal Tela Portugal","robots":{"index":"index","follow":"follow","max-snippet":"max-snippet:-1","max-image-preview":"max-image-preview:large","max-video-preview":"max-video-preview:-1"},"og_locale":"pt_PT","og_type":"article","og_title":"Homem detido por posse ilegal de arma na Ericeira - Portal Tela Portugal","og_description":"Homem de 38 anos detido por posse ilegal de arma na Ericeira, no dia 20 de mar\u00e7o. A arma era uma catana com l\u00e2mina de 41 cent\u00edmetros. A apreens\u00e3o resultou de uma a\u00e7\u00e3o de patrulhamento e fiscaliza\u00e7\u00e3o rodovi\u00e1ria da Guarda Nacional Republicana. O arguido foi constitu\u00eddo e os factos foram remetidos ao Tribunal Judicial de Mafra.","og_url":"https:\/\/portaltela.pt\/noticias\/2026\/03\/25\/homem-detido-por-posse-ilegal-de-arma-na-ericeira\/","og_site_name":"Portal Tela Portugal","article_published_time":"2026-03-25T18:45:00+00:00","author":"Telinha","twitter_card":"summary_large_image","twitter_misc":{"Escrito por":"Telinha","Tempo estimado de leitura":"1 minuto"},"schema":{"@context":"https:\/\/schema.org","@graph":[{"@type":"Article","@id":"https:\/\/portaltela.pt\/noticias\/2026\/03\/25\/homem-detido-por-posse-ilegal-de-arma-na-ericeira\/#article","isPartOf":{"@id":"https:\/\/portaltela.pt\/noticias\/2026\/03\/25\/homem-detido-por-posse-ilegal-de-arma-na-ericeira\/"},"author":{"name":"Telinha","@id":"https:\/\/portaltela.pt\/#\/schema\/person\/c4278d4a6028830caff9ee44b42d32ed"},"headline":"Homem detido por posse ilegal de arma na Ericeira","datePublished":"2026-03-25T18:45:00+00:00","mainEntityOfPage":{"@id":"https:\/\/portaltela.pt\/noticias\/2026\/03\/25\/homem-detido-por-posse-ilegal-de-arma-na-ericeira\/"},"wordCount":157,"image":{"@id":"https:\/\/portaltela.pt\/noticias\/2026\/03\/25\/homem-detido-por-posse-ilegal-de-arma-na-ericeira\/#primaryimage"},"thumbnailUrl":"https:\/\/portaltela.pt\/s.01k8rhncp4jt1\/2026\/03\/img_1500x1000uu2026-03-25-18-43-26-2274801-im-639100610179531258.png","keywords":["arma proibida","armas","Ericeira","Mafra","posse de arma proibida","seguran\u00e7a p\u00fablica"],"articleSection":["Crime","Pol\u00edcia"],"inLanguage":"pt-PT"},{"@type":"WebPage","@id":"https:\/\/portaltela.pt\/noticias\/2026\/03\/25\/homem-detido-por-posse-ilegal-de-arma-na-ericeira\/","url":"https:\/\/portaltela.pt\/noticias\/2026\/03\/25\/homem-detido-por-posse-ilegal-de-arma-na-ericeira\/","name":"Homem detido por posse ilegal de arma na Ericeira - Portal Tela Portugal","isPartOf":{"@id":"https:\/\/portaltela.pt\/#website"},"primaryImageOfPage":{"@id":"https:\/\/portaltela.pt\/noticias\/2026\/03\/25\/homem-detido-por-posse-ilegal-de-arma-na-ericeira\/#primaryimage"},"image":{"@id":"https:\/\/portaltela.pt\/noticias\/2026\/03\/25\/homem-detido-por-posse-ilegal-de-arma-na-ericeira\/#primaryimage"},"thumbnailUrl":"https:\/\/portaltela.pt\/s.01k8rhncp4jt1\/2026\/03\/img_1500x1000uu2026-03-25-18-43-26-2274801-im-639100610179531258.png","datePublished":"2026-03-25T18:45:00+00:00","author":{"@id":"https:\/\/portaltela.pt\/#\/schema\/person\/c4278d4a6028830caff9ee44b42d32ed"},"breadcrumb":{"@id":"https:\/\/portaltela.pt\/noticias\/2026\/03\/25\/homem-detido-por-posse-ilegal-de-arma-na-ericeira\/#breadcrumb"},"inLanguage":"pt-PT","potentialAction":[{"@type":"ReadAction","target":["https:\/\/portaltela.pt\/noticias\/2026\/03\/25\/homem-detido-por-posse-ilegal-de-arma-na-ericeira\/"]}]},{"@type":"ImageObject","inLanguage":"pt-PT","@id":"https:\/\/portaltela.pt\/noticias\/2026\/03\/25\/homem-detido-por-posse-ilegal-de-arma-na-ericeira\/#primaryimage","url":"https:\/\/portaltela.pt\/s.01k8rhncp4jt1\/2026\/03\/img_1500x1000uu2026-03-25-18-43-26-2274801-im-639100610179531258.png","contentUrl":"https:\/\/portaltela.pt\/s.01k8rhncp4jt1\/2026\/03\/img_1500x1000uu2026-03-25-18-43-26-2274801-im-639100610179531258.png","width":1500,"height":1000,"caption":"Catana apreendida"},{"@type":"BreadcrumbList","@id":"https:\/\/portaltela.pt\/noticias\/2026\/03\/25\/homem-detido-por-posse-ilegal-de-arma-na-ericeira\/#breadcrumb","itemListElement":[{"@type":"ListItem","position":1,"name":"In\u00edcio","item":"https:\/\/portaltela.pt\/"},{"@type":"ListItem","position":2,"name":"Homem detido por posse ilegal de arma na Ericeira"}]},{"@type":"WebSite","@id":"https:\/\/portaltela.pt\/#website","url":"https:\/\/portaltela.pt\/","name":"Portal Tela Portugal","description":"","potentialAction":[{"@type":"SearchAction","target":{"@type":"EntryPoint","urlTemplate":"https:\/\/portaltela.pt\/?s={search_term_string}"},"query-input":{"@type":"PropertyValueSpecification","valueRequired":true,"valueName":"search_term_string"}}],"inLanguage":"pt-PT"},{"@type":"Person","@id":"https:\/\/portaltela.pt\/#\/schema\/person\/c4278d4a6028830caff9ee44b42d32ed","name":"Telinha","image":{"@type":"ImageObject","inLanguage":"pt-PT","@id":"https:\/\/portaltela.pt\/s.01k8rhncp4jt1\/2025\/11\/talking-bot-125x125.png","url":"https:\/\/portaltela.pt\/s.01k8rhncp4jt1\/2025\/11\/talking-bot-125x125.png","contentUrl":"https:\/\/portaltela.pt\/s.01k8rhncp4jt1\/2025\/11\/talking-bot-125x125.png","caption":"Telinha"},"sameAs":["https:\/\/portaltela.pt\/"],"url":"https:\/\/portaltela.pt\/por\/367410592786\/"}]}},"_links":{"self":[{"href":"https:\/\/portaltela.pt\/api\/wp\/v2\/posts\/421360","targetHints":{"allow":["GET"]}}],"collection":[{"href":"https:\/\/portaltela.pt\/api\/wp\/v2\/posts"}],"about":[{"href":"https:\/\/portaltela.pt\/api\/wp\/v2\/types\/post"}],"author":[{"embeddable":true,"href":"https:\/\/portaltela.pt\/api\/wp\/v2\/users\/2"}],"replies":[{"embeddable":true,"href":"https:\/\/portaltela.pt\/api\/wp\/v2\/comments?post=421360"}],"version-history":[{"count":0,"href":"https:\/\/portaltela.pt\/api\/wp\/v2\/posts\/421360\/revisions"}],"wp:featuredmedia":[{"embeddable":true,"href":"https:\/\/portaltela.pt\/api\/wp\/v2\/media\/421368"}],"wp:attachment":[{"href":"https:\/\/portaltela.pt\/api\/wp\/v2\/media?parent=421360"}],"wp:term":[{"taxonomy":"category","embeddable":true,"href":"https:\/\/portaltela.pt\/api\/wp\/v2\/categories?post=421360"},{"taxonomy":"post_tag","embeddable":true,"href":"https:\/\/portaltela.pt\/api\/wp\/v2\/tags?post=421360"}],"curies":[{"name":"wp","href":"https:\/\/api.w.org\/{rel}","templated":true}]}}