{"id":421356,"date":"2026-03-25T15:51:22","date_gmt":"2026-03-25T18:51:22","guid":{"rendered":"https:\/\/portaltela.pt\/noticias\/2026\/03\/25\/low-convoca-goretzka-para-o-mundial\/"},"modified":"2026-03-25T15:51:22","modified_gmt":"2026-03-25T18:51:22","slug":"low-convoca-goretzka-para-o-mundial","status":"publish","type":"post","link":"https:\/\/portaltela.pt\/desporto\/copa-do-mundo\/2026\/03\/25\/low-convoca-goretzka-para-o-mundial\/","title":{"rendered":"L\u00f6w convoca Goretzka para o Mundial"},"content":{"rendered":"<p>A sele\u00e7\u00e3o da Alemanha est\u00e1 em Basileia, onde enfrenta a Su\u00ed\u00e7a em jogo de prepara\u00e7\u00e3o para o Mundial de 2026. O encontro ocorre num momento em que se discute a lista de Julian Nagelsmann para o grande torneio.<\/p>\n<p>O antigo selecionador Joachim L\u00f6w destacou a import\u00e2ncia de Leon Goretzka, destacando a sua solidez e consist\u00eancia ao longo da \u00e9poca. O m\u00e9dio do Bayern Munique, sob o comando de Vincent Kompany, tem feito minutos significativos.<\/p>\n<p>L\u00f6w refor\u00e7ou a confian\u00e7a no jogador de 31 anos, apontando que Goretzka tem experi\u00eancia e cumpre o papel exigido no plantel. O t\u00e9cnico em\u00e9rito citou n\u00fameros da temporada para confirmar a regularidade do jogador.<\/p>\n<p>Mesmo reconhecendo qualidade de Pavlovic, L\u00f6w salientou a necessidade de op\u00e7\u00f5es que possam entrar de imediato no Bayern com o mesmo n\u00edvel de desempenho. A mensagem foi clara: Goretzka \u00e9 op\u00e7\u00e3o confi\u00e1vel para o Mundial.<\/p>\n","protected":false},"excerpt":{"rendered":"<ul>\n<li>O ex-treinador da Alemanha, Joachim L\u00f6w, elogiou Leon Goretzka e disse confiar no jogador do Bayern para o Mundial.<\/li>\n<li>A equipa alem\u00e3 est\u00e1 em Basileia para enfrentar a Su\u00ed\u00e7a, num jogo de prepara\u00e7\u00e3o para o Campeonato do Mundo de 2026.<\/li>\n<li>L\u00f6w afirmou que Goretzka \u00e9 um jogador s\u00f3lido, confi\u00e1vel e com experi\u00eancia, capaz de interpretar bem o seu papel.<\/li>\n<li>O t\u00e9cnico destacou que, ao olhar para os n\u00fameros da \u00e9poca, Goretzka tem bastantes minutos de jogo pelo Bayern.<\/li>\n<li>Embora reconhe\u00e7a a qualidade de Aleksandar Pavlovi\u0107, L\u00f6w reiterou a necessidade de jogadores que possam entrar ao mesmo n\u00edvel, e afirmou confiar em Goretzka para o Mundial.<\/li>\n<\/ul>\n","protected":false},"author":2,"featured_media":421357,"comment_status":"closed","ping_status":"closed","sticky":false,"template":"","format":"standard","meta":{"footnotes":""},"categories":[6695,21],"tags":[6367,1603,32,2057,4540],"class_list":["post-421356","post","type-post","status-publish","format-standard","has-post-thumbnail","hentry","category-copa-do-mundo","category-desporto","tag-copa2026","tag-alemanha","tag-futebol","tag-selecao-nacional","tag-taca-do-mundo"],"yoast_head":"<!-- This site is optimized with the Yoast SEO plugin v27.2 - https:\/\/yoast.com\/product\/yoast-seo-wordpress\/ -->\n<title>L\u00f6w convoca Goretzka para o Mundial - Portal Tela Portugal<\/title>\n<meta name=\"robots\" content=\"index, follow, max-snippet:-1, max-image-preview:large, max-video-preview:-1\" \/>\n<meta property=\"og:locale\" content=\"pt_PT\" \/>\n<meta property=\"og:type\" content=\"article\" \/>\n<meta property=\"og:title\" content=\"L\u00f6w convoca Goretzka para o Mundial - Portal Tela Portugal\" \/>\n<meta property=\"og:description\" content=\"O ex-treinador da Alemanha, Joachim L\u00f6w, elogiou Leon Goretzka e disse confiar no jogador do Bayern para o Mundial. A equipa alem\u00e3 est\u00e1 em Basileia para enfrentar a Su\u00ed\u00e7a, num jogo de prepara\u00e7\u00e3o para o Campeonato do Mundo de 2026. L\u00f6w afirmou que Goretzka \u00e9 um jogador s\u00f3lido, confi\u00e1vel e com experi\u00eancia, capaz de interpretar bem o seu papel. O t\u00e9cnico destacou que, ao olhar para os n\u00fameros da \u00e9poca, Goretzka tem bastantes minutos de jogo pelo Bayern. Embora reconhe\u00e7a a qualidade de Aleksandar Pavlovi\u0107, L\u00f6w reiterou a necessidade de jogadores que possam entrar ao mesmo n\u00edvel, e afirmou confiar em Goretzka para o Mundial.\" \/>\n<meta property=\"og:url\" content=\"https:\/\/portaltela.pt\/noticias\/2026\/03\/25\/low-convoca-goretzka-para-o-mundial\/\" \/>\n<meta property=\"og:site_name\" content=\"Portal Tela Portugal\" \/>\n<meta property=\"article:published_time\" content=\"2026-03-25T18:51:22+00:00\" \/>\n<meta name=\"author\" content=\"Telinha\" \/>\n<meta name=\"twitter:card\" content=\"summary_large_image\" \/>\n<meta name=\"twitter:label1\" content=\"Escrito por\" \/>\n\t<meta name=\"twitter:data1\" content=\"Telinha\" \/>\n\t<meta name=\"twitter:label2\" content=\"Tempo estimado de leitura\" \/>\n\t<meta name=\"twitter:data2\" content=\"1 minuto\" \/>\n<script type=\"application\/ld+json\" class=\"yoast-schema-graph\">{\"@context\":\"https:\/\/schema.org\",\"@graph\":[{\"@type\":\"Article\",\"@id\":\"https:\/\/portaltela.pt\/noticias\/2026\/03\/25\/low-convoca-goretzka-para-o-mundial\/#article\",\"isPartOf\":{\"@id\":\"https:\/\/portaltela.pt\/noticias\/2026\/03\/25\/low-convoca-goretzka-para-o-mundial\/\"},\"author\":{\"name\":\"Telinha\",\"@id\":\"https:\/\/portaltela.pt\/#\/schema\/person\/c4278d4a6028830caff9ee44b42d32ed\"},\"headline\":\"L\u00f6w convoca Goretzka para o Mundial\",\"datePublished\":\"2026-03-25T18:51:22+00:00\",\"mainEntityOfPage\":{\"@id\":\"https:\/\/portaltela.pt\/noticias\/2026\/03\/25\/low-convoca-goretzka-para-o-mundial\/\"},\"wordCount\":166,\"image\":{\"@id\":\"https:\/\/portaltela.pt\/noticias\/2026\/03\/25\/low-convoca-goretzka-para-o-mundial\/#primaryimage\"},\"thumbnailUrl\":\"https:\/\/portaltela.pt\/s.01k8rhncp4jt1\/2026\/03\/img_920x518uu2026-03-25-18-50-51-2429357.jpg\",\"keywords\":[\"#copa2026\",\"Alemanha\",\"futebol\",\"Sele\u00e7\u00e3o Nacional\",\"Ta\u00e7a do Mundo\"],\"articleSection\":[\"Copa do Mundo\",\"Desporto\"],\"inLanguage\":\"pt-PT\"},{\"@type\":\"WebPage\",\"@id\":\"https:\/\/portaltela.pt\/noticias\/2026\/03\/25\/low-convoca-goretzka-para-o-mundial\/\",\"url\":\"https:\/\/portaltela.pt\/noticias\/2026\/03\/25\/low-convoca-goretzka-para-o-mundial\/\",\"name\":\"L\u00f6w convoca Goretzka para o Mundial - Portal Tela Portugal\",\"isPartOf\":{\"@id\":\"https:\/\/portaltela.pt\/#website\"},\"primaryImageOfPage\":{\"@id\":\"https:\/\/portaltela.pt\/noticias\/2026\/03\/25\/low-convoca-goretzka-para-o-mundial\/#primaryimage\"},\"image\":{\"@id\":\"https:\/\/portaltela.pt\/noticias\/2026\/03\/25\/low-convoca-goretzka-para-o-mundial\/#primaryimage\"},\"thumbnailUrl\":\"https:\/\/portaltela.pt\/s.01k8rhncp4jt1\/2026\/03\/img_920x518uu2026-03-25-18-50-51-2429357.jpg\",\"datePublished\":\"2026-03-25T18:51:22+00:00\",\"author\":{\"@id\":\"https:\/\/portaltela.pt\/#\/schema\/person\/c4278d4a6028830caff9ee44b42d32ed\"},\"breadcrumb\":{\"@id\":\"https:\/\/portaltela.pt\/noticias\/2026\/03\/25\/low-convoca-goretzka-para-o-mundial\/#breadcrumb\"},\"inLanguage\":\"pt-PT\",\"potentialAction\":[{\"@type\":\"ReadAction\",\"target\":[\"https:\/\/portaltela.pt\/noticias\/2026\/03\/25\/low-convoca-goretzka-para-o-mundial\/\"]}]},{\"@type\":\"ImageObject\",\"inLanguage\":\"pt-PT\",\"@id\":\"https:\/\/portaltela.pt\/noticias\/2026\/03\/25\/low-convoca-goretzka-para-o-mundial\/#primaryimage\",\"url\":\"https:\/\/portaltela.pt\/s.01k8rhncp4jt1\/2026\/03\/img_920x518uu2026-03-25-18-50-51-2429357.jpg\",\"contentUrl\":\"https:\/\/portaltela.pt\/s.01k8rhncp4jt1\/2026\/03\/img_920x518uu2026-03-25-18-50-51-2429357.jpg\",\"width\":920,\"height\":518,\"caption\":\"Goretzka, jogador do Bayern, \u00e9 visto como uma mais-valia para o Mundial pelo antigo selecionador L\u00f6w\"},{\"@type\":\"BreadcrumbList\",\"@id\":\"https:\/\/portaltela.pt\/noticias\/2026\/03\/25\/low-convoca-goretzka-para-o-mundial\/#breadcrumb\",\"itemListElement\":[{\"@type\":\"ListItem\",\"position\":1,\"name\":\"In\u00edcio\",\"item\":\"https:\/\/portaltela.pt\/\"},{\"@type\":\"ListItem\",\"position\":2,\"name\":\"L\u00f6w convoca Goretzka para o Mundial\"}]},{\"@type\":\"WebSite\",\"@id\":\"https:\/\/portaltela.pt\/#website\",\"url\":\"https:\/\/portaltela.pt\/\",\"name\":\"Portal Tela Portugal\",\"description\":\"\",\"potentialAction\":[{\"@type\":\"SearchAction\",\"target\":{\"@type\":\"EntryPoint\",\"urlTemplate\":\"https:\/\/portaltela.pt\/?s={search_term_string}\"},\"query-input\":{\"@type\":\"PropertyValueSpecification\",\"valueRequired\":true,\"valueName\":\"search_term_string\"}}],\"inLanguage\":\"pt-PT\"},{\"@type\":\"Person\",\"@id\":\"https:\/\/portaltela.pt\/#\/schema\/person\/c4278d4a6028830caff9ee44b42d32ed\",\"name\":\"Telinha\",\"image\":{\"@type\":\"ImageObject\",\"inLanguage\":\"pt-PT\",\"@id\":\"https:\/\/portaltela.pt\/s.01k8rhncp4jt1\/2025\/11\/talking-bot-125x125.png\",\"url\":\"https:\/\/portaltela.pt\/s.01k8rhncp4jt1\/2025\/11\/talking-bot-125x125.png\",\"contentUrl\":\"https:\/\/portaltela.pt\/s.01k8rhncp4jt1\/2025\/11\/talking-bot-125x125.png\",\"caption\":\"Telinha\"},\"sameAs\":[\"https:\/\/portaltela.pt\/\"],\"url\":\"https:\/\/portaltela.pt\/por\/367410592786\/\"}]}<\/script>\n<!-- \/ Yoast SEO plugin. -->","yoast_head_json":{"title":"L\u00f6w convoca Goretzka para o Mundial - Portal Tela Portugal","robots":{"index":"index","follow":"follow","max-snippet":"max-snippet:-1","max-image-preview":"max-image-preview:large","max-video-preview":"max-video-preview:-1"},"og_locale":"pt_PT","og_type":"article","og_title":"L\u00f6w convoca Goretzka para o Mundial - Portal Tela Portugal","og_description":"O ex-treinador da Alemanha, Joachim L\u00f6w, elogiou Leon Goretzka e disse confiar no jogador do Bayern para o Mundial. A equipa alem\u00e3 est\u00e1 em Basileia para enfrentar a Su\u00ed\u00e7a, num jogo de prepara\u00e7\u00e3o para o Campeonato do Mundo de 2026. L\u00f6w afirmou que Goretzka \u00e9 um jogador s\u00f3lido, confi\u00e1vel e com experi\u00eancia, capaz de interpretar bem o seu papel. O t\u00e9cnico destacou que, ao olhar para os n\u00fameros da \u00e9poca, Goretzka tem bastantes minutos de jogo pelo Bayern. Embora reconhe\u00e7a a qualidade de Aleksandar Pavlovi\u0107, L\u00f6w reiterou a necessidade de jogadores que possam entrar ao mesmo n\u00edvel, e afirmou confiar em Goretzka para o Mundial.","og_url":"https:\/\/portaltela.pt\/noticias\/2026\/03\/25\/low-convoca-goretzka-para-o-mundial\/","og_site_name":"Portal Tela Portugal","article_published_time":"2026-03-25T18:51:22+00:00","author":"Telinha","twitter_card":"summary_large_image","twitter_misc":{"Escrito por":"Telinha","Tempo estimado de leitura":"1 minuto"},"schema":{"@context":"https:\/\/schema.org","@graph":[{"@type":"Article","@id":"https:\/\/portaltela.pt\/noticias\/2026\/03\/25\/low-convoca-goretzka-para-o-mundial\/#article","isPartOf":{"@id":"https:\/\/portaltela.pt\/noticias\/2026\/03\/25\/low-convoca-goretzka-para-o-mundial\/"},"author":{"name":"Telinha","@id":"https:\/\/portaltela.pt\/#\/schema\/person\/c4278d4a6028830caff9ee44b42d32ed"},"headline":"L\u00f6w convoca Goretzka para o Mundial","datePublished":"2026-03-25T18:51:22+00:00","mainEntityOfPage":{"@id":"https:\/\/portaltela.pt\/noticias\/2026\/03\/25\/low-convoca-goretzka-para-o-mundial\/"},"wordCount":166,"image":{"@id":"https:\/\/portaltela.pt\/noticias\/2026\/03\/25\/low-convoca-goretzka-para-o-mundial\/#primaryimage"},"thumbnailUrl":"https:\/\/portaltela.pt\/s.01k8rhncp4jt1\/2026\/03\/img_920x518uu2026-03-25-18-50-51-2429357.jpg","keywords":["#copa2026","Alemanha","futebol","Sele\u00e7\u00e3o Nacional","Ta\u00e7a do Mundo"],"articleSection":["Copa do Mundo","Desporto"],"inLanguage":"pt-PT"},{"@type":"WebPage","@id":"https:\/\/portaltela.pt\/noticias\/2026\/03\/25\/low-convoca-goretzka-para-o-mundial\/","url":"https:\/\/portaltela.pt\/noticias\/2026\/03\/25\/low-convoca-goretzka-para-o-mundial\/","name":"L\u00f6w convoca Goretzka para o Mundial - Portal Tela Portugal","isPartOf":{"@id":"https:\/\/portaltela.pt\/#website"},"primaryImageOfPage":{"@id":"https:\/\/portaltela.pt\/noticias\/2026\/03\/25\/low-convoca-goretzka-para-o-mundial\/#primaryimage"},"image":{"@id":"https:\/\/portaltela.pt\/noticias\/2026\/03\/25\/low-convoca-goretzka-para-o-mundial\/#primaryimage"},"thumbnailUrl":"https:\/\/portaltela.pt\/s.01k8rhncp4jt1\/2026\/03\/img_920x518uu2026-03-25-18-50-51-2429357.jpg","datePublished":"2026-03-25T18:51:22+00:00","author":{"@id":"https:\/\/portaltela.pt\/#\/schema\/person\/c4278d4a6028830caff9ee44b42d32ed"},"breadcrumb":{"@id":"https:\/\/portaltela.pt\/noticias\/2026\/03\/25\/low-convoca-goretzka-para-o-mundial\/#breadcrumb"},"inLanguage":"pt-PT","potentialAction":[{"@type":"ReadAction","target":["https:\/\/portaltela.pt\/noticias\/2026\/03\/25\/low-convoca-goretzka-para-o-mundial\/"]}]},{"@type":"ImageObject","inLanguage":"pt-PT","@id":"https:\/\/portaltela.pt\/noticias\/2026\/03\/25\/low-convoca-goretzka-para-o-mundial\/#primaryimage","url":"https:\/\/portaltela.pt\/s.01k8rhncp4jt1\/2026\/03\/img_920x518uu2026-03-25-18-50-51-2429357.jpg","contentUrl":"https:\/\/portaltela.pt\/s.01k8rhncp4jt1\/2026\/03\/img_920x518uu2026-03-25-18-50-51-2429357.jpg","width":920,"height":518,"caption":"Goretzka, jogador do Bayern, \u00e9 visto como uma mais-valia para o Mundial pelo antigo selecionador L\u00f6w"},{"@type":"BreadcrumbList","@id":"https:\/\/portaltela.pt\/noticias\/2026\/03\/25\/low-convoca-goretzka-para-o-mundial\/#breadcrumb","itemListElement":[{"@type":"ListItem","position":1,"name":"In\u00edcio","item":"https:\/\/portaltela.pt\/"},{"@type":"ListItem","position":2,"name":"L\u00f6w convoca Goretzka para o Mundial"}]},{"@type":"WebSite","@id":"https:\/\/portaltela.pt\/#website","url":"https:\/\/portaltela.pt\/","name":"Portal Tela Portugal","description":"","potentialAction":[{"@type":"SearchAction","target":{"@type":"EntryPoint","urlTemplate":"https:\/\/portaltela.pt\/?s={search_term_string}"},"query-input":{"@type":"PropertyValueSpecification","valueRequired":true,"valueName":"search_term_string"}}],"inLanguage":"pt-PT"},{"@type":"Person","@id":"https:\/\/portaltela.pt\/#\/schema\/person\/c4278d4a6028830caff9ee44b42d32ed","name":"Telinha","image":{"@type":"ImageObject","inLanguage":"pt-PT","@id":"https:\/\/portaltela.pt\/s.01k8rhncp4jt1\/2025\/11\/talking-bot-125x125.png","url":"https:\/\/portaltela.pt\/s.01k8rhncp4jt1\/2025\/11\/talking-bot-125x125.png","contentUrl":"https:\/\/portaltela.pt\/s.01k8rhncp4jt1\/2025\/11\/talking-bot-125x125.png","caption":"Telinha"},"sameAs":["https:\/\/portaltela.pt\/"],"url":"https:\/\/portaltela.pt\/por\/367410592786\/"}]}},"_links":{"self":[{"href":"https:\/\/portaltela.pt\/api\/wp\/v2\/posts\/421356","targetHints":{"allow":["GET"]}}],"collection":[{"href":"https:\/\/portaltela.pt\/api\/wp\/v2\/posts"}],"about":[{"href":"https:\/\/portaltela.pt\/api\/wp\/v2\/types\/post"}],"author":[{"embeddable":true,"href":"https:\/\/portaltela.pt\/api\/wp\/v2\/users\/2"}],"replies":[{"embeddable":true,"href":"https:\/\/portaltela.pt\/api\/wp\/v2\/comments?post=421356"}],"version-history":[{"count":0,"href":"https:\/\/portaltela.pt\/api\/wp\/v2\/posts\/421356\/revisions"}],"wp:featuredmedia":[{"embeddable":true,"href":"https:\/\/portaltela.pt\/api\/wp\/v2\/media\/421357"}],"wp:attachment":[{"href":"https:\/\/portaltela.pt\/api\/wp\/v2\/media?parent=421356"}],"wp:term":[{"taxonomy":"category","embeddable":true,"href":"https:\/\/portaltela.pt\/api\/wp\/v2\/categories?post=421356"},{"taxonomy":"post_tag","embeddable":true,"href":"https:\/\/portaltela.pt\/api\/wp\/v2\/tags?post=421356"}],"curies":[{"name":"wp","href":"https:\/\/api.w.org\/{rel}","templated":true}]}}