{"id":421348,"date":"2026-03-25T15:41:13","date_gmt":"2026-03-25T18:41:13","guid":{"rendered":"https:\/\/portaltela.pt\/noticias\/2026\/03\/25\/john-toshack-ex-treinador-do-sporting-sofre-de-demencia\/"},"modified":"2026-03-25T15:41:13","modified_gmt":"2026-03-25T18:41:13","slug":"john-toshack-ex-treinador-do-sporting-sofre-de-demencia","status":"publish","type":"post","link":"https:\/\/portaltela.pt\/desporto\/futebol\/2026\/03\/25\/john-toshack-ex-treinador-do-sporting-sofre-de-demencia\/","title":{"rendered":"John Toshack, ex-treinador do Sporting, sofre de dem\u00eancia"},"content":{"rendered":"<p>O gal\u00eas John Toshack, de 77 anos, antigo treinador do Sporting, sofre de dem\u00eancia. A informa\u00e7\u00e3o foi confirmada pelo filho Cameron em entrevista publicada nesta quarta-feira. O filho descreve a doen\u00e7a como terr\u00edvel e destaca a mem\u00f3ria emocional do pai para fatos da carreira.<\/p>\n<p>Toshack n\u00e3o treina desde 2018. A passagem pelo Sporting ocorreu na temporada 1984\/85, na primeira experi\u00eancia ap\u00f3s o Swansea, clube onde come\u00e7ou como treinador-jogador. O treinador terminou o campeonato portugu\u00eas na segunda posi\u00e7\u00e3o, com apenas uma derrota.<\/p>\n<p>Entre os destaques da carreira, Toshack ganhou a Liga espanhola ao servi\u00e7o do Real Madrid, conquistou a Ta\u00e7a do Rei pela Real Sociedad e a Superta\u00e7a pelo Deportivo. Esses trof\u00e9us comp\u00f5em o auge de uma trajet\u00f3ria marcada por v\u00e1rias incurs\u00f5es no futebol europeu.<\/p>\n<p>Como jogador, Toshack formou dupla de ataque hist\u00f3rica com Kevin Keegan no Liverpool, clube no qual conquistou duas Ta\u00e7as dos Campe\u00f5es Europeus. O hist\u00f3rico percurso permanece registrado na mem\u00f3ria desportiva.<\/p>\n<p>As declara\u00e7\u00f5es do filho surgem num momento em que Cameron Toshack destacou a lucidez do pai em rela\u00e7\u00e3o a jogos e decis\u00f5es t\u00e1ticas, mesmo quando a mem\u00f3ria de certos dias pode falhar. A fam\u00edlia tem pedido privacidade.<\/p>\n","protected":false},"excerpt":{"rendered":"<ul>\n<li>John Toshack, ex-treinador do Sporting em 1984\/85, tem dem\u00eancia; a not\u00edcia foi confirmada pelo filho Cameron.<\/li>\n<li>Aos 77 anos, o filho descreve a doen\u00e7a como terr\u00edvel, embora Toshack mantenha lucidez ao falar de jogos e decis\u00f5es t\u00e1ticas da sua carreira.<\/li>\n<li>N\u00e3o treina desde 2018; no Sporting, na \u00e9poca 1984\/85, o clube terminou o campeonato portugu\u00eas em segundo lugar, com apenas uma derrota.<\/li>\n<li>A carreira em Espanha incluiu t\u00edtulos com o Real Madrid (liga espanhola), Real Sociedad (Ta\u00e7a do Rei) e Deportivo (Superta\u00e7a).<\/li>\n<li>Enquanto jogador, formou dupla com Kevin Keegan no Liverpool, conquistando duas Ta\u00e7as dos Campe\u00f5es Europeus.<\/li>\n<\/ul>\n","protected":false},"author":2,"featured_media":421353,"comment_status":"closed","ping_status":"closed","sticky":false,"template":"","format":"standard","meta":{"footnotes":""},"categories":[21,24],"tags":[268,152,32,1981,2714,1652],"class_list":["post-421348","post","type-post","status-publish","format-standard","has-post-thumbnail","hentry","category-desporto","category-futebol","tag-demencia","tag-desporto","tag-futebol","tag-liverpool","tag-real-madrid","tag-sporting"],"yoast_head":"<!-- This site is optimized with the Yoast SEO plugin v27.2 - https:\/\/yoast.com\/product\/yoast-seo-wordpress\/ -->\n<title>John Toshack, ex-treinador do Sporting, sofre de dem\u00eancia - Portal Tela Portugal<\/title>\n<meta name=\"robots\" content=\"index, follow, max-snippet:-1, max-image-preview:large, max-video-preview:-1\" \/>\n<meta property=\"og:locale\" content=\"pt_PT\" \/>\n<meta property=\"og:type\" content=\"article\" \/>\n<meta property=\"og:title\" content=\"John Toshack, ex-treinador do Sporting, sofre de dem\u00eancia - Portal Tela Portugal\" \/>\n<meta property=\"og:description\" content=\"John Toshack, ex-treinador do Sporting em 1984\/85, tem dem\u00eancia; a not\u00edcia foi confirmada pelo filho Cameron. Aos 77 anos, o filho descreve a doen\u00e7a como terr\u00edvel, embora Toshack mantenha lucidez ao falar de jogos e decis\u00f5es t\u00e1ticas da sua carreira. N\u00e3o treina desde 2018; no Sporting, na \u00e9poca 1984\/85, o clube terminou o campeonato portugu\u00eas em segundo lugar, com apenas uma derrota. A carreira em Espanha incluiu t\u00edtulos com o Real Madrid (liga espanhola), Real Sociedad (Ta\u00e7a do Rei) e Deportivo (Superta\u00e7a). Enquanto jogador, formou dupla com Kevin Keegan no Liverpool, conquistando duas Ta\u00e7as dos Campe\u00f5es Europeus.\" \/>\n<meta property=\"og:url\" content=\"https:\/\/portaltela.pt\/noticias\/2026\/03\/25\/john-toshack-ex-treinador-do-sporting-sofre-de-demencia\/\" \/>\n<meta property=\"og:site_name\" content=\"Portal Tela Portugal\" \/>\n<meta property=\"article:published_time\" content=\"2026-03-25T18:41:13+00:00\" \/>\n<meta name=\"author\" content=\"Telinha\" \/>\n<meta name=\"twitter:card\" content=\"summary_large_image\" \/>\n<meta name=\"twitter:label1\" content=\"Escrito por\" \/>\n\t<meta name=\"twitter:data1\" content=\"Telinha\" \/>\n\t<meta name=\"twitter:label2\" content=\"Tempo estimado de leitura\" \/>\n\t<meta name=\"twitter:data2\" content=\"1 minuto\" \/>\n<script type=\"application\/ld+json\" class=\"yoast-schema-graph\">{\"@context\":\"https:\/\/schema.org\",\"@graph\":[{\"@type\":\"Article\",\"@id\":\"https:\/\/portaltela.pt\/noticias\/2026\/03\/25\/john-toshack-ex-treinador-do-sporting-sofre-de-demencia\/#article\",\"isPartOf\":{\"@id\":\"https:\/\/portaltela.pt\/noticias\/2026\/03\/25\/john-toshack-ex-treinador-do-sporting-sofre-de-demencia\/\"},\"author\":{\"name\":\"Telinha\",\"@id\":\"https:\/\/portaltela.pt\/#\/schema\/person\/c4278d4a6028830caff9ee44b42d32ed\"},\"headline\":\"John Toshack, ex-treinador do Sporting, sofre de dem\u00eancia\",\"datePublished\":\"2026-03-25T18:41:13+00:00\",\"mainEntityOfPage\":{\"@id\":\"https:\/\/portaltela.pt\/noticias\/2026\/03\/25\/john-toshack-ex-treinador-do-sporting-sofre-de-demencia\/\"},\"wordCount\":228,\"image\":{\"@id\":\"https:\/\/portaltela.pt\/noticias\/2026\/03\/25\/john-toshack-ex-treinador-do-sporting-sofre-de-demencia\/#primaryimage\"},\"thumbnailUrl\":\"https:\/\/portaltela.pt\/s.01k8rhncp4jt1\/2026\/03\/img_1500x1000uu2026-03-25-18-40-35-2274796.jpg\",\"keywords\":[\"dem\u00eancia\",\"desporto\",\"futebol\",\"Liverpool\",\"Real Madrid\",\"Sporting\"],\"articleSection\":[\"Desporto\",\"Futebol\"],\"inLanguage\":\"pt-PT\"},{\"@type\":\"WebPage\",\"@id\":\"https:\/\/portaltela.pt\/noticias\/2026\/03\/25\/john-toshack-ex-treinador-do-sporting-sofre-de-demencia\/\",\"url\":\"https:\/\/portaltela.pt\/noticias\/2026\/03\/25\/john-toshack-ex-treinador-do-sporting-sofre-de-demencia\/\",\"name\":\"John Toshack, ex-treinador do Sporting, sofre de dem\u00eancia - Portal Tela Portugal\",\"isPartOf\":{\"@id\":\"https:\/\/portaltela.pt\/#website\"},\"primaryImageOfPage\":{\"@id\":\"https:\/\/portaltela.pt\/noticias\/2026\/03\/25\/john-toshack-ex-treinador-do-sporting-sofre-de-demencia\/#primaryimage\"},\"image\":{\"@id\":\"https:\/\/portaltela.pt\/noticias\/2026\/03\/25\/john-toshack-ex-treinador-do-sporting-sofre-de-demencia\/#primaryimage\"},\"thumbnailUrl\":\"https:\/\/portaltela.pt\/s.01k8rhncp4jt1\/2026\/03\/img_1500x1000uu2026-03-25-18-40-35-2274796.jpg\",\"datePublished\":\"2026-03-25T18:41:13+00:00\",\"author\":{\"@id\":\"https:\/\/portaltela.pt\/#\/schema\/person\/c4278d4a6028830caff9ee44b42d32ed\"},\"breadcrumb\":{\"@id\":\"https:\/\/portaltela.pt\/noticias\/2026\/03\/25\/john-toshack-ex-treinador-do-sporting-sofre-de-demencia\/#breadcrumb\"},\"inLanguage\":\"pt-PT\",\"potentialAction\":[{\"@type\":\"ReadAction\",\"target\":[\"https:\/\/portaltela.pt\/noticias\/2026\/03\/25\/john-toshack-ex-treinador-do-sporting-sofre-de-demencia\/\"]}]},{\"@type\":\"ImageObject\",\"inLanguage\":\"pt-PT\",\"@id\":\"https:\/\/portaltela.pt\/noticias\/2026\/03\/25\/john-toshack-ex-treinador-do-sporting-sofre-de-demencia\/#primaryimage\",\"url\":\"https:\/\/portaltela.pt\/s.01k8rhncp4jt1\/2026\/03\/img_1500x1000uu2026-03-25-18-40-35-2274796.jpg\",\"contentUrl\":\"https:\/\/portaltela.pt\/s.01k8rhncp4jt1\/2026\/03\/img_1500x1000uu2026-03-25-18-40-35-2274796.jpg\",\"width\":1500,\"height\":1000,\"caption\":\"John Toshack\"},{\"@type\":\"BreadcrumbList\",\"@id\":\"https:\/\/portaltela.pt\/noticias\/2026\/03\/25\/john-toshack-ex-treinador-do-sporting-sofre-de-demencia\/#breadcrumb\",\"itemListElement\":[{\"@type\":\"ListItem\",\"position\":1,\"name\":\"In\u00edcio\",\"item\":\"https:\/\/portaltela.pt\/\"},{\"@type\":\"ListItem\",\"position\":2,\"name\":\"John Toshack, ex-treinador do Sporting, sofre de dem\u00eancia\"}]},{\"@type\":\"WebSite\",\"@id\":\"https:\/\/portaltela.pt\/#website\",\"url\":\"https:\/\/portaltela.pt\/\",\"name\":\"Portal Tela Portugal\",\"description\":\"\",\"potentialAction\":[{\"@type\":\"SearchAction\",\"target\":{\"@type\":\"EntryPoint\",\"urlTemplate\":\"https:\/\/portaltela.pt\/?s={search_term_string}\"},\"query-input\":{\"@type\":\"PropertyValueSpecification\",\"valueRequired\":true,\"valueName\":\"search_term_string\"}}],\"inLanguage\":\"pt-PT\"},{\"@type\":\"Person\",\"@id\":\"https:\/\/portaltela.pt\/#\/schema\/person\/c4278d4a6028830caff9ee44b42d32ed\",\"name\":\"Telinha\",\"image\":{\"@type\":\"ImageObject\",\"inLanguage\":\"pt-PT\",\"@id\":\"https:\/\/portaltela.pt\/s.01k8rhncp4jt1\/2025\/11\/talking-bot-125x125.png\",\"url\":\"https:\/\/portaltela.pt\/s.01k8rhncp4jt1\/2025\/11\/talking-bot-125x125.png\",\"contentUrl\":\"https:\/\/portaltela.pt\/s.01k8rhncp4jt1\/2025\/11\/talking-bot-125x125.png\",\"caption\":\"Telinha\"},\"sameAs\":[\"https:\/\/portaltela.pt\/\"],\"url\":\"https:\/\/portaltela.pt\/por\/367410592786\/\"}]}<\/script>\n<!-- \/ Yoast SEO plugin. -->","yoast_head_json":{"title":"John Toshack, ex-treinador do Sporting, sofre de dem\u00eancia - Portal Tela Portugal","robots":{"index":"index","follow":"follow","max-snippet":"max-snippet:-1","max-image-preview":"max-image-preview:large","max-video-preview":"max-video-preview:-1"},"og_locale":"pt_PT","og_type":"article","og_title":"John Toshack, ex-treinador do Sporting, sofre de dem\u00eancia - Portal Tela Portugal","og_description":"John Toshack, ex-treinador do Sporting em 1984\/85, tem dem\u00eancia; a not\u00edcia foi confirmada pelo filho Cameron. Aos 77 anos, o filho descreve a doen\u00e7a como terr\u00edvel, embora Toshack mantenha lucidez ao falar de jogos e decis\u00f5es t\u00e1ticas da sua carreira. N\u00e3o treina desde 2018; no Sporting, na \u00e9poca 1984\/85, o clube terminou o campeonato portugu\u00eas em segundo lugar, com apenas uma derrota. A carreira em Espanha incluiu t\u00edtulos com o Real Madrid (liga espanhola), Real Sociedad (Ta\u00e7a do Rei) e Deportivo (Superta\u00e7a). Enquanto jogador, formou dupla com Kevin Keegan no Liverpool, conquistando duas Ta\u00e7as dos Campe\u00f5es Europeus.","og_url":"https:\/\/portaltela.pt\/noticias\/2026\/03\/25\/john-toshack-ex-treinador-do-sporting-sofre-de-demencia\/","og_site_name":"Portal Tela Portugal","article_published_time":"2026-03-25T18:41:13+00:00","author":"Telinha","twitter_card":"summary_large_image","twitter_misc":{"Escrito por":"Telinha","Tempo estimado de leitura":"1 minuto"},"schema":{"@context":"https:\/\/schema.org","@graph":[{"@type":"Article","@id":"https:\/\/portaltela.pt\/noticias\/2026\/03\/25\/john-toshack-ex-treinador-do-sporting-sofre-de-demencia\/#article","isPartOf":{"@id":"https:\/\/portaltela.pt\/noticias\/2026\/03\/25\/john-toshack-ex-treinador-do-sporting-sofre-de-demencia\/"},"author":{"name":"Telinha","@id":"https:\/\/portaltela.pt\/#\/schema\/person\/c4278d4a6028830caff9ee44b42d32ed"},"headline":"John Toshack, ex-treinador do Sporting, sofre de dem\u00eancia","datePublished":"2026-03-25T18:41:13+00:00","mainEntityOfPage":{"@id":"https:\/\/portaltela.pt\/noticias\/2026\/03\/25\/john-toshack-ex-treinador-do-sporting-sofre-de-demencia\/"},"wordCount":228,"image":{"@id":"https:\/\/portaltela.pt\/noticias\/2026\/03\/25\/john-toshack-ex-treinador-do-sporting-sofre-de-demencia\/#primaryimage"},"thumbnailUrl":"https:\/\/portaltela.pt\/s.01k8rhncp4jt1\/2026\/03\/img_1500x1000uu2026-03-25-18-40-35-2274796.jpg","keywords":["dem\u00eancia","desporto","futebol","Liverpool","Real Madrid","Sporting"],"articleSection":["Desporto","Futebol"],"inLanguage":"pt-PT"},{"@type":"WebPage","@id":"https:\/\/portaltela.pt\/noticias\/2026\/03\/25\/john-toshack-ex-treinador-do-sporting-sofre-de-demencia\/","url":"https:\/\/portaltela.pt\/noticias\/2026\/03\/25\/john-toshack-ex-treinador-do-sporting-sofre-de-demencia\/","name":"John Toshack, ex-treinador do Sporting, sofre de dem\u00eancia - Portal Tela Portugal","isPartOf":{"@id":"https:\/\/portaltela.pt\/#website"},"primaryImageOfPage":{"@id":"https:\/\/portaltela.pt\/noticias\/2026\/03\/25\/john-toshack-ex-treinador-do-sporting-sofre-de-demencia\/#primaryimage"},"image":{"@id":"https:\/\/portaltela.pt\/noticias\/2026\/03\/25\/john-toshack-ex-treinador-do-sporting-sofre-de-demencia\/#primaryimage"},"thumbnailUrl":"https:\/\/portaltela.pt\/s.01k8rhncp4jt1\/2026\/03\/img_1500x1000uu2026-03-25-18-40-35-2274796.jpg","datePublished":"2026-03-25T18:41:13+00:00","author":{"@id":"https:\/\/portaltela.pt\/#\/schema\/person\/c4278d4a6028830caff9ee44b42d32ed"},"breadcrumb":{"@id":"https:\/\/portaltela.pt\/noticias\/2026\/03\/25\/john-toshack-ex-treinador-do-sporting-sofre-de-demencia\/#breadcrumb"},"inLanguage":"pt-PT","potentialAction":[{"@type":"ReadAction","target":["https:\/\/portaltela.pt\/noticias\/2026\/03\/25\/john-toshack-ex-treinador-do-sporting-sofre-de-demencia\/"]}]},{"@type":"ImageObject","inLanguage":"pt-PT","@id":"https:\/\/portaltela.pt\/noticias\/2026\/03\/25\/john-toshack-ex-treinador-do-sporting-sofre-de-demencia\/#primaryimage","url":"https:\/\/portaltela.pt\/s.01k8rhncp4jt1\/2026\/03\/img_1500x1000uu2026-03-25-18-40-35-2274796.jpg","contentUrl":"https:\/\/portaltela.pt\/s.01k8rhncp4jt1\/2026\/03\/img_1500x1000uu2026-03-25-18-40-35-2274796.jpg","width":1500,"height":1000,"caption":"John Toshack"},{"@type":"BreadcrumbList","@id":"https:\/\/portaltela.pt\/noticias\/2026\/03\/25\/john-toshack-ex-treinador-do-sporting-sofre-de-demencia\/#breadcrumb","itemListElement":[{"@type":"ListItem","position":1,"name":"In\u00edcio","item":"https:\/\/portaltela.pt\/"},{"@type":"ListItem","position":2,"name":"John Toshack, ex-treinador do Sporting, sofre de dem\u00eancia"}]},{"@type":"WebSite","@id":"https:\/\/portaltela.pt\/#website","url":"https:\/\/portaltela.pt\/","name":"Portal Tela Portugal","description":"","potentialAction":[{"@type":"SearchAction","target":{"@type":"EntryPoint","urlTemplate":"https:\/\/portaltela.pt\/?s={search_term_string}"},"query-input":{"@type":"PropertyValueSpecification","valueRequired":true,"valueName":"search_term_string"}}],"inLanguage":"pt-PT"},{"@type":"Person","@id":"https:\/\/portaltela.pt\/#\/schema\/person\/c4278d4a6028830caff9ee44b42d32ed","name":"Telinha","image":{"@type":"ImageObject","inLanguage":"pt-PT","@id":"https:\/\/portaltela.pt\/s.01k8rhncp4jt1\/2025\/11\/talking-bot-125x125.png","url":"https:\/\/portaltela.pt\/s.01k8rhncp4jt1\/2025\/11\/talking-bot-125x125.png","contentUrl":"https:\/\/portaltela.pt\/s.01k8rhncp4jt1\/2025\/11\/talking-bot-125x125.png","caption":"Telinha"},"sameAs":["https:\/\/portaltela.pt\/"],"url":"https:\/\/portaltela.pt\/por\/367410592786\/"}]}},"_links":{"self":[{"href":"https:\/\/portaltela.pt\/api\/wp\/v2\/posts\/421348","targetHints":{"allow":["GET"]}}],"collection":[{"href":"https:\/\/portaltela.pt\/api\/wp\/v2\/posts"}],"about":[{"href":"https:\/\/portaltela.pt\/api\/wp\/v2\/types\/post"}],"author":[{"embeddable":true,"href":"https:\/\/portaltela.pt\/api\/wp\/v2\/users\/2"}],"replies":[{"embeddable":true,"href":"https:\/\/portaltela.pt\/api\/wp\/v2\/comments?post=421348"}],"version-history":[{"count":0,"href":"https:\/\/portaltela.pt\/api\/wp\/v2\/posts\/421348\/revisions"}],"wp:featuredmedia":[{"embeddable":true,"href":"https:\/\/portaltela.pt\/api\/wp\/v2\/media\/421353"}],"wp:attachment":[{"href":"https:\/\/portaltela.pt\/api\/wp\/v2\/media?parent=421348"}],"wp:term":[{"taxonomy":"category","embeddable":true,"href":"https:\/\/portaltela.pt\/api\/wp\/v2\/categories?post=421348"},{"taxonomy":"post_tag","embeddable":true,"href":"https:\/\/portaltela.pt\/api\/wp\/v2\/tags?post=421348"}],"curies":[{"name":"wp","href":"https:\/\/api.w.org\/{rel}","templated":true}]}}