{"id":421346,"date":"2026-03-25T15:30:00","date_gmt":"2026-03-25T18:30:00","guid":{"rendered":"https:\/\/portaltela.pt\/noticias\/2026\/03\/25\/meta-e-youtube-considerados-culpados-em-processo-sobre-danos-a-criancas\/"},"modified":"2026-03-25T15:30:00","modified_gmt":"2026-03-25T18:30:00","slug":"meta-e-youtube-considerados-culpados-em-processo-sobre-danos-a-criancas","status":"publish","type":"post","link":"https:\/\/portaltela.pt\/tecnologia\/2026\/03\/25\/meta-e-youtube-considerados-culpados-em-processo-sobre-danos-a-criancas\/","title":{"rendered":"Meta e YouTube considerados culpados em processo sobre danos a crian\u00e7as"},"content":{"rendered":"<p>Um j\u00fari da Calif\u00f3rnia considerou a Meta, dona do Facebook, e o YouTube culpados num processo que responsabilizava as redes sociais pelos danos causados \u00e0s crian\u00e7as. O veredito saiu ap\u00f3s 40 horas de delibera\u00e7\u00e3o, ao longo de nove dias, narra o tribunal.<\/p>\n<p>A autora do processo, Kaley, de 20 anos, recebeu uma indemniza\u00e7\u00e3o de 3 milh\u00f5es de d\u00f3lares (aprox. 2,6 milh\u00f5es de euros). O j\u00fari concluiu que o uso das redes sociais contribuiu de forma substancial para danos \u00e0 sa\u00fade mental da jovem.<\/p>\n<p>O veredicto aponta neglig\u00eancia por parte da Meta e do YouTube na opera\u00e7\u00e3o das respetivas plataformas, que o j\u00fari definiu como fator relevante para os danos alegados. O caso prev\u00ea a an\u00e1lise de novas provas para decidir eventuais san\u00e7\u00f5es adicionais.<\/p>\n<h3>Outros intervenientes e acordos<\/h3>\n<p>Al\u00e9m da Meta e do YouTube, o TikTok e a Snap foram visados no processo, mas chegaram a acordos antes do in\u00edcio do julgamento.<\/p>\n<p>Kaley come\u00e7ou a usar o YouTube aos seis anos e o Instagram aos nove, conforme relatado pela equipa jur\u00eddica da autora. Os advogados defenderam que as plataformas t\u00eam caracter\u00edsticas de design criadas para viciar utilizadores jovens, incluindo feeds com conte\u00fado infinito.<\/p>\n<h3>Defesas apresentadas pelas empresas<\/h3>\n<p>A Meta argumentou que Kaley j\u00e1 apresentava problemas de sa\u00fade mental anteriores ao uso das redes sociais, mencionando uma vida familiar turbulenta. Segundo a empresa, nenhum terapeuta associou as redes sociais \u00e0 raiz dos seus problemas mentais. O YouTube sustentou que n\u00e3o \u00e9 uma rede social, mas uma plataforma de v\u00eddeo, parecida com televis\u00e3o, e apontou que o uso de Kaley diminuiu \u00e0 medida que envelhecia.<\/p>\n","protected":false},"excerpt":{"rendered":"<ul>\n<li>Um j\u00fari da Calif\u00f3rnia considerou a Meta (Facebook) e o YouTube culpados de neglig\u00eancia na opera\u00e7\u00e3o das plataformas, em processo sobre danos \u00e0s crian\u00e7as.<\/li>\n<li>Ap\u00f3s quarenta horas de delibera\u00e7\u00e3o ao longo de nove dias, os jurados determinaram que as empresas contribu\u00edram substancialmente para os danos causados \u00e0 autora.<\/li>\n<li>A jovem Kaley, de 20 anos, recebeu uma indemniza\u00e7\u00e3o de tr\u00eas milh\u00f5es de d\u00f3lares e afirmou que as redes sociais a viciaram e pioraram a sa\u00fade mental.<\/li>\n<li>O j\u00fari tamb\u00e9m indicou presen\u00e7a de mal\u00edcia por parte das empresas e informou que nova an\u00e1lise de provas pode levar a puni\u00e7\u00f5es adicionais.<\/li>\n<li>TikTok e Snap estavam tamb\u00e9m no caso, mas chegaram a acordos antes do in\u00edcio do julgamento; Kaley come\u00e7ou a usar o YouTube aos seis e o Instagram aos nove.<\/li>\n<\/ul>\n","protected":false},"author":2,"featured_media":421351,"comment_status":"closed","ping_status":"closed","sticky":false,"template":"","format":"standard","meta":{"footnotes":""},"categories":[6716],"tags":[5326,1759,2181,2208,55,153],"class_list":["post-421346","post","type-post","status-publish","format-standard","has-post-thumbnail","hentry","category-tecnologia","tag-comunicacao-social","tag-infancia","tag-protecao-de-menores","tag-protecao-de-privacidade","tag-saude-mental","tag-tecnologia"],"yoast_head":"<!-- This site is optimized with the Yoast SEO plugin v27.2 - https:\/\/yoast.com\/product\/yoast-seo-wordpress\/ -->\n<title>Meta e YouTube considerados culpados em processo sobre danos a crian\u00e7as - Portal Tela Portugal<\/title>\n<meta name=\"robots\" content=\"index, follow, max-snippet:-1, max-image-preview:large, max-video-preview:-1\" \/>\n<meta property=\"og:locale\" content=\"pt_PT\" \/>\n<meta property=\"og:type\" content=\"article\" \/>\n<meta property=\"og:title\" content=\"Meta e YouTube considerados culpados em processo sobre danos a crian\u00e7as - Portal Tela Portugal\" \/>\n<meta property=\"og:description\" content=\"Um j\u00fari da Calif\u00f3rnia considerou a Meta (Facebook) e o YouTube culpados de neglig\u00eancia na opera\u00e7\u00e3o das plataformas, em processo sobre danos \u00e0s crian\u00e7as. Ap\u00f3s quarenta horas de delibera\u00e7\u00e3o ao longo de nove dias, os jurados determinaram que as empresas contribu\u00edram substancialmente para os danos causados \u00e0 autora. A jovem Kaley, de 20 anos, recebeu uma indemniza\u00e7\u00e3o de tr\u00eas milh\u00f5es de d\u00f3lares e afirmou que as redes sociais a viciaram e pioraram a sa\u00fade mental. O j\u00fari tamb\u00e9m indicou presen\u00e7a de mal\u00edcia por parte das empresas e informou que nova an\u00e1lise de provas pode levar a puni\u00e7\u00f5es adicionais. TikTok e Snap estavam tamb\u00e9m no caso, mas chegaram a acordos antes do in\u00edcio do julgamento; Kaley come\u00e7ou a usar o YouTube aos seis e o Instagram aos nove.\" \/>\n<meta property=\"og:url\" content=\"https:\/\/portaltela.pt\/noticias\/2026\/03\/25\/meta-e-youtube-considerados-culpados-em-processo-sobre-danos-a-criancas\/\" \/>\n<meta property=\"og:site_name\" content=\"Portal Tela Portugal\" \/>\n<meta property=\"article:published_time\" content=\"2026-03-25T18:30:00+00:00\" \/>\n<meta name=\"author\" content=\"Telinha\" \/>\n<meta name=\"twitter:card\" content=\"summary_large_image\" \/>\n<meta name=\"twitter:label1\" content=\"Escrito por\" \/>\n\t<meta name=\"twitter:data1\" content=\"Telinha\" \/>\n\t<meta name=\"twitter:label2\" content=\"Tempo estimado de leitura\" \/>\n\t<meta name=\"twitter:data2\" content=\"1 minuto\" \/>\n<script type=\"application\/ld+json\" class=\"yoast-schema-graph\">{\"@context\":\"https:\/\/schema.org\",\"@graph\":[{\"@type\":\"Article\",\"@id\":\"https:\/\/portaltela.pt\/noticias\/2026\/03\/25\/meta-e-youtube-considerados-culpados-em-processo-sobre-danos-a-criancas\/#article\",\"isPartOf\":{\"@id\":\"https:\/\/portaltela.pt\/noticias\/2026\/03\/25\/meta-e-youtube-considerados-culpados-em-processo-sobre-danos-a-criancas\/\"},\"author\":{\"name\":\"Telinha\",\"@id\":\"https:\/\/portaltela.pt\/#\/schema\/person\/c4278d4a6028830caff9ee44b42d32ed\"},\"headline\":\"Meta e YouTube considerados culpados em processo sobre danos a crian\u00e7as\",\"datePublished\":\"2026-03-25T18:30:00+00:00\",\"mainEntityOfPage\":{\"@id\":\"https:\/\/portaltela.pt\/noticias\/2026\/03\/25\/meta-e-youtube-considerados-culpados-em-processo-sobre-danos-a-criancas\/\"},\"wordCount\":293,\"image\":{\"@id\":\"https:\/\/portaltela.pt\/noticias\/2026\/03\/25\/meta-e-youtube-considerados-culpados-em-processo-sobre-danos-a-criancas\/#primaryimage\"},\"thumbnailUrl\":\"https:\/\/portaltela.pt\/s.01k8rhncp4jt1\/2026\/03\/image-137.webp\",\"keywords\":[\"comunica\u00e7\u00e3o social\",\"inf\u00e2ncia\",\"prote\u00e7\u00e3o de menores\",\"prote\u00e7\u00e3o de privacidade\",\"sa\u00fade mental\",\"tecnologia\"],\"articleSection\":[\"Tecnologia\"],\"inLanguage\":\"pt-PT\"},{\"@type\":\"WebPage\",\"@id\":\"https:\/\/portaltela.pt\/noticias\/2026\/03\/25\/meta-e-youtube-considerados-culpados-em-processo-sobre-danos-a-criancas\/\",\"url\":\"https:\/\/portaltela.pt\/noticias\/2026\/03\/25\/meta-e-youtube-considerados-culpados-em-processo-sobre-danos-a-criancas\/\",\"name\":\"Meta e YouTube considerados culpados em processo sobre danos a crian\u00e7as - Portal Tela Portugal\",\"isPartOf\":{\"@id\":\"https:\/\/portaltela.pt\/#website\"},\"primaryImageOfPage\":{\"@id\":\"https:\/\/portaltela.pt\/noticias\/2026\/03\/25\/meta-e-youtube-considerados-culpados-em-processo-sobre-danos-a-criancas\/#primaryimage\"},\"image\":{\"@id\":\"https:\/\/portaltela.pt\/noticias\/2026\/03\/25\/meta-e-youtube-considerados-culpados-em-processo-sobre-danos-a-criancas\/#primaryimage\"},\"thumbnailUrl\":\"https:\/\/portaltela.pt\/s.01k8rhncp4jt1\/2026\/03\/image-137.webp\",\"datePublished\":\"2026-03-25T18:30:00+00:00\",\"author\":{\"@id\":\"https:\/\/portaltela.pt\/#\/schema\/person\/c4278d4a6028830caff9ee44b42d32ed\"},\"breadcrumb\":{\"@id\":\"https:\/\/portaltela.pt\/noticias\/2026\/03\/25\/meta-e-youtube-considerados-culpados-em-processo-sobre-danos-a-criancas\/#breadcrumb\"},\"inLanguage\":\"pt-PT\",\"potentialAction\":[{\"@type\":\"ReadAction\",\"target\":[\"https:\/\/portaltela.pt\/noticias\/2026\/03\/25\/meta-e-youtube-considerados-culpados-em-processo-sobre-danos-a-criancas\/\"]}]},{\"@type\":\"ImageObject\",\"inLanguage\":\"pt-PT\",\"@id\":\"https:\/\/portaltela.pt\/noticias\/2026\/03\/25\/meta-e-youtube-considerados-culpados-em-processo-sobre-danos-a-criancas\/#primaryimage\",\"url\":\"https:\/\/portaltela.pt\/s.01k8rhncp4jt1\/2026\/03\/image-137.webp\",\"contentUrl\":\"https:\/\/portaltela.pt\/s.01k8rhncp4jt1\/2026\/03\/image-137.webp\",\"width\":1200,\"height\":800,\"caption\":\"Imagem de contexto do artigo Meta e YouTube culpados em processo sobre danos causados pelas redes sociais \u00e0s crian\u00e7as\"},{\"@type\":\"BreadcrumbList\",\"@id\":\"https:\/\/portaltela.pt\/noticias\/2026\/03\/25\/meta-e-youtube-considerados-culpados-em-processo-sobre-danos-a-criancas\/#breadcrumb\",\"itemListElement\":[{\"@type\":\"ListItem\",\"position\":1,\"name\":\"In\u00edcio\",\"item\":\"https:\/\/portaltela.pt\/\"},{\"@type\":\"ListItem\",\"position\":2,\"name\":\"Meta e YouTube considerados culpados em processo sobre danos a crian\u00e7as\"}]},{\"@type\":\"WebSite\",\"@id\":\"https:\/\/portaltela.pt\/#website\",\"url\":\"https:\/\/portaltela.pt\/\",\"name\":\"Portal Tela Portugal\",\"description\":\"\",\"potentialAction\":[{\"@type\":\"SearchAction\",\"target\":{\"@type\":\"EntryPoint\",\"urlTemplate\":\"https:\/\/portaltela.pt\/?s={search_term_string}\"},\"query-input\":{\"@type\":\"PropertyValueSpecification\",\"valueRequired\":true,\"valueName\":\"search_term_string\"}}],\"inLanguage\":\"pt-PT\"},{\"@type\":\"Person\",\"@id\":\"https:\/\/portaltela.pt\/#\/schema\/person\/c4278d4a6028830caff9ee44b42d32ed\",\"name\":\"Telinha\",\"image\":{\"@type\":\"ImageObject\",\"inLanguage\":\"pt-PT\",\"@id\":\"https:\/\/portaltela.pt\/s.01k8rhncp4jt1\/2025\/11\/talking-bot-125x125.png\",\"url\":\"https:\/\/portaltela.pt\/s.01k8rhncp4jt1\/2025\/11\/talking-bot-125x125.png\",\"contentUrl\":\"https:\/\/portaltela.pt\/s.01k8rhncp4jt1\/2025\/11\/talking-bot-125x125.png\",\"caption\":\"Telinha\"},\"sameAs\":[\"https:\/\/portaltela.pt\/\"],\"url\":\"https:\/\/portaltela.pt\/por\/367410592786\/\"}]}<\/script>\n<!-- \/ Yoast SEO plugin. -->","yoast_head_json":{"title":"Meta e YouTube considerados culpados em processo sobre danos a crian\u00e7as - Portal Tela Portugal","robots":{"index":"index","follow":"follow","max-snippet":"max-snippet:-1","max-image-preview":"max-image-preview:large","max-video-preview":"max-video-preview:-1"},"og_locale":"pt_PT","og_type":"article","og_title":"Meta e YouTube considerados culpados em processo sobre danos a crian\u00e7as - Portal Tela Portugal","og_description":"Um j\u00fari da Calif\u00f3rnia considerou a Meta (Facebook) e o YouTube culpados de neglig\u00eancia na opera\u00e7\u00e3o das plataformas, em processo sobre danos \u00e0s crian\u00e7as. Ap\u00f3s quarenta horas de delibera\u00e7\u00e3o ao longo de nove dias, os jurados determinaram que as empresas contribu\u00edram substancialmente para os danos causados \u00e0 autora. A jovem Kaley, de 20 anos, recebeu uma indemniza\u00e7\u00e3o de tr\u00eas milh\u00f5es de d\u00f3lares e afirmou que as redes sociais a viciaram e pioraram a sa\u00fade mental. O j\u00fari tamb\u00e9m indicou presen\u00e7a de mal\u00edcia por parte das empresas e informou que nova an\u00e1lise de provas pode levar a puni\u00e7\u00f5es adicionais. TikTok e Snap estavam tamb\u00e9m no caso, mas chegaram a acordos antes do in\u00edcio do julgamento; Kaley come\u00e7ou a usar o YouTube aos seis e o Instagram aos nove.","og_url":"https:\/\/portaltela.pt\/noticias\/2026\/03\/25\/meta-e-youtube-considerados-culpados-em-processo-sobre-danos-a-criancas\/","og_site_name":"Portal Tela Portugal","article_published_time":"2026-03-25T18:30:00+00:00","author":"Telinha","twitter_card":"summary_large_image","twitter_misc":{"Escrito por":"Telinha","Tempo estimado de leitura":"1 minuto"},"schema":{"@context":"https:\/\/schema.org","@graph":[{"@type":"Article","@id":"https:\/\/portaltela.pt\/noticias\/2026\/03\/25\/meta-e-youtube-considerados-culpados-em-processo-sobre-danos-a-criancas\/#article","isPartOf":{"@id":"https:\/\/portaltela.pt\/noticias\/2026\/03\/25\/meta-e-youtube-considerados-culpados-em-processo-sobre-danos-a-criancas\/"},"author":{"name":"Telinha","@id":"https:\/\/portaltela.pt\/#\/schema\/person\/c4278d4a6028830caff9ee44b42d32ed"},"headline":"Meta e YouTube considerados culpados em processo sobre danos a crian\u00e7as","datePublished":"2026-03-25T18:30:00+00:00","mainEntityOfPage":{"@id":"https:\/\/portaltela.pt\/noticias\/2026\/03\/25\/meta-e-youtube-considerados-culpados-em-processo-sobre-danos-a-criancas\/"},"wordCount":293,"image":{"@id":"https:\/\/portaltela.pt\/noticias\/2026\/03\/25\/meta-e-youtube-considerados-culpados-em-processo-sobre-danos-a-criancas\/#primaryimage"},"thumbnailUrl":"https:\/\/portaltela.pt\/s.01k8rhncp4jt1\/2026\/03\/image-137.webp","keywords":["comunica\u00e7\u00e3o social","inf\u00e2ncia","prote\u00e7\u00e3o de menores","prote\u00e7\u00e3o de privacidade","sa\u00fade mental","tecnologia"],"articleSection":["Tecnologia"],"inLanguage":"pt-PT"},{"@type":"WebPage","@id":"https:\/\/portaltela.pt\/noticias\/2026\/03\/25\/meta-e-youtube-considerados-culpados-em-processo-sobre-danos-a-criancas\/","url":"https:\/\/portaltela.pt\/noticias\/2026\/03\/25\/meta-e-youtube-considerados-culpados-em-processo-sobre-danos-a-criancas\/","name":"Meta e YouTube considerados culpados em processo sobre danos a crian\u00e7as - Portal Tela Portugal","isPartOf":{"@id":"https:\/\/portaltela.pt\/#website"},"primaryImageOfPage":{"@id":"https:\/\/portaltela.pt\/noticias\/2026\/03\/25\/meta-e-youtube-considerados-culpados-em-processo-sobre-danos-a-criancas\/#primaryimage"},"image":{"@id":"https:\/\/portaltela.pt\/noticias\/2026\/03\/25\/meta-e-youtube-considerados-culpados-em-processo-sobre-danos-a-criancas\/#primaryimage"},"thumbnailUrl":"https:\/\/portaltela.pt\/s.01k8rhncp4jt1\/2026\/03\/image-137.webp","datePublished":"2026-03-25T18:30:00+00:00","author":{"@id":"https:\/\/portaltela.pt\/#\/schema\/person\/c4278d4a6028830caff9ee44b42d32ed"},"breadcrumb":{"@id":"https:\/\/portaltela.pt\/noticias\/2026\/03\/25\/meta-e-youtube-considerados-culpados-em-processo-sobre-danos-a-criancas\/#breadcrumb"},"inLanguage":"pt-PT","potentialAction":[{"@type":"ReadAction","target":["https:\/\/portaltela.pt\/noticias\/2026\/03\/25\/meta-e-youtube-considerados-culpados-em-processo-sobre-danos-a-criancas\/"]}]},{"@type":"ImageObject","inLanguage":"pt-PT","@id":"https:\/\/portaltela.pt\/noticias\/2026\/03\/25\/meta-e-youtube-considerados-culpados-em-processo-sobre-danos-a-criancas\/#primaryimage","url":"https:\/\/portaltela.pt\/s.01k8rhncp4jt1\/2026\/03\/image-137.webp","contentUrl":"https:\/\/portaltela.pt\/s.01k8rhncp4jt1\/2026\/03\/image-137.webp","width":1200,"height":800,"caption":"Imagem de contexto do artigo Meta e YouTube culpados em processo sobre danos causados pelas redes sociais \u00e0s crian\u00e7as"},{"@type":"BreadcrumbList","@id":"https:\/\/portaltela.pt\/noticias\/2026\/03\/25\/meta-e-youtube-considerados-culpados-em-processo-sobre-danos-a-criancas\/#breadcrumb","itemListElement":[{"@type":"ListItem","position":1,"name":"In\u00edcio","item":"https:\/\/portaltela.pt\/"},{"@type":"ListItem","position":2,"name":"Meta e YouTube considerados culpados em processo sobre danos a crian\u00e7as"}]},{"@type":"WebSite","@id":"https:\/\/portaltela.pt\/#website","url":"https:\/\/portaltela.pt\/","name":"Portal Tela Portugal","description":"","potentialAction":[{"@type":"SearchAction","target":{"@type":"EntryPoint","urlTemplate":"https:\/\/portaltela.pt\/?s={search_term_string}"},"query-input":{"@type":"PropertyValueSpecification","valueRequired":true,"valueName":"search_term_string"}}],"inLanguage":"pt-PT"},{"@type":"Person","@id":"https:\/\/portaltela.pt\/#\/schema\/person\/c4278d4a6028830caff9ee44b42d32ed","name":"Telinha","image":{"@type":"ImageObject","inLanguage":"pt-PT","@id":"https:\/\/portaltela.pt\/s.01k8rhncp4jt1\/2025\/11\/talking-bot-125x125.png","url":"https:\/\/portaltela.pt\/s.01k8rhncp4jt1\/2025\/11\/talking-bot-125x125.png","contentUrl":"https:\/\/portaltela.pt\/s.01k8rhncp4jt1\/2025\/11\/talking-bot-125x125.png","caption":"Telinha"},"sameAs":["https:\/\/portaltela.pt\/"],"url":"https:\/\/portaltela.pt\/por\/367410592786\/"}]}},"_links":{"self":[{"href":"https:\/\/portaltela.pt\/api\/wp\/v2\/posts\/421346","targetHints":{"allow":["GET"]}}],"collection":[{"href":"https:\/\/portaltela.pt\/api\/wp\/v2\/posts"}],"about":[{"href":"https:\/\/portaltela.pt\/api\/wp\/v2\/types\/post"}],"author":[{"embeddable":true,"href":"https:\/\/portaltela.pt\/api\/wp\/v2\/users\/2"}],"replies":[{"embeddable":true,"href":"https:\/\/portaltela.pt\/api\/wp\/v2\/comments?post=421346"}],"version-history":[{"count":0,"href":"https:\/\/portaltela.pt\/api\/wp\/v2\/posts\/421346\/revisions"}],"wp:featuredmedia":[{"embeddable":true,"href":"https:\/\/portaltela.pt\/api\/wp\/v2\/media\/421351"}],"wp:attachment":[{"href":"https:\/\/portaltela.pt\/api\/wp\/v2\/media?parent=421346"}],"wp:term":[{"taxonomy":"category","embeddable":true,"href":"https:\/\/portaltela.pt\/api\/wp\/v2\/categories?post=421346"},{"taxonomy":"post_tag","embeddable":true,"href":"https:\/\/portaltela.pt\/api\/wp\/v2\/tags?post=421346"}],"curies":[{"name":"wp","href":"https:\/\/api.w.org\/{rel}","templated":true}]}}