{"id":421334,"date":"2026-03-25T15:18:57","date_gmt":"2026-03-25T18:18:57","guid":{"rendered":"https:\/\/portaltela.pt\/noticias\/2026\/03\/25\/jens-verbrugghe-vence-a-primeira-etapa-e-lidera-a-volta-ao-alentejo\/"},"modified":"2026-03-25T15:18:57","modified_gmt":"2026-03-25T18:18:57","slug":"jens-verbrugghe-vence-a-primeira-etapa-e-lidera-a-volta-ao-alentejo","status":"publish","type":"post","link":"https:\/\/portaltela.pt\/desporto\/futebol\/2026\/03\/25\/jens-verbrugghe-vence-a-primeira-etapa-e-lidera-a-volta-ao-alentejo\/","title":{"rendered":"Jens Verbrugghe vence a primeira etapa e lidera a Volta ao Alentejo"},"content":{"rendered":"<p>Jens Verbrugghe venceu a primeira etapa da 43.\u00aa Volta ao Alentejo, ao sprint, em Almod\u00f4var, ap\u00f3s 173,7 km disputados desde Sines. O belga da NSN Development supera Leangel Linarez, da Tavfer-Ovos Matinados-Mort\u00e1gua, que repetiu o segundo lugar. Francisco Campos foi o melhor portugu\u00eas, em s\u00e9tima, a 4:06 min.<\/p>\n<p>A prova foi disputada ao longo de 173,7 km, com a fuga inicial j\u00e1 nos primeiros 20 km, integrada por Lopes, Lea\u00e7a, Moreira, Landaluce e Dockx. O grupo chegou a ter tr\u00eas minutos de vantagem antes de ser neutralizado pelo pelot\u00e3o a 25 km do fim.<\/p>\n<p>Na geral, Verbrugghe lidera com 4 segundos de vantagem sobre Linarez. Pareta completa o p\u00f3dio, a 6 segundos. Afonso Lopes \u00e9 o melhor lusitano na classifica\u00e7\u00e3o geral, na quinta posi\u00e7\u00e3o, a 7 segundos da camisola amarela.<\/p>\n<p>A segunda etapa segue na quinta-feira, ligando Ferreira do Alentejo a Montemor-o-Novo, num percurso de 161,4 km com dificuldade quase nula. O pelot\u00e3o dever\u00e1 manter o ritmo definido pela equipa Anicolor-Campicarn.<\/p>\n","protected":false},"excerpt":{"rendered":"<ul>\n<li>Jens Verbrugghe, ciclista belga, venceu a primeira etapa da Volta ao Alentejo ao sprint em Almod\u00f4var, frente a Leangel Linarez.<\/li>\n<li>Com a vit\u00f3ria, Verbrugghe passou a liderar a Geral, com quatro segundos de vantagem sobre Linarez.<\/li>\n<li>Roger Pareta, da Movistar, completou o p\u00f3dio na mesma hora, na terceira posi\u00e7\u00e3o.<\/li>\n<li>O melhor portugu\u00eas na geral foi Francisco Campos (Tavira-Cr\u00e9dito Agr\u00edcola), na s\u00e9tima posi\u00e7\u00e3o; Afonso Lopes (Feiras dos Sof\u00e1s-Boavista) \u00e9 o melhor luso na geral, em quinto, a sete segundos do camisola amarela.<\/li>\n<li>A segunda etapa liga Ferreira do Alentejo a Montemor-o-Novo, num total de 161,4 quil\u00f3metros, com percurso maioritariamente sem dificuldades.<\/li>\n<\/ul>\n","protected":false},"author":2,"featured_media":421337,"comment_status":"closed","ping_status":"closed","sticky":false,"template":"","format":"standard","meta":{"footnotes":""},"categories":[21,24],"tags":[883,1620,923,152,1892],"class_list":["post-421334","post","type-post","status-publish","format-standard","has-post-thumbnail","hentry","category-desporto","category-futebol","tag-alentejo","tag-almodovar","tag-ciclismo","tag-desporto","tag-sines"],"yoast_head":"<!-- This site is optimized with the Yoast SEO plugin v27.2 - https:\/\/yoast.com\/product\/yoast-seo-wordpress\/ -->\n<title>Jens Verbrugghe vence a primeira etapa e lidera a Volta ao Alentejo - Portal Tela Portugal<\/title>\n<meta name=\"robots\" content=\"index, follow, max-snippet:-1, max-image-preview:large, max-video-preview:-1\" \/>\n<meta property=\"og:locale\" content=\"pt_PT\" \/>\n<meta property=\"og:type\" content=\"article\" \/>\n<meta property=\"og:title\" content=\"Jens Verbrugghe vence a primeira etapa e lidera a Volta ao Alentejo - Portal Tela Portugal\" \/>\n<meta property=\"og:description\" content=\"Jens Verbrugghe, ciclista belga, venceu a primeira etapa da Volta ao Alentejo ao sprint em Almod\u00f4var, frente a Leangel Linarez. Com a vit\u00f3ria, Verbrugghe passou a liderar a Geral, com quatro segundos de vantagem sobre Linarez. Roger Pareta, da Movistar, completou o p\u00f3dio na mesma hora, na terceira posi\u00e7\u00e3o. O melhor portugu\u00eas na geral foi Francisco Campos (Tavira-Cr\u00e9dito Agr\u00edcola), na s\u00e9tima posi\u00e7\u00e3o; Afonso Lopes (Feiras dos Sof\u00e1s-Boavista) \u00e9 o melhor luso na geral, em quinto, a sete segundos do camisola amarela. A segunda etapa liga Ferreira do Alentejo a Montemor-o-Novo, num total de 161,4 quil\u00f3metros, com percurso maioritariamente sem dificuldades.\" \/>\n<meta property=\"og:url\" content=\"https:\/\/portaltela.pt\/noticias\/2026\/03\/25\/jens-verbrugghe-vence-a-primeira-etapa-e-lidera-a-volta-ao-alentejo\/\" \/>\n<meta property=\"og:site_name\" content=\"Portal Tela Portugal\" \/>\n<meta property=\"article:published_time\" content=\"2026-03-25T18:18:57+00:00\" \/>\n<meta name=\"author\" content=\"Telinha\" \/>\n<meta name=\"twitter:card\" content=\"summary_large_image\" \/>\n<meta name=\"twitter:label1\" content=\"Escrito por\" \/>\n\t<meta name=\"twitter:data1\" content=\"Telinha\" \/>\n\t<meta name=\"twitter:label2\" content=\"Tempo estimado de leitura\" \/>\n\t<meta name=\"twitter:data2\" content=\"1 minuto\" \/>\n<script type=\"application\/ld+json\" class=\"yoast-schema-graph\">{\"@context\":\"https:\/\/schema.org\",\"@graph\":[{\"@type\":\"Article\",\"@id\":\"https:\/\/portaltela.pt\/noticias\/2026\/03\/25\/jens-verbrugghe-vence-a-primeira-etapa-e-lidera-a-volta-ao-alentejo\/#article\",\"isPartOf\":{\"@id\":\"https:\/\/portaltela.pt\/noticias\/2026\/03\/25\/jens-verbrugghe-vence-a-primeira-etapa-e-lidera-a-volta-ao-alentejo\/\"},\"author\":{\"name\":\"Telinha\",\"@id\":\"https:\/\/portaltela.pt\/#\/schema\/person\/c4278d4a6028830caff9ee44b42d32ed\"},\"headline\":\"Jens Verbrugghe vence a primeira etapa e lidera a Volta ao Alentejo\",\"datePublished\":\"2026-03-25T18:18:57+00:00\",\"mainEntityOfPage\":{\"@id\":\"https:\/\/portaltela.pt\/noticias\/2026\/03\/25\/jens-verbrugghe-vence-a-primeira-etapa-e-lidera-a-volta-ao-alentejo\/\"},\"wordCount\":174,\"image\":{\"@id\":\"https:\/\/portaltela.pt\/noticias\/2026\/03\/25\/jens-verbrugghe-vence-a-primeira-etapa-e-lidera-a-volta-ao-alentejo\/#primaryimage\"},\"thumbnailUrl\":\"https:\/\/portaltela.pt\/s.01k8rhncp4jt1\/2026\/03\/img_920x518uu2026-03-25-18-18-16-2429346-im-639100595217912534.jpg\",\"keywords\":[\"Alentejo\",\"Almod\u00f4var\",\"ciclismo\",\"desporto\",\"Sines\"],\"articleSection\":[\"Desporto\",\"Futebol\"],\"inLanguage\":\"pt-PT\"},{\"@type\":\"WebPage\",\"@id\":\"https:\/\/portaltela.pt\/noticias\/2026\/03\/25\/jens-verbrugghe-vence-a-primeira-etapa-e-lidera-a-volta-ao-alentejo\/\",\"url\":\"https:\/\/portaltela.pt\/noticias\/2026\/03\/25\/jens-verbrugghe-vence-a-primeira-etapa-e-lidera-a-volta-ao-alentejo\/\",\"name\":\"Jens Verbrugghe vence a primeira etapa e lidera a Volta ao Alentejo - Portal Tela Portugal\",\"isPartOf\":{\"@id\":\"https:\/\/portaltela.pt\/#website\"},\"primaryImageOfPage\":{\"@id\":\"https:\/\/portaltela.pt\/noticias\/2026\/03\/25\/jens-verbrugghe-vence-a-primeira-etapa-e-lidera-a-volta-ao-alentejo\/#primaryimage\"},\"image\":{\"@id\":\"https:\/\/portaltela.pt\/noticias\/2026\/03\/25\/jens-verbrugghe-vence-a-primeira-etapa-e-lidera-a-volta-ao-alentejo\/#primaryimage\"},\"thumbnailUrl\":\"https:\/\/portaltela.pt\/s.01k8rhncp4jt1\/2026\/03\/img_920x518uu2026-03-25-18-18-16-2429346-im-639100595217912534.jpg\",\"datePublished\":\"2026-03-25T18:18:57+00:00\",\"author\":{\"@id\":\"https:\/\/portaltela.pt\/#\/schema\/person\/c4278d4a6028830caff9ee44b42d32ed\"},\"breadcrumb\":{\"@id\":\"https:\/\/portaltela.pt\/noticias\/2026\/03\/25\/jens-verbrugghe-vence-a-primeira-etapa-e-lidera-a-volta-ao-alentejo\/#breadcrumb\"},\"inLanguage\":\"pt-PT\",\"potentialAction\":[{\"@type\":\"ReadAction\",\"target\":[\"https:\/\/portaltela.pt\/noticias\/2026\/03\/25\/jens-verbrugghe-vence-a-primeira-etapa-e-lidera-a-volta-ao-alentejo\/\"]}]},{\"@type\":\"ImageObject\",\"inLanguage\":\"pt-PT\",\"@id\":\"https:\/\/portaltela.pt\/noticias\/2026\/03\/25\/jens-verbrugghe-vence-a-primeira-etapa-e-lidera-a-volta-ao-alentejo\/#primaryimage\",\"url\":\"https:\/\/portaltela.pt\/s.01k8rhncp4jt1\/2026\/03\/img_920x518uu2026-03-25-18-18-16-2429346-im-639100595217912534.jpg\",\"contentUrl\":\"https:\/\/portaltela.pt\/s.01k8rhncp4jt1\/2026\/03\/img_920x518uu2026-03-25-18-18-16-2429346-im-639100595217912534.jpg\",\"width\":920,\"height\":518,\"caption\":\"Iniciou a Volta ao Alentejo\"},{\"@type\":\"BreadcrumbList\",\"@id\":\"https:\/\/portaltela.pt\/noticias\/2026\/03\/25\/jens-verbrugghe-vence-a-primeira-etapa-e-lidera-a-volta-ao-alentejo\/#breadcrumb\",\"itemListElement\":[{\"@type\":\"ListItem\",\"position\":1,\"name\":\"In\u00edcio\",\"item\":\"https:\/\/portaltela.pt\/\"},{\"@type\":\"ListItem\",\"position\":2,\"name\":\"Jens Verbrugghe vence a primeira etapa e lidera a Volta ao Alentejo\"}]},{\"@type\":\"WebSite\",\"@id\":\"https:\/\/portaltela.pt\/#website\",\"url\":\"https:\/\/portaltela.pt\/\",\"name\":\"Portal Tela Portugal\",\"description\":\"\",\"potentialAction\":[{\"@type\":\"SearchAction\",\"target\":{\"@type\":\"EntryPoint\",\"urlTemplate\":\"https:\/\/portaltela.pt\/?s={search_term_string}\"},\"query-input\":{\"@type\":\"PropertyValueSpecification\",\"valueRequired\":true,\"valueName\":\"search_term_string\"}}],\"inLanguage\":\"pt-PT\"},{\"@type\":\"Person\",\"@id\":\"https:\/\/portaltela.pt\/#\/schema\/person\/c4278d4a6028830caff9ee44b42d32ed\",\"name\":\"Telinha\",\"image\":{\"@type\":\"ImageObject\",\"inLanguage\":\"pt-PT\",\"@id\":\"https:\/\/portaltela.pt\/s.01k8rhncp4jt1\/2025\/11\/talking-bot-125x125.png\",\"url\":\"https:\/\/portaltela.pt\/s.01k8rhncp4jt1\/2025\/11\/talking-bot-125x125.png\",\"contentUrl\":\"https:\/\/portaltela.pt\/s.01k8rhncp4jt1\/2025\/11\/talking-bot-125x125.png\",\"caption\":\"Telinha\"},\"sameAs\":[\"https:\/\/portaltela.pt\/\"],\"url\":\"https:\/\/portaltela.pt\/por\/367410592786\/\"}]}<\/script>\n<!-- \/ Yoast SEO plugin. -->","yoast_head_json":{"title":"Jens Verbrugghe vence a primeira etapa e lidera a Volta ao Alentejo - Portal Tela Portugal","robots":{"index":"index","follow":"follow","max-snippet":"max-snippet:-1","max-image-preview":"max-image-preview:large","max-video-preview":"max-video-preview:-1"},"og_locale":"pt_PT","og_type":"article","og_title":"Jens Verbrugghe vence a primeira etapa e lidera a Volta ao Alentejo - Portal Tela Portugal","og_description":"Jens Verbrugghe, ciclista belga, venceu a primeira etapa da Volta ao Alentejo ao sprint em Almod\u00f4var, frente a Leangel Linarez. Com a vit\u00f3ria, Verbrugghe passou a liderar a Geral, com quatro segundos de vantagem sobre Linarez. Roger Pareta, da Movistar, completou o p\u00f3dio na mesma hora, na terceira posi\u00e7\u00e3o. O melhor portugu\u00eas na geral foi Francisco Campos (Tavira-Cr\u00e9dito Agr\u00edcola), na s\u00e9tima posi\u00e7\u00e3o; Afonso Lopes (Feiras dos Sof\u00e1s-Boavista) \u00e9 o melhor luso na geral, em quinto, a sete segundos do camisola amarela. A segunda etapa liga Ferreira do Alentejo a Montemor-o-Novo, num total de 161,4 quil\u00f3metros, com percurso maioritariamente sem dificuldades.","og_url":"https:\/\/portaltela.pt\/noticias\/2026\/03\/25\/jens-verbrugghe-vence-a-primeira-etapa-e-lidera-a-volta-ao-alentejo\/","og_site_name":"Portal Tela Portugal","article_published_time":"2026-03-25T18:18:57+00:00","author":"Telinha","twitter_card":"summary_large_image","twitter_misc":{"Escrito por":"Telinha","Tempo estimado de leitura":"1 minuto"},"schema":{"@context":"https:\/\/schema.org","@graph":[{"@type":"Article","@id":"https:\/\/portaltela.pt\/noticias\/2026\/03\/25\/jens-verbrugghe-vence-a-primeira-etapa-e-lidera-a-volta-ao-alentejo\/#article","isPartOf":{"@id":"https:\/\/portaltela.pt\/noticias\/2026\/03\/25\/jens-verbrugghe-vence-a-primeira-etapa-e-lidera-a-volta-ao-alentejo\/"},"author":{"name":"Telinha","@id":"https:\/\/portaltela.pt\/#\/schema\/person\/c4278d4a6028830caff9ee44b42d32ed"},"headline":"Jens Verbrugghe vence a primeira etapa e lidera a Volta ao Alentejo","datePublished":"2026-03-25T18:18:57+00:00","mainEntityOfPage":{"@id":"https:\/\/portaltela.pt\/noticias\/2026\/03\/25\/jens-verbrugghe-vence-a-primeira-etapa-e-lidera-a-volta-ao-alentejo\/"},"wordCount":174,"image":{"@id":"https:\/\/portaltela.pt\/noticias\/2026\/03\/25\/jens-verbrugghe-vence-a-primeira-etapa-e-lidera-a-volta-ao-alentejo\/#primaryimage"},"thumbnailUrl":"https:\/\/portaltela.pt\/s.01k8rhncp4jt1\/2026\/03\/img_920x518uu2026-03-25-18-18-16-2429346-im-639100595217912534.jpg","keywords":["Alentejo","Almod\u00f4var","ciclismo","desporto","Sines"],"articleSection":["Desporto","Futebol"],"inLanguage":"pt-PT"},{"@type":"WebPage","@id":"https:\/\/portaltela.pt\/noticias\/2026\/03\/25\/jens-verbrugghe-vence-a-primeira-etapa-e-lidera-a-volta-ao-alentejo\/","url":"https:\/\/portaltela.pt\/noticias\/2026\/03\/25\/jens-verbrugghe-vence-a-primeira-etapa-e-lidera-a-volta-ao-alentejo\/","name":"Jens Verbrugghe vence a primeira etapa e lidera a Volta ao Alentejo - Portal Tela Portugal","isPartOf":{"@id":"https:\/\/portaltela.pt\/#website"},"primaryImageOfPage":{"@id":"https:\/\/portaltela.pt\/noticias\/2026\/03\/25\/jens-verbrugghe-vence-a-primeira-etapa-e-lidera-a-volta-ao-alentejo\/#primaryimage"},"image":{"@id":"https:\/\/portaltela.pt\/noticias\/2026\/03\/25\/jens-verbrugghe-vence-a-primeira-etapa-e-lidera-a-volta-ao-alentejo\/#primaryimage"},"thumbnailUrl":"https:\/\/portaltela.pt\/s.01k8rhncp4jt1\/2026\/03\/img_920x518uu2026-03-25-18-18-16-2429346-im-639100595217912534.jpg","datePublished":"2026-03-25T18:18:57+00:00","author":{"@id":"https:\/\/portaltela.pt\/#\/schema\/person\/c4278d4a6028830caff9ee44b42d32ed"},"breadcrumb":{"@id":"https:\/\/portaltela.pt\/noticias\/2026\/03\/25\/jens-verbrugghe-vence-a-primeira-etapa-e-lidera-a-volta-ao-alentejo\/#breadcrumb"},"inLanguage":"pt-PT","potentialAction":[{"@type":"ReadAction","target":["https:\/\/portaltela.pt\/noticias\/2026\/03\/25\/jens-verbrugghe-vence-a-primeira-etapa-e-lidera-a-volta-ao-alentejo\/"]}]},{"@type":"ImageObject","inLanguage":"pt-PT","@id":"https:\/\/portaltela.pt\/noticias\/2026\/03\/25\/jens-verbrugghe-vence-a-primeira-etapa-e-lidera-a-volta-ao-alentejo\/#primaryimage","url":"https:\/\/portaltela.pt\/s.01k8rhncp4jt1\/2026\/03\/img_920x518uu2026-03-25-18-18-16-2429346-im-639100595217912534.jpg","contentUrl":"https:\/\/portaltela.pt\/s.01k8rhncp4jt1\/2026\/03\/img_920x518uu2026-03-25-18-18-16-2429346-im-639100595217912534.jpg","width":920,"height":518,"caption":"Iniciou a Volta ao Alentejo"},{"@type":"BreadcrumbList","@id":"https:\/\/portaltela.pt\/noticias\/2026\/03\/25\/jens-verbrugghe-vence-a-primeira-etapa-e-lidera-a-volta-ao-alentejo\/#breadcrumb","itemListElement":[{"@type":"ListItem","position":1,"name":"In\u00edcio","item":"https:\/\/portaltela.pt\/"},{"@type":"ListItem","position":2,"name":"Jens Verbrugghe vence a primeira etapa e lidera a Volta ao Alentejo"}]},{"@type":"WebSite","@id":"https:\/\/portaltela.pt\/#website","url":"https:\/\/portaltela.pt\/","name":"Portal Tela Portugal","description":"","potentialAction":[{"@type":"SearchAction","target":{"@type":"EntryPoint","urlTemplate":"https:\/\/portaltela.pt\/?s={search_term_string}"},"query-input":{"@type":"PropertyValueSpecification","valueRequired":true,"valueName":"search_term_string"}}],"inLanguage":"pt-PT"},{"@type":"Person","@id":"https:\/\/portaltela.pt\/#\/schema\/person\/c4278d4a6028830caff9ee44b42d32ed","name":"Telinha","image":{"@type":"ImageObject","inLanguage":"pt-PT","@id":"https:\/\/portaltela.pt\/s.01k8rhncp4jt1\/2025\/11\/talking-bot-125x125.png","url":"https:\/\/portaltela.pt\/s.01k8rhncp4jt1\/2025\/11\/talking-bot-125x125.png","contentUrl":"https:\/\/portaltela.pt\/s.01k8rhncp4jt1\/2025\/11\/talking-bot-125x125.png","caption":"Telinha"},"sameAs":["https:\/\/portaltela.pt\/"],"url":"https:\/\/portaltela.pt\/por\/367410592786\/"}]}},"_links":{"self":[{"href":"https:\/\/portaltela.pt\/api\/wp\/v2\/posts\/421334","targetHints":{"allow":["GET"]}}],"collection":[{"href":"https:\/\/portaltela.pt\/api\/wp\/v2\/posts"}],"about":[{"href":"https:\/\/portaltela.pt\/api\/wp\/v2\/types\/post"}],"author":[{"embeddable":true,"href":"https:\/\/portaltela.pt\/api\/wp\/v2\/users\/2"}],"replies":[{"embeddable":true,"href":"https:\/\/portaltela.pt\/api\/wp\/v2\/comments?post=421334"}],"version-history":[{"count":0,"href":"https:\/\/portaltela.pt\/api\/wp\/v2\/posts\/421334\/revisions"}],"wp:featuredmedia":[{"embeddable":true,"href":"https:\/\/portaltela.pt\/api\/wp\/v2\/media\/421337"}],"wp:attachment":[{"href":"https:\/\/portaltela.pt\/api\/wp\/v2\/media?parent=421334"}],"wp:term":[{"taxonomy":"category","embeddable":true,"href":"https:\/\/portaltela.pt\/api\/wp\/v2\/categories?post=421334"},{"taxonomy":"post_tag","embeddable":true,"href":"https:\/\/portaltela.pt\/api\/wp\/v2\/tags?post=421334"}],"curies":[{"name":"wp","href":"https:\/\/api.w.org\/{rel}","templated":true}]}}