{"id":421331,"date":"2026-03-25T15:23:00","date_gmt":"2026-03-25T18:23:00","guid":{"rendered":"https:\/\/portaltela.pt\/noticias\/2026\/03\/25\/memorias-de-arundhati-roy-entre-finalistas-do-women-s-prize-de-nao-ficcao\/"},"modified":"2026-03-25T15:23:00","modified_gmt":"2026-03-25T18:23:00","slug":"memorias-de-arundhati-roy-entre-finalistas-do-women-s-prize-de-nao-ficcao","status":"publish","type":"post","link":"https:\/\/portaltela.pt\/noticias\/2026\/03\/25\/memorias-de-arundhati-roy-entre-finalistas-do-women-s-prize-de-nao-ficcao\/","title":{"rendered":"Mem\u00f3rias de Arundhati Roy entre finalistas do Women&#8217;s Prize de n\u00e3o-fic\u00e7\u00e3o"},"content":{"rendered":"<p>A organiza\u00e7\u00e3o do Women\u2019s Prize for Non-Fiction divulgou, nesta quarta-feira, 25 de mar\u00e7o, a shortlist com 6 finalistas. entre as 16 nomeadas, destacam-se obras que exploram migra\u00e7\u00e3o, conflito, identidade e bem-estar, com perspetivas pessoais.<\/p>\n<p>Entre as finalistas est\u00e1 Arundhati Roy, com o livro de mem\u00f3rias Meu abrigo, minha tempestade. A obra de Roy \u00e9 uma das \u00fanicas j\u00e1 publicada em Portugal, pela editora Asa, e transforma a dor pela perda da m\u00e3e em narrativa.<\/p>\n<h3>Obra finalista e temas da shortlist<\/h3>\n<p>The Finest Hotel in Kabul, de Lyse Doucet, usa o Hotel Inter-Continental de Cabul para contar a hist\u00f3ria contempor\u00e2nea do Afeganist\u00e3o. Art Cure, de Daisy Fancourt, aborda como as artes afetam a sa\u00fade.<\/p>\n<p>Judith Mackrell apresenta Artists, Siblings, Visionaries, sobre Gwen e Augustus John e a sua interdepend\u00eancia criativa. Hotel Exile, de Jane Rogoyska, descreve o Hotel Lutetia em Paris durante a guerra, com foco em ex\u00edlios e sobreviv\u00eancia.<\/p>\n<p>Ece Temelkuran, em Nation of Strangers, analisa migra\u00e7\u00e3o e perten\u00e7a no s\u00e9culo XXI, propondo formas de reconstruir o conceito de casa. Os seis livros refletem geografias diversas, desde a \u00c1sia ao M\u00e9dio Oriente, at\u00e9 \u00e0 Europa.<\/p>\n<h3>Data da decis\u00e3o e contextos<\/h3>\n<p>O j\u00fari salienta que as obras ressaltam o poder da escrita feminina num momento de queda de vendas de n\u00e3o-fic\u00e7\u00e3o em papel no Reino Unido. Os livros s\u00e3o descritos como ant\u00eddotos contra desinforma\u00e7\u00e3o, com rigor acad\u00e9mico e humanidade.<\/p>\n<p>A vencedora do Women\u2019s Prize for Non-Fiction ser\u00e1 anunciada a 11 de junho, em Londres, juntamente com a vencedora do Women\u2019s Prize for Fiction. O pr\u00e9mio distingue obras de n\u00e3o-fic\u00e7\u00e3o de mulheres, num formato financiado pelo Charlotte Aitken Trust.<\/p>\n<p>No ano passado, Rachel Clarke venceu com The Story of a Heart. A edi\u00e7\u00e3o deste ano continua a destacar temas de resili\u00eancia, coragem e adapta\u00e7\u00e3o presentes na luta contempor\u00e2nea pela narrativa feminina.<\/p>\n","protected":false},"excerpt":{"rendered":"<ul>\n<li>Arundhati Roy \u00e9 uma das seis finalistas do Women&#8217;s Prize for Non-Fiction, com o livro &#8220;Meu abrigo, minha tempestade&#8221;, na shortlist anunciada a 25 de mar\u00e7o.<\/li>\n<li>A lista inclui Lyse Doucet, Daisy Fancourt, Judith Mackrell, Jane Rogoyska e Ece Temelkuran, com t\u00edtulos que exploram migra\u00e7\u00e3o, conflito, identidade, criatividade, bem-estar e liga\u00e7\u00e3o humana.<\/li>\n<li>O livro de Roy \u00e9 uma obra de mem\u00f3rias em que a autora traduz a dor pela morte da m\u00e3e em narrativa; \u00e9 o \u00fanico da lista j\u00e1 publicado em Portugal, pela Asa, com a tradu\u00e7\u00e3o portuguesa.<\/li>\n<li>Entre as finalistas est\u00e3o ainda &#8220;The Finest Hotel in Kabul: A People&#8217;s History of Afghanistan&#8221; (Lyse Doucet), &#8220;Art Cure: The Science of How the Arts Transform Our Health&#8221; (Daisy Fancourt), &#8220;Artists, Siblings, Visionaries&#8221; (Judith Mackrell), &#8220;Hotel Exile: Paris in the Shadow of War&#8221; (Jane Rogoyska) e &#8220;Nation of Strangers&#8221; (Ece Temelkuran).<\/li>\n<li>A vencedora ser\u00e1 anunciada a 11 de junho, em Londres, num pr\u00e9mio de 30 mil libras.<\/li>\n<\/ul>\n","protected":false},"author":2,"featured_media":421336,"comment_status":"closed","ping_status":"closed","sticky":false,"template":"","format":"standard","meta":{"footnotes":""},"categories":[7375,1],"tags":[254,2487,106,3030,1456,2701],"class_list":["post-421331","post","type-post","status-publish","format-standard","has-post-thumbnail","hentry","category-cultura","category-noticias","tag-conflito","tag-europa","tag-literatura","tag-memoria-literaria","tag-migracao","tag-mulheres"],"yoast_head":"<!-- This site is optimized with the Yoast SEO plugin v27.2 - https:\/\/yoast.com\/product\/yoast-seo-wordpress\/ -->\n<title>Mem\u00f3rias de Arundhati Roy entre finalistas do Women&#039;s Prize de n\u00e3o-fic\u00e7\u00e3o - Portal Tela Portugal<\/title>\n<meta name=\"robots\" content=\"index, follow, max-snippet:-1, max-image-preview:large, max-video-preview:-1\" \/>\n<meta property=\"og:locale\" content=\"pt_PT\" \/>\n<meta property=\"og:type\" content=\"article\" \/>\n<meta property=\"og:title\" content=\"Mem\u00f3rias de Arundhati Roy entre finalistas do Women&#039;s Prize de n\u00e3o-fic\u00e7\u00e3o - Portal Tela Portugal\" \/>\n<meta property=\"og:description\" content=\"Arundhati Roy \u00e9 uma das seis finalistas do Women&#039;s Prize for Non-Fiction, com o livro &quot;Meu abrigo, minha tempestade&quot;, na shortlist anunciada a 25 de mar\u00e7o. A lista inclui Lyse Doucet, Daisy Fancourt, Judith Mackrell, Jane Rogoyska e Ece Temelkuran, com t\u00edtulos que exploram migra\u00e7\u00e3o, conflito, identidade, criatividade, bem-estar e liga\u00e7\u00e3o humana. O livro de Roy \u00e9 uma obra de mem\u00f3rias em que a autora traduz a dor pela morte da m\u00e3e em narrativa; \u00e9 o \u00fanico da lista j\u00e1 publicado em Portugal, pela Asa, com a tradu\u00e7\u00e3o portuguesa. Entre as finalistas est\u00e3o ainda &quot;The Finest Hotel in Kabul: A People&#039;s History of Afghanistan&quot; (Lyse Doucet), &quot;Art Cure: The Science of How the Arts Transform Our Health&quot; (Daisy Fancourt), &quot;Artists, Siblings, Visionaries&quot; (Judith Mackrell), &quot;Hotel Exile: Paris in the Shadow of War&quot; (Jane Rogoyska) e &quot;Nation of Strangers&quot; (Ece Temelkuran). A vencedora ser\u00e1 anunciada a 11 de junho, em Londres, num pr\u00e9mio de 30 mil libras.\" \/>\n<meta property=\"og:url\" content=\"https:\/\/portaltela.pt\/noticias\/2026\/03\/25\/memorias-de-arundhati-roy-entre-finalistas-do-women-s-prize-de-nao-ficcao\/\" \/>\n<meta property=\"og:site_name\" content=\"Portal Tela Portugal\" \/>\n<meta property=\"article:published_time\" content=\"2026-03-25T18:23:00+00:00\" \/>\n<meta name=\"author\" content=\"Telinha\" \/>\n<meta name=\"twitter:card\" content=\"summary_large_image\" \/>\n<meta name=\"twitter:label1\" content=\"Escrito por\" \/>\n\t<meta name=\"twitter:data1\" content=\"Telinha\" \/>\n\t<meta name=\"twitter:label2\" content=\"Tempo estimado de leitura\" \/>\n\t<meta name=\"twitter:data2\" content=\"2 minutos\" \/>\n<script type=\"application\/ld+json\" class=\"yoast-schema-graph\">{\"@context\":\"https:\/\/schema.org\",\"@graph\":[{\"@type\":\"Article\",\"@id\":\"https:\/\/portaltela.pt\/noticias\/2026\/03\/25\/memorias-de-arundhati-roy-entre-finalistas-do-women-s-prize-de-nao-ficcao\/#article\",\"isPartOf\":{\"@id\":\"https:\/\/portaltela.pt\/noticias\/2026\/03\/25\/memorias-de-arundhati-roy-entre-finalistas-do-women-s-prize-de-nao-ficcao\/\"},\"author\":{\"name\":\"Telinha\",\"@id\":\"https:\/\/portaltela.pt\/#\/schema\/person\/c4278d4a6028830caff9ee44b42d32ed\"},\"headline\":\"Mem\u00f3rias de Arundhati Roy entre finalistas do Women&#8217;s Prize de n\u00e3o-fic\u00e7\u00e3o\",\"datePublished\":\"2026-03-25T18:23:00+00:00\",\"mainEntityOfPage\":{\"@id\":\"https:\/\/portaltela.pt\/noticias\/2026\/03\/25\/memorias-de-arundhati-roy-entre-finalistas-do-women-s-prize-de-nao-ficcao\/\"},\"wordCount\":342,\"image\":{\"@id\":\"https:\/\/portaltela.pt\/noticias\/2026\/03\/25\/memorias-de-arundhati-roy-entre-finalistas-do-women-s-prize-de-nao-ficcao\/#primaryimage\"},\"thumbnailUrl\":\"https:\/\/portaltela.pt\/s.01k8rhncp4jt1\/2026\/03\/image-136.webp\",\"keywords\":[\"conflito\",\"Europa\",\"literatura\",\"mem\u00f3ria liter\u00e1ria\",\"migra\u00e7\u00e3o\",\"Mulheres\"],\"articleSection\":[\"Cultura\",\"Not\u00edcias\"],\"inLanguage\":\"pt-PT\"},{\"@type\":\"WebPage\",\"@id\":\"https:\/\/portaltela.pt\/noticias\/2026\/03\/25\/memorias-de-arundhati-roy-entre-finalistas-do-women-s-prize-de-nao-ficcao\/\",\"url\":\"https:\/\/portaltela.pt\/noticias\/2026\/03\/25\/memorias-de-arundhati-roy-entre-finalistas-do-women-s-prize-de-nao-ficcao\/\",\"name\":\"Mem\u00f3rias de Arundhati Roy entre finalistas do Women's Prize de n\u00e3o-fic\u00e7\u00e3o - Portal Tela Portugal\",\"isPartOf\":{\"@id\":\"https:\/\/portaltela.pt\/#website\"},\"primaryImageOfPage\":{\"@id\":\"https:\/\/portaltela.pt\/noticias\/2026\/03\/25\/memorias-de-arundhati-roy-entre-finalistas-do-women-s-prize-de-nao-ficcao\/#primaryimage\"},\"image\":{\"@id\":\"https:\/\/portaltela.pt\/noticias\/2026\/03\/25\/memorias-de-arundhati-roy-entre-finalistas-do-women-s-prize-de-nao-ficcao\/#primaryimage\"},\"thumbnailUrl\":\"https:\/\/portaltela.pt\/s.01k8rhncp4jt1\/2026\/03\/image-136.webp\",\"datePublished\":\"2026-03-25T18:23:00+00:00\",\"author\":{\"@id\":\"https:\/\/portaltela.pt\/#\/schema\/person\/c4278d4a6028830caff9ee44b42d32ed\"},\"breadcrumb\":{\"@id\":\"https:\/\/portaltela.pt\/noticias\/2026\/03\/25\/memorias-de-arundhati-roy-entre-finalistas-do-women-s-prize-de-nao-ficcao\/#breadcrumb\"},\"inLanguage\":\"pt-PT\",\"potentialAction\":[{\"@type\":\"ReadAction\",\"target\":[\"https:\/\/portaltela.pt\/noticias\/2026\/03\/25\/memorias-de-arundhati-roy-entre-finalistas-do-women-s-prize-de-nao-ficcao\/\"]}]},{\"@type\":\"ImageObject\",\"inLanguage\":\"pt-PT\",\"@id\":\"https:\/\/portaltela.pt\/noticias\/2026\/03\/25\/memorias-de-arundhati-roy-entre-finalistas-do-women-s-prize-de-nao-ficcao\/#primaryimage\",\"url\":\"https:\/\/portaltela.pt\/s.01k8rhncp4jt1\/2026\/03\/image-136.webp\",\"contentUrl\":\"https:\/\/portaltela.pt\/s.01k8rhncp4jt1\/2026\/03\/image-136.webp\",\"width\":1200,\"height\":800,\"caption\":\"A escritora e ativista indiana Arundhati Roy\"},{\"@type\":\"BreadcrumbList\",\"@id\":\"https:\/\/portaltela.pt\/noticias\/2026\/03\/25\/memorias-de-arundhati-roy-entre-finalistas-do-women-s-prize-de-nao-ficcao\/#breadcrumb\",\"itemListElement\":[{\"@type\":\"ListItem\",\"position\":1,\"name\":\"In\u00edcio\",\"item\":\"https:\/\/portaltela.pt\/\"},{\"@type\":\"ListItem\",\"position\":2,\"name\":\"Mem\u00f3rias de Arundhati Roy entre finalistas do Women&#8217;s Prize de n\u00e3o-fic\u00e7\u00e3o\"}]},{\"@type\":\"WebSite\",\"@id\":\"https:\/\/portaltela.pt\/#website\",\"url\":\"https:\/\/portaltela.pt\/\",\"name\":\"Portal Tela Portugal\",\"description\":\"\",\"potentialAction\":[{\"@type\":\"SearchAction\",\"target\":{\"@type\":\"EntryPoint\",\"urlTemplate\":\"https:\/\/portaltela.pt\/?s={search_term_string}\"},\"query-input\":{\"@type\":\"PropertyValueSpecification\",\"valueRequired\":true,\"valueName\":\"search_term_string\"}}],\"inLanguage\":\"pt-PT\"},{\"@type\":\"Person\",\"@id\":\"https:\/\/portaltela.pt\/#\/schema\/person\/c4278d4a6028830caff9ee44b42d32ed\",\"name\":\"Telinha\",\"image\":{\"@type\":\"ImageObject\",\"inLanguage\":\"pt-PT\",\"@id\":\"https:\/\/portaltela.pt\/s.01k8rhncp4jt1\/2025\/11\/talking-bot-125x125.png\",\"url\":\"https:\/\/portaltela.pt\/s.01k8rhncp4jt1\/2025\/11\/talking-bot-125x125.png\",\"contentUrl\":\"https:\/\/portaltela.pt\/s.01k8rhncp4jt1\/2025\/11\/talking-bot-125x125.png\",\"caption\":\"Telinha\"},\"sameAs\":[\"https:\/\/portaltela.pt\/\"],\"url\":\"https:\/\/portaltela.pt\/por\/367410592786\/\"}]}<\/script>\n<!-- \/ Yoast SEO plugin. -->","yoast_head_json":{"title":"Mem\u00f3rias de Arundhati Roy entre finalistas do Women's Prize de n\u00e3o-fic\u00e7\u00e3o - Portal Tela Portugal","robots":{"index":"index","follow":"follow","max-snippet":"max-snippet:-1","max-image-preview":"max-image-preview:large","max-video-preview":"max-video-preview:-1"},"og_locale":"pt_PT","og_type":"article","og_title":"Mem\u00f3rias de Arundhati Roy entre finalistas do Women's Prize de n\u00e3o-fic\u00e7\u00e3o - Portal Tela Portugal","og_description":"Arundhati Roy \u00e9 uma das seis finalistas do Women's Prize for Non-Fiction, com o livro \"Meu abrigo, minha tempestade\", na shortlist anunciada a 25 de mar\u00e7o. A lista inclui Lyse Doucet, Daisy Fancourt, Judith Mackrell, Jane Rogoyska e Ece Temelkuran, com t\u00edtulos que exploram migra\u00e7\u00e3o, conflito, identidade, criatividade, bem-estar e liga\u00e7\u00e3o humana. O livro de Roy \u00e9 uma obra de mem\u00f3rias em que a autora traduz a dor pela morte da m\u00e3e em narrativa; \u00e9 o \u00fanico da lista j\u00e1 publicado em Portugal, pela Asa, com a tradu\u00e7\u00e3o portuguesa. Entre as finalistas est\u00e3o ainda \"The Finest Hotel in Kabul: A People's History of Afghanistan\" (Lyse Doucet), \"Art Cure: The Science of How the Arts Transform Our Health\" (Daisy Fancourt), \"Artists, Siblings, Visionaries\" (Judith Mackrell), \"Hotel Exile: Paris in the Shadow of War\" (Jane Rogoyska) e \"Nation of Strangers\" (Ece Temelkuran). A vencedora ser\u00e1 anunciada a 11 de junho, em Londres, num pr\u00e9mio de 30 mil libras.","og_url":"https:\/\/portaltela.pt\/noticias\/2026\/03\/25\/memorias-de-arundhati-roy-entre-finalistas-do-women-s-prize-de-nao-ficcao\/","og_site_name":"Portal Tela Portugal","article_published_time":"2026-03-25T18:23:00+00:00","author":"Telinha","twitter_card":"summary_large_image","twitter_misc":{"Escrito por":"Telinha","Tempo estimado de leitura":"2 minutos"},"schema":{"@context":"https:\/\/schema.org","@graph":[{"@type":"Article","@id":"https:\/\/portaltela.pt\/noticias\/2026\/03\/25\/memorias-de-arundhati-roy-entre-finalistas-do-women-s-prize-de-nao-ficcao\/#article","isPartOf":{"@id":"https:\/\/portaltela.pt\/noticias\/2026\/03\/25\/memorias-de-arundhati-roy-entre-finalistas-do-women-s-prize-de-nao-ficcao\/"},"author":{"name":"Telinha","@id":"https:\/\/portaltela.pt\/#\/schema\/person\/c4278d4a6028830caff9ee44b42d32ed"},"headline":"Mem\u00f3rias de Arundhati Roy entre finalistas do Women&#8217;s Prize de n\u00e3o-fic\u00e7\u00e3o","datePublished":"2026-03-25T18:23:00+00:00","mainEntityOfPage":{"@id":"https:\/\/portaltela.pt\/noticias\/2026\/03\/25\/memorias-de-arundhati-roy-entre-finalistas-do-women-s-prize-de-nao-ficcao\/"},"wordCount":342,"image":{"@id":"https:\/\/portaltela.pt\/noticias\/2026\/03\/25\/memorias-de-arundhati-roy-entre-finalistas-do-women-s-prize-de-nao-ficcao\/#primaryimage"},"thumbnailUrl":"https:\/\/portaltela.pt\/s.01k8rhncp4jt1\/2026\/03\/image-136.webp","keywords":["conflito","Europa","literatura","mem\u00f3ria liter\u00e1ria","migra\u00e7\u00e3o","Mulheres"],"articleSection":["Cultura","Not\u00edcias"],"inLanguage":"pt-PT"},{"@type":"WebPage","@id":"https:\/\/portaltela.pt\/noticias\/2026\/03\/25\/memorias-de-arundhati-roy-entre-finalistas-do-women-s-prize-de-nao-ficcao\/","url":"https:\/\/portaltela.pt\/noticias\/2026\/03\/25\/memorias-de-arundhati-roy-entre-finalistas-do-women-s-prize-de-nao-ficcao\/","name":"Mem\u00f3rias de Arundhati Roy entre finalistas do Women's Prize de n\u00e3o-fic\u00e7\u00e3o - Portal Tela Portugal","isPartOf":{"@id":"https:\/\/portaltela.pt\/#website"},"primaryImageOfPage":{"@id":"https:\/\/portaltela.pt\/noticias\/2026\/03\/25\/memorias-de-arundhati-roy-entre-finalistas-do-women-s-prize-de-nao-ficcao\/#primaryimage"},"image":{"@id":"https:\/\/portaltela.pt\/noticias\/2026\/03\/25\/memorias-de-arundhati-roy-entre-finalistas-do-women-s-prize-de-nao-ficcao\/#primaryimage"},"thumbnailUrl":"https:\/\/portaltela.pt\/s.01k8rhncp4jt1\/2026\/03\/image-136.webp","datePublished":"2026-03-25T18:23:00+00:00","author":{"@id":"https:\/\/portaltela.pt\/#\/schema\/person\/c4278d4a6028830caff9ee44b42d32ed"},"breadcrumb":{"@id":"https:\/\/portaltela.pt\/noticias\/2026\/03\/25\/memorias-de-arundhati-roy-entre-finalistas-do-women-s-prize-de-nao-ficcao\/#breadcrumb"},"inLanguage":"pt-PT","potentialAction":[{"@type":"ReadAction","target":["https:\/\/portaltela.pt\/noticias\/2026\/03\/25\/memorias-de-arundhati-roy-entre-finalistas-do-women-s-prize-de-nao-ficcao\/"]}]},{"@type":"ImageObject","inLanguage":"pt-PT","@id":"https:\/\/portaltela.pt\/noticias\/2026\/03\/25\/memorias-de-arundhati-roy-entre-finalistas-do-women-s-prize-de-nao-ficcao\/#primaryimage","url":"https:\/\/portaltela.pt\/s.01k8rhncp4jt1\/2026\/03\/image-136.webp","contentUrl":"https:\/\/portaltela.pt\/s.01k8rhncp4jt1\/2026\/03\/image-136.webp","width":1200,"height":800,"caption":"A escritora e ativista indiana Arundhati Roy"},{"@type":"BreadcrumbList","@id":"https:\/\/portaltela.pt\/noticias\/2026\/03\/25\/memorias-de-arundhati-roy-entre-finalistas-do-women-s-prize-de-nao-ficcao\/#breadcrumb","itemListElement":[{"@type":"ListItem","position":1,"name":"In\u00edcio","item":"https:\/\/portaltela.pt\/"},{"@type":"ListItem","position":2,"name":"Mem\u00f3rias de Arundhati Roy entre finalistas do Women&#8217;s Prize de n\u00e3o-fic\u00e7\u00e3o"}]},{"@type":"WebSite","@id":"https:\/\/portaltela.pt\/#website","url":"https:\/\/portaltela.pt\/","name":"Portal Tela Portugal","description":"","potentialAction":[{"@type":"SearchAction","target":{"@type":"EntryPoint","urlTemplate":"https:\/\/portaltela.pt\/?s={search_term_string}"},"query-input":{"@type":"PropertyValueSpecification","valueRequired":true,"valueName":"search_term_string"}}],"inLanguage":"pt-PT"},{"@type":"Person","@id":"https:\/\/portaltela.pt\/#\/schema\/person\/c4278d4a6028830caff9ee44b42d32ed","name":"Telinha","image":{"@type":"ImageObject","inLanguage":"pt-PT","@id":"https:\/\/portaltela.pt\/s.01k8rhncp4jt1\/2025\/11\/talking-bot-125x125.png","url":"https:\/\/portaltela.pt\/s.01k8rhncp4jt1\/2025\/11\/talking-bot-125x125.png","contentUrl":"https:\/\/portaltela.pt\/s.01k8rhncp4jt1\/2025\/11\/talking-bot-125x125.png","caption":"Telinha"},"sameAs":["https:\/\/portaltela.pt\/"],"url":"https:\/\/portaltela.pt\/por\/367410592786\/"}]}},"_links":{"self":[{"href":"https:\/\/portaltela.pt\/api\/wp\/v2\/posts\/421331","targetHints":{"allow":["GET"]}}],"collection":[{"href":"https:\/\/portaltela.pt\/api\/wp\/v2\/posts"}],"about":[{"href":"https:\/\/portaltela.pt\/api\/wp\/v2\/types\/post"}],"author":[{"embeddable":true,"href":"https:\/\/portaltela.pt\/api\/wp\/v2\/users\/2"}],"replies":[{"embeddable":true,"href":"https:\/\/portaltela.pt\/api\/wp\/v2\/comments?post=421331"}],"version-history":[{"count":0,"href":"https:\/\/portaltela.pt\/api\/wp\/v2\/posts\/421331\/revisions"}],"wp:featuredmedia":[{"embeddable":true,"href":"https:\/\/portaltela.pt\/api\/wp\/v2\/media\/421336"}],"wp:attachment":[{"href":"https:\/\/portaltela.pt\/api\/wp\/v2\/media?parent=421331"}],"wp:term":[{"taxonomy":"category","embeddable":true,"href":"https:\/\/portaltela.pt\/api\/wp\/v2\/categories?post=421331"},{"taxonomy":"post_tag","embeddable":true,"href":"https:\/\/portaltela.pt\/api\/wp\/v2\/tags?post=421331"}],"curies":[{"name":"wp","href":"https:\/\/api.w.org\/{rel}","templated":true}]}}