{"id":421327,"date":"2026-03-25T15:32:37","date_gmt":"2026-03-25T18:32:37","guid":{"rendered":"https:\/\/portaltela.pt\/noticias\/2026\/03\/25\/eid-al-fitr-longe-de-casa-a-vida-dos-libaneses-em-abrigos\/"},"modified":"2026-03-25T15:32:37","modified_gmt":"2026-03-25T18:32:37","slug":"eid-al-fitr-longe-de-casa-a-vida-dos-libaneses-em-abrigos","status":"publish","type":"post","link":"https:\/\/portaltela.pt\/conflitos\/2026\/03\/25\/eid-al-fitr-longe-de-casa-a-vida-dos-libaneses-em-abrigos\/","title":{"rendered":"Eid al-Fitr longe de casa: a vida dos libaneses em abrigos"},"content":{"rendered":"<p>A Euronews acompanhou a realidade de abrigos em Beirute no primeiro dia do Eid, m\u00eas em que as car\u00eancias ganham maior visibilidade. Deslocados do sul do L\u00edbano, fam\u00edlias convivem com condi\u00e7\u00f5es duras, tentando preservar alguns rituais sociais. A celebra\u00e7\u00e3o chega marcada pela dor e pela incerteza.<\/p>\n<p>No abrigo visitado, a alimenta\u00e7\u00e3o \u00e9 irregular e a higiene \u00e9 apenas aceit\u00e1vel. Os residentes relatam ajuda irregular e subs\u00eddios que chegam com atraso, enquanto as crian\u00e7as ficam sem op\u00e7\u00f5es de atividades recreativas nesta altura do Eid. Muitos recusam testemunhos por press\u00e3o psicol\u00f3gica.<\/p>\n<p>Entre os queixumes, a falta de cuidados de sa\u00fade e de medicamentos \u00e9 recorrente. Os idosos enfrentam doen\u00e7as j\u00e1 existentes, agravadas pela dist\u00e2ncia aos servi\u00e7os m\u00e9dicos. Os colch\u00f5es s\u00e3o insuficientes e inadequados \u00e0s necessidades di\u00e1rias.<\/p>\n<h3>Sobrelota\u00e7\u00e3o e falta de bens de primeira necessidade<\/h3>\n<p>O abrigo acolhe 416 pessoas de 114 fam\u00edlias, com graves car\u00eancias de \u00e1gua, p\u00e3o, leite em p\u00f3 para beb\u00e9s e outros itens b\u00e1sicos. Ahmed Hussein Dirani, respons\u00e1vel pelo abrigo, destaca a escassez de \u00e1gua como prioridade, aliada ao aumento dos pre\u00e7os de bens essenciais.<\/p>\n<p>A distribui\u00e7\u00e3o de recursos \u00e9 criticada pela perce\u00e7\u00e3o de desequil\u00edbrios entre fam\u00edlias de diferentes n\u00fameros. Associaciones s\u00e3o acusadas de registar nomes sem efetiva ajuda, enquanto algumas dona\u00e7\u00f5es parecem transformar-se em explora\u00e7\u00e3o.<\/p>\n<p>No conjunto de abrigos em Beirute, as autoridades libanesas indicaram 134 616 deslocados registados em 644 centros, com 33 949 fam\u00edlias alojadas nestas estruturas. A situa\u00e7\u00e3o evidencia a press\u00e3o crescente, mesmo com recursos limitados.<\/p>\n","protected":false},"excerpt":{"rendered":"<ul>\n<li>No primeiro dia do Eid, fam\u00edlias deslocadas Libanesas em Beirute vivem em abrigos com condi\u00e7\u00f5es dif\u00edceis e tentam manter rituais simples de celebra\u00e7\u00e3o.<\/li>\n<li>H\u00e1 recebimento irregular de ajuda, higiene \u00e9 aceit\u00e1vel mas deficiente e h\u00e1 falta de atividades recreativas para crian\u00e7as nos abrigos.<\/li>\n<li>Idosos e crian\u00e7as enfrentam sa\u00fade prec\u00e1ria, falta de cuidados m\u00e9dicos, leite, fraldas, p\u00e3o e \u00e1gua, com apenas uma refei\u00e7\u00e3o di\u00e1ria insuficiente para muitos.<\/li>\n<li>As \u00e1reas acolhedoras concentram muitas fam\u00edlias em espa\u00e7os estreitos; h\u00e1 car\u00eancia de camas adequadas, colch\u00f5es inadequados e condi\u00e7\u00f5es psicol\u00f3gicas de stress.<\/li>\n<li>Autoridades indicam 134.616 deslocados em 644 abrigos, correspondendo a 33.949 fam\u00edlias, com dificuldades na distribui\u00e7\u00e3o equitativa de \u00e1gua e alimentos e preocupa\u00e7\u00f5es com recursos limitados.<\/li>\n<\/ul>\n","protected":false},"author":2,"featured_media":421333,"comment_status":"closed","ping_status":"closed","sticky":false,"template":"","format":"standard","meta":{"footnotes":""},"categories":[6790],"tags":[1503,3094,5747,86,6552,4617],"class_list":["post-421327","post","type-post","status-publish","format-standard","has-post-thumbnail","hentry","category-conflitos","tag-abastecimento-de-agua","tag-abrigos","tag-ajuda-humanitaria","tag-alimentacao","tag-beirute","tag-deslocados"],"yoast_head":"<!-- This site is optimized with the Yoast SEO plugin v27.2 - https:\/\/yoast.com\/product\/yoast-seo-wordpress\/ -->\n<title>Eid al-Fitr longe de casa: a vida dos libaneses em abrigos - Portal Tela Portugal<\/title>\n<meta name=\"robots\" content=\"index, follow, max-snippet:-1, max-image-preview:large, max-video-preview:-1\" \/>\n<meta property=\"og:locale\" content=\"pt_PT\" \/>\n<meta property=\"og:type\" content=\"article\" \/>\n<meta property=\"og:title\" content=\"Eid al-Fitr longe de casa: a vida dos libaneses em abrigos - Portal Tela Portugal\" \/>\n<meta property=\"og:description\" content=\"No primeiro dia do Eid, fam\u00edlias deslocadas Libanesas em Beirute vivem em abrigos com condi\u00e7\u00f5es dif\u00edceis e tentam manter rituais simples de celebra\u00e7\u00e3o. H\u00e1 recebimento irregular de ajuda, higiene \u00e9 aceit\u00e1vel mas deficiente e h\u00e1 falta de atividades recreativas para crian\u00e7as nos abrigos. Idosos e crian\u00e7as enfrentam sa\u00fade prec\u00e1ria, falta de cuidados m\u00e9dicos, leite, fraldas, p\u00e3o e \u00e1gua, com apenas uma refei\u00e7\u00e3o di\u00e1ria insuficiente para muitos. As \u00e1reas acolhedoras concentram muitas fam\u00edlias em espa\u00e7os estreitos; h\u00e1 car\u00eancia de camas adequadas, colch\u00f5es inadequados e condi\u00e7\u00f5es psicol\u00f3gicas de stress. Autoridades indicam 134.616 deslocados em 644 abrigos, correspondendo a 33.949 fam\u00edlias, com dificuldades na distribui\u00e7\u00e3o equitativa de \u00e1gua e alimentos e preocupa\u00e7\u00f5es com recursos limitados.\" \/>\n<meta property=\"og:url\" content=\"https:\/\/portaltela.pt\/noticias\/2026\/03\/25\/eid-al-fitr-longe-de-casa-a-vida-dos-libaneses-em-abrigos\/\" \/>\n<meta property=\"og:site_name\" content=\"Portal Tela Portugal\" \/>\n<meta property=\"article:published_time\" content=\"2026-03-25T18:32:37+00:00\" \/>\n<meta name=\"author\" content=\"Telinha\" \/>\n<meta name=\"twitter:card\" content=\"summary_large_image\" \/>\n<meta name=\"twitter:label1\" content=\"Escrito por\" \/>\n\t<meta name=\"twitter:data1\" content=\"Telinha\" \/>\n\t<meta name=\"twitter:label2\" content=\"Tempo estimado de leitura\" \/>\n\t<meta name=\"twitter:data2\" content=\"1 minuto\" \/>\n<script type=\"application\/ld+json\" class=\"yoast-schema-graph\">{\"@context\":\"https:\/\/schema.org\",\"@graph\":[{\"@type\":\"Article\",\"@id\":\"https:\/\/portaltela.pt\/noticias\/2026\/03\/25\/eid-al-fitr-longe-de-casa-a-vida-dos-libaneses-em-abrigos\/#article\",\"isPartOf\":{\"@id\":\"https:\/\/portaltela.pt\/noticias\/2026\/03\/25\/eid-al-fitr-longe-de-casa-a-vida-dos-libaneses-em-abrigos\/\"},\"author\":{\"name\":\"Telinha\",\"@id\":\"https:\/\/portaltela.pt\/#\/schema\/person\/c4278d4a6028830caff9ee44b42d32ed\"},\"headline\":\"Eid al-Fitr longe de casa: a vida dos libaneses em abrigos\",\"datePublished\":\"2026-03-25T18:32:37+00:00\",\"mainEntityOfPage\":{\"@id\":\"https:\/\/portaltela.pt\/noticias\/2026\/03\/25\/eid-al-fitr-longe-de-casa-a-vida-dos-libaneses-em-abrigos\/\"},\"wordCount\":281,\"image\":{\"@id\":\"https:\/\/portaltela.pt\/noticias\/2026\/03\/25\/eid-al-fitr-longe-de-casa-a-vida-dos-libaneses-em-abrigos\/#primaryimage\"},\"thumbnailUrl\":\"https:\/\/portaltela.pt\/s.01k8rhncp4jt1\/2026\/03\/1536x864_cmsv2_c6c79507-5ee8-50c5-a62e-d07b7e00f820-9693777.jpg\",\"keywords\":[\"abastecimento de \u00e1gua\",\"abrigos\",\"ajuda humanit\u00e1ria\",\"alimenta\u00e7\u00e3o\",\"Beirute\",\"deslocados\"],\"articleSection\":[\"Conflitos\"],\"inLanguage\":\"pt-PT\"},{\"@type\":\"WebPage\",\"@id\":\"https:\/\/portaltela.pt\/noticias\/2026\/03\/25\/eid-al-fitr-longe-de-casa-a-vida-dos-libaneses-em-abrigos\/\",\"url\":\"https:\/\/portaltela.pt\/noticias\/2026\/03\/25\/eid-al-fitr-longe-de-casa-a-vida-dos-libaneses-em-abrigos\/\",\"name\":\"Eid al-Fitr longe de casa: a vida dos libaneses em abrigos - Portal Tela Portugal\",\"isPartOf\":{\"@id\":\"https:\/\/portaltela.pt\/#website\"},\"primaryImageOfPage\":{\"@id\":\"https:\/\/portaltela.pt\/noticias\/2026\/03\/25\/eid-al-fitr-longe-de-casa-a-vida-dos-libaneses-em-abrigos\/#primaryimage\"},\"image\":{\"@id\":\"https:\/\/portaltela.pt\/noticias\/2026\/03\/25\/eid-al-fitr-longe-de-casa-a-vida-dos-libaneses-em-abrigos\/#primaryimage\"},\"thumbnailUrl\":\"https:\/\/portaltela.pt\/s.01k8rhncp4jt1\/2026\/03\/1536x864_cmsv2_c6c79507-5ee8-50c5-a62e-d07b7e00f820-9693777.jpg\",\"datePublished\":\"2026-03-25T18:32:37+00:00\",\"author\":{\"@id\":\"https:\/\/portaltela.pt\/#\/schema\/person\/c4278d4a6028830caff9ee44b42d32ed\"},\"breadcrumb\":{\"@id\":\"https:\/\/portaltela.pt\/noticias\/2026\/03\/25\/eid-al-fitr-longe-de-casa-a-vida-dos-libaneses-em-abrigos\/#breadcrumb\"},\"inLanguage\":\"pt-PT\",\"potentialAction\":[{\"@type\":\"ReadAction\",\"target\":[\"https:\/\/portaltela.pt\/noticias\/2026\/03\/25\/eid-al-fitr-longe-de-casa-a-vida-dos-libaneses-em-abrigos\/\"]}]},{\"@type\":\"ImageObject\",\"inLanguage\":\"pt-PT\",\"@id\":\"https:\/\/portaltela.pt\/noticias\/2026\/03\/25\/eid-al-fitr-longe-de-casa-a-vida-dos-libaneses-em-abrigos\/#primaryimage\",\"url\":\"https:\/\/portaltela.pt\/s.01k8rhncp4jt1\/2026\/03\/1536x864_cmsv2_c6c79507-5ee8-50c5-a62e-d07b7e00f820-9693777.jpg\",\"contentUrl\":\"https:\/\/portaltela.pt\/s.01k8rhncp4jt1\/2026\/03\/1536x864_cmsv2_c6c79507-5ee8-50c5-a62e-d07b7e00f820-9693777.jpg\",\"width\":1536,\"height\":864,\"caption\":\"Uma mulher deslocada do sul do L\u00edbano senta-se em frente a uma escola transformada em abrigo na cidade de Saida, 20 de mar\u00e7o de 2026.\"},{\"@type\":\"BreadcrumbList\",\"@id\":\"https:\/\/portaltela.pt\/noticias\/2026\/03\/25\/eid-al-fitr-longe-de-casa-a-vida-dos-libaneses-em-abrigos\/#breadcrumb\",\"itemListElement\":[{\"@type\":\"ListItem\",\"position\":1,\"name\":\"In\u00edcio\",\"item\":\"https:\/\/portaltela.pt\/\"},{\"@type\":\"ListItem\",\"position\":2,\"name\":\"Eid al-Fitr longe de casa: a vida dos libaneses em abrigos\"}]},{\"@type\":\"WebSite\",\"@id\":\"https:\/\/portaltela.pt\/#website\",\"url\":\"https:\/\/portaltela.pt\/\",\"name\":\"Portal Tela Portugal\",\"description\":\"\",\"potentialAction\":[{\"@type\":\"SearchAction\",\"target\":{\"@type\":\"EntryPoint\",\"urlTemplate\":\"https:\/\/portaltela.pt\/?s={search_term_string}\"},\"query-input\":{\"@type\":\"PropertyValueSpecification\",\"valueRequired\":true,\"valueName\":\"search_term_string\"}}],\"inLanguage\":\"pt-PT\"},{\"@type\":\"Person\",\"@id\":\"https:\/\/portaltela.pt\/#\/schema\/person\/c4278d4a6028830caff9ee44b42d32ed\",\"name\":\"Telinha\",\"image\":{\"@type\":\"ImageObject\",\"inLanguage\":\"pt-PT\",\"@id\":\"https:\/\/portaltela.pt\/s.01k8rhncp4jt1\/2025\/11\/talking-bot-125x125.png\",\"url\":\"https:\/\/portaltela.pt\/s.01k8rhncp4jt1\/2025\/11\/talking-bot-125x125.png\",\"contentUrl\":\"https:\/\/portaltela.pt\/s.01k8rhncp4jt1\/2025\/11\/talking-bot-125x125.png\",\"caption\":\"Telinha\"},\"sameAs\":[\"https:\/\/portaltela.pt\/\"],\"url\":\"https:\/\/portaltela.pt\/por\/367410592786\/\"}]}<\/script>\n<!-- \/ Yoast SEO plugin. -->","yoast_head_json":{"title":"Eid al-Fitr longe de casa: a vida dos libaneses em abrigos - Portal Tela Portugal","robots":{"index":"index","follow":"follow","max-snippet":"max-snippet:-1","max-image-preview":"max-image-preview:large","max-video-preview":"max-video-preview:-1"},"og_locale":"pt_PT","og_type":"article","og_title":"Eid al-Fitr longe de casa: a vida dos libaneses em abrigos - Portal Tela Portugal","og_description":"No primeiro dia do Eid, fam\u00edlias deslocadas Libanesas em Beirute vivem em abrigos com condi\u00e7\u00f5es dif\u00edceis e tentam manter rituais simples de celebra\u00e7\u00e3o. H\u00e1 recebimento irregular de ajuda, higiene \u00e9 aceit\u00e1vel mas deficiente e h\u00e1 falta de atividades recreativas para crian\u00e7as nos abrigos. Idosos e crian\u00e7as enfrentam sa\u00fade prec\u00e1ria, falta de cuidados m\u00e9dicos, leite, fraldas, p\u00e3o e \u00e1gua, com apenas uma refei\u00e7\u00e3o di\u00e1ria insuficiente para muitos. As \u00e1reas acolhedoras concentram muitas fam\u00edlias em espa\u00e7os estreitos; h\u00e1 car\u00eancia de camas adequadas, colch\u00f5es inadequados e condi\u00e7\u00f5es psicol\u00f3gicas de stress. Autoridades indicam 134.616 deslocados em 644 abrigos, correspondendo a 33.949 fam\u00edlias, com dificuldades na distribui\u00e7\u00e3o equitativa de \u00e1gua e alimentos e preocupa\u00e7\u00f5es com recursos limitados.","og_url":"https:\/\/portaltela.pt\/noticias\/2026\/03\/25\/eid-al-fitr-longe-de-casa-a-vida-dos-libaneses-em-abrigos\/","og_site_name":"Portal Tela Portugal","article_published_time":"2026-03-25T18:32:37+00:00","author":"Telinha","twitter_card":"summary_large_image","twitter_misc":{"Escrito por":"Telinha","Tempo estimado de leitura":"1 minuto"},"schema":{"@context":"https:\/\/schema.org","@graph":[{"@type":"Article","@id":"https:\/\/portaltela.pt\/noticias\/2026\/03\/25\/eid-al-fitr-longe-de-casa-a-vida-dos-libaneses-em-abrigos\/#article","isPartOf":{"@id":"https:\/\/portaltela.pt\/noticias\/2026\/03\/25\/eid-al-fitr-longe-de-casa-a-vida-dos-libaneses-em-abrigos\/"},"author":{"name":"Telinha","@id":"https:\/\/portaltela.pt\/#\/schema\/person\/c4278d4a6028830caff9ee44b42d32ed"},"headline":"Eid al-Fitr longe de casa: a vida dos libaneses em abrigos","datePublished":"2026-03-25T18:32:37+00:00","mainEntityOfPage":{"@id":"https:\/\/portaltela.pt\/noticias\/2026\/03\/25\/eid-al-fitr-longe-de-casa-a-vida-dos-libaneses-em-abrigos\/"},"wordCount":281,"image":{"@id":"https:\/\/portaltela.pt\/noticias\/2026\/03\/25\/eid-al-fitr-longe-de-casa-a-vida-dos-libaneses-em-abrigos\/#primaryimage"},"thumbnailUrl":"https:\/\/portaltela.pt\/s.01k8rhncp4jt1\/2026\/03\/1536x864_cmsv2_c6c79507-5ee8-50c5-a62e-d07b7e00f820-9693777.jpg","keywords":["abastecimento de \u00e1gua","abrigos","ajuda humanit\u00e1ria","alimenta\u00e7\u00e3o","Beirute","deslocados"],"articleSection":["Conflitos"],"inLanguage":"pt-PT"},{"@type":"WebPage","@id":"https:\/\/portaltela.pt\/noticias\/2026\/03\/25\/eid-al-fitr-longe-de-casa-a-vida-dos-libaneses-em-abrigos\/","url":"https:\/\/portaltela.pt\/noticias\/2026\/03\/25\/eid-al-fitr-longe-de-casa-a-vida-dos-libaneses-em-abrigos\/","name":"Eid al-Fitr longe de casa: a vida dos libaneses em abrigos - Portal Tela Portugal","isPartOf":{"@id":"https:\/\/portaltela.pt\/#website"},"primaryImageOfPage":{"@id":"https:\/\/portaltela.pt\/noticias\/2026\/03\/25\/eid-al-fitr-longe-de-casa-a-vida-dos-libaneses-em-abrigos\/#primaryimage"},"image":{"@id":"https:\/\/portaltela.pt\/noticias\/2026\/03\/25\/eid-al-fitr-longe-de-casa-a-vida-dos-libaneses-em-abrigos\/#primaryimage"},"thumbnailUrl":"https:\/\/portaltela.pt\/s.01k8rhncp4jt1\/2026\/03\/1536x864_cmsv2_c6c79507-5ee8-50c5-a62e-d07b7e00f820-9693777.jpg","datePublished":"2026-03-25T18:32:37+00:00","author":{"@id":"https:\/\/portaltela.pt\/#\/schema\/person\/c4278d4a6028830caff9ee44b42d32ed"},"breadcrumb":{"@id":"https:\/\/portaltela.pt\/noticias\/2026\/03\/25\/eid-al-fitr-longe-de-casa-a-vida-dos-libaneses-em-abrigos\/#breadcrumb"},"inLanguage":"pt-PT","potentialAction":[{"@type":"ReadAction","target":["https:\/\/portaltela.pt\/noticias\/2026\/03\/25\/eid-al-fitr-longe-de-casa-a-vida-dos-libaneses-em-abrigos\/"]}]},{"@type":"ImageObject","inLanguage":"pt-PT","@id":"https:\/\/portaltela.pt\/noticias\/2026\/03\/25\/eid-al-fitr-longe-de-casa-a-vida-dos-libaneses-em-abrigos\/#primaryimage","url":"https:\/\/portaltela.pt\/s.01k8rhncp4jt1\/2026\/03\/1536x864_cmsv2_c6c79507-5ee8-50c5-a62e-d07b7e00f820-9693777.jpg","contentUrl":"https:\/\/portaltela.pt\/s.01k8rhncp4jt1\/2026\/03\/1536x864_cmsv2_c6c79507-5ee8-50c5-a62e-d07b7e00f820-9693777.jpg","width":1536,"height":864,"caption":"Uma mulher deslocada do sul do L\u00edbano senta-se em frente a uma escola transformada em abrigo na cidade de Saida, 20 de mar\u00e7o de 2026."},{"@type":"BreadcrumbList","@id":"https:\/\/portaltela.pt\/noticias\/2026\/03\/25\/eid-al-fitr-longe-de-casa-a-vida-dos-libaneses-em-abrigos\/#breadcrumb","itemListElement":[{"@type":"ListItem","position":1,"name":"In\u00edcio","item":"https:\/\/portaltela.pt\/"},{"@type":"ListItem","position":2,"name":"Eid al-Fitr longe de casa: a vida dos libaneses em abrigos"}]},{"@type":"WebSite","@id":"https:\/\/portaltela.pt\/#website","url":"https:\/\/portaltela.pt\/","name":"Portal Tela Portugal","description":"","potentialAction":[{"@type":"SearchAction","target":{"@type":"EntryPoint","urlTemplate":"https:\/\/portaltela.pt\/?s={search_term_string}"},"query-input":{"@type":"PropertyValueSpecification","valueRequired":true,"valueName":"search_term_string"}}],"inLanguage":"pt-PT"},{"@type":"Person","@id":"https:\/\/portaltela.pt\/#\/schema\/person\/c4278d4a6028830caff9ee44b42d32ed","name":"Telinha","image":{"@type":"ImageObject","inLanguage":"pt-PT","@id":"https:\/\/portaltela.pt\/s.01k8rhncp4jt1\/2025\/11\/talking-bot-125x125.png","url":"https:\/\/portaltela.pt\/s.01k8rhncp4jt1\/2025\/11\/talking-bot-125x125.png","contentUrl":"https:\/\/portaltela.pt\/s.01k8rhncp4jt1\/2025\/11\/talking-bot-125x125.png","caption":"Telinha"},"sameAs":["https:\/\/portaltela.pt\/"],"url":"https:\/\/portaltela.pt\/por\/367410592786\/"}]}},"_links":{"self":[{"href":"https:\/\/portaltela.pt\/api\/wp\/v2\/posts\/421327","targetHints":{"allow":["GET"]}}],"collection":[{"href":"https:\/\/portaltela.pt\/api\/wp\/v2\/posts"}],"about":[{"href":"https:\/\/portaltela.pt\/api\/wp\/v2\/types\/post"}],"author":[{"embeddable":true,"href":"https:\/\/portaltela.pt\/api\/wp\/v2\/users\/2"}],"replies":[{"embeddable":true,"href":"https:\/\/portaltela.pt\/api\/wp\/v2\/comments?post=421327"}],"version-history":[{"count":0,"href":"https:\/\/portaltela.pt\/api\/wp\/v2\/posts\/421327\/revisions"}],"wp:featuredmedia":[{"embeddable":true,"href":"https:\/\/portaltela.pt\/api\/wp\/v2\/media\/421333"}],"wp:attachment":[{"href":"https:\/\/portaltela.pt\/api\/wp\/v2\/media?parent=421327"}],"wp:term":[{"taxonomy":"category","embeddable":true,"href":"https:\/\/portaltela.pt\/api\/wp\/v2\/categories?post=421327"},{"taxonomy":"post_tag","embeddable":true,"href":"https:\/\/portaltela.pt\/api\/wp\/v2\/tags?post=421327"}],"curies":[{"name":"wp","href":"https:\/\/api.w.org\/{rel}","templated":true}]}}