{"id":421326,"date":"2026-03-25T15:25:00","date_gmt":"2026-03-25T18:25:00","guid":{"rendered":"https:\/\/portaltela.pt\/noticias\/2026\/03\/25\/urgencia-regional-de-obstetricia-da-peninsula-de-setubal-abre-a-15-de-abril-2\/"},"modified":"2026-03-25T15:25:00","modified_gmt":"2026-03-25T18:25:00","slug":"urgencia-regional-de-obstetricia-da-peninsula-de-setubal-abre-a-15-de-abril-2","status":"publish","type":"post","link":"https:\/\/portaltela.pt\/saude\/2026\/03\/25\/urgencia-regional-de-obstetricia-da-peninsula-de-setubal-abre-a-15-de-abril-2\/","title":{"rendered":"Urg\u00eancia regional de obstetr\u00edcia da Pen\u00ednsula de Set\u00fabal abre a 15 de abril"},"content":{"rendered":"<p>A urg\u00eancia regional de Ginecologia e Obstetr\u00edcia da Pen\u00ednsula de Set\u00fabal come\u00e7a a funcionar no dia 15 de abril, segundo o diretor executivo do SNS. O objetivo \u00e9 centralizar os servi\u00e7os, assegurando resposta mais r\u00e1pida em duas unidades hospitalares.<\/p>\n<p>O arranque envolve um protocolo entre a Dire\u00e7\u00e3o Executiva do SNS e as ULS de Almada-Seixal, Arco Ribeirinho (Barreiro) e Arr\u00e1bida (Set\u00fabal). O funcionamento entra em vigor \u00e0s 09:00 do dia 15 de abril de 2026.<\/p>\n<p>A nova urg\u00eancia centralizada ter\u00e1 dois polos: o Hospital Garcia de Orta, em Almada, com apoio perinatal diferenciado, e o Hospital de S\u00e3o Bernardo, em Set\u00fabal. O Garcia de Orta ser\u00e1 o hospital sede da urg\u00eancia regional.<\/p>\n<h3>Estrutura e funcionamento<\/h3>\n<p>O segundo polo, no S\u00e3o Bernardo, serve a popula\u00e7\u00e3o de Set\u00fabal, Alc\u00e1cer do Sal, Gr\u00e2ndola, Palmela, Santiago do Cac\u00e9m, Sesimbra e Sines. As tr\u00eas ULS manter\u00e3o atividades programadas de ginecologia e obstetr\u00edcia.<\/p>\n<p>A organiza\u00e7\u00e3o prev\u00ea que o Garcia de Orta tenha maioria de profissionais da ULS Almada-Seixal, com parte da Arco Ribeirinho. O polo de Set\u00fabal contar\u00e1 principalmente com a equipa da Arr\u00e1bida.<\/p>\n<p>Em situa\u00e7\u00f5es de necessidade, a distribui\u00e7\u00e3o de equipas pode adaptar-se, permitindo que qualquer ULS preste servi\u00e7o em ambos os polos. A regra privilegia o Garcia de Orta e o S\u00e3o Bernardo conforme a \u00e1rea de influ\u00eancia.<\/p>\n<p>As ULS assumem responsabilidade solid\u00e1ria para assegurar o funcionamento cont\u00ednuo e atempado, com avalia\u00e7\u00e3o semestral do modelo, dada a car\u00eancia de profissionais especializados.<\/p>\n<p>Em caso de urg\u00eancia, as gr\u00e1vidas devem contactar a linha SNS 24 Gr\u00e1vida para orienta\u00e7\u00e3o e encaminhamento ao servi\u00e7o adequado, seja urg\u00eancia, consulta ou centro de sa\u00fade.<\/p>\n","protected":false},"excerpt":{"rendered":"<ul>\n<li>A urg\u00eancia centralizada de obstetr\u00edcia da Pen\u00ednsula de Set\u00fabal come\u00e7a a funcionar \u00e0s 09:00 de 15 de abril de 2026, em dois polos: no Hospital Garcia de Orta, em Almada, e no Hospital de S\u00e3o Bernardo, em Set\u00fabal.<\/li>\n<li>O hospital sede ser\u00e1 o Garcia de Orta, com apoio perinatal diferenciando, enquanto o segundo polo em Set\u00fabal assegura a urg\u00eancia para a popula\u00e7\u00e3o da sua \u00e1rea de influ\u00eancia.<\/li>\n<li>As ULS Almada-Seixal, Arco Ribeirinho e Arr\u00e1bida mant\u00eam a atividade programada em ginecologia e obstetr\u00edcia, incluindo partos programados nas respetivas ULS.<\/li>\n<li>A distribui\u00e7\u00e3o inicial de profissionais prev\u00ea, para o Garcia de Orta, maioria da ULS Almada-Seixal (80%) e parte da Arco Ribeirinho (20%), com Set\u00fabal a ficar a cargo da Arr\u00e1bida; a distribui\u00e7\u00e3o pode alterar-se conforme necessidade.<\/li>\n<li>O modelo \u00e9 solid\u00e1rio entre as ULS, com avalia\u00e7\u00f5es semestrais e possibilidade de utiliza\u00e7\u00e3o de profissionais de v\u00e1rias ULS; em caso de urg\u00eancia, a linha SNS 24 Gr\u00e1vida orienta encaminhamentos.<\/li>\n<\/ul>\n","protected":false},"author":2,"featured_media":421335,"comment_status":"closed","ping_status":"closed","sticky":false,"template":"","format":"standard","meta":{"footnotes":""},"categories":[1,6745],"tags":[1373,7508,1520,2217,1402,994],"class_list":["post-421326","post","type-post","status-publish","format-standard","has-post-thumbnail","hentry","category-noticias","category-saude","tag-almada","tag-arrabida","tag-garcia-de-orta","tag-ginecologia-obstetricia","tag-obstetricia","tag-setubal"],"yoast_head":"<!-- This site is optimized with the Yoast SEO plugin v27.2 - https:\/\/yoast.com\/product\/yoast-seo-wordpress\/ -->\n<title>Urg\u00eancia regional de obstetr\u00edcia da Pen\u00ednsula de Set\u00fabal abre a 15 de abril - Portal Tela Portugal<\/title>\n<meta name=\"robots\" content=\"index, follow, max-snippet:-1, max-image-preview:large, max-video-preview:-1\" \/>\n<meta property=\"og:locale\" content=\"pt_PT\" \/>\n<meta property=\"og:type\" content=\"article\" \/>\n<meta property=\"og:title\" content=\"Urg\u00eancia regional de obstetr\u00edcia da Pen\u00ednsula de Set\u00fabal abre a 15 de abril - Portal Tela Portugal\" \/>\n<meta property=\"og:description\" content=\"A urg\u00eancia centralizada de obstetr\u00edcia da Pen\u00ednsula de Set\u00fabal come\u00e7a a funcionar \u00e0s 09:00 de 15 de abril de 2026, em dois polos: no Hospital Garcia de Orta, em Almada, e no Hospital de S\u00e3o Bernardo, em Set\u00fabal. O hospital sede ser\u00e1 o Garcia de Orta, com apoio perinatal diferenciando, enquanto o segundo polo em Set\u00fabal assegura a urg\u00eancia para a popula\u00e7\u00e3o da sua \u00e1rea de influ\u00eancia. As ULS Almada-Seixal, Arco Ribeirinho e Arr\u00e1bida mant\u00eam a atividade programada em ginecologia e obstetr\u00edcia, incluindo partos programados nas respetivas ULS. A distribui\u00e7\u00e3o inicial de profissionais prev\u00ea, para o Garcia de Orta, maioria da ULS Almada-Seixal (80%) e parte da Arco Ribeirinho (20%), com Set\u00fabal a ficar a cargo da Arr\u00e1bida; a distribui\u00e7\u00e3o pode alterar-se conforme necessidade. O modelo \u00e9 solid\u00e1rio entre as ULS, com avalia\u00e7\u00f5es semestrais e possibilidade de utiliza\u00e7\u00e3o de profissionais de v\u00e1rias ULS; em caso de urg\u00eancia, a linha SNS 24 Gr\u00e1vida orienta encaminhamentos.\" \/>\n<meta property=\"og:url\" content=\"https:\/\/portaltela.pt\/noticias\/2026\/03\/25\/urgencia-regional-de-obstetricia-da-peninsula-de-setubal-abre-a-15-de-abril-2\/\" \/>\n<meta property=\"og:site_name\" content=\"Portal Tela Portugal\" \/>\n<meta property=\"article:published_time\" content=\"2026-03-25T18:25:00+00:00\" \/>\n<meta name=\"author\" content=\"Telinha\" \/>\n<meta name=\"twitter:card\" content=\"summary_large_image\" \/>\n<meta name=\"twitter:label1\" content=\"Escrito por\" \/>\n\t<meta name=\"twitter:data1\" content=\"Telinha\" \/>\n\t<meta name=\"twitter:label2\" content=\"Tempo estimado de leitura\" \/>\n\t<meta name=\"twitter:data2\" content=\"2 minutos\" \/>\n<script type=\"application\/ld+json\" class=\"yoast-schema-graph\">{\"@context\":\"https:\/\/schema.org\",\"@graph\":[{\"@type\":\"Article\",\"@id\":\"https:\/\/portaltela.pt\/noticias\/2026\/03\/25\/urgencia-regional-de-obstetricia-da-peninsula-de-setubal-abre-a-15-de-abril-2\/#article\",\"isPartOf\":{\"@id\":\"https:\/\/portaltela.pt\/noticias\/2026\/03\/25\/urgencia-regional-de-obstetricia-da-peninsula-de-setubal-abre-a-15-de-abril-2\/\"},\"author\":{\"name\":\"Telinha\",\"@id\":\"https:\/\/portaltela.pt\/#\/schema\/person\/c4278d4a6028830caff9ee44b42d32ed\"},\"headline\":\"Urg\u00eancia regional de obstetr\u00edcia da Pen\u00ednsula de Set\u00fabal abre a 15 de abril\",\"datePublished\":\"2026-03-25T18:25:00+00:00\",\"mainEntityOfPage\":{\"@id\":\"https:\/\/portaltela.pt\/noticias\/2026\/03\/25\/urgencia-regional-de-obstetricia-da-peninsula-de-setubal-abre-a-15-de-abril-2\/\"},\"wordCount\":316,\"image\":{\"@id\":\"https:\/\/portaltela.pt\/noticias\/2026\/03\/25\/urgencia-regional-de-obstetricia-da-peninsula-de-setubal-abre-a-15-de-abril-2\/#primaryimage\"},\"thumbnailUrl\":\"https:\/\/portaltela.pt\/s.01k8rhncp4jt1\/2026\/03\/image-136.webp\",\"keywords\":[\"Almada\",\"Arr\u00e1bida\",\"Garcia de Orta\",\"Ginecologia\/Obstetr\u00edcia\",\"Obstetr\u00edcia\",\"Set\u00fabal\"],\"articleSection\":[\"Not\u00edcias\",\"Sa\u00fade\"],\"inLanguage\":\"pt-PT\"},{\"@type\":\"WebPage\",\"@id\":\"https:\/\/portaltela.pt\/noticias\/2026\/03\/25\/urgencia-regional-de-obstetricia-da-peninsula-de-setubal-abre-a-15-de-abril-2\/\",\"url\":\"https:\/\/portaltela.pt\/noticias\/2026\/03\/25\/urgencia-regional-de-obstetricia-da-peninsula-de-setubal-abre-a-15-de-abril-2\/\",\"name\":\"Urg\u00eancia regional de obstetr\u00edcia da Pen\u00ednsula de Set\u00fabal abre a 15 de abril - Portal Tela Portugal\",\"isPartOf\":{\"@id\":\"https:\/\/portaltela.pt\/#website\"},\"primaryImageOfPage\":{\"@id\":\"https:\/\/portaltela.pt\/noticias\/2026\/03\/25\/urgencia-regional-de-obstetricia-da-peninsula-de-setubal-abre-a-15-de-abril-2\/#primaryimage\"},\"image\":{\"@id\":\"https:\/\/portaltela.pt\/noticias\/2026\/03\/25\/urgencia-regional-de-obstetricia-da-peninsula-de-setubal-abre-a-15-de-abril-2\/#primaryimage\"},\"thumbnailUrl\":\"https:\/\/portaltela.pt\/s.01k8rhncp4jt1\/2026\/03\/image-136.webp\",\"datePublished\":\"2026-03-25T18:25:00+00:00\",\"author\":{\"@id\":\"https:\/\/portaltela.pt\/#\/schema\/person\/c4278d4a6028830caff9ee44b42d32ed\"},\"breadcrumb\":{\"@id\":\"https:\/\/portaltela.pt\/noticias\/2026\/03\/25\/urgencia-regional-de-obstetricia-da-peninsula-de-setubal-abre-a-15-de-abril-2\/#breadcrumb\"},\"inLanguage\":\"pt-PT\",\"potentialAction\":[{\"@type\":\"ReadAction\",\"target\":[\"https:\/\/portaltela.pt\/noticias\/2026\/03\/25\/urgencia-regional-de-obstetricia-da-peninsula-de-setubal-abre-a-15-de-abril-2\/\"]}]},{\"@type\":\"ImageObject\",\"inLanguage\":\"pt-PT\",\"@id\":\"https:\/\/portaltela.pt\/noticias\/2026\/03\/25\/urgencia-regional-de-obstetricia-da-peninsula-de-setubal-abre-a-15-de-abril-2\/#primaryimage\",\"url\":\"https:\/\/portaltela.pt\/s.01k8rhncp4jt1\/2026\/03\/image-136.webp\",\"contentUrl\":\"https:\/\/portaltela.pt\/s.01k8rhncp4jt1\/2026\/03\/image-136.webp\",\"width\":1200,\"height\":800,\"caption\":\"Foto: Pedro Correia\/Arquivo\"},{\"@type\":\"BreadcrumbList\",\"@id\":\"https:\/\/portaltela.pt\/noticias\/2026\/03\/25\/urgencia-regional-de-obstetricia-da-peninsula-de-setubal-abre-a-15-de-abril-2\/#breadcrumb\",\"itemListElement\":[{\"@type\":\"ListItem\",\"position\":1,\"name\":\"In\u00edcio\",\"item\":\"https:\/\/portaltela.pt\/\"},{\"@type\":\"ListItem\",\"position\":2,\"name\":\"Urg\u00eancia regional de obstetr\u00edcia da Pen\u00ednsula de Set\u00fabal abre a 15 de abril\"}]},{\"@type\":\"WebSite\",\"@id\":\"https:\/\/portaltela.pt\/#website\",\"url\":\"https:\/\/portaltela.pt\/\",\"name\":\"Portal Tela Portugal\",\"description\":\"\",\"potentialAction\":[{\"@type\":\"SearchAction\",\"target\":{\"@type\":\"EntryPoint\",\"urlTemplate\":\"https:\/\/portaltela.pt\/?s={search_term_string}\"},\"query-input\":{\"@type\":\"PropertyValueSpecification\",\"valueRequired\":true,\"valueName\":\"search_term_string\"}}],\"inLanguage\":\"pt-PT\"},{\"@type\":\"Person\",\"@id\":\"https:\/\/portaltela.pt\/#\/schema\/person\/c4278d4a6028830caff9ee44b42d32ed\",\"name\":\"Telinha\",\"image\":{\"@type\":\"ImageObject\",\"inLanguage\":\"pt-PT\",\"@id\":\"https:\/\/portaltela.pt\/s.01k8rhncp4jt1\/2025\/11\/talking-bot-125x125.png\",\"url\":\"https:\/\/portaltela.pt\/s.01k8rhncp4jt1\/2025\/11\/talking-bot-125x125.png\",\"contentUrl\":\"https:\/\/portaltela.pt\/s.01k8rhncp4jt1\/2025\/11\/talking-bot-125x125.png\",\"caption\":\"Telinha\"},\"sameAs\":[\"https:\/\/portaltela.pt\/\"],\"url\":\"https:\/\/portaltela.pt\/por\/367410592786\/\"}]}<\/script>\n<!-- \/ Yoast SEO plugin. -->","yoast_head_json":{"title":"Urg\u00eancia regional de obstetr\u00edcia da Pen\u00ednsula de Set\u00fabal abre a 15 de abril - Portal Tela Portugal","robots":{"index":"index","follow":"follow","max-snippet":"max-snippet:-1","max-image-preview":"max-image-preview:large","max-video-preview":"max-video-preview:-1"},"og_locale":"pt_PT","og_type":"article","og_title":"Urg\u00eancia regional de obstetr\u00edcia da Pen\u00ednsula de Set\u00fabal abre a 15 de abril - Portal Tela Portugal","og_description":"A urg\u00eancia centralizada de obstetr\u00edcia da Pen\u00ednsula de Set\u00fabal come\u00e7a a funcionar \u00e0s 09:00 de 15 de abril de 2026, em dois polos: no Hospital Garcia de Orta, em Almada, e no Hospital de S\u00e3o Bernardo, em Set\u00fabal. O hospital sede ser\u00e1 o Garcia de Orta, com apoio perinatal diferenciando, enquanto o segundo polo em Set\u00fabal assegura a urg\u00eancia para a popula\u00e7\u00e3o da sua \u00e1rea de influ\u00eancia. As ULS Almada-Seixal, Arco Ribeirinho e Arr\u00e1bida mant\u00eam a atividade programada em ginecologia e obstetr\u00edcia, incluindo partos programados nas respetivas ULS. A distribui\u00e7\u00e3o inicial de profissionais prev\u00ea, para o Garcia de Orta, maioria da ULS Almada-Seixal (80%) e parte da Arco Ribeirinho (20%), com Set\u00fabal a ficar a cargo da Arr\u00e1bida; a distribui\u00e7\u00e3o pode alterar-se conforme necessidade. O modelo \u00e9 solid\u00e1rio entre as ULS, com avalia\u00e7\u00f5es semestrais e possibilidade de utiliza\u00e7\u00e3o de profissionais de v\u00e1rias ULS; em caso de urg\u00eancia, a linha SNS 24 Gr\u00e1vida orienta encaminhamentos.","og_url":"https:\/\/portaltela.pt\/noticias\/2026\/03\/25\/urgencia-regional-de-obstetricia-da-peninsula-de-setubal-abre-a-15-de-abril-2\/","og_site_name":"Portal Tela Portugal","article_published_time":"2026-03-25T18:25:00+00:00","author":"Telinha","twitter_card":"summary_large_image","twitter_misc":{"Escrito por":"Telinha","Tempo estimado de leitura":"2 minutos"},"schema":{"@context":"https:\/\/schema.org","@graph":[{"@type":"Article","@id":"https:\/\/portaltela.pt\/noticias\/2026\/03\/25\/urgencia-regional-de-obstetricia-da-peninsula-de-setubal-abre-a-15-de-abril-2\/#article","isPartOf":{"@id":"https:\/\/portaltela.pt\/noticias\/2026\/03\/25\/urgencia-regional-de-obstetricia-da-peninsula-de-setubal-abre-a-15-de-abril-2\/"},"author":{"name":"Telinha","@id":"https:\/\/portaltela.pt\/#\/schema\/person\/c4278d4a6028830caff9ee44b42d32ed"},"headline":"Urg\u00eancia regional de obstetr\u00edcia da Pen\u00ednsula de Set\u00fabal abre a 15 de abril","datePublished":"2026-03-25T18:25:00+00:00","mainEntityOfPage":{"@id":"https:\/\/portaltela.pt\/noticias\/2026\/03\/25\/urgencia-regional-de-obstetricia-da-peninsula-de-setubal-abre-a-15-de-abril-2\/"},"wordCount":316,"image":{"@id":"https:\/\/portaltela.pt\/noticias\/2026\/03\/25\/urgencia-regional-de-obstetricia-da-peninsula-de-setubal-abre-a-15-de-abril-2\/#primaryimage"},"thumbnailUrl":"https:\/\/portaltela.pt\/s.01k8rhncp4jt1\/2026\/03\/image-136.webp","keywords":["Almada","Arr\u00e1bida","Garcia de Orta","Ginecologia\/Obstetr\u00edcia","Obstetr\u00edcia","Set\u00fabal"],"articleSection":["Not\u00edcias","Sa\u00fade"],"inLanguage":"pt-PT"},{"@type":"WebPage","@id":"https:\/\/portaltela.pt\/noticias\/2026\/03\/25\/urgencia-regional-de-obstetricia-da-peninsula-de-setubal-abre-a-15-de-abril-2\/","url":"https:\/\/portaltela.pt\/noticias\/2026\/03\/25\/urgencia-regional-de-obstetricia-da-peninsula-de-setubal-abre-a-15-de-abril-2\/","name":"Urg\u00eancia regional de obstetr\u00edcia da Pen\u00ednsula de Set\u00fabal abre a 15 de abril - Portal Tela Portugal","isPartOf":{"@id":"https:\/\/portaltela.pt\/#website"},"primaryImageOfPage":{"@id":"https:\/\/portaltela.pt\/noticias\/2026\/03\/25\/urgencia-regional-de-obstetricia-da-peninsula-de-setubal-abre-a-15-de-abril-2\/#primaryimage"},"image":{"@id":"https:\/\/portaltela.pt\/noticias\/2026\/03\/25\/urgencia-regional-de-obstetricia-da-peninsula-de-setubal-abre-a-15-de-abril-2\/#primaryimage"},"thumbnailUrl":"https:\/\/portaltela.pt\/s.01k8rhncp4jt1\/2026\/03\/image-136.webp","datePublished":"2026-03-25T18:25:00+00:00","author":{"@id":"https:\/\/portaltela.pt\/#\/schema\/person\/c4278d4a6028830caff9ee44b42d32ed"},"breadcrumb":{"@id":"https:\/\/portaltela.pt\/noticias\/2026\/03\/25\/urgencia-regional-de-obstetricia-da-peninsula-de-setubal-abre-a-15-de-abril-2\/#breadcrumb"},"inLanguage":"pt-PT","potentialAction":[{"@type":"ReadAction","target":["https:\/\/portaltela.pt\/noticias\/2026\/03\/25\/urgencia-regional-de-obstetricia-da-peninsula-de-setubal-abre-a-15-de-abril-2\/"]}]},{"@type":"ImageObject","inLanguage":"pt-PT","@id":"https:\/\/portaltela.pt\/noticias\/2026\/03\/25\/urgencia-regional-de-obstetricia-da-peninsula-de-setubal-abre-a-15-de-abril-2\/#primaryimage","url":"https:\/\/portaltela.pt\/s.01k8rhncp4jt1\/2026\/03\/image-136.webp","contentUrl":"https:\/\/portaltela.pt\/s.01k8rhncp4jt1\/2026\/03\/image-136.webp","width":1200,"height":800,"caption":"Foto: Pedro Correia\/Arquivo"},{"@type":"BreadcrumbList","@id":"https:\/\/portaltela.pt\/noticias\/2026\/03\/25\/urgencia-regional-de-obstetricia-da-peninsula-de-setubal-abre-a-15-de-abril-2\/#breadcrumb","itemListElement":[{"@type":"ListItem","position":1,"name":"In\u00edcio","item":"https:\/\/portaltela.pt\/"},{"@type":"ListItem","position":2,"name":"Urg\u00eancia regional de obstetr\u00edcia da Pen\u00ednsula de Set\u00fabal abre a 15 de abril"}]},{"@type":"WebSite","@id":"https:\/\/portaltela.pt\/#website","url":"https:\/\/portaltela.pt\/","name":"Portal Tela Portugal","description":"","potentialAction":[{"@type":"SearchAction","target":{"@type":"EntryPoint","urlTemplate":"https:\/\/portaltela.pt\/?s={search_term_string}"},"query-input":{"@type":"PropertyValueSpecification","valueRequired":true,"valueName":"search_term_string"}}],"inLanguage":"pt-PT"},{"@type":"Person","@id":"https:\/\/portaltela.pt\/#\/schema\/person\/c4278d4a6028830caff9ee44b42d32ed","name":"Telinha","image":{"@type":"ImageObject","inLanguage":"pt-PT","@id":"https:\/\/portaltela.pt\/s.01k8rhncp4jt1\/2025\/11\/talking-bot-125x125.png","url":"https:\/\/portaltela.pt\/s.01k8rhncp4jt1\/2025\/11\/talking-bot-125x125.png","contentUrl":"https:\/\/portaltela.pt\/s.01k8rhncp4jt1\/2025\/11\/talking-bot-125x125.png","caption":"Telinha"},"sameAs":["https:\/\/portaltela.pt\/"],"url":"https:\/\/portaltela.pt\/por\/367410592786\/"}]}},"_links":{"self":[{"href":"https:\/\/portaltela.pt\/api\/wp\/v2\/posts\/421326","targetHints":{"allow":["GET"]}}],"collection":[{"href":"https:\/\/portaltela.pt\/api\/wp\/v2\/posts"}],"about":[{"href":"https:\/\/portaltela.pt\/api\/wp\/v2\/types\/post"}],"author":[{"embeddable":true,"href":"https:\/\/portaltela.pt\/api\/wp\/v2\/users\/2"}],"replies":[{"embeddable":true,"href":"https:\/\/portaltela.pt\/api\/wp\/v2\/comments?post=421326"}],"version-history":[{"count":0,"href":"https:\/\/portaltela.pt\/api\/wp\/v2\/posts\/421326\/revisions"}],"wp:featuredmedia":[{"embeddable":true,"href":"https:\/\/portaltela.pt\/api\/wp\/v2\/media\/421335"}],"wp:attachment":[{"href":"https:\/\/portaltela.pt\/api\/wp\/v2\/media?parent=421326"}],"wp:term":[{"taxonomy":"category","embeddable":true,"href":"https:\/\/portaltela.pt\/api\/wp\/v2\/categories?post=421326"},{"taxonomy":"post_tag","embeddable":true,"href":"https:\/\/portaltela.pt\/api\/wp\/v2\/tags?post=421326"}],"curies":[{"name":"wp","href":"https:\/\/api.w.org\/{rel}","templated":true}]}}