{"id":421317,"date":"2026-03-25T15:30:00","date_gmt":"2026-03-25T18:30:00","guid":{"rendered":"https:\/\/portaltela.pt\/noticias\/2026\/03\/25\/ines-castel-branco-descreve-gravacoes-da-novela-madrasta-como-emotivas\/"},"modified":"2026-03-25T15:30:00","modified_gmt":"2026-03-25T18:30:00","slug":"ines-castel-branco-descreve-gravacoes-da-novela-madrasta-como-emotivas","status":"publish","type":"post","link":"https:\/\/portaltela.pt\/series-e-filmes\/2026\/03\/25\/ines-castel-branco-descreve-gravacoes-da-novela-madrasta-como-emotivas\/","title":{"rendered":"In\u00eas Castel-Branco descreve grava\u00e7\u00f5es da novela Madrasta como emotivas"},"content":{"rendered":"<p>In\u00eas Castel-Branco est\u00e1 de volta \u00e0 televis\u00e3o com a novela A Madrasta, da TVI, depois de quase dois anos afastada das novelas e de uma temporada dedicada ao teatro. As grava\u00e7\u00f5es j\u00e1 arrancaram, e a atriz revela estar feliz com o grupo e com o texto, destacando o papel como uma das suas melhores experi\u00eancias recentes. O enredo combina melodrama com uma atmosfera de thriller, envolvendo uma busca pelo assassino que lhe acrescenta intensidade.<\/p>\n<p>A atriz descreve as primeiras cenas gravadas, incluindo uma deten\u00e7\u00e3o e uma pris\u00e3o, como momentos extremamente emocionantes e desafiantes. A preparar-se para entender o ambiente carcer\u00e1rio, pediu autoriza\u00e7\u00e3o para visitar um estabelecimento prisional, mas o mau tempo em Portugal inviabilizou o plano. Ainda assim, destaca o interesse pela tem\u00e1tica das pris\u00f5es, especialmente em contextos internacionais, j\u00e1 que a sua personagem fica encarcerada no estrangeiro.<\/p>\n<p>A Madrasta marca o reencontro de Castel-Branco com antigos colegas de trabalho, ap\u00f3s o projeto Cacau, em 2024. A atriz afirma estar a sentir uma energia renovada e prefere alternar entre televis\u00e3o e teatro ao longo do ano. O regresso tamb\u00e9m permitiu-lhe dedicar mais tempo \u00e0 vida pessoal, incluindo o filho, que mudou de escola, e \u00e0 prepara\u00e7\u00e3o f\u00edsica e a terapias. O conjunto de experi\u00eancias anteriores levou-a a sentir-se mais preparada para este desafio, afirmando que o trabalho atual parece ter exigido uma dedica\u00e7\u00e3o de muitos anos.<\/p>\n","protected":false},"excerpt":{"rendered":"<ul>\n<li>In\u00eas Castel-Branco voltou \u00e0 televis\u00e3o na novela A Madrasta, da TVI, com grava\u00e7\u00f5es j\u00e1 em curso e sem data de estreia definida.<\/li>\n<li>A atriz descreve o papel como entusiasmante, com componente policial, thriller e drama, e acredita que a novela ter\u00e1 sucesso.<\/li>\n<li>As primeiras cenas gravadas envolveram deten\u00e7\u00e3o e pris\u00e3o, marcadas por grande emotividade e choro.<\/li>\n<li>Tentou visitar uma pris\u00e3o para perceber o ambiente, mas o mau tempo em Portugal inviabilizou a ida; a personagem \u00e9 algu\u00e9m presa no estrangeiro.<\/li>\n<li>Ap\u00f3s Cacau, em 2024, a atriz junta o teatro e a televis\u00e3o, referindo que este regresso tamb\u00e9m permitiu cuidar da vida pessoal, incluindo o filho, com treino e terapias.<\/li>\n<\/ul>\n","protected":false},"author":2,"featured_media":421324,"comment_status":"closed","ping_status":"closed","sticky":false,"template":"","format":"standard","meta":{"footnotes":""},"categories":[12,7368],"tags":[762,6598,7507,131,4343,119],"class_list":["post-421317","post","type-post","status-publish","format-standard","has-post-thumbnail","hentry","category-entretenimento","category-series-e-filmes","tag-artistas","tag-entretenimento","tag-ines-castel-branco","tag-novelas","tag-prisoes","tag-teatro"],"yoast_head":"<!-- This site is optimized with the Yoast SEO plugin v27.2 - https:\/\/yoast.com\/product\/yoast-seo-wordpress\/ -->\n<title>In\u00eas Castel-Branco descreve grava\u00e7\u00f5es da novela Madrasta como emotivas - Portal Tela Portugal<\/title>\n<meta name=\"robots\" content=\"index, follow, max-snippet:-1, max-image-preview:large, max-video-preview:-1\" \/>\n<meta property=\"og:locale\" content=\"pt_PT\" \/>\n<meta property=\"og:type\" content=\"article\" \/>\n<meta property=\"og:title\" content=\"In\u00eas Castel-Branco descreve grava\u00e7\u00f5es da novela Madrasta como emotivas - Portal Tela Portugal\" \/>\n<meta property=\"og:description\" content=\"In\u00eas Castel-Branco voltou \u00e0 televis\u00e3o na novela A Madrasta, da TVI, com grava\u00e7\u00f5es j\u00e1 em curso e sem data de estreia definida. A atriz descreve o papel como entusiasmante, com componente policial, thriller e drama, e acredita que a novela ter\u00e1 sucesso. As primeiras cenas gravadas envolveram deten\u00e7\u00e3o e pris\u00e3o, marcadas por grande emotividade e choro. Tentou visitar uma pris\u00e3o para perceber o ambiente, mas o mau tempo em Portugal inviabilizou a ida; a personagem \u00e9 algu\u00e9m presa no estrangeiro. Ap\u00f3s Cacau, em 2024, a atriz junta o teatro e a televis\u00e3o, referindo que este regresso tamb\u00e9m permitiu cuidar da vida pessoal, incluindo o filho, com treino e terapias.\" \/>\n<meta property=\"og:url\" content=\"https:\/\/portaltela.pt\/noticias\/2026\/03\/25\/ines-castel-branco-descreve-gravacoes-da-novela-madrasta-como-emotivas\/\" \/>\n<meta property=\"og:site_name\" content=\"Portal Tela Portugal\" \/>\n<meta property=\"article:published_time\" content=\"2026-03-25T18:30:00+00:00\" \/>\n<meta name=\"author\" content=\"Telinha\" \/>\n<meta name=\"twitter:card\" content=\"summary_large_image\" \/>\n<meta name=\"twitter:label1\" content=\"Escrito por\" \/>\n\t<meta name=\"twitter:data1\" content=\"Telinha\" \/>\n\t<meta name=\"twitter:label2\" content=\"Tempo estimado de leitura\" \/>\n\t<meta name=\"twitter:data2\" content=\"1 minuto\" \/>\n<script type=\"application\/ld+json\" class=\"yoast-schema-graph\">{\"@context\":\"https:\/\/schema.org\",\"@graph\":[{\"@type\":\"Article\",\"@id\":\"https:\/\/portaltela.pt\/noticias\/2026\/03\/25\/ines-castel-branco-descreve-gravacoes-da-novela-madrasta-como-emotivas\/#article\",\"isPartOf\":{\"@id\":\"https:\/\/portaltela.pt\/noticias\/2026\/03\/25\/ines-castel-branco-descreve-gravacoes-da-novela-madrasta-como-emotivas\/\"},\"author\":{\"name\":\"Telinha\",\"@id\":\"https:\/\/portaltela.pt\/#\/schema\/person\/c4278d4a6028830caff9ee44b42d32ed\"},\"headline\":\"In\u00eas Castel-Branco descreve grava\u00e7\u00f5es da novela Madrasta como emotivas\",\"datePublished\":\"2026-03-25T18:30:00+00:00\",\"mainEntityOfPage\":{\"@id\":\"https:\/\/portaltela.pt\/noticias\/2026\/03\/25\/ines-castel-branco-descreve-gravacoes-da-novela-madrasta-como-emotivas\/\"},\"wordCount\":250,\"image\":{\"@id\":\"https:\/\/portaltela.pt\/noticias\/2026\/03\/25\/ines-castel-branco-descreve-gravacoes-da-novela-madrasta-como-emotivas\/#primaryimage\"},\"thumbnailUrl\":\"https:\/\/portaltela.pt\/s.01k8rhncp4jt1\/2026\/03\/img_1280x718uu2021-08-13-01-47-56-1070170-im-639081522666551653.jpg\",\"keywords\":[\"artistas\",\"entretenimento\",\"In\u00eas Castel-Branco\",\"novelas\",\"pris\u00f5es\",\"teatro\"],\"articleSection\":[\"Entretenimento\",\"S\u00e9ries e filmes\"],\"inLanguage\":\"pt-PT\"},{\"@type\":\"WebPage\",\"@id\":\"https:\/\/portaltela.pt\/noticias\/2026\/03\/25\/ines-castel-branco-descreve-gravacoes-da-novela-madrasta-como-emotivas\/\",\"url\":\"https:\/\/portaltela.pt\/noticias\/2026\/03\/25\/ines-castel-branco-descreve-gravacoes-da-novela-madrasta-como-emotivas\/\",\"name\":\"In\u00eas Castel-Branco descreve grava\u00e7\u00f5es da novela Madrasta como emotivas - Portal Tela Portugal\",\"isPartOf\":{\"@id\":\"https:\/\/portaltela.pt\/#website\"},\"primaryImageOfPage\":{\"@id\":\"https:\/\/portaltela.pt\/noticias\/2026\/03\/25\/ines-castel-branco-descreve-gravacoes-da-novela-madrasta-como-emotivas\/#primaryimage\"},\"image\":{\"@id\":\"https:\/\/portaltela.pt\/noticias\/2026\/03\/25\/ines-castel-branco-descreve-gravacoes-da-novela-madrasta-como-emotivas\/#primaryimage\"},\"thumbnailUrl\":\"https:\/\/portaltela.pt\/s.01k8rhncp4jt1\/2026\/03\/img_1280x718uu2021-08-13-01-47-56-1070170-im-639081522666551653.jpg\",\"datePublished\":\"2026-03-25T18:30:00+00:00\",\"author\":{\"@id\":\"https:\/\/portaltela.pt\/#\/schema\/person\/c4278d4a6028830caff9ee44b42d32ed\"},\"breadcrumb\":{\"@id\":\"https:\/\/portaltela.pt\/noticias\/2026\/03\/25\/ines-castel-branco-descreve-gravacoes-da-novela-madrasta-como-emotivas\/#breadcrumb\"},\"inLanguage\":\"pt-PT\",\"potentialAction\":[{\"@type\":\"ReadAction\",\"target\":[\"https:\/\/portaltela.pt\/noticias\/2026\/03\/25\/ines-castel-branco-descreve-gravacoes-da-novela-madrasta-como-emotivas\/\"]}]},{\"@type\":\"ImageObject\",\"inLanguage\":\"pt-PT\",\"@id\":\"https:\/\/portaltela.pt\/noticias\/2026\/03\/25\/ines-castel-branco-descreve-gravacoes-da-novela-madrasta-como-emotivas\/#primaryimage\",\"url\":\"https:\/\/portaltela.pt\/s.01k8rhncp4jt1\/2026\/03\/img_1280x718uu2021-08-13-01-47-56-1070170-im-639081522666551653.jpg\",\"contentUrl\":\"https:\/\/portaltela.pt\/s.01k8rhncp4jt1\/2026\/03\/img_1280x718uu2021-08-13-01-47-56-1070170-im-639081522666551653.jpg\",\"width\":1280,\"height\":718,\"caption\":\"In\u00eas Castel-Branco\"},{\"@type\":\"BreadcrumbList\",\"@id\":\"https:\/\/portaltela.pt\/noticias\/2026\/03\/25\/ines-castel-branco-descreve-gravacoes-da-novela-madrasta-como-emotivas\/#breadcrumb\",\"itemListElement\":[{\"@type\":\"ListItem\",\"position\":1,\"name\":\"In\u00edcio\",\"item\":\"https:\/\/portaltela.pt\/\"},{\"@type\":\"ListItem\",\"position\":2,\"name\":\"In\u00eas Castel-Branco descreve grava\u00e7\u00f5es da novela Madrasta como emotivas\"}]},{\"@type\":\"WebSite\",\"@id\":\"https:\/\/portaltela.pt\/#website\",\"url\":\"https:\/\/portaltela.pt\/\",\"name\":\"Portal Tela Portugal\",\"description\":\"\",\"potentialAction\":[{\"@type\":\"SearchAction\",\"target\":{\"@type\":\"EntryPoint\",\"urlTemplate\":\"https:\/\/portaltela.pt\/?s={search_term_string}\"},\"query-input\":{\"@type\":\"PropertyValueSpecification\",\"valueRequired\":true,\"valueName\":\"search_term_string\"}}],\"inLanguage\":\"pt-PT\"},{\"@type\":\"Person\",\"@id\":\"https:\/\/portaltela.pt\/#\/schema\/person\/c4278d4a6028830caff9ee44b42d32ed\",\"name\":\"Telinha\",\"image\":{\"@type\":\"ImageObject\",\"inLanguage\":\"pt-PT\",\"@id\":\"https:\/\/portaltela.pt\/s.01k8rhncp4jt1\/2025\/11\/talking-bot-125x125.png\",\"url\":\"https:\/\/portaltela.pt\/s.01k8rhncp4jt1\/2025\/11\/talking-bot-125x125.png\",\"contentUrl\":\"https:\/\/portaltela.pt\/s.01k8rhncp4jt1\/2025\/11\/talking-bot-125x125.png\",\"caption\":\"Telinha\"},\"sameAs\":[\"https:\/\/portaltela.pt\/\"],\"url\":\"https:\/\/portaltela.pt\/por\/367410592786\/\"}]}<\/script>\n<!-- \/ Yoast SEO plugin. -->","yoast_head_json":{"title":"In\u00eas Castel-Branco descreve grava\u00e7\u00f5es da novela Madrasta como emotivas - Portal Tela Portugal","robots":{"index":"index","follow":"follow","max-snippet":"max-snippet:-1","max-image-preview":"max-image-preview:large","max-video-preview":"max-video-preview:-1"},"og_locale":"pt_PT","og_type":"article","og_title":"In\u00eas Castel-Branco descreve grava\u00e7\u00f5es da novela Madrasta como emotivas - Portal Tela Portugal","og_description":"In\u00eas Castel-Branco voltou \u00e0 televis\u00e3o na novela A Madrasta, da TVI, com grava\u00e7\u00f5es j\u00e1 em curso e sem data de estreia definida. A atriz descreve o papel como entusiasmante, com componente policial, thriller e drama, e acredita que a novela ter\u00e1 sucesso. As primeiras cenas gravadas envolveram deten\u00e7\u00e3o e pris\u00e3o, marcadas por grande emotividade e choro. Tentou visitar uma pris\u00e3o para perceber o ambiente, mas o mau tempo em Portugal inviabilizou a ida; a personagem \u00e9 algu\u00e9m presa no estrangeiro. Ap\u00f3s Cacau, em 2024, a atriz junta o teatro e a televis\u00e3o, referindo que este regresso tamb\u00e9m permitiu cuidar da vida pessoal, incluindo o filho, com treino e terapias.","og_url":"https:\/\/portaltela.pt\/noticias\/2026\/03\/25\/ines-castel-branco-descreve-gravacoes-da-novela-madrasta-como-emotivas\/","og_site_name":"Portal Tela Portugal","article_published_time":"2026-03-25T18:30:00+00:00","author":"Telinha","twitter_card":"summary_large_image","twitter_misc":{"Escrito por":"Telinha","Tempo estimado de leitura":"1 minuto"},"schema":{"@context":"https:\/\/schema.org","@graph":[{"@type":"Article","@id":"https:\/\/portaltela.pt\/noticias\/2026\/03\/25\/ines-castel-branco-descreve-gravacoes-da-novela-madrasta-como-emotivas\/#article","isPartOf":{"@id":"https:\/\/portaltela.pt\/noticias\/2026\/03\/25\/ines-castel-branco-descreve-gravacoes-da-novela-madrasta-como-emotivas\/"},"author":{"name":"Telinha","@id":"https:\/\/portaltela.pt\/#\/schema\/person\/c4278d4a6028830caff9ee44b42d32ed"},"headline":"In\u00eas Castel-Branco descreve grava\u00e7\u00f5es da novela Madrasta como emotivas","datePublished":"2026-03-25T18:30:00+00:00","mainEntityOfPage":{"@id":"https:\/\/portaltela.pt\/noticias\/2026\/03\/25\/ines-castel-branco-descreve-gravacoes-da-novela-madrasta-como-emotivas\/"},"wordCount":250,"image":{"@id":"https:\/\/portaltela.pt\/noticias\/2026\/03\/25\/ines-castel-branco-descreve-gravacoes-da-novela-madrasta-como-emotivas\/#primaryimage"},"thumbnailUrl":"https:\/\/portaltela.pt\/s.01k8rhncp4jt1\/2026\/03\/img_1280x718uu2021-08-13-01-47-56-1070170-im-639081522666551653.jpg","keywords":["artistas","entretenimento","In\u00eas Castel-Branco","novelas","pris\u00f5es","teatro"],"articleSection":["Entretenimento","S\u00e9ries e filmes"],"inLanguage":"pt-PT"},{"@type":"WebPage","@id":"https:\/\/portaltela.pt\/noticias\/2026\/03\/25\/ines-castel-branco-descreve-gravacoes-da-novela-madrasta-como-emotivas\/","url":"https:\/\/portaltela.pt\/noticias\/2026\/03\/25\/ines-castel-branco-descreve-gravacoes-da-novela-madrasta-como-emotivas\/","name":"In\u00eas Castel-Branco descreve grava\u00e7\u00f5es da novela Madrasta como emotivas - Portal Tela Portugal","isPartOf":{"@id":"https:\/\/portaltela.pt\/#website"},"primaryImageOfPage":{"@id":"https:\/\/portaltela.pt\/noticias\/2026\/03\/25\/ines-castel-branco-descreve-gravacoes-da-novela-madrasta-como-emotivas\/#primaryimage"},"image":{"@id":"https:\/\/portaltela.pt\/noticias\/2026\/03\/25\/ines-castel-branco-descreve-gravacoes-da-novela-madrasta-como-emotivas\/#primaryimage"},"thumbnailUrl":"https:\/\/portaltela.pt\/s.01k8rhncp4jt1\/2026\/03\/img_1280x718uu2021-08-13-01-47-56-1070170-im-639081522666551653.jpg","datePublished":"2026-03-25T18:30:00+00:00","author":{"@id":"https:\/\/portaltela.pt\/#\/schema\/person\/c4278d4a6028830caff9ee44b42d32ed"},"breadcrumb":{"@id":"https:\/\/portaltela.pt\/noticias\/2026\/03\/25\/ines-castel-branco-descreve-gravacoes-da-novela-madrasta-como-emotivas\/#breadcrumb"},"inLanguage":"pt-PT","potentialAction":[{"@type":"ReadAction","target":["https:\/\/portaltela.pt\/noticias\/2026\/03\/25\/ines-castel-branco-descreve-gravacoes-da-novela-madrasta-como-emotivas\/"]}]},{"@type":"ImageObject","inLanguage":"pt-PT","@id":"https:\/\/portaltela.pt\/noticias\/2026\/03\/25\/ines-castel-branco-descreve-gravacoes-da-novela-madrasta-como-emotivas\/#primaryimage","url":"https:\/\/portaltela.pt\/s.01k8rhncp4jt1\/2026\/03\/img_1280x718uu2021-08-13-01-47-56-1070170-im-639081522666551653.jpg","contentUrl":"https:\/\/portaltela.pt\/s.01k8rhncp4jt1\/2026\/03\/img_1280x718uu2021-08-13-01-47-56-1070170-im-639081522666551653.jpg","width":1280,"height":718,"caption":"In\u00eas Castel-Branco"},{"@type":"BreadcrumbList","@id":"https:\/\/portaltela.pt\/noticias\/2026\/03\/25\/ines-castel-branco-descreve-gravacoes-da-novela-madrasta-como-emotivas\/#breadcrumb","itemListElement":[{"@type":"ListItem","position":1,"name":"In\u00edcio","item":"https:\/\/portaltela.pt\/"},{"@type":"ListItem","position":2,"name":"In\u00eas Castel-Branco descreve grava\u00e7\u00f5es da novela Madrasta como emotivas"}]},{"@type":"WebSite","@id":"https:\/\/portaltela.pt\/#website","url":"https:\/\/portaltela.pt\/","name":"Portal Tela Portugal","description":"","potentialAction":[{"@type":"SearchAction","target":{"@type":"EntryPoint","urlTemplate":"https:\/\/portaltela.pt\/?s={search_term_string}"},"query-input":{"@type":"PropertyValueSpecification","valueRequired":true,"valueName":"search_term_string"}}],"inLanguage":"pt-PT"},{"@type":"Person","@id":"https:\/\/portaltela.pt\/#\/schema\/person\/c4278d4a6028830caff9ee44b42d32ed","name":"Telinha","image":{"@type":"ImageObject","inLanguage":"pt-PT","@id":"https:\/\/portaltela.pt\/s.01k8rhncp4jt1\/2025\/11\/talking-bot-125x125.png","url":"https:\/\/portaltela.pt\/s.01k8rhncp4jt1\/2025\/11\/talking-bot-125x125.png","contentUrl":"https:\/\/portaltela.pt\/s.01k8rhncp4jt1\/2025\/11\/talking-bot-125x125.png","caption":"Telinha"},"sameAs":["https:\/\/portaltela.pt\/"],"url":"https:\/\/portaltela.pt\/por\/367410592786\/"}]}},"_links":{"self":[{"href":"https:\/\/portaltela.pt\/api\/wp\/v2\/posts\/421317","targetHints":{"allow":["GET"]}}],"collection":[{"href":"https:\/\/portaltela.pt\/api\/wp\/v2\/posts"}],"about":[{"href":"https:\/\/portaltela.pt\/api\/wp\/v2\/types\/post"}],"author":[{"embeddable":true,"href":"https:\/\/portaltela.pt\/api\/wp\/v2\/users\/2"}],"replies":[{"embeddable":true,"href":"https:\/\/portaltela.pt\/api\/wp\/v2\/comments?post=421317"}],"version-history":[{"count":0,"href":"https:\/\/portaltela.pt\/api\/wp\/v2\/posts\/421317\/revisions"}],"wp:featuredmedia":[{"embeddable":true,"href":"https:\/\/portaltela.pt\/api\/wp\/v2\/media\/421324"}],"wp:attachment":[{"href":"https:\/\/portaltela.pt\/api\/wp\/v2\/media?parent=421317"}],"wp:term":[{"taxonomy":"category","embeddable":true,"href":"https:\/\/portaltela.pt\/api\/wp\/v2\/categories?post=421317"},{"taxonomy":"post_tag","embeddable":true,"href":"https:\/\/portaltela.pt\/api\/wp\/v2\/tags?post=421317"}],"curies":[{"name":"wp","href":"https:\/\/api.w.org\/{rel}","templated":true}]}}