{"id":421316,"date":"2026-03-25T15:25:15","date_gmt":"2026-03-25T18:25:15","guid":{"rendered":"https:\/\/portaltela.pt\/noticias\/2026\/03\/25\/faleceu-jose-carlos-esteves-antigo-medico-do-fc-porto\/"},"modified":"2026-03-25T15:25:15","modified_gmt":"2026-03-25T18:25:15","slug":"faleceu-jose-carlos-esteves-antigo-medico-do-fc-porto","status":"publish","type":"post","link":"https:\/\/portaltela.pt\/desporto\/futebol\/2026\/03\/25\/faleceu-jose-carlos-esteves-antigo-medico-do-fc-porto\/","title":{"rendered":"Faleceu Jos\u00e9 Carlos Esteves, antigo m\u00e9dico do FC Porto"},"content":{"rendered":"<p>Jos\u00e9 Carlos Esteves morreu aos 77 anos, esta quarta-feira. Foi antigo m\u00e9dico do FC Porto e faleceu no dia da not\u00edcia anunciada pelo clube.<\/p>\n<p>Durante tr\u00eas d\u00e9cadas ao servi\u00e7o do FC Porto, Esteves acompanhou v\u00e1rias conquistas nacionais e internacionais e trabalhou com jogadores e equipas t\u00e9cnicas que integram a hist\u00f3ria do clube.<\/p>\n<p>O vel\u00f3rio realiza-se na Igreja do Carvalhido, entre as 19h00 e as 22h30 desta quarta-feira, e reabre \u00e0s 11h00 de quinta-feira. O funeral decorrer\u00e1 no mesmo local, \u00e0s 15h15, na quinta-feira.<\/p>\n<p>O FC Porto destacou a longa carreira de Esteves e o facto de ter feito parte do patrim\u00f3nio hist\u00f3rico do clube, recebendo ainda o Pr\u00e9mio Carreira na entrega dos Drag\u00f5es de Ouro de 2020.<\/p>\n<p>\u00c0 fam\u00edlia enlutada, Record apresenta sentidas condol\u00eancias.<\/p>\n","protected":false},"excerpt":{"rendered":"<ul>\n<li>Jos\u00e9 Carlos Esteves, antigo m\u00e9dico do FC Porto e ex\u2011respons\u00e1vel pelo departamento m\u00e9dico, faleceu aos 77 anos nesta quarta-feira, conforme anunciado pelos drag\u00f5es.<\/li>\n<li>Serviu o clube durante cerca de tr\u00eas d\u00e9cadas e recebeu o Pr\u00e9mio Carreira na entrega dos Drag\u00f5es de Ouro em 2020.<\/li>\n<li>O vel\u00f3rio realiza-se na Igreja do Carvalhido entre as 19h00 e as 22h30 desta quarta-feira, e a partir das 11h00 de quinta-feira.<\/li>\n<li>O funeral \u00e9 realizado no mesmo local \u00e0s 15h15 de quinta-feira.<\/li>\n<li>O Record apresenta as condol\u00eancias \u00e0 fam\u00edlia enlutada.<\/li>\n<\/ul>\n","protected":false},"author":2,"featured_media":421329,"comment_status":"closed","ping_status":"closed","sticky":false,"template":"","format":"standard","meta":{"footnotes":""},"categories":[21,24],"tags":[235,152,2028,32,6854,982],"class_list":["post-421316","post","type-post","status-publish","format-standard","has-post-thumbnail","hentry","category-desporto","category-futebol","tag-carreira","tag-desporto","tag-fc-porto","tag-futebol","tag-medicos","tag-porto"],"yoast_head":"<!-- This site is optimized with the Yoast SEO plugin v27.2 - https:\/\/yoast.com\/product\/yoast-seo-wordpress\/ -->\n<title>Faleceu Jos\u00e9 Carlos Esteves, antigo m\u00e9dico do FC Porto - Portal Tela Portugal<\/title>\n<meta name=\"robots\" content=\"index, follow, max-snippet:-1, max-image-preview:large, max-video-preview:-1\" \/>\n<meta property=\"og:locale\" content=\"pt_PT\" \/>\n<meta property=\"og:type\" content=\"article\" \/>\n<meta property=\"og:title\" content=\"Faleceu Jos\u00e9 Carlos Esteves, antigo m\u00e9dico do FC Porto - Portal Tela Portugal\" \/>\n<meta property=\"og:description\" content=\"Jos\u00e9 Carlos Esteves, antigo m\u00e9dico do FC Porto e ex\u2011respons\u00e1vel pelo departamento m\u00e9dico, faleceu aos 77 anos nesta quarta-feira, conforme anunciado pelos drag\u00f5es. Serviu o clube durante cerca de tr\u00eas d\u00e9cadas e recebeu o Pr\u00e9mio Carreira na entrega dos Drag\u00f5es de Ouro em 2020. O vel\u00f3rio realiza-se na Igreja do Carvalhido entre as 19h00 e as 22h30 desta quarta-feira, e a partir das 11h00 de quinta-feira. O funeral \u00e9 realizado no mesmo local \u00e0s 15h15 de quinta-feira. O Record apresenta as condol\u00eancias \u00e0 fam\u00edlia enlutada.\" \/>\n<meta property=\"og:url\" content=\"https:\/\/portaltela.pt\/noticias\/2026\/03\/25\/faleceu-jose-carlos-esteves-antigo-medico-do-fc-porto\/\" \/>\n<meta property=\"og:site_name\" content=\"Portal Tela Portugal\" \/>\n<meta property=\"article:published_time\" content=\"2026-03-25T18:25:15+00:00\" \/>\n<meta name=\"author\" content=\"Telinha\" \/>\n<meta name=\"twitter:card\" content=\"summary_large_image\" \/>\n<meta name=\"twitter:label1\" content=\"Escrito por\" \/>\n\t<meta name=\"twitter:data1\" content=\"Telinha\" \/>\n\t<meta name=\"twitter:label2\" content=\"Tempo estimado de leitura\" \/>\n\t<meta name=\"twitter:data2\" content=\"1 minuto\" \/>\n<script type=\"application\/ld+json\" class=\"yoast-schema-graph\">{\"@context\":\"https:\/\/schema.org\",\"@graph\":[{\"@type\":\"Article\",\"@id\":\"https:\/\/portaltela.pt\/noticias\/2026\/03\/25\/faleceu-jose-carlos-esteves-antigo-medico-do-fc-porto\/#article\",\"isPartOf\":{\"@id\":\"https:\/\/portaltela.pt\/noticias\/2026\/03\/25\/faleceu-jose-carlos-esteves-antigo-medico-do-fc-porto\/\"},\"author\":{\"name\":\"Telinha\",\"@id\":\"https:\/\/portaltela.pt\/#\/schema\/person\/c4278d4a6028830caff9ee44b42d32ed\"},\"headline\":\"Faleceu Jos\u00e9 Carlos Esteves, antigo m\u00e9dico do FC Porto\",\"datePublished\":\"2026-03-25T18:25:15+00:00\",\"mainEntityOfPage\":{\"@id\":\"https:\/\/portaltela.pt\/noticias\/2026\/03\/25\/faleceu-jose-carlos-esteves-antigo-medico-do-fc-porto\/\"},\"wordCount\":146,\"image\":{\"@id\":\"https:\/\/portaltela.pt\/noticias\/2026\/03\/25\/faleceu-jose-carlos-esteves-antigo-medico-do-fc-porto\/#primaryimage\"},\"thumbnailUrl\":\"https:\/\/portaltela.pt\/s.01k8rhncp4jt1\/2026\/03\/img_920x518uu2026-03-25-18-20-38-2429348-im-639100596705423840.jpg\",\"keywords\":[\"Carreira\",\"desporto\",\"FC Porto\",\"futebol\",\"M\u00e9dicos\",\"Porto\"],\"articleSection\":[\"Desporto\",\"Futebol\"],\"inLanguage\":\"pt-PT\"},{\"@type\":\"WebPage\",\"@id\":\"https:\/\/portaltela.pt\/noticias\/2026\/03\/25\/faleceu-jose-carlos-esteves-antigo-medico-do-fc-porto\/\",\"url\":\"https:\/\/portaltela.pt\/noticias\/2026\/03\/25\/faleceu-jose-carlos-esteves-antigo-medico-do-fc-porto\/\",\"name\":\"Faleceu Jos\u00e9 Carlos Esteves, antigo m\u00e9dico do FC Porto - Portal Tela Portugal\",\"isPartOf\":{\"@id\":\"https:\/\/portaltela.pt\/#website\"},\"primaryImageOfPage\":{\"@id\":\"https:\/\/portaltela.pt\/noticias\/2026\/03\/25\/faleceu-jose-carlos-esteves-antigo-medico-do-fc-porto\/#primaryimage\"},\"image\":{\"@id\":\"https:\/\/portaltela.pt\/noticias\/2026\/03\/25\/faleceu-jose-carlos-esteves-antigo-medico-do-fc-porto\/#primaryimage\"},\"thumbnailUrl\":\"https:\/\/portaltela.pt\/s.01k8rhncp4jt1\/2026\/03\/img_920x518uu2026-03-25-18-20-38-2429348-im-639100596705423840.jpg\",\"datePublished\":\"2026-03-25T18:25:15+00:00\",\"author\":{\"@id\":\"https:\/\/portaltela.pt\/#\/schema\/person\/c4278d4a6028830caff9ee44b42d32ed\"},\"breadcrumb\":{\"@id\":\"https:\/\/portaltela.pt\/noticias\/2026\/03\/25\/faleceu-jose-carlos-esteves-antigo-medico-do-fc-porto\/#breadcrumb\"},\"inLanguage\":\"pt-PT\",\"potentialAction\":[{\"@type\":\"ReadAction\",\"target\":[\"https:\/\/portaltela.pt\/noticias\/2026\/03\/25\/faleceu-jose-carlos-esteves-antigo-medico-do-fc-porto\/\"]}]},{\"@type\":\"ImageObject\",\"inLanguage\":\"pt-PT\",\"@id\":\"https:\/\/portaltela.pt\/noticias\/2026\/03\/25\/faleceu-jose-carlos-esteves-antigo-medico-do-fc-porto\/#primaryimage\",\"url\":\"https:\/\/portaltela.pt\/s.01k8rhncp4jt1\/2026\/03\/img_920x518uu2026-03-25-18-20-38-2429348-im-639100596705423840.jpg\",\"contentUrl\":\"https:\/\/portaltela.pt\/s.01k8rhncp4jt1\/2026\/03\/img_920x518uu2026-03-25-18-20-38-2429348-im-639100596705423840.jpg\",\"width\":920,\"height\":518,\"caption\":\"Jos\u00e9 Carlos Esteves junto a Jos\u00e9 Mourinho e Costinha\"},{\"@type\":\"BreadcrumbList\",\"@id\":\"https:\/\/portaltela.pt\/noticias\/2026\/03\/25\/faleceu-jose-carlos-esteves-antigo-medico-do-fc-porto\/#breadcrumb\",\"itemListElement\":[{\"@type\":\"ListItem\",\"position\":1,\"name\":\"In\u00edcio\",\"item\":\"https:\/\/portaltela.pt\/\"},{\"@type\":\"ListItem\",\"position\":2,\"name\":\"Faleceu Jos\u00e9 Carlos Esteves, antigo m\u00e9dico do FC Porto\"}]},{\"@type\":\"WebSite\",\"@id\":\"https:\/\/portaltela.pt\/#website\",\"url\":\"https:\/\/portaltela.pt\/\",\"name\":\"Portal Tela Portugal\",\"description\":\"\",\"potentialAction\":[{\"@type\":\"SearchAction\",\"target\":{\"@type\":\"EntryPoint\",\"urlTemplate\":\"https:\/\/portaltela.pt\/?s={search_term_string}\"},\"query-input\":{\"@type\":\"PropertyValueSpecification\",\"valueRequired\":true,\"valueName\":\"search_term_string\"}}],\"inLanguage\":\"pt-PT\"},{\"@type\":\"Person\",\"@id\":\"https:\/\/portaltela.pt\/#\/schema\/person\/c4278d4a6028830caff9ee44b42d32ed\",\"name\":\"Telinha\",\"image\":{\"@type\":\"ImageObject\",\"inLanguage\":\"pt-PT\",\"@id\":\"https:\/\/portaltela.pt\/s.01k8rhncp4jt1\/2025\/11\/talking-bot-125x125.png\",\"url\":\"https:\/\/portaltela.pt\/s.01k8rhncp4jt1\/2025\/11\/talking-bot-125x125.png\",\"contentUrl\":\"https:\/\/portaltela.pt\/s.01k8rhncp4jt1\/2025\/11\/talking-bot-125x125.png\",\"caption\":\"Telinha\"},\"sameAs\":[\"https:\/\/portaltela.pt\/\"],\"url\":\"https:\/\/portaltela.pt\/por\/367410592786\/\"}]}<\/script>\n<!-- \/ Yoast SEO plugin. -->","yoast_head_json":{"title":"Faleceu Jos\u00e9 Carlos Esteves, antigo m\u00e9dico do FC Porto - Portal Tela Portugal","robots":{"index":"index","follow":"follow","max-snippet":"max-snippet:-1","max-image-preview":"max-image-preview:large","max-video-preview":"max-video-preview:-1"},"og_locale":"pt_PT","og_type":"article","og_title":"Faleceu Jos\u00e9 Carlos Esteves, antigo m\u00e9dico do FC Porto - Portal Tela Portugal","og_description":"Jos\u00e9 Carlos Esteves, antigo m\u00e9dico do FC Porto e ex\u2011respons\u00e1vel pelo departamento m\u00e9dico, faleceu aos 77 anos nesta quarta-feira, conforme anunciado pelos drag\u00f5es. Serviu o clube durante cerca de tr\u00eas d\u00e9cadas e recebeu o Pr\u00e9mio Carreira na entrega dos Drag\u00f5es de Ouro em 2020. O vel\u00f3rio realiza-se na Igreja do Carvalhido entre as 19h00 e as 22h30 desta quarta-feira, e a partir das 11h00 de quinta-feira. O funeral \u00e9 realizado no mesmo local \u00e0s 15h15 de quinta-feira. O Record apresenta as condol\u00eancias \u00e0 fam\u00edlia enlutada.","og_url":"https:\/\/portaltela.pt\/noticias\/2026\/03\/25\/faleceu-jose-carlos-esteves-antigo-medico-do-fc-porto\/","og_site_name":"Portal Tela Portugal","article_published_time":"2026-03-25T18:25:15+00:00","author":"Telinha","twitter_card":"summary_large_image","twitter_misc":{"Escrito por":"Telinha","Tempo estimado de leitura":"1 minuto"},"schema":{"@context":"https:\/\/schema.org","@graph":[{"@type":"Article","@id":"https:\/\/portaltela.pt\/noticias\/2026\/03\/25\/faleceu-jose-carlos-esteves-antigo-medico-do-fc-porto\/#article","isPartOf":{"@id":"https:\/\/portaltela.pt\/noticias\/2026\/03\/25\/faleceu-jose-carlos-esteves-antigo-medico-do-fc-porto\/"},"author":{"name":"Telinha","@id":"https:\/\/portaltela.pt\/#\/schema\/person\/c4278d4a6028830caff9ee44b42d32ed"},"headline":"Faleceu Jos\u00e9 Carlos Esteves, antigo m\u00e9dico do FC Porto","datePublished":"2026-03-25T18:25:15+00:00","mainEntityOfPage":{"@id":"https:\/\/portaltela.pt\/noticias\/2026\/03\/25\/faleceu-jose-carlos-esteves-antigo-medico-do-fc-porto\/"},"wordCount":146,"image":{"@id":"https:\/\/portaltela.pt\/noticias\/2026\/03\/25\/faleceu-jose-carlos-esteves-antigo-medico-do-fc-porto\/#primaryimage"},"thumbnailUrl":"https:\/\/portaltela.pt\/s.01k8rhncp4jt1\/2026\/03\/img_920x518uu2026-03-25-18-20-38-2429348-im-639100596705423840.jpg","keywords":["Carreira","desporto","FC Porto","futebol","M\u00e9dicos","Porto"],"articleSection":["Desporto","Futebol"],"inLanguage":"pt-PT"},{"@type":"WebPage","@id":"https:\/\/portaltela.pt\/noticias\/2026\/03\/25\/faleceu-jose-carlos-esteves-antigo-medico-do-fc-porto\/","url":"https:\/\/portaltela.pt\/noticias\/2026\/03\/25\/faleceu-jose-carlos-esteves-antigo-medico-do-fc-porto\/","name":"Faleceu Jos\u00e9 Carlos Esteves, antigo m\u00e9dico do FC Porto - Portal Tela Portugal","isPartOf":{"@id":"https:\/\/portaltela.pt\/#website"},"primaryImageOfPage":{"@id":"https:\/\/portaltela.pt\/noticias\/2026\/03\/25\/faleceu-jose-carlos-esteves-antigo-medico-do-fc-porto\/#primaryimage"},"image":{"@id":"https:\/\/portaltela.pt\/noticias\/2026\/03\/25\/faleceu-jose-carlos-esteves-antigo-medico-do-fc-porto\/#primaryimage"},"thumbnailUrl":"https:\/\/portaltela.pt\/s.01k8rhncp4jt1\/2026\/03\/img_920x518uu2026-03-25-18-20-38-2429348-im-639100596705423840.jpg","datePublished":"2026-03-25T18:25:15+00:00","author":{"@id":"https:\/\/portaltela.pt\/#\/schema\/person\/c4278d4a6028830caff9ee44b42d32ed"},"breadcrumb":{"@id":"https:\/\/portaltela.pt\/noticias\/2026\/03\/25\/faleceu-jose-carlos-esteves-antigo-medico-do-fc-porto\/#breadcrumb"},"inLanguage":"pt-PT","potentialAction":[{"@type":"ReadAction","target":["https:\/\/portaltela.pt\/noticias\/2026\/03\/25\/faleceu-jose-carlos-esteves-antigo-medico-do-fc-porto\/"]}]},{"@type":"ImageObject","inLanguage":"pt-PT","@id":"https:\/\/portaltela.pt\/noticias\/2026\/03\/25\/faleceu-jose-carlos-esteves-antigo-medico-do-fc-porto\/#primaryimage","url":"https:\/\/portaltela.pt\/s.01k8rhncp4jt1\/2026\/03\/img_920x518uu2026-03-25-18-20-38-2429348-im-639100596705423840.jpg","contentUrl":"https:\/\/portaltela.pt\/s.01k8rhncp4jt1\/2026\/03\/img_920x518uu2026-03-25-18-20-38-2429348-im-639100596705423840.jpg","width":920,"height":518,"caption":"Jos\u00e9 Carlos Esteves junto a Jos\u00e9 Mourinho e Costinha"},{"@type":"BreadcrumbList","@id":"https:\/\/portaltela.pt\/noticias\/2026\/03\/25\/faleceu-jose-carlos-esteves-antigo-medico-do-fc-porto\/#breadcrumb","itemListElement":[{"@type":"ListItem","position":1,"name":"In\u00edcio","item":"https:\/\/portaltela.pt\/"},{"@type":"ListItem","position":2,"name":"Faleceu Jos\u00e9 Carlos Esteves, antigo m\u00e9dico do FC Porto"}]},{"@type":"WebSite","@id":"https:\/\/portaltela.pt\/#website","url":"https:\/\/portaltela.pt\/","name":"Portal Tela Portugal","description":"","potentialAction":[{"@type":"SearchAction","target":{"@type":"EntryPoint","urlTemplate":"https:\/\/portaltela.pt\/?s={search_term_string}"},"query-input":{"@type":"PropertyValueSpecification","valueRequired":true,"valueName":"search_term_string"}}],"inLanguage":"pt-PT"},{"@type":"Person","@id":"https:\/\/portaltela.pt\/#\/schema\/person\/c4278d4a6028830caff9ee44b42d32ed","name":"Telinha","image":{"@type":"ImageObject","inLanguage":"pt-PT","@id":"https:\/\/portaltela.pt\/s.01k8rhncp4jt1\/2025\/11\/talking-bot-125x125.png","url":"https:\/\/portaltela.pt\/s.01k8rhncp4jt1\/2025\/11\/talking-bot-125x125.png","contentUrl":"https:\/\/portaltela.pt\/s.01k8rhncp4jt1\/2025\/11\/talking-bot-125x125.png","caption":"Telinha"},"sameAs":["https:\/\/portaltela.pt\/"],"url":"https:\/\/portaltela.pt\/por\/367410592786\/"}]}},"_links":{"self":[{"href":"https:\/\/portaltela.pt\/api\/wp\/v2\/posts\/421316","targetHints":{"allow":["GET"]}}],"collection":[{"href":"https:\/\/portaltela.pt\/api\/wp\/v2\/posts"}],"about":[{"href":"https:\/\/portaltela.pt\/api\/wp\/v2\/types\/post"}],"author":[{"embeddable":true,"href":"https:\/\/portaltela.pt\/api\/wp\/v2\/users\/2"}],"replies":[{"embeddable":true,"href":"https:\/\/portaltela.pt\/api\/wp\/v2\/comments?post=421316"}],"version-history":[{"count":0,"href":"https:\/\/portaltela.pt\/api\/wp\/v2\/posts\/421316\/revisions"}],"wp:featuredmedia":[{"embeddable":true,"href":"https:\/\/portaltela.pt\/api\/wp\/v2\/media\/421329"}],"wp:attachment":[{"href":"https:\/\/portaltela.pt\/api\/wp\/v2\/media?parent=421316"}],"wp:term":[{"taxonomy":"category","embeddable":true,"href":"https:\/\/portaltela.pt\/api\/wp\/v2\/categories?post=421316"},{"taxonomy":"post_tag","embeddable":true,"href":"https:\/\/portaltela.pt\/api\/wp\/v2\/tags?post=421316"}],"curies":[{"name":"wp","href":"https:\/\/api.w.org\/{rel}","templated":true}]}}