{"id":421310,"date":"2026-03-25T15:29:23","date_gmt":"2026-03-25T18:29:23","guid":{"rendered":"https:\/\/portaltela.pt\/noticias\/2026\/03\/25\/pedro-jesus-mira-estreia-na-liga-pelo-moreirense\/"},"modified":"2026-03-25T15:29:23","modified_gmt":"2026-03-25T18:29:23","slug":"pedro-jesus-mira-estreia-na-liga-pelo-moreirense","status":"publish","type":"post","link":"https:\/\/portaltela.pt\/desporto\/futebol\/2026\/03\/25\/pedro-jesus-mira-estreia-na-liga-pelo-moreirense\/","title":{"rendered":"Pedro Jesus mira estreia na Liga pelo Moreirense"},"content":{"rendered":"<p>Pedro Jesus assinou o seu primeiro contrato profissional com o Moreirense, um marco para o defesa-central de 18 anos. O v\u00ednculo representa um objetivo h\u00e1 muito perseguido pelo jovem nascituo no clube minhoto, que v\u00ea a assinatura como um momento especial.<\/p>\n<p>O defesa assegura estar plenamente comprometido com o clube, dentro e fora do campo. O foco do jovem jogador passa por evoluir e, principalmente, estrear-se na Liga com a camisola do Moreirense.<\/p>\n<p>Filho de Pena, antigo jogador do FC Porto, Sp. Braga e Mar\u00edtimo, e irm\u00e3o de Pablo, avan\u00e7ado do West Ham, Pedro Jesus reconhece a influ\u00eancia da fam\u00edlia na carreira. A heran\u00e7a desportiva acentua a responsabilidade pela progress\u00e3o no clube.<\/p>\n<h3>Heran\u00e7a familiar e ambi\u00e7\u00e3o<\/h3>\n<p>A fam\u00edlia tem peso no percurso desportivo do jogador, que afirma contar com os conselhos recebidos para orientar as escolhas dentro e fora do campo. O Moreirense n\u00e3o revelou a dura\u00e7\u00e3o do contrato, apenas o significado para o jovem atleta.<\/p>\n<p>A assinatura do contrato promete manter o foco na forma\u00e7\u00e3o de Pedro Jesus, com a meta clara de disputar a Liga pelo Moreirense numa fase pr\u00f3xima. O clube n\u00e3o indicou datas para a estreia, mantendo o foco na prepara\u00e7\u00e3o do jogador.<\/p>\n","protected":false},"excerpt":{"rendered":"<ul>\n<li>Pedro Jesus, defesa-central de 18 anos, assinou o primeiro contrato profissional com o Moreirense.<\/li>\n<li>O acordo tem um significado especial para o jovem jogador, que o desejava h\u00e1 algum tempo.<\/li>\n<li>\u00c9 filho de Pena, ex-jogador do FC Porto, Sp. Braga e Mar\u00edtimo, e irm\u00e3o de Pablo, atacante do West Ham.<\/li>\n<li>O jogador afirma que a heran\u00e7a familiar traz responsabilidade e que recebeu orienta\u00e7\u00e3o dos pais.<\/li>\n<li>O objetivo principal \u00e9 estrear-se na Liga pelo Moreirense, trabalhando para isso dentro e fora do campo.<\/li>\n<\/ul>\n","protected":false},"author":2,"featured_media":421313,"comment_status":"closed","ping_status":"closed","sticky":false,"template":"","format":"standard","meta":{"footnotes":""},"categories":[21,24],"tags":[4143,64,32,4871,242,5579],"class_list":["post-421310","post","type-post","status-publish","format-standard","has-post-thumbnail","hentry","category-desporto","category-futebol","tag-1-liga","tag-familia","tag-futebol","tag-heranca","tag-jogadores","tag-moreirense"],"yoast_head":"<!-- This site is optimized with the Yoast SEO plugin v27.2 - https:\/\/yoast.com\/product\/yoast-seo-wordpress\/ -->\n<title>Pedro Jesus mira estreia na Liga pelo Moreirense - Portal Tela Portugal<\/title>\n<meta name=\"robots\" content=\"index, follow, max-snippet:-1, max-image-preview:large, max-video-preview:-1\" \/>\n<meta property=\"og:locale\" content=\"pt_PT\" \/>\n<meta property=\"og:type\" content=\"article\" \/>\n<meta property=\"og:title\" content=\"Pedro Jesus mira estreia na Liga pelo Moreirense - Portal Tela Portugal\" \/>\n<meta property=\"og:description\" content=\"Pedro Jesus, defesa-central de 18 anos, assinou o primeiro contrato profissional com o Moreirense. O acordo tem um significado especial para o jovem jogador, que o desejava h\u00e1 algum tempo. \u00c9 filho de Pena, ex-jogador do FC Porto, Sp. Braga e Mar\u00edtimo, e irm\u00e3o de Pablo, atacante do West Ham. O jogador afirma que a heran\u00e7a familiar traz responsabilidade e que recebeu orienta\u00e7\u00e3o dos pais. O objetivo principal \u00e9 estrear-se na Liga pelo Moreirense, trabalhando para isso dentro e fora do campo.\" \/>\n<meta property=\"og:url\" content=\"https:\/\/portaltela.pt\/noticias\/2026\/03\/25\/pedro-jesus-mira-estreia-na-liga-pelo-moreirense\/\" \/>\n<meta property=\"og:site_name\" content=\"Portal Tela Portugal\" \/>\n<meta property=\"article:published_time\" content=\"2026-03-25T18:29:23+00:00\" \/>\n<meta name=\"author\" content=\"Telinha\" \/>\n<meta name=\"twitter:card\" content=\"summary_large_image\" \/>\n<meta name=\"twitter:label1\" content=\"Escrito por\" \/>\n\t<meta name=\"twitter:data1\" content=\"Telinha\" \/>\n\t<meta name=\"twitter:label2\" content=\"Tempo estimado de leitura\" \/>\n\t<meta name=\"twitter:data2\" content=\"1 minuto\" \/>\n<script type=\"application\/ld+json\" class=\"yoast-schema-graph\">{\"@context\":\"https:\/\/schema.org\",\"@graph\":[{\"@type\":\"Article\",\"@id\":\"https:\/\/portaltela.pt\/noticias\/2026\/03\/25\/pedro-jesus-mira-estreia-na-liga-pelo-moreirense\/#article\",\"isPartOf\":{\"@id\":\"https:\/\/portaltela.pt\/noticias\/2026\/03\/25\/pedro-jesus-mira-estreia-na-liga-pelo-moreirense\/\"},\"author\":{\"name\":\"Telinha\",\"@id\":\"https:\/\/portaltela.pt\/#\/schema\/person\/c4278d4a6028830caff9ee44b42d32ed\"},\"headline\":\"Pedro Jesus mira estreia na Liga pelo Moreirense\",\"datePublished\":\"2026-03-25T18:29:23+00:00\",\"mainEntityOfPage\":{\"@id\":\"https:\/\/portaltela.pt\/noticias\/2026\/03\/25\/pedro-jesus-mira-estreia-na-liga-pelo-moreirense\/\"},\"wordCount\":221,\"image\":{\"@id\":\"https:\/\/portaltela.pt\/noticias\/2026\/03\/25\/pedro-jesus-mira-estreia-na-liga-pelo-moreirense\/#primaryimage\"},\"thumbnailUrl\":\"https:\/\/portaltela.pt\/s.01k8rhncp4jt1\/2026\/03\/img_920x518uu2026-03-25-18-21-23-2429349-im-639100599272497794.jpg\",\"keywords\":[\"1. Liga\",\"fam\u00edlia\",\"futebol\",\"Heran\u00e7a\",\"jogadores\",\"Moreirense\"],\"articleSection\":[\"Desporto\",\"Futebol\"],\"inLanguage\":\"pt-PT\"},{\"@type\":\"WebPage\",\"@id\":\"https:\/\/portaltela.pt\/noticias\/2026\/03\/25\/pedro-jesus-mira-estreia-na-liga-pelo-moreirense\/\",\"url\":\"https:\/\/portaltela.pt\/noticias\/2026\/03\/25\/pedro-jesus-mira-estreia-na-liga-pelo-moreirense\/\",\"name\":\"Pedro Jesus mira estreia na Liga pelo Moreirense - Portal Tela Portugal\",\"isPartOf\":{\"@id\":\"https:\/\/portaltela.pt\/#website\"},\"primaryImageOfPage\":{\"@id\":\"https:\/\/portaltela.pt\/noticias\/2026\/03\/25\/pedro-jesus-mira-estreia-na-liga-pelo-moreirense\/#primaryimage\"},\"image\":{\"@id\":\"https:\/\/portaltela.pt\/noticias\/2026\/03\/25\/pedro-jesus-mira-estreia-na-liga-pelo-moreirense\/#primaryimage\"},\"thumbnailUrl\":\"https:\/\/portaltela.pt\/s.01k8rhncp4jt1\/2026\/03\/img_920x518uu2026-03-25-18-21-23-2429349-im-639100599272497794.jpg\",\"datePublished\":\"2026-03-25T18:29:23+00:00\",\"author\":{\"@id\":\"https:\/\/portaltela.pt\/#\/schema\/person\/c4278d4a6028830caff9ee44b42d32ed\"},\"breadcrumb\":{\"@id\":\"https:\/\/portaltela.pt\/noticias\/2026\/03\/25\/pedro-jesus-mira-estreia-na-liga-pelo-moreirense\/#breadcrumb\"},\"inLanguage\":\"pt-PT\",\"potentialAction\":[{\"@type\":\"ReadAction\",\"target\":[\"https:\/\/portaltela.pt\/noticias\/2026\/03\/25\/pedro-jesus-mira-estreia-na-liga-pelo-moreirense\/\"]}]},{\"@type\":\"ImageObject\",\"inLanguage\":\"pt-PT\",\"@id\":\"https:\/\/portaltela.pt\/noticias\/2026\/03\/25\/pedro-jesus-mira-estreia-na-liga-pelo-moreirense\/#primaryimage\",\"url\":\"https:\/\/portaltela.pt\/s.01k8rhncp4jt1\/2026\/03\/img_920x518uu2026-03-25-18-21-23-2429349-im-639100599272497794.jpg\",\"contentUrl\":\"https:\/\/portaltela.pt\/s.01k8rhncp4jt1\/2026\/03\/img_920x518uu2026-03-25-18-21-23-2429349-im-639100599272497794.jpg\",\"width\":920,\"height\":518,\"caption\":\"Pedro Jesus\"},{\"@type\":\"BreadcrumbList\",\"@id\":\"https:\/\/portaltela.pt\/noticias\/2026\/03\/25\/pedro-jesus-mira-estreia-na-liga-pelo-moreirense\/#breadcrumb\",\"itemListElement\":[{\"@type\":\"ListItem\",\"position\":1,\"name\":\"In\u00edcio\",\"item\":\"https:\/\/portaltela.pt\/\"},{\"@type\":\"ListItem\",\"position\":2,\"name\":\"Pedro Jesus mira estreia na Liga pelo Moreirense\"}]},{\"@type\":\"WebSite\",\"@id\":\"https:\/\/portaltela.pt\/#website\",\"url\":\"https:\/\/portaltela.pt\/\",\"name\":\"Portal Tela Portugal\",\"description\":\"\",\"potentialAction\":[{\"@type\":\"SearchAction\",\"target\":{\"@type\":\"EntryPoint\",\"urlTemplate\":\"https:\/\/portaltela.pt\/?s={search_term_string}\"},\"query-input\":{\"@type\":\"PropertyValueSpecification\",\"valueRequired\":true,\"valueName\":\"search_term_string\"}}],\"inLanguage\":\"pt-PT\"},{\"@type\":\"Person\",\"@id\":\"https:\/\/portaltela.pt\/#\/schema\/person\/c4278d4a6028830caff9ee44b42d32ed\",\"name\":\"Telinha\",\"image\":{\"@type\":\"ImageObject\",\"inLanguage\":\"pt-PT\",\"@id\":\"https:\/\/portaltela.pt\/s.01k8rhncp4jt1\/2025\/11\/talking-bot-125x125.png\",\"url\":\"https:\/\/portaltela.pt\/s.01k8rhncp4jt1\/2025\/11\/talking-bot-125x125.png\",\"contentUrl\":\"https:\/\/portaltela.pt\/s.01k8rhncp4jt1\/2025\/11\/talking-bot-125x125.png\",\"caption\":\"Telinha\"},\"sameAs\":[\"https:\/\/portaltela.pt\/\"],\"url\":\"https:\/\/portaltela.pt\/por\/367410592786\/\"}]}<\/script>\n<!-- \/ Yoast SEO plugin. -->","yoast_head_json":{"title":"Pedro Jesus mira estreia na Liga pelo Moreirense - Portal Tela Portugal","robots":{"index":"index","follow":"follow","max-snippet":"max-snippet:-1","max-image-preview":"max-image-preview:large","max-video-preview":"max-video-preview:-1"},"og_locale":"pt_PT","og_type":"article","og_title":"Pedro Jesus mira estreia na Liga pelo Moreirense - Portal Tela Portugal","og_description":"Pedro Jesus, defesa-central de 18 anos, assinou o primeiro contrato profissional com o Moreirense. O acordo tem um significado especial para o jovem jogador, que o desejava h\u00e1 algum tempo. \u00c9 filho de Pena, ex-jogador do FC Porto, Sp. Braga e Mar\u00edtimo, e irm\u00e3o de Pablo, atacante do West Ham. O jogador afirma que a heran\u00e7a familiar traz responsabilidade e que recebeu orienta\u00e7\u00e3o dos pais. O objetivo principal \u00e9 estrear-se na Liga pelo Moreirense, trabalhando para isso dentro e fora do campo.","og_url":"https:\/\/portaltela.pt\/noticias\/2026\/03\/25\/pedro-jesus-mira-estreia-na-liga-pelo-moreirense\/","og_site_name":"Portal Tela Portugal","article_published_time":"2026-03-25T18:29:23+00:00","author":"Telinha","twitter_card":"summary_large_image","twitter_misc":{"Escrito por":"Telinha","Tempo estimado de leitura":"1 minuto"},"schema":{"@context":"https:\/\/schema.org","@graph":[{"@type":"Article","@id":"https:\/\/portaltela.pt\/noticias\/2026\/03\/25\/pedro-jesus-mira-estreia-na-liga-pelo-moreirense\/#article","isPartOf":{"@id":"https:\/\/portaltela.pt\/noticias\/2026\/03\/25\/pedro-jesus-mira-estreia-na-liga-pelo-moreirense\/"},"author":{"name":"Telinha","@id":"https:\/\/portaltela.pt\/#\/schema\/person\/c4278d4a6028830caff9ee44b42d32ed"},"headline":"Pedro Jesus mira estreia na Liga pelo Moreirense","datePublished":"2026-03-25T18:29:23+00:00","mainEntityOfPage":{"@id":"https:\/\/portaltela.pt\/noticias\/2026\/03\/25\/pedro-jesus-mira-estreia-na-liga-pelo-moreirense\/"},"wordCount":221,"image":{"@id":"https:\/\/portaltela.pt\/noticias\/2026\/03\/25\/pedro-jesus-mira-estreia-na-liga-pelo-moreirense\/#primaryimage"},"thumbnailUrl":"https:\/\/portaltela.pt\/s.01k8rhncp4jt1\/2026\/03\/img_920x518uu2026-03-25-18-21-23-2429349-im-639100599272497794.jpg","keywords":["1. Liga","fam\u00edlia","futebol","Heran\u00e7a","jogadores","Moreirense"],"articleSection":["Desporto","Futebol"],"inLanguage":"pt-PT"},{"@type":"WebPage","@id":"https:\/\/portaltela.pt\/noticias\/2026\/03\/25\/pedro-jesus-mira-estreia-na-liga-pelo-moreirense\/","url":"https:\/\/portaltela.pt\/noticias\/2026\/03\/25\/pedro-jesus-mira-estreia-na-liga-pelo-moreirense\/","name":"Pedro Jesus mira estreia na Liga pelo Moreirense - Portal Tela Portugal","isPartOf":{"@id":"https:\/\/portaltela.pt\/#website"},"primaryImageOfPage":{"@id":"https:\/\/portaltela.pt\/noticias\/2026\/03\/25\/pedro-jesus-mira-estreia-na-liga-pelo-moreirense\/#primaryimage"},"image":{"@id":"https:\/\/portaltela.pt\/noticias\/2026\/03\/25\/pedro-jesus-mira-estreia-na-liga-pelo-moreirense\/#primaryimage"},"thumbnailUrl":"https:\/\/portaltela.pt\/s.01k8rhncp4jt1\/2026\/03\/img_920x518uu2026-03-25-18-21-23-2429349-im-639100599272497794.jpg","datePublished":"2026-03-25T18:29:23+00:00","author":{"@id":"https:\/\/portaltela.pt\/#\/schema\/person\/c4278d4a6028830caff9ee44b42d32ed"},"breadcrumb":{"@id":"https:\/\/portaltela.pt\/noticias\/2026\/03\/25\/pedro-jesus-mira-estreia-na-liga-pelo-moreirense\/#breadcrumb"},"inLanguage":"pt-PT","potentialAction":[{"@type":"ReadAction","target":["https:\/\/portaltela.pt\/noticias\/2026\/03\/25\/pedro-jesus-mira-estreia-na-liga-pelo-moreirense\/"]}]},{"@type":"ImageObject","inLanguage":"pt-PT","@id":"https:\/\/portaltela.pt\/noticias\/2026\/03\/25\/pedro-jesus-mira-estreia-na-liga-pelo-moreirense\/#primaryimage","url":"https:\/\/portaltela.pt\/s.01k8rhncp4jt1\/2026\/03\/img_920x518uu2026-03-25-18-21-23-2429349-im-639100599272497794.jpg","contentUrl":"https:\/\/portaltela.pt\/s.01k8rhncp4jt1\/2026\/03\/img_920x518uu2026-03-25-18-21-23-2429349-im-639100599272497794.jpg","width":920,"height":518,"caption":"Pedro Jesus"},{"@type":"BreadcrumbList","@id":"https:\/\/portaltela.pt\/noticias\/2026\/03\/25\/pedro-jesus-mira-estreia-na-liga-pelo-moreirense\/#breadcrumb","itemListElement":[{"@type":"ListItem","position":1,"name":"In\u00edcio","item":"https:\/\/portaltela.pt\/"},{"@type":"ListItem","position":2,"name":"Pedro Jesus mira estreia na Liga pelo Moreirense"}]},{"@type":"WebSite","@id":"https:\/\/portaltela.pt\/#website","url":"https:\/\/portaltela.pt\/","name":"Portal Tela Portugal","description":"","potentialAction":[{"@type":"SearchAction","target":{"@type":"EntryPoint","urlTemplate":"https:\/\/portaltela.pt\/?s={search_term_string}"},"query-input":{"@type":"PropertyValueSpecification","valueRequired":true,"valueName":"search_term_string"}}],"inLanguage":"pt-PT"},{"@type":"Person","@id":"https:\/\/portaltela.pt\/#\/schema\/person\/c4278d4a6028830caff9ee44b42d32ed","name":"Telinha","image":{"@type":"ImageObject","inLanguage":"pt-PT","@id":"https:\/\/portaltela.pt\/s.01k8rhncp4jt1\/2025\/11\/talking-bot-125x125.png","url":"https:\/\/portaltela.pt\/s.01k8rhncp4jt1\/2025\/11\/talking-bot-125x125.png","contentUrl":"https:\/\/portaltela.pt\/s.01k8rhncp4jt1\/2025\/11\/talking-bot-125x125.png","caption":"Telinha"},"sameAs":["https:\/\/portaltela.pt\/"],"url":"https:\/\/portaltela.pt\/por\/367410592786\/"}]}},"_links":{"self":[{"href":"https:\/\/portaltela.pt\/api\/wp\/v2\/posts\/421310","targetHints":{"allow":["GET"]}}],"collection":[{"href":"https:\/\/portaltela.pt\/api\/wp\/v2\/posts"}],"about":[{"href":"https:\/\/portaltela.pt\/api\/wp\/v2\/types\/post"}],"author":[{"embeddable":true,"href":"https:\/\/portaltela.pt\/api\/wp\/v2\/users\/2"}],"replies":[{"embeddable":true,"href":"https:\/\/portaltela.pt\/api\/wp\/v2\/comments?post=421310"}],"version-history":[{"count":0,"href":"https:\/\/portaltela.pt\/api\/wp\/v2\/posts\/421310\/revisions"}],"wp:featuredmedia":[{"embeddable":true,"href":"https:\/\/portaltela.pt\/api\/wp\/v2\/media\/421313"}],"wp:attachment":[{"href":"https:\/\/portaltela.pt\/api\/wp\/v2\/media?parent=421310"}],"wp:term":[{"taxonomy":"category","embeddable":true,"href":"https:\/\/portaltela.pt\/api\/wp\/v2\/categories?post=421310"},{"taxonomy":"post_tag","embeddable":true,"href":"https:\/\/portaltela.pt\/api\/wp\/v2\/tags?post=421310"}],"curies":[{"name":"wp","href":"https:\/\/api.w.org\/{rel}","templated":true}]}}