{"id":421309,"date":"2026-03-25T14:31:00","date_gmt":"2026-03-25T17:31:00","guid":{"rendered":"https:\/\/portaltela.pt\/noticias\/2026\/03\/25\/cinema-de-animacao-portugues-na-selecao-oficial-do-festival-de-annecy\/"},"modified":"2026-03-25T14:31:00","modified_gmt":"2026-03-25T17:31:00","slug":"cinema-de-animacao-portugues-na-selecao-oficial-do-festival-de-annecy","status":"publish","type":"post","link":"https:\/\/portaltela.pt\/noticias\/2026\/03\/25\/cinema-de-animacao-portugues-na-selecao-oficial-do-festival-de-annecy\/","title":{"rendered":"Cinema de anima\u00e7\u00e3o portugu\u00eas na sele\u00e7\u00e3o oficial do Festival de Annecy"},"content":{"rendered":"<p>O cinema de anima\u00e7\u00e3o portugu\u00eas integra a sele\u00e7\u00e3o oficial do festival de Annecy, na Fran\u00e7a. A not\u00edcia aponta a inclus\u00e3o de obras produzidas em Portugal na mostra principal do certame.<\/p>\n<p>A participa\u00e7\u00e3o envolve projetos de est\u00fadios nacionais que foram distinguidos pela organiza\u00e7\u00e3o do festival. O reconhecimento refor\u00e7a a presen\u00e7a ib\u00e9rica no evento europeu.<\/p>\n<p>Annecy, Fran\u00e7a, acolhe a edi\u00e7\u00e3o em curso, um dos maiores palcos mundiais para anima\u00e7\u00e3o. A sele\u00e7\u00e3o portuguesa \u00e9 apresentada como marco para o cinema nacional no panorama internacional.<\/p>\n<p>Fonte: Lusa.<\/p>\n","protected":false},"excerpt":{"rendered":"<ul>\n<li>O cinema de anima\u00e7\u00e3o portugu\u00eas est\u00e1 na sele\u00e7\u00e3o oficial do festival de Annecy.<\/li>\n<li>O trecho apresentado n\u00e3o fornece detalhes adicionais como t\u00edtulos, datas ou n\u00fameros.<\/li>\n<li>O conte\u00fado est\u00e1 sujeito a direitos de autor da ag\u00eancia empregada.<\/li>\n<\/ul>\n","protected":false},"author":2,"featured_media":421314,"comment_status":"closed","ping_status":"closed","sticky":false,"template":"","format":"standard","meta":{"footnotes":""},"categories":[7375,1],"tags":[5812,112,7040,1856,1033,1014],"class_list":["post-421309","post","type-post","status-publish","format-standard","has-post-thumbnail","hentry","category-cultura","category-noticias","tag-animacao","tag-cinema","tag-cinema-internacional","tag-franca","tag-made-in-portugal","tag-portugal"],"yoast_head":"<!-- This site is optimized with the Yoast SEO plugin v27.2 - https:\/\/yoast.com\/product\/yoast-seo-wordpress\/ -->\n<title>Cinema de anima\u00e7\u00e3o portugu\u00eas na sele\u00e7\u00e3o oficial do Festival de Annecy - Portal Tela Portugal<\/title>\n<meta name=\"robots\" content=\"index, follow, max-snippet:-1, max-image-preview:large, max-video-preview:-1\" \/>\n<meta property=\"og:locale\" content=\"pt_PT\" \/>\n<meta property=\"og:type\" content=\"article\" \/>\n<meta property=\"og:title\" content=\"Cinema de anima\u00e7\u00e3o portugu\u00eas na sele\u00e7\u00e3o oficial do Festival de Annecy - Portal Tela Portugal\" \/>\n<meta property=\"og:description\" content=\"O cinema de anima\u00e7\u00e3o portugu\u00eas est\u00e1 na sele\u00e7\u00e3o oficial do festival de Annecy. O trecho apresentado n\u00e3o fornece detalhes adicionais como t\u00edtulos, datas ou n\u00fameros. O conte\u00fado est\u00e1 sujeito a direitos de autor da ag\u00eancia empregada.\" \/>\n<meta property=\"og:url\" content=\"https:\/\/portaltela.pt\/noticias\/2026\/03\/25\/cinema-de-animacao-portugues-na-selecao-oficial-do-festival-de-annecy\/\" \/>\n<meta property=\"og:site_name\" content=\"Portal Tela Portugal\" \/>\n<meta property=\"article:published_time\" content=\"2026-03-25T17:31:00+00:00\" \/>\n<meta name=\"author\" content=\"Telinha\" \/>\n<meta name=\"twitter:card\" content=\"summary_large_image\" \/>\n<meta name=\"twitter:label1\" content=\"Escrito por\" \/>\n\t<meta name=\"twitter:data1\" content=\"Telinha\" \/>\n<script type=\"application\/ld+json\" class=\"yoast-schema-graph\">{\"@context\":\"https:\/\/schema.org\",\"@graph\":[{\"@type\":\"Article\",\"@id\":\"https:\/\/portaltela.pt\/noticias\/2026\/03\/25\/cinema-de-animacao-portugues-na-selecao-oficial-do-festival-de-annecy\/#article\",\"isPartOf\":{\"@id\":\"https:\/\/portaltela.pt\/noticias\/2026\/03\/25\/cinema-de-animacao-portugues-na-selecao-oficial-do-festival-de-annecy\/\"},\"author\":{\"name\":\"Telinha\",\"@id\":\"https:\/\/portaltela.pt\/#\/schema\/person\/c4278d4a6028830caff9ee44b42d32ed\"},\"headline\":\"Cinema de anima\u00e7\u00e3o portugu\u00eas na sele\u00e7\u00e3o oficial do Festival de Annecy\",\"datePublished\":\"2026-03-25T17:31:00+00:00\",\"mainEntityOfPage\":{\"@id\":\"https:\/\/portaltela.pt\/noticias\/2026\/03\/25\/cinema-de-animacao-portugues-na-selecao-oficial-do-festival-de-annecy\/\"},\"wordCount\":112,\"image\":{\"@id\":\"https:\/\/portaltela.pt\/noticias\/2026\/03\/25\/cinema-de-animacao-portugues-na-selecao-oficial-do-festival-de-annecy\/#primaryimage\"},\"thumbnailUrl\":\"https:\/\/portaltela.pt\/s.01k8rhncp4jt1\/2026\/03\/CACHE_780X1200_ANALOG_WATERMARKED_13163446_675565_25072019114159.jpg\",\"keywords\":[\"anima\u00e7\u00e3o\",\"cinema\",\"cinema internacional\",\"Fran\u00e7a\",\"Made in Portugal\",\"Portugal\"],\"articleSection\":[\"Cultura\",\"Not\u00edcias\"],\"inLanguage\":\"pt-PT\"},{\"@type\":\"WebPage\",\"@id\":\"https:\/\/portaltela.pt\/noticias\/2026\/03\/25\/cinema-de-animacao-portugues-na-selecao-oficial-do-festival-de-annecy\/\",\"url\":\"https:\/\/portaltela.pt\/noticias\/2026\/03\/25\/cinema-de-animacao-portugues-na-selecao-oficial-do-festival-de-annecy\/\",\"name\":\"Cinema de anima\u00e7\u00e3o portugu\u00eas na sele\u00e7\u00e3o oficial do Festival de Annecy - Portal Tela Portugal\",\"isPartOf\":{\"@id\":\"https:\/\/portaltela.pt\/#website\"},\"primaryImageOfPage\":{\"@id\":\"https:\/\/portaltela.pt\/noticias\/2026\/03\/25\/cinema-de-animacao-portugues-na-selecao-oficial-do-festival-de-annecy\/#primaryimage\"},\"image\":{\"@id\":\"https:\/\/portaltela.pt\/noticias\/2026\/03\/25\/cinema-de-animacao-portugues-na-selecao-oficial-do-festival-de-annecy\/#primaryimage\"},\"thumbnailUrl\":\"https:\/\/portaltela.pt\/s.01k8rhncp4jt1\/2026\/03\/CACHE_780X1200_ANALOG_WATERMARKED_13163446_675565_25072019114159.jpg\",\"datePublished\":\"2026-03-25T17:31:00+00:00\",\"author\":{\"@id\":\"https:\/\/portaltela.pt\/#\/schema\/person\/c4278d4a6028830caff9ee44b42d32ed\"},\"breadcrumb\":{\"@id\":\"https:\/\/portaltela.pt\/noticias\/2026\/03\/25\/cinema-de-animacao-portugues-na-selecao-oficial-do-festival-de-annecy\/#breadcrumb\"},\"inLanguage\":\"pt-PT\",\"potentialAction\":[{\"@type\":\"ReadAction\",\"target\":[\"https:\/\/portaltela.pt\/noticias\/2026\/03\/25\/cinema-de-animacao-portugues-na-selecao-oficial-do-festival-de-annecy\/\"]}]},{\"@type\":\"ImageObject\",\"inLanguage\":\"pt-PT\",\"@id\":\"https:\/\/portaltela.pt\/noticias\/2026\/03\/25\/cinema-de-animacao-portugues-na-selecao-oficial-do-festival-de-annecy\/#primaryimage\",\"url\":\"https:\/\/portaltela.pt\/s.01k8rhncp4jt1\/2026\/03\/CACHE_780X1200_ANALOG_WATERMARKED_13163446_675565_25072019114159.jpg\",\"contentUrl\":\"https:\/\/portaltela.pt\/s.01k8rhncp4jt1\/2026\/03\/CACHE_780X1200_ANALOG_WATERMARKED_13163446_675565_25072019114159.jpg\",\"width\":768,\"height\":525,\"caption\":\"Cinema de anima\u00e7\u00e3o portugu\u00eas na sele\u00e7\u00e3o oficial do festival de Annecy\"},{\"@type\":\"BreadcrumbList\",\"@id\":\"https:\/\/portaltela.pt\/noticias\/2026\/03\/25\/cinema-de-animacao-portugues-na-selecao-oficial-do-festival-de-annecy\/#breadcrumb\",\"itemListElement\":[{\"@type\":\"ListItem\",\"position\":1,\"name\":\"In\u00edcio\",\"item\":\"https:\/\/portaltela.pt\/\"},{\"@type\":\"ListItem\",\"position\":2,\"name\":\"Cinema de anima\u00e7\u00e3o portugu\u00eas na sele\u00e7\u00e3o oficial do Festival de Annecy\"}]},{\"@type\":\"WebSite\",\"@id\":\"https:\/\/portaltela.pt\/#website\",\"url\":\"https:\/\/portaltela.pt\/\",\"name\":\"Portal Tela Portugal\",\"description\":\"\",\"potentialAction\":[{\"@type\":\"SearchAction\",\"target\":{\"@type\":\"EntryPoint\",\"urlTemplate\":\"https:\/\/portaltela.pt\/?s={search_term_string}\"},\"query-input\":{\"@type\":\"PropertyValueSpecification\",\"valueRequired\":true,\"valueName\":\"search_term_string\"}}],\"inLanguage\":\"pt-PT\"},{\"@type\":\"Person\",\"@id\":\"https:\/\/portaltela.pt\/#\/schema\/person\/c4278d4a6028830caff9ee44b42d32ed\",\"name\":\"Telinha\",\"image\":{\"@type\":\"ImageObject\",\"inLanguage\":\"pt-PT\",\"@id\":\"https:\/\/portaltela.pt\/s.01k8rhncp4jt1\/2025\/11\/talking-bot-125x125.png\",\"url\":\"https:\/\/portaltela.pt\/s.01k8rhncp4jt1\/2025\/11\/talking-bot-125x125.png\",\"contentUrl\":\"https:\/\/portaltela.pt\/s.01k8rhncp4jt1\/2025\/11\/talking-bot-125x125.png\",\"caption\":\"Telinha\"},\"sameAs\":[\"https:\/\/portaltela.pt\/\"],\"url\":\"https:\/\/portaltela.pt\/por\/367410592786\/\"}]}<\/script>\n<!-- \/ Yoast SEO plugin. -->","yoast_head_json":{"title":"Cinema de anima\u00e7\u00e3o portugu\u00eas na sele\u00e7\u00e3o oficial do Festival de Annecy - Portal Tela Portugal","robots":{"index":"index","follow":"follow","max-snippet":"max-snippet:-1","max-image-preview":"max-image-preview:large","max-video-preview":"max-video-preview:-1"},"og_locale":"pt_PT","og_type":"article","og_title":"Cinema de anima\u00e7\u00e3o portugu\u00eas na sele\u00e7\u00e3o oficial do Festival de Annecy - Portal Tela Portugal","og_description":"O cinema de anima\u00e7\u00e3o portugu\u00eas est\u00e1 na sele\u00e7\u00e3o oficial do festival de Annecy. O trecho apresentado n\u00e3o fornece detalhes adicionais como t\u00edtulos, datas ou n\u00fameros. O conte\u00fado est\u00e1 sujeito a direitos de autor da ag\u00eancia empregada.","og_url":"https:\/\/portaltela.pt\/noticias\/2026\/03\/25\/cinema-de-animacao-portugues-na-selecao-oficial-do-festival-de-annecy\/","og_site_name":"Portal Tela Portugal","article_published_time":"2026-03-25T17:31:00+00:00","author":"Telinha","twitter_card":"summary_large_image","twitter_misc":{"Escrito por":"Telinha"},"schema":{"@context":"https:\/\/schema.org","@graph":[{"@type":"Article","@id":"https:\/\/portaltela.pt\/noticias\/2026\/03\/25\/cinema-de-animacao-portugues-na-selecao-oficial-do-festival-de-annecy\/#article","isPartOf":{"@id":"https:\/\/portaltela.pt\/noticias\/2026\/03\/25\/cinema-de-animacao-portugues-na-selecao-oficial-do-festival-de-annecy\/"},"author":{"name":"Telinha","@id":"https:\/\/portaltela.pt\/#\/schema\/person\/c4278d4a6028830caff9ee44b42d32ed"},"headline":"Cinema de anima\u00e7\u00e3o portugu\u00eas na sele\u00e7\u00e3o oficial do Festival de Annecy","datePublished":"2026-03-25T17:31:00+00:00","mainEntityOfPage":{"@id":"https:\/\/portaltela.pt\/noticias\/2026\/03\/25\/cinema-de-animacao-portugues-na-selecao-oficial-do-festival-de-annecy\/"},"wordCount":112,"image":{"@id":"https:\/\/portaltela.pt\/noticias\/2026\/03\/25\/cinema-de-animacao-portugues-na-selecao-oficial-do-festival-de-annecy\/#primaryimage"},"thumbnailUrl":"https:\/\/portaltela.pt\/s.01k8rhncp4jt1\/2026\/03\/CACHE_780X1200_ANALOG_WATERMARKED_13163446_675565_25072019114159.jpg","keywords":["anima\u00e7\u00e3o","cinema","cinema internacional","Fran\u00e7a","Made in Portugal","Portugal"],"articleSection":["Cultura","Not\u00edcias"],"inLanguage":"pt-PT"},{"@type":"WebPage","@id":"https:\/\/portaltela.pt\/noticias\/2026\/03\/25\/cinema-de-animacao-portugues-na-selecao-oficial-do-festival-de-annecy\/","url":"https:\/\/portaltela.pt\/noticias\/2026\/03\/25\/cinema-de-animacao-portugues-na-selecao-oficial-do-festival-de-annecy\/","name":"Cinema de anima\u00e7\u00e3o portugu\u00eas na sele\u00e7\u00e3o oficial do Festival de Annecy - Portal Tela Portugal","isPartOf":{"@id":"https:\/\/portaltela.pt\/#website"},"primaryImageOfPage":{"@id":"https:\/\/portaltela.pt\/noticias\/2026\/03\/25\/cinema-de-animacao-portugues-na-selecao-oficial-do-festival-de-annecy\/#primaryimage"},"image":{"@id":"https:\/\/portaltela.pt\/noticias\/2026\/03\/25\/cinema-de-animacao-portugues-na-selecao-oficial-do-festival-de-annecy\/#primaryimage"},"thumbnailUrl":"https:\/\/portaltela.pt\/s.01k8rhncp4jt1\/2026\/03\/CACHE_780X1200_ANALOG_WATERMARKED_13163446_675565_25072019114159.jpg","datePublished":"2026-03-25T17:31:00+00:00","author":{"@id":"https:\/\/portaltela.pt\/#\/schema\/person\/c4278d4a6028830caff9ee44b42d32ed"},"breadcrumb":{"@id":"https:\/\/portaltela.pt\/noticias\/2026\/03\/25\/cinema-de-animacao-portugues-na-selecao-oficial-do-festival-de-annecy\/#breadcrumb"},"inLanguage":"pt-PT","potentialAction":[{"@type":"ReadAction","target":["https:\/\/portaltela.pt\/noticias\/2026\/03\/25\/cinema-de-animacao-portugues-na-selecao-oficial-do-festival-de-annecy\/"]}]},{"@type":"ImageObject","inLanguage":"pt-PT","@id":"https:\/\/portaltela.pt\/noticias\/2026\/03\/25\/cinema-de-animacao-portugues-na-selecao-oficial-do-festival-de-annecy\/#primaryimage","url":"https:\/\/portaltela.pt\/s.01k8rhncp4jt1\/2026\/03\/CACHE_780X1200_ANALOG_WATERMARKED_13163446_675565_25072019114159.jpg","contentUrl":"https:\/\/portaltela.pt\/s.01k8rhncp4jt1\/2026\/03\/CACHE_780X1200_ANALOG_WATERMARKED_13163446_675565_25072019114159.jpg","width":768,"height":525,"caption":"Cinema de anima\u00e7\u00e3o portugu\u00eas na sele\u00e7\u00e3o oficial do festival de Annecy"},{"@type":"BreadcrumbList","@id":"https:\/\/portaltela.pt\/noticias\/2026\/03\/25\/cinema-de-animacao-portugues-na-selecao-oficial-do-festival-de-annecy\/#breadcrumb","itemListElement":[{"@type":"ListItem","position":1,"name":"In\u00edcio","item":"https:\/\/portaltela.pt\/"},{"@type":"ListItem","position":2,"name":"Cinema de anima\u00e7\u00e3o portugu\u00eas na sele\u00e7\u00e3o oficial do Festival de Annecy"}]},{"@type":"WebSite","@id":"https:\/\/portaltela.pt\/#website","url":"https:\/\/portaltela.pt\/","name":"Portal Tela Portugal","description":"","potentialAction":[{"@type":"SearchAction","target":{"@type":"EntryPoint","urlTemplate":"https:\/\/portaltela.pt\/?s={search_term_string}"},"query-input":{"@type":"PropertyValueSpecification","valueRequired":true,"valueName":"search_term_string"}}],"inLanguage":"pt-PT"},{"@type":"Person","@id":"https:\/\/portaltela.pt\/#\/schema\/person\/c4278d4a6028830caff9ee44b42d32ed","name":"Telinha","image":{"@type":"ImageObject","inLanguage":"pt-PT","@id":"https:\/\/portaltela.pt\/s.01k8rhncp4jt1\/2025\/11\/talking-bot-125x125.png","url":"https:\/\/portaltela.pt\/s.01k8rhncp4jt1\/2025\/11\/talking-bot-125x125.png","contentUrl":"https:\/\/portaltela.pt\/s.01k8rhncp4jt1\/2025\/11\/talking-bot-125x125.png","caption":"Telinha"},"sameAs":["https:\/\/portaltela.pt\/"],"url":"https:\/\/portaltela.pt\/por\/367410592786\/"}]}},"_links":{"self":[{"href":"https:\/\/portaltela.pt\/api\/wp\/v2\/posts\/421309","targetHints":{"allow":["GET"]}}],"collection":[{"href":"https:\/\/portaltela.pt\/api\/wp\/v2\/posts"}],"about":[{"href":"https:\/\/portaltela.pt\/api\/wp\/v2\/types\/post"}],"author":[{"embeddable":true,"href":"https:\/\/portaltela.pt\/api\/wp\/v2\/users\/2"}],"replies":[{"embeddable":true,"href":"https:\/\/portaltela.pt\/api\/wp\/v2\/comments?post=421309"}],"version-history":[{"count":0,"href":"https:\/\/portaltela.pt\/api\/wp\/v2\/posts\/421309\/revisions"}],"wp:featuredmedia":[{"embeddable":true,"href":"https:\/\/portaltela.pt\/api\/wp\/v2\/media\/421314"}],"wp:attachment":[{"href":"https:\/\/portaltela.pt\/api\/wp\/v2\/media?parent=421309"}],"wp:term":[{"taxonomy":"category","embeddable":true,"href":"https:\/\/portaltela.pt\/api\/wp\/v2\/categories?post=421309"},{"taxonomy":"post_tag","embeddable":true,"href":"https:\/\/portaltela.pt\/api\/wp\/v2\/tags?post=421309"}],"curies":[{"name":"wp","href":"https:\/\/api.w.org\/{rel}","templated":true}]}}