{"id":421306,"date":"2026-03-25T15:16:00","date_gmt":"2026-03-25T18:16:00","guid":{"rendered":"https:\/\/portaltela.pt\/noticias\/2026\/03\/25\/arundhati-roy-entre-finalistas-do-women-s-prize-de-nao-ficcao-pelas-memorias\/"},"modified":"2026-03-25T15:16:00","modified_gmt":"2026-03-25T18:16:00","slug":"arundhati-roy-entre-finalistas-do-women-s-prize-de-nao-ficcao-pelas-memorias","status":"publish","type":"post","link":"https:\/\/portaltela.pt\/noticias\/2026\/03\/25\/arundhati-roy-entre-finalistas-do-women-s-prize-de-nao-ficcao-pelas-memorias\/","title":{"rendered":"Arundhati Roy entre finalistas do Women&#8217;s Prize de n\u00e3o-fic\u00e7\u00e3o pelas mem\u00f3rias"},"content":{"rendered":"<p>A escritora indiana Arundhati Roy est\u00e1 entre as seis finalistas do Women\u2019s Prize for Non\u2011Fiction, com o livro Meu abrigo, minha tempestade. A lista de finalistas \u00e9 apresentada como excecional, destacando o conjunto de obras da edi\u00e7\u00e3o em curso.<\/p>\n<p>Al\u00e9m de Roy, integram a rela\u00e7\u00e3o Lyse Doucet, Ece Temelkuran, Daisy Fancourt, Judith Mackrell e Jane Rogoyska. O protagonismo das obras varia entre mem\u00f3rias, ensaios e narrativas de investiga\u00e7\u00e3o.<\/p>\n<p>A escolha final, que define a vencedora da edi\u00e7\u00e3o, envolve um j\u00fari independente que analisa crit\u00e9rios de qualidade liter\u00e1ria, relev\u00e2ncia tem\u00e1tica e impacto p\u00fablico. O an\u00fancio surge no \u00e2mbito do Women\u2019s Prize for Non\u2011Fiction, que este ano celebra a diversidade de perspetivas entre as finalistas.<\/p>\n","protected":false},"excerpt":{"rendered":"<ul>\n<li>A escritora indiana Arundhati Roy \u00e9 uma das seis finalistas do Women\u2019s Prize de n\u00e3o-fic\u00e7\u00e3o, com o livro &#8220;Meu abrigo, minha tempestade&#8221;.<\/li>\n<li>A lista de finalistas inclui Lyse Doucet, Ece Temelkuran, Daisy Fancourt, Judith Mackrell e Jane Rogoyska.<\/li>\n<li>A sele\u00e7\u00e3o foi descrita como uma lista excecional pelas organizadoras.<\/li>\n<li>O Women\u2019s Prize de n\u00e3o-fic\u00e7\u00e3o reconhece figuras destacadas da \u00e1rea, com Roy entre as candidatas ao pr\u00e9mio.<\/li>\n<\/ul>\n","protected":false},"author":2,"featured_media":421307,"comment_status":"closed","ping_status":"closed","sticky":false,"template":"","format":"standard","meta":{"footnotes":""},"categories":[7375,1],"tags":[106,3030,7490,2701,5661],"class_list":["post-421306","post","type-post","status-publish","format-standard","has-post-thumbnail","hentry","category-cultura","category-noticias","tag-literatura","tag-memoria-literaria","tag-memoria-publica","tag-mulheres","tag-pessoas-publicas"],"yoast_head":"<!-- This site is optimized with the Yoast SEO plugin v27.2 - https:\/\/yoast.com\/product\/yoast-seo-wordpress\/ -->\n<title>Arundhati Roy entre finalistas do Women&#039;s Prize de n\u00e3o-fic\u00e7\u00e3o pelas mem\u00f3rias - Portal Tela Portugal<\/title>\n<meta name=\"robots\" content=\"index, follow, max-snippet:-1, max-image-preview:large, max-video-preview:-1\" \/>\n<meta property=\"og:locale\" content=\"pt_PT\" \/>\n<meta property=\"og:type\" content=\"article\" \/>\n<meta property=\"og:title\" content=\"Arundhati Roy entre finalistas do Women&#039;s Prize de n\u00e3o-fic\u00e7\u00e3o pelas mem\u00f3rias - Portal Tela Portugal\" \/>\n<meta property=\"og:description\" content=\"A escritora indiana Arundhati Roy \u00e9 uma das seis finalistas do Women\u2019s Prize de n\u00e3o-fic\u00e7\u00e3o, com o livro &quot;Meu abrigo, minha tempestade&quot;. A lista de finalistas inclui Lyse Doucet, Ece Temelkuran, Daisy Fancourt, Judith Mackrell e Jane Rogoyska. A sele\u00e7\u00e3o foi descrita como uma lista excecional pelas organizadoras. O Women\u2019s Prize de n\u00e3o-fic\u00e7\u00e3o reconhece figuras destacadas da \u00e1rea, com Roy entre as candidatas ao pr\u00e9mio.\" \/>\n<meta property=\"og:url\" content=\"https:\/\/portaltela.pt\/noticias\/2026\/03\/25\/arundhati-roy-entre-finalistas-do-women-s-prize-de-nao-ficcao-pelas-memorias\/\" \/>\n<meta property=\"og:site_name\" content=\"Portal Tela Portugal\" \/>\n<meta property=\"article:published_time\" content=\"2026-03-25T18:16:00+00:00\" \/>\n<meta name=\"author\" content=\"Telinha\" \/>\n<meta name=\"twitter:card\" content=\"summary_large_image\" \/>\n<meta name=\"twitter:label1\" content=\"Escrito por\" \/>\n\t<meta name=\"twitter:data1\" content=\"Telinha\" \/>\n\t<meta name=\"twitter:label2\" content=\"Tempo estimado de leitura\" \/>\n\t<meta name=\"twitter:data2\" content=\"1 minuto\" \/>\n<script type=\"application\/ld+json\" class=\"yoast-schema-graph\">{\"@context\":\"https:\/\/schema.org\",\"@graph\":[{\"@type\":\"Article\",\"@id\":\"https:\/\/portaltela.pt\/noticias\/2026\/03\/25\/arundhati-roy-entre-finalistas-do-women-s-prize-de-nao-ficcao-pelas-memorias\/#article\",\"isPartOf\":{\"@id\":\"https:\/\/portaltela.pt\/noticias\/2026\/03\/25\/arundhati-roy-entre-finalistas-do-women-s-prize-de-nao-ficcao-pelas-memorias\/\"},\"author\":{\"name\":\"Telinha\",\"@id\":\"https:\/\/portaltela.pt\/#\/schema\/person\/c4278d4a6028830caff9ee44b42d32ed\"},\"headline\":\"Arundhati Roy entre finalistas do Women&#8217;s Prize de n\u00e3o-fic\u00e7\u00e3o pelas mem\u00f3rias\",\"datePublished\":\"2026-03-25T18:16:00+00:00\",\"mainEntityOfPage\":{\"@id\":\"https:\/\/portaltela.pt\/noticias\/2026\/03\/25\/arundhati-roy-entre-finalistas-do-women-s-prize-de-nao-ficcao-pelas-memorias\/\"},\"wordCount\":144,\"image\":{\"@id\":\"https:\/\/portaltela.pt\/noticias\/2026\/03\/25\/arundhati-roy-entre-finalistas-do-women-s-prize-de-nao-ficcao-pelas-memorias\/#primaryimage\"},\"thumbnailUrl\":\"https:\/\/portaltela.pt\/s.01k8rhncp4jt1\/2026\/03\/CACHE_780X1200_ANALOG_WATERMARKED_45884008_10469527152677.jpg\",\"keywords\":[\"literatura\",\"mem\u00f3ria liter\u00e1ria\",\"mem\u00f3ria p\u00fablica\",\"Mulheres\",\"pessoas p\u00fablicas\"],\"articleSection\":[\"Cultura\",\"Not\u00edcias\"],\"inLanguage\":\"pt-PT\"},{\"@type\":\"WebPage\",\"@id\":\"https:\/\/portaltela.pt\/noticias\/2026\/03\/25\/arundhati-roy-entre-finalistas-do-women-s-prize-de-nao-ficcao-pelas-memorias\/\",\"url\":\"https:\/\/portaltela.pt\/noticias\/2026\/03\/25\/arundhati-roy-entre-finalistas-do-women-s-prize-de-nao-ficcao-pelas-memorias\/\",\"name\":\"Arundhati Roy entre finalistas do Women's Prize de n\u00e3o-fic\u00e7\u00e3o pelas mem\u00f3rias - Portal Tela Portugal\",\"isPartOf\":{\"@id\":\"https:\/\/portaltela.pt\/#website\"},\"primaryImageOfPage\":{\"@id\":\"https:\/\/portaltela.pt\/noticias\/2026\/03\/25\/arundhati-roy-entre-finalistas-do-women-s-prize-de-nao-ficcao-pelas-memorias\/#primaryimage\"},\"image\":{\"@id\":\"https:\/\/portaltela.pt\/noticias\/2026\/03\/25\/arundhati-roy-entre-finalistas-do-women-s-prize-de-nao-ficcao-pelas-memorias\/#primaryimage\"},\"thumbnailUrl\":\"https:\/\/portaltela.pt\/s.01k8rhncp4jt1\/2026\/03\/CACHE_780X1200_ANALOG_WATERMARKED_45884008_10469527152677.jpg\",\"datePublished\":\"2026-03-25T18:16:00+00:00\",\"author\":{\"@id\":\"https:\/\/portaltela.pt\/#\/schema\/person\/c4278d4a6028830caff9ee44b42d32ed\"},\"breadcrumb\":{\"@id\":\"https:\/\/portaltela.pt\/noticias\/2026\/03\/25\/arundhati-roy-entre-finalistas-do-women-s-prize-de-nao-ficcao-pelas-memorias\/#breadcrumb\"},\"inLanguage\":\"pt-PT\",\"potentialAction\":[{\"@type\":\"ReadAction\",\"target\":[\"https:\/\/portaltela.pt\/noticias\/2026\/03\/25\/arundhati-roy-entre-finalistas-do-women-s-prize-de-nao-ficcao-pelas-memorias\/\"]}]},{\"@type\":\"ImageObject\",\"inLanguage\":\"pt-PT\",\"@id\":\"https:\/\/portaltela.pt\/noticias\/2026\/03\/25\/arundhati-roy-entre-finalistas-do-women-s-prize-de-nao-ficcao-pelas-memorias\/#primaryimage\",\"url\":\"https:\/\/portaltela.pt\/s.01k8rhncp4jt1\/2026\/03\/CACHE_780X1200_ANALOG_WATERMARKED_45884008_10469527152677.jpg\",\"contentUrl\":\"https:\/\/portaltela.pt\/s.01k8rhncp4jt1\/2026\/03\/CACHE_780X1200_ANALOG_WATERMARKED_45884008_10469527152677.jpg\",\"width\":768,\"height\":512,\"caption\":\"Arundhati Roy entre finalistas do Womens Prize de n\u00e3o-fic\u00e7\u00e3o com as suas mem\u00f3rias\"},{\"@type\":\"BreadcrumbList\",\"@id\":\"https:\/\/portaltela.pt\/noticias\/2026\/03\/25\/arundhati-roy-entre-finalistas-do-women-s-prize-de-nao-ficcao-pelas-memorias\/#breadcrumb\",\"itemListElement\":[{\"@type\":\"ListItem\",\"position\":1,\"name\":\"In\u00edcio\",\"item\":\"https:\/\/portaltela.pt\/\"},{\"@type\":\"ListItem\",\"position\":2,\"name\":\"Arundhati Roy entre finalistas do Women&#8217;s Prize de n\u00e3o-fic\u00e7\u00e3o pelas mem\u00f3rias\"}]},{\"@type\":\"WebSite\",\"@id\":\"https:\/\/portaltela.pt\/#website\",\"url\":\"https:\/\/portaltela.pt\/\",\"name\":\"Portal Tela Portugal\",\"description\":\"\",\"potentialAction\":[{\"@type\":\"SearchAction\",\"target\":{\"@type\":\"EntryPoint\",\"urlTemplate\":\"https:\/\/portaltela.pt\/?s={search_term_string}\"},\"query-input\":{\"@type\":\"PropertyValueSpecification\",\"valueRequired\":true,\"valueName\":\"search_term_string\"}}],\"inLanguage\":\"pt-PT\"},{\"@type\":\"Person\",\"@id\":\"https:\/\/portaltela.pt\/#\/schema\/person\/c4278d4a6028830caff9ee44b42d32ed\",\"name\":\"Telinha\",\"image\":{\"@type\":\"ImageObject\",\"inLanguage\":\"pt-PT\",\"@id\":\"https:\/\/portaltela.pt\/s.01k8rhncp4jt1\/2025\/11\/talking-bot-125x125.png\",\"url\":\"https:\/\/portaltela.pt\/s.01k8rhncp4jt1\/2025\/11\/talking-bot-125x125.png\",\"contentUrl\":\"https:\/\/portaltela.pt\/s.01k8rhncp4jt1\/2025\/11\/talking-bot-125x125.png\",\"caption\":\"Telinha\"},\"sameAs\":[\"https:\/\/portaltela.pt\/\"],\"url\":\"https:\/\/portaltela.pt\/por\/367410592786\/\"}]}<\/script>\n<!-- \/ Yoast SEO plugin. -->","yoast_head_json":{"title":"Arundhati Roy entre finalistas do Women's Prize de n\u00e3o-fic\u00e7\u00e3o pelas mem\u00f3rias - Portal Tela Portugal","robots":{"index":"index","follow":"follow","max-snippet":"max-snippet:-1","max-image-preview":"max-image-preview:large","max-video-preview":"max-video-preview:-1"},"og_locale":"pt_PT","og_type":"article","og_title":"Arundhati Roy entre finalistas do Women's Prize de n\u00e3o-fic\u00e7\u00e3o pelas mem\u00f3rias - Portal Tela Portugal","og_description":"A escritora indiana Arundhati Roy \u00e9 uma das seis finalistas do Women\u2019s Prize de n\u00e3o-fic\u00e7\u00e3o, com o livro \"Meu abrigo, minha tempestade\". A lista de finalistas inclui Lyse Doucet, Ece Temelkuran, Daisy Fancourt, Judith Mackrell e Jane Rogoyska. A sele\u00e7\u00e3o foi descrita como uma lista excecional pelas organizadoras. O Women\u2019s Prize de n\u00e3o-fic\u00e7\u00e3o reconhece figuras destacadas da \u00e1rea, com Roy entre as candidatas ao pr\u00e9mio.","og_url":"https:\/\/portaltela.pt\/noticias\/2026\/03\/25\/arundhati-roy-entre-finalistas-do-women-s-prize-de-nao-ficcao-pelas-memorias\/","og_site_name":"Portal Tela Portugal","article_published_time":"2026-03-25T18:16:00+00:00","author":"Telinha","twitter_card":"summary_large_image","twitter_misc":{"Escrito por":"Telinha","Tempo estimado de leitura":"1 minuto"},"schema":{"@context":"https:\/\/schema.org","@graph":[{"@type":"Article","@id":"https:\/\/portaltela.pt\/noticias\/2026\/03\/25\/arundhati-roy-entre-finalistas-do-women-s-prize-de-nao-ficcao-pelas-memorias\/#article","isPartOf":{"@id":"https:\/\/portaltela.pt\/noticias\/2026\/03\/25\/arundhati-roy-entre-finalistas-do-women-s-prize-de-nao-ficcao-pelas-memorias\/"},"author":{"name":"Telinha","@id":"https:\/\/portaltela.pt\/#\/schema\/person\/c4278d4a6028830caff9ee44b42d32ed"},"headline":"Arundhati Roy entre finalistas do Women&#8217;s Prize de n\u00e3o-fic\u00e7\u00e3o pelas mem\u00f3rias","datePublished":"2026-03-25T18:16:00+00:00","mainEntityOfPage":{"@id":"https:\/\/portaltela.pt\/noticias\/2026\/03\/25\/arundhati-roy-entre-finalistas-do-women-s-prize-de-nao-ficcao-pelas-memorias\/"},"wordCount":144,"image":{"@id":"https:\/\/portaltela.pt\/noticias\/2026\/03\/25\/arundhati-roy-entre-finalistas-do-women-s-prize-de-nao-ficcao-pelas-memorias\/#primaryimage"},"thumbnailUrl":"https:\/\/portaltela.pt\/s.01k8rhncp4jt1\/2026\/03\/CACHE_780X1200_ANALOG_WATERMARKED_45884008_10469527152677.jpg","keywords":["literatura","mem\u00f3ria liter\u00e1ria","mem\u00f3ria p\u00fablica","Mulheres","pessoas p\u00fablicas"],"articleSection":["Cultura","Not\u00edcias"],"inLanguage":"pt-PT"},{"@type":"WebPage","@id":"https:\/\/portaltela.pt\/noticias\/2026\/03\/25\/arundhati-roy-entre-finalistas-do-women-s-prize-de-nao-ficcao-pelas-memorias\/","url":"https:\/\/portaltela.pt\/noticias\/2026\/03\/25\/arundhati-roy-entre-finalistas-do-women-s-prize-de-nao-ficcao-pelas-memorias\/","name":"Arundhati Roy entre finalistas do Women's Prize de n\u00e3o-fic\u00e7\u00e3o pelas mem\u00f3rias - Portal Tela Portugal","isPartOf":{"@id":"https:\/\/portaltela.pt\/#website"},"primaryImageOfPage":{"@id":"https:\/\/portaltela.pt\/noticias\/2026\/03\/25\/arundhati-roy-entre-finalistas-do-women-s-prize-de-nao-ficcao-pelas-memorias\/#primaryimage"},"image":{"@id":"https:\/\/portaltela.pt\/noticias\/2026\/03\/25\/arundhati-roy-entre-finalistas-do-women-s-prize-de-nao-ficcao-pelas-memorias\/#primaryimage"},"thumbnailUrl":"https:\/\/portaltela.pt\/s.01k8rhncp4jt1\/2026\/03\/CACHE_780X1200_ANALOG_WATERMARKED_45884008_10469527152677.jpg","datePublished":"2026-03-25T18:16:00+00:00","author":{"@id":"https:\/\/portaltela.pt\/#\/schema\/person\/c4278d4a6028830caff9ee44b42d32ed"},"breadcrumb":{"@id":"https:\/\/portaltela.pt\/noticias\/2026\/03\/25\/arundhati-roy-entre-finalistas-do-women-s-prize-de-nao-ficcao-pelas-memorias\/#breadcrumb"},"inLanguage":"pt-PT","potentialAction":[{"@type":"ReadAction","target":["https:\/\/portaltela.pt\/noticias\/2026\/03\/25\/arundhati-roy-entre-finalistas-do-women-s-prize-de-nao-ficcao-pelas-memorias\/"]}]},{"@type":"ImageObject","inLanguage":"pt-PT","@id":"https:\/\/portaltela.pt\/noticias\/2026\/03\/25\/arundhati-roy-entre-finalistas-do-women-s-prize-de-nao-ficcao-pelas-memorias\/#primaryimage","url":"https:\/\/portaltela.pt\/s.01k8rhncp4jt1\/2026\/03\/CACHE_780X1200_ANALOG_WATERMARKED_45884008_10469527152677.jpg","contentUrl":"https:\/\/portaltela.pt\/s.01k8rhncp4jt1\/2026\/03\/CACHE_780X1200_ANALOG_WATERMARKED_45884008_10469527152677.jpg","width":768,"height":512,"caption":"Arundhati Roy entre finalistas do Womens Prize de n\u00e3o-fic\u00e7\u00e3o com as suas mem\u00f3rias"},{"@type":"BreadcrumbList","@id":"https:\/\/portaltela.pt\/noticias\/2026\/03\/25\/arundhati-roy-entre-finalistas-do-women-s-prize-de-nao-ficcao-pelas-memorias\/#breadcrumb","itemListElement":[{"@type":"ListItem","position":1,"name":"In\u00edcio","item":"https:\/\/portaltela.pt\/"},{"@type":"ListItem","position":2,"name":"Arundhati Roy entre finalistas do Women&#8217;s Prize de n\u00e3o-fic\u00e7\u00e3o pelas mem\u00f3rias"}]},{"@type":"WebSite","@id":"https:\/\/portaltela.pt\/#website","url":"https:\/\/portaltela.pt\/","name":"Portal Tela Portugal","description":"","potentialAction":[{"@type":"SearchAction","target":{"@type":"EntryPoint","urlTemplate":"https:\/\/portaltela.pt\/?s={search_term_string}"},"query-input":{"@type":"PropertyValueSpecification","valueRequired":true,"valueName":"search_term_string"}}],"inLanguage":"pt-PT"},{"@type":"Person","@id":"https:\/\/portaltela.pt\/#\/schema\/person\/c4278d4a6028830caff9ee44b42d32ed","name":"Telinha","image":{"@type":"ImageObject","inLanguage":"pt-PT","@id":"https:\/\/portaltela.pt\/s.01k8rhncp4jt1\/2025\/11\/talking-bot-125x125.png","url":"https:\/\/portaltela.pt\/s.01k8rhncp4jt1\/2025\/11\/talking-bot-125x125.png","contentUrl":"https:\/\/portaltela.pt\/s.01k8rhncp4jt1\/2025\/11\/talking-bot-125x125.png","caption":"Telinha"},"sameAs":["https:\/\/portaltela.pt\/"],"url":"https:\/\/portaltela.pt\/por\/367410592786\/"}]}},"_links":{"self":[{"href":"https:\/\/portaltela.pt\/api\/wp\/v2\/posts\/421306","targetHints":{"allow":["GET"]}}],"collection":[{"href":"https:\/\/portaltela.pt\/api\/wp\/v2\/posts"}],"about":[{"href":"https:\/\/portaltela.pt\/api\/wp\/v2\/types\/post"}],"author":[{"embeddable":true,"href":"https:\/\/portaltela.pt\/api\/wp\/v2\/users\/2"}],"replies":[{"embeddable":true,"href":"https:\/\/portaltela.pt\/api\/wp\/v2\/comments?post=421306"}],"version-history":[{"count":0,"href":"https:\/\/portaltela.pt\/api\/wp\/v2\/posts\/421306\/revisions"}],"wp:featuredmedia":[{"embeddable":true,"href":"https:\/\/portaltela.pt\/api\/wp\/v2\/media\/421307"}],"wp:attachment":[{"href":"https:\/\/portaltela.pt\/api\/wp\/v2\/media?parent=421306"}],"wp:term":[{"taxonomy":"category","embeddable":true,"href":"https:\/\/portaltela.pt\/api\/wp\/v2\/categories?post=421306"},{"taxonomy":"post_tag","embeddable":true,"href":"https:\/\/portaltela.pt\/api\/wp\/v2\/tags?post=421306"}],"curies":[{"name":"wp","href":"https:\/\/api.w.org\/{rel}","templated":true}]}}