{"id":421302,"date":"2026-03-25T15:06:00","date_gmt":"2026-03-25T18:06:00","guid":{"rendered":"https:\/\/portaltela.pt\/noticias\/2026\/03\/25\/real-madrid-troca-exames-de-mbappe-que-jogou-lesionado\/"},"modified":"2026-03-25T15:06:00","modified_gmt":"2026-03-25T18:06:00","slug":"real-madrid-troca-exames-de-mbappe-que-jogou-lesionado","status":"publish","type":"post","link":"https:\/\/portaltela.pt\/desporto\/futebol\/2026\/03\/25\/real-madrid-troca-exames-de-mbappe-que-jogou-lesionado\/","title":{"rendered":"Real Madrid troca exames de Mbapp\u00e9, que jogou lesionado"},"content":{"rendered":"<p>Um avan\u00e7o do Real Madrid acabou por revelar um erro m\u00e9dico grave que manteve Mbapp\u00e9 em campo lesionado. O internacional franc\u00eas sofreu no joelho esquerdo num jogo com o Celta de Vigo a 7 de dezembro de 2025, com uma rotura parcial do ligamento posterior apenas descoberta semanas depois.<\/p>\n<p>Mbapp\u00e9 disputou tr\u00eas jogos seguintes, marcando quatro golos em confrontos contra Alav\u00e9s, Talavera e Sevilha, apesar de ter sido considerado apto pelo departamento cl\u00ednico do clube. O erro foi detetado ao analisar o hist\u00f3rico cl\u00ednico do jogador, levando \u00e0 suspens\u00e3o de compromissos com Betis e Atl\u00e9tico de Madrid.<\/p>\n<h3>Detalhes e implica\u00e7\u00f5es<\/h3>\n<p>Segundo revela o jornalista Daniel Riolo, da RMC, a not\u00edcia foi partilhada pelo programa L\u2019After Foot e pelo The Athletic, que apontam para uma falha inadmiss\u00edvel dos m\u00e9dicos do Real Madrid. O Marca adianta que Mbapp\u00e9 procurou, no final de fevereiro, um especialista em Fran\u00e7a com autoriza\u00e7\u00e3o do clube.<\/p>\n<p>A informa\u00e7\u00e3o indica que Mbapp\u00e9, depois de um diagn\u00f3stico err\u00f3neo, recebeu tratamento que n\u00e3o correspondia \u00e0 gravidade real da les\u00e3o. Um segundo exame, em 31 de dezembro, confirmou a rotura parcial do ligamento posterior no joelho esquerdo. O jogador integrou posteriormente um plano de recupera\u00e7\u00e3o com vista ao regresso em condi\u00e7\u00f5es de competir.<\/p>\n<h3>Situa\u00e7\u00e3o atual e desfecho<\/h3>\n<p>Mbapp\u00e9 encontra-se nos EUA a representar a Fran\u00e7a, assegurando estar apto para jogos de prepara\u00e7\u00e3o contra Brasil e Col\u00f4mbia e para regressar a maturidade f\u00edsica na fase decisiva da La Liga. O jogador afirma ter superado o problema e manter a confian\u00e7a no regresso aos \u00faltimos jogos da \u00e9poca.<\/p>\n<p>A demiss\u00e3o da equipa m\u00e9dica do Real Madrid foi apresentada como consequ\u00eancia do ocorrido, segundo relatos do mesmo conjunto de fontes. A pr\u00f3pria Itziar Gonzalez de Arriba, antiga nutricionista do clube, comentou publicamente sobre o diagn\u00f3stico inicial.<\/p>\n<p>Fonte de informa\u00e7\u00e3o e credita\u00e7\u00e3o foram indicadas como Riolo (RMC), L\u2019After Foot, The Athletic e Marca, com refer\u00eancia a relatos de imprensa sobre o caso.<\/p>\n","protected":false},"excerpt":{"rendered":"<ul>\n<li>Em sete de dezembro de dois mil e vinte e cinco, Mbapp\u00e9 sofreu traumatismo no joelho esquerdo e permaneceu no banco frente ao Celta de Vigo, atuando nos tr\u00eas jogos seguintes ap\u00f3s ser considerado apto pelo departamento cl\u00ednico do Real Madrid.<\/li>\n<li>Tr\u00eas jogos depois, percebeu-se um erro: o Real Madrid trocou o joelho do jogador, levando-o a jogar lesionado com rotura parcial do ligamento posterior, arriscando o Mundial de 2026.<\/li>\n<li>Mbapp\u00e9 falhou compromissos com Betis e Atl\u00e9tico de Madrid, regressando aos quarenta e seis minutos da final da Superta\u00e7a de Espanha frente ao Barcelona, disputada na Ar\u00e1bia Saudita, que terminou com a vit\u00f3ria catal\u00e3 por 3-2.<\/li>\n<li>Segundo v\u00e1rias fontes, o primeiro diagn\u00f3stico por resson\u00e2ncia magn\u00e9tica n\u00e3o detetou les\u00e3o; um novo exame, a trinta e um de dezembro, confirmou a rotura parcial do ligamento posterior, levando a uma gest\u00e3o cuidada da recupera\u00e7\u00e3o.<\/li>\n<li>O Real Madrid demitiu a equipa m\u00e9dica, e Mbapp\u00e9 procurou, em Fran\u00e7a, Bertrand Sonnery-Cottet para uma avalia\u00e7\u00e3o adicional; o jogador afirmou estar apto para jogos de prepara\u00e7\u00e3o e para regressar em pleno \u00e0 La Liga.<\/li>\n<\/ul>\n","protected":false},"author":2,"featured_media":421305,"comment_status":"closed","ping_status":"closed","sticky":false,"template":"","format":"standard","meta":{"footnotes":""},"categories":[21,24],"tags":[152,32,2799,2538,3375,7211],"class_list":["post-421302","post","type-post","status-publish","format-standard","has-post-thumbnail","hentry","category-desporto","category-futebol","tag-desporto","tag-futebol","tag-joelhos","tag-lesoes","tag-mbappe","tag-medicina"],"yoast_head":"<!-- This site is optimized with the Yoast SEO plugin v27.2 - https:\/\/yoast.com\/product\/yoast-seo-wordpress\/ -->\n<title>Real Madrid troca exames de Mbapp\u00e9, que jogou lesionado - Portal Tela Portugal<\/title>\n<meta name=\"robots\" content=\"index, follow, max-snippet:-1, max-image-preview:large, max-video-preview:-1\" \/>\n<meta property=\"og:locale\" content=\"pt_PT\" \/>\n<meta property=\"og:type\" content=\"article\" \/>\n<meta property=\"og:title\" content=\"Real Madrid troca exames de Mbapp\u00e9, que jogou lesionado - Portal Tela Portugal\" \/>\n<meta property=\"og:description\" content=\"Em sete de dezembro de dois mil e vinte e cinco, Mbapp\u00e9 sofreu traumatismo no joelho esquerdo e permaneceu no banco frente ao Celta de Vigo, atuando nos tr\u00eas jogos seguintes ap\u00f3s ser considerado apto pelo departamento cl\u00ednico do Real Madrid. Tr\u00eas jogos depois, percebeu-se um erro: o Real Madrid trocou o joelho do jogador, levando-o a jogar lesionado com rotura parcial do ligamento posterior, arriscando o Mundial de 2026. Mbapp\u00e9 falhou compromissos com Betis e Atl\u00e9tico de Madrid, regressando aos quarenta e seis minutos da final da Superta\u00e7a de Espanha frente ao Barcelona, disputada na Ar\u00e1bia Saudita, que terminou com a vit\u00f3ria catal\u00e3 por 3-2. Segundo v\u00e1rias fontes, o primeiro diagn\u00f3stico por resson\u00e2ncia magn\u00e9tica n\u00e3o detetou les\u00e3o; um novo exame, a trinta e um de dezembro, confirmou a rotura parcial do ligamento posterior, levando a uma gest\u00e3o cuidada da recupera\u00e7\u00e3o. O Real Madrid demitiu a equipa m\u00e9dica, e Mbapp\u00e9 procurou, em Fran\u00e7a, Bertrand Sonnery-Cottet para uma avalia\u00e7\u00e3o adicional; o jogador afirmou estar apto para jogos de prepara\u00e7\u00e3o e para regressar em pleno \u00e0 La Liga.\" \/>\n<meta property=\"og:url\" content=\"https:\/\/portaltela.pt\/noticias\/2026\/03\/25\/real-madrid-troca-exames-de-mbappe-que-jogou-lesionado\/\" \/>\n<meta property=\"og:site_name\" content=\"Portal Tela Portugal\" \/>\n<meta property=\"article:published_time\" content=\"2026-03-25T18:06:00+00:00\" \/>\n<meta name=\"author\" content=\"Telinha\" \/>\n<meta name=\"twitter:card\" content=\"summary_large_image\" \/>\n<meta name=\"twitter:label1\" content=\"Escrito por\" \/>\n\t<meta name=\"twitter:data1\" content=\"Telinha\" \/>\n\t<meta name=\"twitter:label2\" content=\"Tempo estimado de leitura\" \/>\n\t<meta name=\"twitter:data2\" content=\"2 minutos\" \/>\n<script type=\"application\/ld+json\" class=\"yoast-schema-graph\">{\"@context\":\"https:\/\/schema.org\",\"@graph\":[{\"@type\":\"Article\",\"@id\":\"https:\/\/portaltela.pt\/noticias\/2026\/03\/25\/real-madrid-troca-exames-de-mbappe-que-jogou-lesionado\/#article\",\"isPartOf\":{\"@id\":\"https:\/\/portaltela.pt\/noticias\/2026\/03\/25\/real-madrid-troca-exames-de-mbappe-que-jogou-lesionado\/\"},\"author\":{\"name\":\"Telinha\",\"@id\":\"https:\/\/portaltela.pt\/#\/schema\/person\/c4278d4a6028830caff9ee44b42d32ed\"},\"headline\":\"Real Madrid troca exames de Mbapp\u00e9, que jogou lesionado\",\"datePublished\":\"2026-03-25T18:06:00+00:00\",\"mainEntityOfPage\":{\"@id\":\"https:\/\/portaltela.pt\/noticias\/2026\/03\/25\/real-madrid-troca-exames-de-mbappe-que-jogou-lesionado\/\"},\"wordCount\":360,\"image\":{\"@id\":\"https:\/\/portaltela.pt\/noticias\/2026\/03\/25\/real-madrid-troca-exames-de-mbappe-que-jogou-lesionado\/#primaryimage\"},\"thumbnailUrl\":\"https:\/\/portaltela.pt\/s.01k8rhncp4jt1\/2026\/03\/tpUHdbIMAGENStypeJPGshare1oBarraFacebook_Publico-67.jpg\",\"keywords\":[\"desporto\",\"futebol\",\"joelhos\",\"les\u00f5es\",\"Mbapp\u00e9\",\"medicina\"],\"articleSection\":[\"Desporto\",\"Futebol\"],\"inLanguage\":\"pt-PT\"},{\"@type\":\"WebPage\",\"@id\":\"https:\/\/portaltela.pt\/noticias\/2026\/03\/25\/real-madrid-troca-exames-de-mbappe-que-jogou-lesionado\/\",\"url\":\"https:\/\/portaltela.pt\/noticias\/2026\/03\/25\/real-madrid-troca-exames-de-mbappe-que-jogou-lesionado\/\",\"name\":\"Real Madrid troca exames de Mbapp\u00e9, que jogou lesionado - Portal Tela Portugal\",\"isPartOf\":{\"@id\":\"https:\/\/portaltela.pt\/#website\"},\"primaryImageOfPage\":{\"@id\":\"https:\/\/portaltela.pt\/noticias\/2026\/03\/25\/real-madrid-troca-exames-de-mbappe-que-jogou-lesionado\/#primaryimage\"},\"image\":{\"@id\":\"https:\/\/portaltela.pt\/noticias\/2026\/03\/25\/real-madrid-troca-exames-de-mbappe-que-jogou-lesionado\/#primaryimage\"},\"thumbnailUrl\":\"https:\/\/portaltela.pt\/s.01k8rhncp4jt1\/2026\/03\/tpUHdbIMAGENStypeJPGshare1oBarraFacebook_Publico-67.jpg\",\"datePublished\":\"2026-03-25T18:06:00+00:00\",\"author\":{\"@id\":\"https:\/\/portaltela.pt\/#\/schema\/person\/c4278d4a6028830caff9ee44b42d32ed\"},\"breadcrumb\":{\"@id\":\"https:\/\/portaltela.pt\/noticias\/2026\/03\/25\/real-madrid-troca-exames-de-mbappe-que-jogou-lesionado\/#breadcrumb\"},\"inLanguage\":\"pt-PT\",\"potentialAction\":[{\"@type\":\"ReadAction\",\"target\":[\"https:\/\/portaltela.pt\/noticias\/2026\/03\/25\/real-madrid-troca-exames-de-mbappe-que-jogou-lesionado\/\"]}]},{\"@type\":\"ImageObject\",\"inLanguage\":\"pt-PT\",\"@id\":\"https:\/\/portaltela.pt\/noticias\/2026\/03\/25\/real-madrid-troca-exames-de-mbappe-que-jogou-lesionado\/#primaryimage\",\"url\":\"https:\/\/portaltela.pt\/s.01k8rhncp4jt1\/2026\/03\/tpUHdbIMAGENStypeJPGshare1oBarraFacebook_Publico-67.jpg\",\"contentUrl\":\"https:\/\/portaltela.pt\/s.01k8rhncp4jt1\/2026\/03\/tpUHdbIMAGENStypeJPGshare1oBarraFacebook_Publico-67.jpg\",\"width\":1200,\"height\":630,\"caption\":\"Kylian Mbapp\u00e9 jogou com rotura parcial do ligamento ap\u00f3s diagn\u00f3stico errado do Real Madrid\"},{\"@type\":\"BreadcrumbList\",\"@id\":\"https:\/\/portaltela.pt\/noticias\/2026\/03\/25\/real-madrid-troca-exames-de-mbappe-que-jogou-lesionado\/#breadcrumb\",\"itemListElement\":[{\"@type\":\"ListItem\",\"position\":1,\"name\":\"In\u00edcio\",\"item\":\"https:\/\/portaltela.pt\/\"},{\"@type\":\"ListItem\",\"position\":2,\"name\":\"Real Madrid troca exames de Mbapp\u00e9, que jogou lesionado\"}]},{\"@type\":\"WebSite\",\"@id\":\"https:\/\/portaltela.pt\/#website\",\"url\":\"https:\/\/portaltela.pt\/\",\"name\":\"Portal Tela Portugal\",\"description\":\"\",\"potentialAction\":[{\"@type\":\"SearchAction\",\"target\":{\"@type\":\"EntryPoint\",\"urlTemplate\":\"https:\/\/portaltela.pt\/?s={search_term_string}\"},\"query-input\":{\"@type\":\"PropertyValueSpecification\",\"valueRequired\":true,\"valueName\":\"search_term_string\"}}],\"inLanguage\":\"pt-PT\"},{\"@type\":\"Person\",\"@id\":\"https:\/\/portaltela.pt\/#\/schema\/person\/c4278d4a6028830caff9ee44b42d32ed\",\"name\":\"Telinha\",\"image\":{\"@type\":\"ImageObject\",\"inLanguage\":\"pt-PT\",\"@id\":\"https:\/\/portaltela.pt\/s.01k8rhncp4jt1\/2025\/11\/talking-bot-125x125.png\",\"url\":\"https:\/\/portaltela.pt\/s.01k8rhncp4jt1\/2025\/11\/talking-bot-125x125.png\",\"contentUrl\":\"https:\/\/portaltela.pt\/s.01k8rhncp4jt1\/2025\/11\/talking-bot-125x125.png\",\"caption\":\"Telinha\"},\"sameAs\":[\"https:\/\/portaltela.pt\/\"],\"url\":\"https:\/\/portaltela.pt\/por\/367410592786\/\"}]}<\/script>\n<!-- \/ Yoast SEO plugin. -->","yoast_head_json":{"title":"Real Madrid troca exames de Mbapp\u00e9, que jogou lesionado - Portal Tela Portugal","robots":{"index":"index","follow":"follow","max-snippet":"max-snippet:-1","max-image-preview":"max-image-preview:large","max-video-preview":"max-video-preview:-1"},"og_locale":"pt_PT","og_type":"article","og_title":"Real Madrid troca exames de Mbapp\u00e9, que jogou lesionado - Portal Tela Portugal","og_description":"Em sete de dezembro de dois mil e vinte e cinco, Mbapp\u00e9 sofreu traumatismo no joelho esquerdo e permaneceu no banco frente ao Celta de Vigo, atuando nos tr\u00eas jogos seguintes ap\u00f3s ser considerado apto pelo departamento cl\u00ednico do Real Madrid. Tr\u00eas jogos depois, percebeu-se um erro: o Real Madrid trocou o joelho do jogador, levando-o a jogar lesionado com rotura parcial do ligamento posterior, arriscando o Mundial de 2026. Mbapp\u00e9 falhou compromissos com Betis e Atl\u00e9tico de Madrid, regressando aos quarenta e seis minutos da final da Superta\u00e7a de Espanha frente ao Barcelona, disputada na Ar\u00e1bia Saudita, que terminou com a vit\u00f3ria catal\u00e3 por 3-2. Segundo v\u00e1rias fontes, o primeiro diagn\u00f3stico por resson\u00e2ncia magn\u00e9tica n\u00e3o detetou les\u00e3o; um novo exame, a trinta e um de dezembro, confirmou a rotura parcial do ligamento posterior, levando a uma gest\u00e3o cuidada da recupera\u00e7\u00e3o. O Real Madrid demitiu a equipa m\u00e9dica, e Mbapp\u00e9 procurou, em Fran\u00e7a, Bertrand Sonnery-Cottet para uma avalia\u00e7\u00e3o adicional; o jogador afirmou estar apto para jogos de prepara\u00e7\u00e3o e para regressar em pleno \u00e0 La Liga.","og_url":"https:\/\/portaltela.pt\/noticias\/2026\/03\/25\/real-madrid-troca-exames-de-mbappe-que-jogou-lesionado\/","og_site_name":"Portal Tela Portugal","article_published_time":"2026-03-25T18:06:00+00:00","author":"Telinha","twitter_card":"summary_large_image","twitter_misc":{"Escrito por":"Telinha","Tempo estimado de leitura":"2 minutos"},"schema":{"@context":"https:\/\/schema.org","@graph":[{"@type":"Article","@id":"https:\/\/portaltela.pt\/noticias\/2026\/03\/25\/real-madrid-troca-exames-de-mbappe-que-jogou-lesionado\/#article","isPartOf":{"@id":"https:\/\/portaltela.pt\/noticias\/2026\/03\/25\/real-madrid-troca-exames-de-mbappe-que-jogou-lesionado\/"},"author":{"name":"Telinha","@id":"https:\/\/portaltela.pt\/#\/schema\/person\/c4278d4a6028830caff9ee44b42d32ed"},"headline":"Real Madrid troca exames de Mbapp\u00e9, que jogou lesionado","datePublished":"2026-03-25T18:06:00+00:00","mainEntityOfPage":{"@id":"https:\/\/portaltela.pt\/noticias\/2026\/03\/25\/real-madrid-troca-exames-de-mbappe-que-jogou-lesionado\/"},"wordCount":360,"image":{"@id":"https:\/\/portaltela.pt\/noticias\/2026\/03\/25\/real-madrid-troca-exames-de-mbappe-que-jogou-lesionado\/#primaryimage"},"thumbnailUrl":"https:\/\/portaltela.pt\/s.01k8rhncp4jt1\/2026\/03\/tpUHdbIMAGENStypeJPGshare1oBarraFacebook_Publico-67.jpg","keywords":["desporto","futebol","joelhos","les\u00f5es","Mbapp\u00e9","medicina"],"articleSection":["Desporto","Futebol"],"inLanguage":"pt-PT"},{"@type":"WebPage","@id":"https:\/\/portaltela.pt\/noticias\/2026\/03\/25\/real-madrid-troca-exames-de-mbappe-que-jogou-lesionado\/","url":"https:\/\/portaltela.pt\/noticias\/2026\/03\/25\/real-madrid-troca-exames-de-mbappe-que-jogou-lesionado\/","name":"Real Madrid troca exames de Mbapp\u00e9, que jogou lesionado - Portal Tela Portugal","isPartOf":{"@id":"https:\/\/portaltela.pt\/#website"},"primaryImageOfPage":{"@id":"https:\/\/portaltela.pt\/noticias\/2026\/03\/25\/real-madrid-troca-exames-de-mbappe-que-jogou-lesionado\/#primaryimage"},"image":{"@id":"https:\/\/portaltela.pt\/noticias\/2026\/03\/25\/real-madrid-troca-exames-de-mbappe-que-jogou-lesionado\/#primaryimage"},"thumbnailUrl":"https:\/\/portaltela.pt\/s.01k8rhncp4jt1\/2026\/03\/tpUHdbIMAGENStypeJPGshare1oBarraFacebook_Publico-67.jpg","datePublished":"2026-03-25T18:06:00+00:00","author":{"@id":"https:\/\/portaltela.pt\/#\/schema\/person\/c4278d4a6028830caff9ee44b42d32ed"},"breadcrumb":{"@id":"https:\/\/portaltela.pt\/noticias\/2026\/03\/25\/real-madrid-troca-exames-de-mbappe-que-jogou-lesionado\/#breadcrumb"},"inLanguage":"pt-PT","potentialAction":[{"@type":"ReadAction","target":["https:\/\/portaltela.pt\/noticias\/2026\/03\/25\/real-madrid-troca-exames-de-mbappe-que-jogou-lesionado\/"]}]},{"@type":"ImageObject","inLanguage":"pt-PT","@id":"https:\/\/portaltela.pt\/noticias\/2026\/03\/25\/real-madrid-troca-exames-de-mbappe-que-jogou-lesionado\/#primaryimage","url":"https:\/\/portaltela.pt\/s.01k8rhncp4jt1\/2026\/03\/tpUHdbIMAGENStypeJPGshare1oBarraFacebook_Publico-67.jpg","contentUrl":"https:\/\/portaltela.pt\/s.01k8rhncp4jt1\/2026\/03\/tpUHdbIMAGENStypeJPGshare1oBarraFacebook_Publico-67.jpg","width":1200,"height":630,"caption":"Kylian Mbapp\u00e9 jogou com rotura parcial do ligamento ap\u00f3s diagn\u00f3stico errado do Real Madrid"},{"@type":"BreadcrumbList","@id":"https:\/\/portaltela.pt\/noticias\/2026\/03\/25\/real-madrid-troca-exames-de-mbappe-que-jogou-lesionado\/#breadcrumb","itemListElement":[{"@type":"ListItem","position":1,"name":"In\u00edcio","item":"https:\/\/portaltela.pt\/"},{"@type":"ListItem","position":2,"name":"Real Madrid troca exames de Mbapp\u00e9, que jogou lesionado"}]},{"@type":"WebSite","@id":"https:\/\/portaltela.pt\/#website","url":"https:\/\/portaltela.pt\/","name":"Portal Tela Portugal","description":"","potentialAction":[{"@type":"SearchAction","target":{"@type":"EntryPoint","urlTemplate":"https:\/\/portaltela.pt\/?s={search_term_string}"},"query-input":{"@type":"PropertyValueSpecification","valueRequired":true,"valueName":"search_term_string"}}],"inLanguage":"pt-PT"},{"@type":"Person","@id":"https:\/\/portaltela.pt\/#\/schema\/person\/c4278d4a6028830caff9ee44b42d32ed","name":"Telinha","image":{"@type":"ImageObject","inLanguage":"pt-PT","@id":"https:\/\/portaltela.pt\/s.01k8rhncp4jt1\/2025\/11\/talking-bot-125x125.png","url":"https:\/\/portaltela.pt\/s.01k8rhncp4jt1\/2025\/11\/talking-bot-125x125.png","contentUrl":"https:\/\/portaltela.pt\/s.01k8rhncp4jt1\/2025\/11\/talking-bot-125x125.png","caption":"Telinha"},"sameAs":["https:\/\/portaltela.pt\/"],"url":"https:\/\/portaltela.pt\/por\/367410592786\/"}]}},"_links":{"self":[{"href":"https:\/\/portaltela.pt\/api\/wp\/v2\/posts\/421302","targetHints":{"allow":["GET"]}}],"collection":[{"href":"https:\/\/portaltela.pt\/api\/wp\/v2\/posts"}],"about":[{"href":"https:\/\/portaltela.pt\/api\/wp\/v2\/types\/post"}],"author":[{"embeddable":true,"href":"https:\/\/portaltela.pt\/api\/wp\/v2\/users\/2"}],"replies":[{"embeddable":true,"href":"https:\/\/portaltela.pt\/api\/wp\/v2\/comments?post=421302"}],"version-history":[{"count":0,"href":"https:\/\/portaltela.pt\/api\/wp\/v2\/posts\/421302\/revisions"}],"wp:featuredmedia":[{"embeddable":true,"href":"https:\/\/portaltela.pt\/api\/wp\/v2\/media\/421305"}],"wp:attachment":[{"href":"https:\/\/portaltela.pt\/api\/wp\/v2\/media?parent=421302"}],"wp:term":[{"taxonomy":"category","embeddable":true,"href":"https:\/\/portaltela.pt\/api\/wp\/v2\/categories?post=421302"},{"taxonomy":"post_tag","embeddable":true,"href":"https:\/\/portaltela.pt\/api\/wp\/v2\/tags?post=421302"}],"curies":[{"name":"wp","href":"https:\/\/api.w.org\/{rel}","templated":true}]}}