{"id":421256,"date":"2026-03-25T15:00:00","date_gmt":"2026-03-25T18:00:00","guid":{"rendered":"https:\/\/portaltela.pt\/noticias\/2026\/03\/25\/pepe-rapazote-e-mafalda-vilhena-voltam-a-casar-no-ecra\/"},"modified":"2026-03-25T15:00:00","modified_gmt":"2026-03-25T18:00:00","slug":"pepe-rapazote-e-mafalda-vilhena-voltam-a-casar-no-ecra","status":"publish","type":"post","link":"https:\/\/portaltela.pt\/series-e-filmes\/2026\/03\/25\/pepe-rapazote-e-mafalda-vilhena-voltam-a-casar-no-ecra\/","title":{"rendered":"P\u00eap\u00ea Rapazote e Mafalda Vilhena voltam a casar no ecr\u00e3"},"content":{"rendered":"<p>P\u00eap\u00ea Rapazote e Mafalda Vilhena voltam a contracenar como marido e mulher na novela P\u00e1ginas da Vida, da SIC. A dupla j\u00e1 colaborou h\u00e1 25 anos, na s\u00e9rie Gan\u00e2ncia, e agora retorna ao ecr\u00e3 em pap\u00e9is centrais na nova produ\u00e7\u00e3o.<\/p>\n<p>O reencontro acontece numa trama produzida pela SIC, com Vilhena a interpretar Dolores, a governanta da fam\u00edlia Martins de Andrade, e Rapazote a dar corpo a Jos\u00e9 Ribeiro. A produ\u00e7\u00e3o promete uma reviravolta que n\u00e3o existia no original brasileiro, segundo o elenco.<\/p>\n<p>A hist\u00f3ria mostra ainda duas filhas da casa, descritas como vivas e independentes, e um marido capataz no Alentejo. Mafalda avan\u00e7a que a personagem \u00e9 centrada, respeita o seu lugar e mant\u00e9m a vida privada \u00e0 margem. Rapazote acrescenta que regressar a Portugal \u00e9 positivo para a fam\u00edlia.<\/p>\n<h3>Novo papel e din\u00e2mica entre os atores<\/h3>\n<p>Os dois atores revelam ter tido uma forte liga\u00e7\u00e3o no passado e que a conviv\u00eancia profissional \u00e9 proveitosa. Villhena comenta que, apesar de estarem nos seus pap\u00e9is, o conhecimento m\u00fatuo facilita a interpreta\u00e7\u00e3o quando surgem dificuldades t\u00e9cnicas. Por seu lado, Rapazote admite que o regresso ao pa\u00eds \u00e9 importante para manter la\u00e7os familiares.<\/p>\n<p>Ambos destacam que, mesmo atuando juntos, trabalham de forma independente: Vilhena foca-se na prepara\u00e7\u00e3o em casa, enquanto Rapazote atua mais na rua, com m\u00e9todos diferentes. A dupla observa que essa especificidade ajuda a sustentar a naturalidade do casal na fic\u00e7\u00e3o.<\/p>\n<p>Mafalda Vilhena aceitou o convite desde o in\u00edcio, argumentando que a personagem oferece primeira linha estruturada numa novela para atores. Rapazote, ainda que a personagem n\u00e3o seja central, celebra a oportunidade de regressar a Portugal ap\u00f3s d\u00e9cadas com atividades internacionais, valorizando o tempo em fam\u00edlia.<\/p>\n","protected":false},"excerpt":{"rendered":"<ul>\n<li>Mafalda Vilhena e P\u00eap\u00ea Rapazote voltam a contracenar como marido e mulher na novela P\u00e1ginas da Vida, da SIC, ap\u00f3s vinte e cinco anos desde Gan\u00e2ncia.<\/li>\n<li>O elenco adianta uma reviravolta que n\u00e3o estava no original brasileiro, com impacto na hist\u00f3ria.<\/li>\n<li>Mafalda Vilhena interpreta Dolores, governanta dos Martins de Andrade; P\u00eap\u00ea Rapazote d\u00e1 corpo a Jos\u00e9 Ribeiro.<\/li>\n<li>As personagens t\u00eam uma vida privada separada da rela\u00e7\u00e3o conjugal: o marido \u00e9 capataz no Alentejo e as filhas s\u00e3o descritas como sexualmente livres e muito ativas.<\/li>\n<li>O regresso a Portugal \u00e9 destacado: o casal j\u00e1 contracenou intensamente no primeiro epis\u00f3dio de Rabo de Peixe, though muitos takes foram cortados; cada um mant\u00e9m h\u00e1bitos de trabalho distintos.<\/li>\n<\/ul>\n","protected":false},"author":2,"featured_media":421262,"comment_status":"closed","ping_status":"closed","sticky":false,"template":"","format":"standard","meta":{"footnotes":""},"categories":[12,7368],"tags":[762,145,6598,131,1014,7409],"class_list":["post-421256","post","type-post","status-publish","format-standard","has-post-thumbnail","hentry","category-entretenimento","category-series-e-filmes","tag-artistas","tag-cultura","tag-entretenimento","tag-novelas","tag-portugal","tag-televisoes"],"yoast_head":"<!-- This site is optimized with the Yoast SEO plugin v27.2 - https:\/\/yoast.com\/product\/yoast-seo-wordpress\/ -->\n<title>P\u00eap\u00ea Rapazote e Mafalda Vilhena voltam a casar no ecr\u00e3 - Portal Tela Portugal<\/title>\n<meta name=\"robots\" content=\"index, follow, max-snippet:-1, max-image-preview:large, max-video-preview:-1\" \/>\n<meta property=\"og:locale\" content=\"pt_PT\" \/>\n<meta property=\"og:type\" content=\"article\" \/>\n<meta property=\"og:title\" content=\"P\u00eap\u00ea Rapazote e Mafalda Vilhena voltam a casar no ecr\u00e3 - Portal Tela Portugal\" \/>\n<meta property=\"og:description\" content=\"Mafalda Vilhena e P\u00eap\u00ea Rapazote voltam a contracenar como marido e mulher na novela P\u00e1ginas da Vida, da SIC, ap\u00f3s vinte e cinco anos desde Gan\u00e2ncia. O elenco adianta uma reviravolta que n\u00e3o estava no original brasileiro, com impacto na hist\u00f3ria. Mafalda Vilhena interpreta Dolores, governanta dos Martins de Andrade; P\u00eap\u00ea Rapazote d\u00e1 corpo a Jos\u00e9 Ribeiro. As personagens t\u00eam uma vida privada separada da rela\u00e7\u00e3o conjugal: o marido \u00e9 capataz no Alentejo e as filhas s\u00e3o descritas como sexualmente livres e muito ativas. O regresso a Portugal \u00e9 destacado: o casal j\u00e1 contracenou intensamente no primeiro epis\u00f3dio de Rabo de Peixe, though muitos takes foram cortados; cada um mant\u00e9m h\u00e1bitos de trabalho distintos.\" \/>\n<meta property=\"og:url\" content=\"https:\/\/portaltela.pt\/noticias\/2026\/03\/25\/pepe-rapazote-e-mafalda-vilhena-voltam-a-casar-no-ecra\/\" \/>\n<meta property=\"og:site_name\" content=\"Portal Tela Portugal\" \/>\n<meta property=\"article:published_time\" content=\"2026-03-25T18:00:00+00:00\" \/>\n<meta name=\"author\" content=\"Telinha\" \/>\n<meta name=\"twitter:card\" content=\"summary_large_image\" \/>\n<meta name=\"twitter:label1\" content=\"Escrito por\" \/>\n\t<meta name=\"twitter:data1\" content=\"Telinha\" \/>\n\t<meta name=\"twitter:label2\" content=\"Tempo estimado de leitura\" \/>\n\t<meta name=\"twitter:data2\" content=\"1 minuto\" \/>\n<script type=\"application\/ld+json\" class=\"yoast-schema-graph\">{\"@context\":\"https:\/\/schema.org\",\"@graph\":[{\"@type\":\"Article\",\"@id\":\"https:\/\/portaltela.pt\/noticias\/2026\/03\/25\/pepe-rapazote-e-mafalda-vilhena-voltam-a-casar-no-ecra\/#article\",\"isPartOf\":{\"@id\":\"https:\/\/portaltela.pt\/noticias\/2026\/03\/25\/pepe-rapazote-e-mafalda-vilhena-voltam-a-casar-no-ecra\/\"},\"author\":{\"name\":\"Telinha\",\"@id\":\"https:\/\/portaltela.pt\/#\/schema\/person\/c4278d4a6028830caff9ee44b42d32ed\"},\"headline\":\"P\u00eap\u00ea Rapazote e Mafalda Vilhena voltam a casar no ecr\u00e3\",\"datePublished\":\"2026-03-25T18:00:00+00:00\",\"mainEntityOfPage\":{\"@id\":\"https:\/\/portaltela.pt\/noticias\/2026\/03\/25\/pepe-rapazote-e-mafalda-vilhena-voltam-a-casar-no-ecra\/\"},\"wordCount\":310,\"image\":{\"@id\":\"https:\/\/portaltela.pt\/noticias\/2026\/03\/25\/pepe-rapazote-e-mafalda-vilhena-voltam-a-casar-no-ecra\/#primaryimage\"},\"thumbnailUrl\":\"https:\/\/portaltela.pt\/s.01k8rhncp4jt1\/2026\/03\/img_1280x718uu2026-03-16-17-10-15-2272784-im-639092783301030433.jpg\",\"keywords\":[\"artistas\",\"cultura\",\"entretenimento\",\"novelas\",\"Portugal\",\"televis\u00f5es\"],\"articleSection\":[\"Entretenimento\",\"S\u00e9ries e filmes\"],\"inLanguage\":\"pt-PT\"},{\"@type\":\"WebPage\",\"@id\":\"https:\/\/portaltela.pt\/noticias\/2026\/03\/25\/pepe-rapazote-e-mafalda-vilhena-voltam-a-casar-no-ecra\/\",\"url\":\"https:\/\/portaltela.pt\/noticias\/2026\/03\/25\/pepe-rapazote-e-mafalda-vilhena-voltam-a-casar-no-ecra\/\",\"name\":\"P\u00eap\u00ea Rapazote e Mafalda Vilhena voltam a casar no ecr\u00e3 - Portal Tela Portugal\",\"isPartOf\":{\"@id\":\"https:\/\/portaltela.pt\/#website\"},\"primaryImageOfPage\":{\"@id\":\"https:\/\/portaltela.pt\/noticias\/2026\/03\/25\/pepe-rapazote-e-mafalda-vilhena-voltam-a-casar-no-ecra\/#primaryimage\"},\"image\":{\"@id\":\"https:\/\/portaltela.pt\/noticias\/2026\/03\/25\/pepe-rapazote-e-mafalda-vilhena-voltam-a-casar-no-ecra\/#primaryimage\"},\"thumbnailUrl\":\"https:\/\/portaltela.pt\/s.01k8rhncp4jt1\/2026\/03\/img_1280x718uu2026-03-16-17-10-15-2272784-im-639092783301030433.jpg\",\"datePublished\":\"2026-03-25T18:00:00+00:00\",\"author\":{\"@id\":\"https:\/\/portaltela.pt\/#\/schema\/person\/c4278d4a6028830caff9ee44b42d32ed\"},\"breadcrumb\":{\"@id\":\"https:\/\/portaltela.pt\/noticias\/2026\/03\/25\/pepe-rapazote-e-mafalda-vilhena-voltam-a-casar-no-ecra\/#breadcrumb\"},\"inLanguage\":\"pt-PT\",\"potentialAction\":[{\"@type\":\"ReadAction\",\"target\":[\"https:\/\/portaltela.pt\/noticias\/2026\/03\/25\/pepe-rapazote-e-mafalda-vilhena-voltam-a-casar-no-ecra\/\"]}]},{\"@type\":\"ImageObject\",\"inLanguage\":\"pt-PT\",\"@id\":\"https:\/\/portaltela.pt\/noticias\/2026\/03\/25\/pepe-rapazote-e-mafalda-vilhena-voltam-a-casar-no-ecra\/#primaryimage\",\"url\":\"https:\/\/portaltela.pt\/s.01k8rhncp4jt1\/2026\/03\/img_1280x718uu2026-03-16-17-10-15-2272784-im-639092783301030433.jpg\",\"contentUrl\":\"https:\/\/portaltela.pt\/s.01k8rhncp4jt1\/2026\/03\/img_1280x718uu2026-03-16-17-10-15-2272784-im-639092783301030433.jpg\",\"width\":1280,\"height\":718,\"caption\":\"Mafalda Vilhena e P\u00eap\u00ea Rapazote juntos na novela 'P\u00e1ginas da Vida', na SIC\"},{\"@type\":\"BreadcrumbList\",\"@id\":\"https:\/\/portaltela.pt\/noticias\/2026\/03\/25\/pepe-rapazote-e-mafalda-vilhena-voltam-a-casar-no-ecra\/#breadcrumb\",\"itemListElement\":[{\"@type\":\"ListItem\",\"position\":1,\"name\":\"In\u00edcio\",\"item\":\"https:\/\/portaltela.pt\/\"},{\"@type\":\"ListItem\",\"position\":2,\"name\":\"P\u00eap\u00ea Rapazote e Mafalda Vilhena voltam a casar no ecr\u00e3\"}]},{\"@type\":\"WebSite\",\"@id\":\"https:\/\/portaltela.pt\/#website\",\"url\":\"https:\/\/portaltela.pt\/\",\"name\":\"Portal Tela Portugal\",\"description\":\"\",\"potentialAction\":[{\"@type\":\"SearchAction\",\"target\":{\"@type\":\"EntryPoint\",\"urlTemplate\":\"https:\/\/portaltela.pt\/?s={search_term_string}\"},\"query-input\":{\"@type\":\"PropertyValueSpecification\",\"valueRequired\":true,\"valueName\":\"search_term_string\"}}],\"inLanguage\":\"pt-PT\"},{\"@type\":\"Person\",\"@id\":\"https:\/\/portaltela.pt\/#\/schema\/person\/c4278d4a6028830caff9ee44b42d32ed\",\"name\":\"Telinha\",\"image\":{\"@type\":\"ImageObject\",\"inLanguage\":\"pt-PT\",\"@id\":\"https:\/\/portaltela.pt\/s.01k8rhncp4jt1\/2025\/11\/talking-bot-125x125.png\",\"url\":\"https:\/\/portaltela.pt\/s.01k8rhncp4jt1\/2025\/11\/talking-bot-125x125.png\",\"contentUrl\":\"https:\/\/portaltela.pt\/s.01k8rhncp4jt1\/2025\/11\/talking-bot-125x125.png\",\"caption\":\"Telinha\"},\"sameAs\":[\"https:\/\/portaltela.pt\/\"],\"url\":\"https:\/\/portaltela.pt\/por\/367410592786\/\"}]}<\/script>\n<!-- \/ Yoast SEO plugin. -->","yoast_head_json":{"title":"P\u00eap\u00ea Rapazote e Mafalda Vilhena voltam a casar no ecr\u00e3 - Portal Tela Portugal","robots":{"index":"index","follow":"follow","max-snippet":"max-snippet:-1","max-image-preview":"max-image-preview:large","max-video-preview":"max-video-preview:-1"},"og_locale":"pt_PT","og_type":"article","og_title":"P\u00eap\u00ea Rapazote e Mafalda Vilhena voltam a casar no ecr\u00e3 - Portal Tela Portugal","og_description":"Mafalda Vilhena e P\u00eap\u00ea Rapazote voltam a contracenar como marido e mulher na novela P\u00e1ginas da Vida, da SIC, ap\u00f3s vinte e cinco anos desde Gan\u00e2ncia. O elenco adianta uma reviravolta que n\u00e3o estava no original brasileiro, com impacto na hist\u00f3ria. Mafalda Vilhena interpreta Dolores, governanta dos Martins de Andrade; P\u00eap\u00ea Rapazote d\u00e1 corpo a Jos\u00e9 Ribeiro. As personagens t\u00eam uma vida privada separada da rela\u00e7\u00e3o conjugal: o marido \u00e9 capataz no Alentejo e as filhas s\u00e3o descritas como sexualmente livres e muito ativas. O regresso a Portugal \u00e9 destacado: o casal j\u00e1 contracenou intensamente no primeiro epis\u00f3dio de Rabo de Peixe, though muitos takes foram cortados; cada um mant\u00e9m h\u00e1bitos de trabalho distintos.","og_url":"https:\/\/portaltela.pt\/noticias\/2026\/03\/25\/pepe-rapazote-e-mafalda-vilhena-voltam-a-casar-no-ecra\/","og_site_name":"Portal Tela Portugal","article_published_time":"2026-03-25T18:00:00+00:00","author":"Telinha","twitter_card":"summary_large_image","twitter_misc":{"Escrito por":"Telinha","Tempo estimado de leitura":"1 minuto"},"schema":{"@context":"https:\/\/schema.org","@graph":[{"@type":"Article","@id":"https:\/\/portaltela.pt\/noticias\/2026\/03\/25\/pepe-rapazote-e-mafalda-vilhena-voltam-a-casar-no-ecra\/#article","isPartOf":{"@id":"https:\/\/portaltela.pt\/noticias\/2026\/03\/25\/pepe-rapazote-e-mafalda-vilhena-voltam-a-casar-no-ecra\/"},"author":{"name":"Telinha","@id":"https:\/\/portaltela.pt\/#\/schema\/person\/c4278d4a6028830caff9ee44b42d32ed"},"headline":"P\u00eap\u00ea Rapazote e Mafalda Vilhena voltam a casar no ecr\u00e3","datePublished":"2026-03-25T18:00:00+00:00","mainEntityOfPage":{"@id":"https:\/\/portaltela.pt\/noticias\/2026\/03\/25\/pepe-rapazote-e-mafalda-vilhena-voltam-a-casar-no-ecra\/"},"wordCount":310,"image":{"@id":"https:\/\/portaltela.pt\/noticias\/2026\/03\/25\/pepe-rapazote-e-mafalda-vilhena-voltam-a-casar-no-ecra\/#primaryimage"},"thumbnailUrl":"https:\/\/portaltela.pt\/s.01k8rhncp4jt1\/2026\/03\/img_1280x718uu2026-03-16-17-10-15-2272784-im-639092783301030433.jpg","keywords":["artistas","cultura","entretenimento","novelas","Portugal","televis\u00f5es"],"articleSection":["Entretenimento","S\u00e9ries e filmes"],"inLanguage":"pt-PT"},{"@type":"WebPage","@id":"https:\/\/portaltela.pt\/noticias\/2026\/03\/25\/pepe-rapazote-e-mafalda-vilhena-voltam-a-casar-no-ecra\/","url":"https:\/\/portaltela.pt\/noticias\/2026\/03\/25\/pepe-rapazote-e-mafalda-vilhena-voltam-a-casar-no-ecra\/","name":"P\u00eap\u00ea Rapazote e Mafalda Vilhena voltam a casar no ecr\u00e3 - Portal Tela Portugal","isPartOf":{"@id":"https:\/\/portaltela.pt\/#website"},"primaryImageOfPage":{"@id":"https:\/\/portaltela.pt\/noticias\/2026\/03\/25\/pepe-rapazote-e-mafalda-vilhena-voltam-a-casar-no-ecra\/#primaryimage"},"image":{"@id":"https:\/\/portaltela.pt\/noticias\/2026\/03\/25\/pepe-rapazote-e-mafalda-vilhena-voltam-a-casar-no-ecra\/#primaryimage"},"thumbnailUrl":"https:\/\/portaltela.pt\/s.01k8rhncp4jt1\/2026\/03\/img_1280x718uu2026-03-16-17-10-15-2272784-im-639092783301030433.jpg","datePublished":"2026-03-25T18:00:00+00:00","author":{"@id":"https:\/\/portaltela.pt\/#\/schema\/person\/c4278d4a6028830caff9ee44b42d32ed"},"breadcrumb":{"@id":"https:\/\/portaltela.pt\/noticias\/2026\/03\/25\/pepe-rapazote-e-mafalda-vilhena-voltam-a-casar-no-ecra\/#breadcrumb"},"inLanguage":"pt-PT","potentialAction":[{"@type":"ReadAction","target":["https:\/\/portaltela.pt\/noticias\/2026\/03\/25\/pepe-rapazote-e-mafalda-vilhena-voltam-a-casar-no-ecra\/"]}]},{"@type":"ImageObject","inLanguage":"pt-PT","@id":"https:\/\/portaltela.pt\/noticias\/2026\/03\/25\/pepe-rapazote-e-mafalda-vilhena-voltam-a-casar-no-ecra\/#primaryimage","url":"https:\/\/portaltela.pt\/s.01k8rhncp4jt1\/2026\/03\/img_1280x718uu2026-03-16-17-10-15-2272784-im-639092783301030433.jpg","contentUrl":"https:\/\/portaltela.pt\/s.01k8rhncp4jt1\/2026\/03\/img_1280x718uu2026-03-16-17-10-15-2272784-im-639092783301030433.jpg","width":1280,"height":718,"caption":"Mafalda Vilhena e P\u00eap\u00ea Rapazote juntos na novela 'P\u00e1ginas da Vida', na SIC"},{"@type":"BreadcrumbList","@id":"https:\/\/portaltela.pt\/noticias\/2026\/03\/25\/pepe-rapazote-e-mafalda-vilhena-voltam-a-casar-no-ecra\/#breadcrumb","itemListElement":[{"@type":"ListItem","position":1,"name":"In\u00edcio","item":"https:\/\/portaltela.pt\/"},{"@type":"ListItem","position":2,"name":"P\u00eap\u00ea Rapazote e Mafalda Vilhena voltam a casar no ecr\u00e3"}]},{"@type":"WebSite","@id":"https:\/\/portaltela.pt\/#website","url":"https:\/\/portaltela.pt\/","name":"Portal Tela Portugal","description":"","potentialAction":[{"@type":"SearchAction","target":{"@type":"EntryPoint","urlTemplate":"https:\/\/portaltela.pt\/?s={search_term_string}"},"query-input":{"@type":"PropertyValueSpecification","valueRequired":true,"valueName":"search_term_string"}}],"inLanguage":"pt-PT"},{"@type":"Person","@id":"https:\/\/portaltela.pt\/#\/schema\/person\/c4278d4a6028830caff9ee44b42d32ed","name":"Telinha","image":{"@type":"ImageObject","inLanguage":"pt-PT","@id":"https:\/\/portaltela.pt\/s.01k8rhncp4jt1\/2025\/11\/talking-bot-125x125.png","url":"https:\/\/portaltela.pt\/s.01k8rhncp4jt1\/2025\/11\/talking-bot-125x125.png","contentUrl":"https:\/\/portaltela.pt\/s.01k8rhncp4jt1\/2025\/11\/talking-bot-125x125.png","caption":"Telinha"},"sameAs":["https:\/\/portaltela.pt\/"],"url":"https:\/\/portaltela.pt\/por\/367410592786\/"}]}},"_links":{"self":[{"href":"https:\/\/portaltela.pt\/api\/wp\/v2\/posts\/421256","targetHints":{"allow":["GET"]}}],"collection":[{"href":"https:\/\/portaltela.pt\/api\/wp\/v2\/posts"}],"about":[{"href":"https:\/\/portaltela.pt\/api\/wp\/v2\/types\/post"}],"author":[{"embeddable":true,"href":"https:\/\/portaltela.pt\/api\/wp\/v2\/users\/2"}],"replies":[{"embeddable":true,"href":"https:\/\/portaltela.pt\/api\/wp\/v2\/comments?post=421256"}],"version-history":[{"count":0,"href":"https:\/\/portaltela.pt\/api\/wp\/v2\/posts\/421256\/revisions"}],"wp:featuredmedia":[{"embeddable":true,"href":"https:\/\/portaltela.pt\/api\/wp\/v2\/media\/421262"}],"wp:attachment":[{"href":"https:\/\/portaltela.pt\/api\/wp\/v2\/media?parent=421256"}],"wp:term":[{"taxonomy":"category","embeddable":true,"href":"https:\/\/portaltela.pt\/api\/wp\/v2\/categories?post=421256"},{"taxonomy":"post_tag","embeddable":true,"href":"https:\/\/portaltela.pt\/api\/wp\/v2\/tags?post=421256"}],"curies":[{"name":"wp","href":"https:\/\/api.w.org\/{rel}","templated":true}]}}