{"id":421254,"date":"2026-03-25T15:02:41","date_gmt":"2026-03-25T18:02:41","guid":{"rendered":"https:\/\/portaltela.pt\/noticias\/2026\/03\/25\/malta-principais-desenvolvimentos-economicos-e-politicos\/"},"modified":"2026-03-25T15:02:41","modified_gmt":"2026-03-25T18:02:41","slug":"malta-principais-desenvolvimentos-economicos-e-politicos","status":"publish","type":"post","link":"https:\/\/portaltela.pt\/noticias\/internacional\/2026\/03\/25\/malta-principais-desenvolvimentos-economicos-e-politicos\/","title":{"rendered":"Malta: principais desenvolvimentos econ\u00f3micos e pol\u00edticos"},"content":{"rendered":"<p>O navio-tanque russo com carga de g\u00e1s natural liquefeito encontra-se a ser rebocado rumo \u00e0 L\u00edbia, ap\u00f3s ter sofrido danos a bordo. A manobra est\u00e1 a ser conduzida por unidades de resgate e de apoio mar\u00edtimo, que n\u00e3o detalham a origem do incidente nem o estado da tripula\u00e7\u00e3o.<\/p>\n<p>As autoridades ainda n\u00e3o confirmam as causas nem a extens\u00e3o dos danos, limitando-se a anunciar que a embarca\u00e7\u00e3o permanece est\u00e1vel durante o transporte. O destino \u00e9 a tentativa de descarregar em portos l\u00edbios autorizados, segundo informa\u00e7\u00f5es n\u00e3o oficiais.<\/p>\n<p>O caso ocorre num momento de tens\u00f5es no tr\u00e1fego de hidrocarbonetos entre regi\u00f5es vizinhas, mas n\u00e3o houve confirma\u00e7\u00e3o de liga\u00e7\u00e3o entre o incidente e outros eventos geopol\u00edticos. As autoridades mar\u00edtimas mant\u00eam reservas sobre informa\u00e7\u00f5es adicionais at\u00e9 novas verifica\u00e7\u00f5es.<\/p>\n","protected":false},"excerpt":{"rendered":"<ul>\n<li>Navio-tanque russo danificado est\u00e1 a ser rebocado para a L\u00edbia.<\/li>\n<li>O transporte envolve g\u00e1s natural liquefeito (GNL) a bordo do navio Arctic Metagaz.<\/li>\n<li>A opera\u00e7\u00e3o \u00e9 acompanhada pela cobertura da Euronews, que divulgou a not\u00edcia.<\/li>\n<li>A not\u00edcia n\u00e3o especifica o motivo do dano nem o estado atual da tripula\u00e7\u00e3o.<\/li>\n<\/ul>\n","protected":false},"author":2,"featured_media":421259,"comment_status":"closed","ping_status":"closed","sticky":false,"template":"","format":"standard","meta":{"footnotes":""},"categories":[4,1],"tags":[6115,4419,2551,4298,2832,5698],"class_list":["post-421254","post","type-post","status-publish","format-standard","has-post-thumbnail","hentry","category-internacional","category-noticias","tag-_economia","tag-embarcacoes","tag-hidrocarbonetos","tag-marinha","tag-politica","tag-politica-internacional"],"yoast_head":"<!-- This site is optimized with the Yoast SEO plugin v27.2 - https:\/\/yoast.com\/product\/yoast-seo-wordpress\/ -->\n<title>Malta: principais desenvolvimentos econ\u00f3micos e pol\u00edticos - Portal Tela Portugal<\/title>\n<meta name=\"robots\" content=\"index, follow, max-snippet:-1, max-image-preview:large, max-video-preview:-1\" \/>\n<meta property=\"og:locale\" content=\"pt_PT\" \/>\n<meta property=\"og:type\" content=\"article\" \/>\n<meta property=\"og:title\" content=\"Malta: principais desenvolvimentos econ\u00f3micos e pol\u00edticos - Portal Tela Portugal\" \/>\n<meta property=\"og:description\" content=\"Navio-tanque russo danificado est\u00e1 a ser rebocado para a L\u00edbia. O transporte envolve g\u00e1s natural liquefeito (GNL) a bordo do navio Arctic Metagaz. A opera\u00e7\u00e3o \u00e9 acompanhada pela cobertura da Euronews, que divulgou a not\u00edcia. A not\u00edcia n\u00e3o especifica o motivo do dano nem o estado atual da tripula\u00e7\u00e3o.\" \/>\n<meta property=\"og:url\" content=\"https:\/\/portaltela.pt\/noticias\/2026\/03\/25\/malta-principais-desenvolvimentos-economicos-e-politicos\/\" \/>\n<meta property=\"og:site_name\" content=\"Portal Tela Portugal\" \/>\n<meta property=\"article:published_time\" content=\"2026-03-25T18:02:41+00:00\" \/>\n<meta name=\"author\" content=\"Telinha\" \/>\n<meta name=\"twitter:card\" content=\"summary_large_image\" \/>\n<meta name=\"twitter:label1\" content=\"Escrito por\" \/>\n\t<meta name=\"twitter:data1\" content=\"Telinha\" \/>\n\t<meta name=\"twitter:label2\" content=\"Tempo estimado de leitura\" \/>\n\t<meta name=\"twitter:data2\" content=\"1 minuto\" \/>\n<script type=\"application\/ld+json\" class=\"yoast-schema-graph\">{\"@context\":\"https:\/\/schema.org\",\"@graph\":[{\"@type\":\"Article\",\"@id\":\"https:\/\/portaltela.pt\/noticias\/2026\/03\/25\/malta-principais-desenvolvimentos-economicos-e-politicos\/#article\",\"isPartOf\":{\"@id\":\"https:\/\/portaltela.pt\/noticias\/2026\/03\/25\/malta-principais-desenvolvimentos-economicos-e-politicos\/\"},\"author\":{\"name\":\"Telinha\",\"@id\":\"https:\/\/portaltela.pt\/#\/schema\/person\/c4278d4a6028830caff9ee44b42d32ed\"},\"headline\":\"Malta: principais desenvolvimentos econ\u00f3micos e pol\u00edticos\",\"datePublished\":\"2026-03-25T18:02:41+00:00\",\"mainEntityOfPage\":{\"@id\":\"https:\/\/portaltela.pt\/noticias\/2026\/03\/25\/malta-principais-desenvolvimentos-economicos-e-politicos\/\"},\"wordCount\":154,\"image\":{\"@id\":\"https:\/\/portaltela.pt\/noticias\/2026\/03\/25\/malta-principais-desenvolvimentos-economicos-e-politicos\/#primaryimage\"},\"thumbnailUrl\":\"https:\/\/portaltela.pt\/s.01k8rhncp4jt1\/2026\/03\/320x180_cmsv2_79fe632c-a6c5-55aa-b705-6d05e11aa2c4-9697612.jpg\",\"keywords\":[\"_economia\",\"embarca\u00e7\u00f5es\",\"hidrocarbonetos\",\"Marinha\",\"pol\u00edtica\",\"pol\u00edtica internacional\"],\"articleSection\":[\"Internacional\",\"Not\u00edcias\"],\"inLanguage\":\"pt-PT\"},{\"@type\":\"WebPage\",\"@id\":\"https:\/\/portaltela.pt\/noticias\/2026\/03\/25\/malta-principais-desenvolvimentos-economicos-e-politicos\/\",\"url\":\"https:\/\/portaltela.pt\/noticias\/2026\/03\/25\/malta-principais-desenvolvimentos-economicos-e-politicos\/\",\"name\":\"Malta: principais desenvolvimentos econ\u00f3micos e pol\u00edticos - Portal Tela Portugal\",\"isPartOf\":{\"@id\":\"https:\/\/portaltela.pt\/#website\"},\"primaryImageOfPage\":{\"@id\":\"https:\/\/portaltela.pt\/noticias\/2026\/03\/25\/malta-principais-desenvolvimentos-economicos-e-politicos\/#primaryimage\"},\"image\":{\"@id\":\"https:\/\/portaltela.pt\/noticias\/2026\/03\/25\/malta-principais-desenvolvimentos-economicos-e-politicos\/#primaryimage\"},\"thumbnailUrl\":\"https:\/\/portaltela.pt\/s.01k8rhncp4jt1\/2026\/03\/320x180_cmsv2_79fe632c-a6c5-55aa-b705-6d05e11aa2c4-9697612.jpg\",\"datePublished\":\"2026-03-25T18:02:41+00:00\",\"author\":{\"@id\":\"https:\/\/portaltela.pt\/#\/schema\/person\/c4278d4a6028830caff9ee44b42d32ed\"},\"breadcrumb\":{\"@id\":\"https:\/\/portaltela.pt\/noticias\/2026\/03\/25\/malta-principais-desenvolvimentos-economicos-e-politicos\/#breadcrumb\"},\"inLanguage\":\"pt-PT\",\"potentialAction\":[{\"@type\":\"ReadAction\",\"target\":[\"https:\/\/portaltela.pt\/noticias\/2026\/03\/25\/malta-principais-desenvolvimentos-economicos-e-politicos\/\"]}]},{\"@type\":\"ImageObject\",\"inLanguage\":\"pt-PT\",\"@id\":\"https:\/\/portaltela.pt\/noticias\/2026\/03\/25\/malta-principais-desenvolvimentos-economicos-e-politicos\/#primaryimage\",\"url\":\"https:\/\/portaltela.pt\/s.01k8rhncp4jt1\/2026\/03\/320x180_cmsv2_79fe632c-a6c5-55aa-b705-6d05e11aa2c4-9697612.jpg\",\"contentUrl\":\"https:\/\/portaltela.pt\/s.01k8rhncp4jt1\/2026\/03\/320x180_cmsv2_79fe632c-a6c5-55aa-b705-6d05e11aa2c4-9697612.jpg\",\"width\":320,\"height\":180,\"caption\":\"Navio-tanque de GNL Arctic Metagaz. Arquivo\"},{\"@type\":\"BreadcrumbList\",\"@id\":\"https:\/\/portaltela.pt\/noticias\/2026\/03\/25\/malta-principais-desenvolvimentos-economicos-e-politicos\/#breadcrumb\",\"itemListElement\":[{\"@type\":\"ListItem\",\"position\":1,\"name\":\"In\u00edcio\",\"item\":\"https:\/\/portaltela.pt\/\"},{\"@type\":\"ListItem\",\"position\":2,\"name\":\"Malta: principais desenvolvimentos econ\u00f3micos e pol\u00edticos\"}]},{\"@type\":\"WebSite\",\"@id\":\"https:\/\/portaltela.pt\/#website\",\"url\":\"https:\/\/portaltela.pt\/\",\"name\":\"Portal Tela Portugal\",\"description\":\"\",\"potentialAction\":[{\"@type\":\"SearchAction\",\"target\":{\"@type\":\"EntryPoint\",\"urlTemplate\":\"https:\/\/portaltela.pt\/?s={search_term_string}\"},\"query-input\":{\"@type\":\"PropertyValueSpecification\",\"valueRequired\":true,\"valueName\":\"search_term_string\"}}],\"inLanguage\":\"pt-PT\"},{\"@type\":\"Person\",\"@id\":\"https:\/\/portaltela.pt\/#\/schema\/person\/c4278d4a6028830caff9ee44b42d32ed\",\"name\":\"Telinha\",\"image\":{\"@type\":\"ImageObject\",\"inLanguage\":\"pt-PT\",\"@id\":\"https:\/\/portaltela.pt\/s.01k8rhncp4jt1\/2025\/11\/talking-bot-125x125.png\",\"url\":\"https:\/\/portaltela.pt\/s.01k8rhncp4jt1\/2025\/11\/talking-bot-125x125.png\",\"contentUrl\":\"https:\/\/portaltela.pt\/s.01k8rhncp4jt1\/2025\/11\/talking-bot-125x125.png\",\"caption\":\"Telinha\"},\"sameAs\":[\"https:\/\/portaltela.pt\/\"],\"url\":\"https:\/\/portaltela.pt\/por\/367410592786\/\"}]}<\/script>\n<!-- \/ Yoast SEO plugin. -->","yoast_head_json":{"title":"Malta: principais desenvolvimentos econ\u00f3micos e pol\u00edticos - Portal Tela Portugal","robots":{"index":"index","follow":"follow","max-snippet":"max-snippet:-1","max-image-preview":"max-image-preview:large","max-video-preview":"max-video-preview:-1"},"og_locale":"pt_PT","og_type":"article","og_title":"Malta: principais desenvolvimentos econ\u00f3micos e pol\u00edticos - Portal Tela Portugal","og_description":"Navio-tanque russo danificado est\u00e1 a ser rebocado para a L\u00edbia. O transporte envolve g\u00e1s natural liquefeito (GNL) a bordo do navio Arctic Metagaz. A opera\u00e7\u00e3o \u00e9 acompanhada pela cobertura da Euronews, que divulgou a not\u00edcia. A not\u00edcia n\u00e3o especifica o motivo do dano nem o estado atual da tripula\u00e7\u00e3o.","og_url":"https:\/\/portaltela.pt\/noticias\/2026\/03\/25\/malta-principais-desenvolvimentos-economicos-e-politicos\/","og_site_name":"Portal Tela Portugal","article_published_time":"2026-03-25T18:02:41+00:00","author":"Telinha","twitter_card":"summary_large_image","twitter_misc":{"Escrito por":"Telinha","Tempo estimado de leitura":"1 minuto"},"schema":{"@context":"https:\/\/schema.org","@graph":[{"@type":"Article","@id":"https:\/\/portaltela.pt\/noticias\/2026\/03\/25\/malta-principais-desenvolvimentos-economicos-e-politicos\/#article","isPartOf":{"@id":"https:\/\/portaltela.pt\/noticias\/2026\/03\/25\/malta-principais-desenvolvimentos-economicos-e-politicos\/"},"author":{"name":"Telinha","@id":"https:\/\/portaltela.pt\/#\/schema\/person\/c4278d4a6028830caff9ee44b42d32ed"},"headline":"Malta: principais desenvolvimentos econ\u00f3micos e pol\u00edticos","datePublished":"2026-03-25T18:02:41+00:00","mainEntityOfPage":{"@id":"https:\/\/portaltela.pt\/noticias\/2026\/03\/25\/malta-principais-desenvolvimentos-economicos-e-politicos\/"},"wordCount":154,"image":{"@id":"https:\/\/portaltela.pt\/noticias\/2026\/03\/25\/malta-principais-desenvolvimentos-economicos-e-politicos\/#primaryimage"},"thumbnailUrl":"https:\/\/portaltela.pt\/s.01k8rhncp4jt1\/2026\/03\/320x180_cmsv2_79fe632c-a6c5-55aa-b705-6d05e11aa2c4-9697612.jpg","keywords":["_economia","embarca\u00e7\u00f5es","hidrocarbonetos","Marinha","pol\u00edtica","pol\u00edtica internacional"],"articleSection":["Internacional","Not\u00edcias"],"inLanguage":"pt-PT"},{"@type":"WebPage","@id":"https:\/\/portaltela.pt\/noticias\/2026\/03\/25\/malta-principais-desenvolvimentos-economicos-e-politicos\/","url":"https:\/\/portaltela.pt\/noticias\/2026\/03\/25\/malta-principais-desenvolvimentos-economicos-e-politicos\/","name":"Malta: principais desenvolvimentos econ\u00f3micos e pol\u00edticos - Portal Tela Portugal","isPartOf":{"@id":"https:\/\/portaltela.pt\/#website"},"primaryImageOfPage":{"@id":"https:\/\/portaltela.pt\/noticias\/2026\/03\/25\/malta-principais-desenvolvimentos-economicos-e-politicos\/#primaryimage"},"image":{"@id":"https:\/\/portaltela.pt\/noticias\/2026\/03\/25\/malta-principais-desenvolvimentos-economicos-e-politicos\/#primaryimage"},"thumbnailUrl":"https:\/\/portaltela.pt\/s.01k8rhncp4jt1\/2026\/03\/320x180_cmsv2_79fe632c-a6c5-55aa-b705-6d05e11aa2c4-9697612.jpg","datePublished":"2026-03-25T18:02:41+00:00","author":{"@id":"https:\/\/portaltela.pt\/#\/schema\/person\/c4278d4a6028830caff9ee44b42d32ed"},"breadcrumb":{"@id":"https:\/\/portaltela.pt\/noticias\/2026\/03\/25\/malta-principais-desenvolvimentos-economicos-e-politicos\/#breadcrumb"},"inLanguage":"pt-PT","potentialAction":[{"@type":"ReadAction","target":["https:\/\/portaltela.pt\/noticias\/2026\/03\/25\/malta-principais-desenvolvimentos-economicos-e-politicos\/"]}]},{"@type":"ImageObject","inLanguage":"pt-PT","@id":"https:\/\/portaltela.pt\/noticias\/2026\/03\/25\/malta-principais-desenvolvimentos-economicos-e-politicos\/#primaryimage","url":"https:\/\/portaltela.pt\/s.01k8rhncp4jt1\/2026\/03\/320x180_cmsv2_79fe632c-a6c5-55aa-b705-6d05e11aa2c4-9697612.jpg","contentUrl":"https:\/\/portaltela.pt\/s.01k8rhncp4jt1\/2026\/03\/320x180_cmsv2_79fe632c-a6c5-55aa-b705-6d05e11aa2c4-9697612.jpg","width":320,"height":180,"caption":"Navio-tanque de GNL Arctic Metagaz. Arquivo"},{"@type":"BreadcrumbList","@id":"https:\/\/portaltela.pt\/noticias\/2026\/03\/25\/malta-principais-desenvolvimentos-economicos-e-politicos\/#breadcrumb","itemListElement":[{"@type":"ListItem","position":1,"name":"In\u00edcio","item":"https:\/\/portaltela.pt\/"},{"@type":"ListItem","position":2,"name":"Malta: principais desenvolvimentos econ\u00f3micos e pol\u00edticos"}]},{"@type":"WebSite","@id":"https:\/\/portaltela.pt\/#website","url":"https:\/\/portaltela.pt\/","name":"Portal Tela Portugal","description":"","potentialAction":[{"@type":"SearchAction","target":{"@type":"EntryPoint","urlTemplate":"https:\/\/portaltela.pt\/?s={search_term_string}"},"query-input":{"@type":"PropertyValueSpecification","valueRequired":true,"valueName":"search_term_string"}}],"inLanguage":"pt-PT"},{"@type":"Person","@id":"https:\/\/portaltela.pt\/#\/schema\/person\/c4278d4a6028830caff9ee44b42d32ed","name":"Telinha","image":{"@type":"ImageObject","inLanguage":"pt-PT","@id":"https:\/\/portaltela.pt\/s.01k8rhncp4jt1\/2025\/11\/talking-bot-125x125.png","url":"https:\/\/portaltela.pt\/s.01k8rhncp4jt1\/2025\/11\/talking-bot-125x125.png","contentUrl":"https:\/\/portaltela.pt\/s.01k8rhncp4jt1\/2025\/11\/talking-bot-125x125.png","caption":"Telinha"},"sameAs":["https:\/\/portaltela.pt\/"],"url":"https:\/\/portaltela.pt\/por\/367410592786\/"}]}},"_links":{"self":[{"href":"https:\/\/portaltela.pt\/api\/wp\/v2\/posts\/421254","targetHints":{"allow":["GET"]}}],"collection":[{"href":"https:\/\/portaltela.pt\/api\/wp\/v2\/posts"}],"about":[{"href":"https:\/\/portaltela.pt\/api\/wp\/v2\/types\/post"}],"author":[{"embeddable":true,"href":"https:\/\/portaltela.pt\/api\/wp\/v2\/users\/2"}],"replies":[{"embeddable":true,"href":"https:\/\/portaltela.pt\/api\/wp\/v2\/comments?post=421254"}],"version-history":[{"count":0,"href":"https:\/\/portaltela.pt\/api\/wp\/v2\/posts\/421254\/revisions"}],"wp:featuredmedia":[{"embeddable":true,"href":"https:\/\/portaltela.pt\/api\/wp\/v2\/media\/421259"}],"wp:attachment":[{"href":"https:\/\/portaltela.pt\/api\/wp\/v2\/media?parent=421254"}],"wp:term":[{"taxonomy":"category","embeddable":true,"href":"https:\/\/portaltela.pt\/api\/wp\/v2\/categories?post=421254"},{"taxonomy":"post_tag","embeddable":true,"href":"https:\/\/portaltela.pt\/api\/wp\/v2\/tags?post=421254"}],"curies":[{"name":"wp","href":"https:\/\/api.w.org\/{rel}","templated":true}]}}