{"id":421242,"date":"2026-03-25T14:51:48","date_gmt":"2026-03-25T17:51:48","guid":{"rendered":"https:\/\/portaltela.pt\/noticias\/2026\/03\/25\/alvaro-d-kastro-apresenta-o-tema-bem-me-quer-mal-me-quer\/"},"modified":"2026-03-25T14:51:48","modified_gmt":"2026-03-25T17:51:48","slug":"alvaro-d-kastro-apresenta-o-tema-bem-me-quer-mal-me-quer","status":"publish","type":"post","link":"https:\/\/portaltela.pt\/musica\/2026\/03\/25\/alvaro-d-kastro-apresenta-o-tema-bem-me-quer-mal-me-quer\/","title":{"rendered":"\u00c1lvaro d\u2019Kastro apresenta o tema Bem Me Quer, Mal Me Quer"},"content":{"rendered":"<p>O cantor \u00c1lvaro d\u2019Kastro apresentou o tema <strong>Bem Me Quer, Mal Me Quer<\/strong> durante as manh\u00e3s da CMTV, acompanhado por uma bailarina especial. A apresenta\u00e7\u00e3o ocorreu na transmiss\u00e3o matinal da esta\u00e7\u00e3o.<\/p>\n<p>A divulga\u00e7\u00e3o serviu para apresentar, ao p\u00fablico, o novo single do artista, sem indicar a data exata da emiss\u00e3o ou de lan\u00e7amento do tema. A coreografia ganhou destaque na reportagem da manh\u00e3.<\/p>\n<p>A produ\u00e7\u00e3o da CMTV n\u00e3o disponibilizou informa\u00e7\u00f5es adicionais sobre o conte\u00fado da apresenta\u00e7\u00e3o ou sobre o roteiro da emiss\u00e3o. O objetivo constante \u00e9 manter o p\u00fablico informado sobre novidades do artista.<\/p>\n","protected":false},"excerpt":{"rendered":"<ul>\n<li>\u00c1lvaro d\u2019Kastro lan\u00e7ou o tema &#8220;Bem Me Quer, Mal Me Quer&#8221;.<\/li>\n<li>O lan\u00e7amento foi apresentado nas manh\u00e3s da CMTV.<\/li>\n<li>O programa contou com a participa\u00e7\u00e3o de uma bailarina especial.<\/li>\n<li>O tema \u00e9 o mais recente lan\u00e7amento do cantor.<\/li>\n<\/ul>\n","protected":false},"author":2,"featured_media":421247,"comment_status":"closed","ping_status":"closed","sticky":false,"template":"","format":"standard","meta":{"footnotes":""},"categories":[6676],"tags":[6163,76,2778,145,6598,122],"class_list":["post-421242","post","type-post","status-publish","format-standard","has-post-thumbnail","hentry","category-musica","tag-cantores","tag-celebridades","tag-cmtv","tag-cultura","tag-entretenimento","tag-musica"],"yoast_head":"<!-- This site is optimized with the Yoast SEO plugin v27.2 - https:\/\/yoast.com\/product\/yoast-seo-wordpress\/ -->\n<title>\u00c1lvaro d\u2019Kastro apresenta o tema Bem Me Quer, Mal Me Quer - Portal Tela Portugal<\/title>\n<meta name=\"robots\" content=\"index, follow, max-snippet:-1, max-image-preview:large, max-video-preview:-1\" \/>\n<meta property=\"og:locale\" content=\"pt_PT\" \/>\n<meta property=\"og:type\" content=\"article\" \/>\n<meta property=\"og:title\" content=\"\u00c1lvaro d\u2019Kastro apresenta o tema Bem Me Quer, Mal Me Quer - Portal Tela Portugal\" \/>\n<meta property=\"og:description\" content=\"\u00c1lvaro d\u2019Kastro lan\u00e7ou o tema &quot;Bem Me Quer, Mal Me Quer&quot;. O lan\u00e7amento foi apresentado nas manh\u00e3s da CMTV. O programa contou com a participa\u00e7\u00e3o de uma bailarina especial. O tema \u00e9 o mais recente lan\u00e7amento do cantor.\" \/>\n<meta property=\"og:url\" content=\"https:\/\/portaltela.pt\/noticias\/2026\/03\/25\/alvaro-d-kastro-apresenta-o-tema-bem-me-quer-mal-me-quer\/\" \/>\n<meta property=\"og:site_name\" content=\"Portal Tela Portugal\" \/>\n<meta property=\"article:published_time\" content=\"2026-03-25T17:51:48+00:00\" \/>\n<meta name=\"author\" content=\"Telinha\" \/>\n<meta name=\"twitter:card\" content=\"summary_large_image\" \/>\n<meta name=\"twitter:label1\" content=\"Escrito por\" \/>\n\t<meta name=\"twitter:data1\" content=\"Telinha\" \/>\n\t<meta name=\"twitter:label2\" content=\"Tempo estimado de leitura\" \/>\n\t<meta name=\"twitter:data2\" content=\"1 minuto\" \/>\n<script type=\"application\/ld+json\" class=\"yoast-schema-graph\">{\"@context\":\"https:\/\/schema.org\",\"@graph\":[{\"@type\":\"Article\",\"@id\":\"https:\/\/portaltela.pt\/noticias\/2026\/03\/25\/alvaro-d-kastro-apresenta-o-tema-bem-me-quer-mal-me-quer\/#article\",\"isPartOf\":{\"@id\":\"https:\/\/portaltela.pt\/noticias\/2026\/03\/25\/alvaro-d-kastro-apresenta-o-tema-bem-me-quer-mal-me-quer\/\"},\"author\":{\"name\":\"Telinha\",\"@id\":\"https:\/\/portaltela.pt\/#\/schema\/person\/c4278d4a6028830caff9ee44b42d32ed\"},\"headline\":\"\u00c1lvaro d\u2019Kastro apresenta o tema Bem Me Quer, Mal Me Quer\",\"datePublished\":\"2026-03-25T17:51:48+00:00\",\"mainEntityOfPage\":{\"@id\":\"https:\/\/portaltela.pt\/noticias\/2026\/03\/25\/alvaro-d-kastro-apresenta-o-tema-bem-me-quer-mal-me-quer\/\"},\"wordCount\":121,\"image\":{\"@id\":\"https:\/\/portaltela.pt\/noticias\/2026\/03\/25\/alvaro-d-kastro-apresenta-o-tema-bem-me-quer-mal-me-quer\/#primaryimage\"},\"thumbnailUrl\":\"https:\/\/portaltela.pt\/s.01k8rhncp4jt1\/2026\/03\/img_1280x722uu2026-03-25-17-49-57-2274782.jpg\",\"keywords\":[\"cantores\",\"celebridades\",\"CMTV\",\"cultura\",\"entretenimento\",\"m\u00fasica\"],\"articleSection\":[\"M\u00fasica\"],\"inLanguage\":\"pt-PT\"},{\"@type\":\"WebPage\",\"@id\":\"https:\/\/portaltela.pt\/noticias\/2026\/03\/25\/alvaro-d-kastro-apresenta-o-tema-bem-me-quer-mal-me-quer\/\",\"url\":\"https:\/\/portaltela.pt\/noticias\/2026\/03\/25\/alvaro-d-kastro-apresenta-o-tema-bem-me-quer-mal-me-quer\/\",\"name\":\"\u00c1lvaro d\u2019Kastro apresenta o tema Bem Me Quer, Mal Me Quer - Portal Tela Portugal\",\"isPartOf\":{\"@id\":\"https:\/\/portaltela.pt\/#website\"},\"primaryImageOfPage\":{\"@id\":\"https:\/\/portaltela.pt\/noticias\/2026\/03\/25\/alvaro-d-kastro-apresenta-o-tema-bem-me-quer-mal-me-quer\/#primaryimage\"},\"image\":{\"@id\":\"https:\/\/portaltela.pt\/noticias\/2026\/03\/25\/alvaro-d-kastro-apresenta-o-tema-bem-me-quer-mal-me-quer\/#primaryimage\"},\"thumbnailUrl\":\"https:\/\/portaltela.pt\/s.01k8rhncp4jt1\/2026\/03\/img_1280x722uu2026-03-25-17-49-57-2274782.jpg\",\"datePublished\":\"2026-03-25T17:51:48+00:00\",\"author\":{\"@id\":\"https:\/\/portaltela.pt\/#\/schema\/person\/c4278d4a6028830caff9ee44b42d32ed\"},\"breadcrumb\":{\"@id\":\"https:\/\/portaltela.pt\/noticias\/2026\/03\/25\/alvaro-d-kastro-apresenta-o-tema-bem-me-quer-mal-me-quer\/#breadcrumb\"},\"inLanguage\":\"pt-PT\",\"potentialAction\":[{\"@type\":\"ReadAction\",\"target\":[\"https:\/\/portaltela.pt\/noticias\/2026\/03\/25\/alvaro-d-kastro-apresenta-o-tema-bem-me-quer-mal-me-quer\/\"]}]},{\"@type\":\"ImageObject\",\"inLanguage\":\"pt-PT\",\"@id\":\"https:\/\/portaltela.pt\/noticias\/2026\/03\/25\/alvaro-d-kastro-apresenta-o-tema-bem-me-quer-mal-me-quer\/#primaryimage\",\"url\":\"https:\/\/portaltela.pt\/s.01k8rhncp4jt1\/2026\/03\/img_1280x722uu2026-03-25-17-49-57-2274782.jpg\",\"contentUrl\":\"https:\/\/portaltela.pt\/s.01k8rhncp4jt1\/2026\/03\/img_1280x722uu2026-03-25-17-49-57-2274782.jpg\",\"width\":1280,\"height\":722,\"caption\":\"Photo\"},{\"@type\":\"BreadcrumbList\",\"@id\":\"https:\/\/portaltela.pt\/noticias\/2026\/03\/25\/alvaro-d-kastro-apresenta-o-tema-bem-me-quer-mal-me-quer\/#breadcrumb\",\"itemListElement\":[{\"@type\":\"ListItem\",\"position\":1,\"name\":\"In\u00edcio\",\"item\":\"https:\/\/portaltela.pt\/\"},{\"@type\":\"ListItem\",\"position\":2,\"name\":\"\u00c1lvaro d\u2019Kastro apresenta o tema Bem Me Quer, Mal Me Quer\"}]},{\"@type\":\"WebSite\",\"@id\":\"https:\/\/portaltela.pt\/#website\",\"url\":\"https:\/\/portaltela.pt\/\",\"name\":\"Portal Tela Portugal\",\"description\":\"\",\"potentialAction\":[{\"@type\":\"SearchAction\",\"target\":{\"@type\":\"EntryPoint\",\"urlTemplate\":\"https:\/\/portaltela.pt\/?s={search_term_string}\"},\"query-input\":{\"@type\":\"PropertyValueSpecification\",\"valueRequired\":true,\"valueName\":\"search_term_string\"}}],\"inLanguage\":\"pt-PT\"},{\"@type\":\"Person\",\"@id\":\"https:\/\/portaltela.pt\/#\/schema\/person\/c4278d4a6028830caff9ee44b42d32ed\",\"name\":\"Telinha\",\"image\":{\"@type\":\"ImageObject\",\"inLanguage\":\"pt-PT\",\"@id\":\"https:\/\/portaltela.pt\/s.01k8rhncp4jt1\/2025\/11\/talking-bot-125x125.png\",\"url\":\"https:\/\/portaltela.pt\/s.01k8rhncp4jt1\/2025\/11\/talking-bot-125x125.png\",\"contentUrl\":\"https:\/\/portaltela.pt\/s.01k8rhncp4jt1\/2025\/11\/talking-bot-125x125.png\",\"caption\":\"Telinha\"},\"sameAs\":[\"https:\/\/portaltela.pt\/\"],\"url\":\"https:\/\/portaltela.pt\/por\/367410592786\/\"}]}<\/script>\n<!-- \/ Yoast SEO plugin. -->","yoast_head_json":{"title":"\u00c1lvaro d\u2019Kastro apresenta o tema Bem Me Quer, Mal Me Quer - Portal Tela Portugal","robots":{"index":"index","follow":"follow","max-snippet":"max-snippet:-1","max-image-preview":"max-image-preview:large","max-video-preview":"max-video-preview:-1"},"og_locale":"pt_PT","og_type":"article","og_title":"\u00c1lvaro d\u2019Kastro apresenta o tema Bem Me Quer, Mal Me Quer - Portal Tela Portugal","og_description":"\u00c1lvaro d\u2019Kastro lan\u00e7ou o tema \"Bem Me Quer, Mal Me Quer\". O lan\u00e7amento foi apresentado nas manh\u00e3s da CMTV. O programa contou com a participa\u00e7\u00e3o de uma bailarina especial. O tema \u00e9 o mais recente lan\u00e7amento do cantor.","og_url":"https:\/\/portaltela.pt\/noticias\/2026\/03\/25\/alvaro-d-kastro-apresenta-o-tema-bem-me-quer-mal-me-quer\/","og_site_name":"Portal Tela Portugal","article_published_time":"2026-03-25T17:51:48+00:00","author":"Telinha","twitter_card":"summary_large_image","twitter_misc":{"Escrito por":"Telinha","Tempo estimado de leitura":"1 minuto"},"schema":{"@context":"https:\/\/schema.org","@graph":[{"@type":"Article","@id":"https:\/\/portaltela.pt\/noticias\/2026\/03\/25\/alvaro-d-kastro-apresenta-o-tema-bem-me-quer-mal-me-quer\/#article","isPartOf":{"@id":"https:\/\/portaltela.pt\/noticias\/2026\/03\/25\/alvaro-d-kastro-apresenta-o-tema-bem-me-quer-mal-me-quer\/"},"author":{"name":"Telinha","@id":"https:\/\/portaltela.pt\/#\/schema\/person\/c4278d4a6028830caff9ee44b42d32ed"},"headline":"\u00c1lvaro d\u2019Kastro apresenta o tema Bem Me Quer, Mal Me Quer","datePublished":"2026-03-25T17:51:48+00:00","mainEntityOfPage":{"@id":"https:\/\/portaltela.pt\/noticias\/2026\/03\/25\/alvaro-d-kastro-apresenta-o-tema-bem-me-quer-mal-me-quer\/"},"wordCount":121,"image":{"@id":"https:\/\/portaltela.pt\/noticias\/2026\/03\/25\/alvaro-d-kastro-apresenta-o-tema-bem-me-quer-mal-me-quer\/#primaryimage"},"thumbnailUrl":"https:\/\/portaltela.pt\/s.01k8rhncp4jt1\/2026\/03\/img_1280x722uu2026-03-25-17-49-57-2274782.jpg","keywords":["cantores","celebridades","CMTV","cultura","entretenimento","m\u00fasica"],"articleSection":["M\u00fasica"],"inLanguage":"pt-PT"},{"@type":"WebPage","@id":"https:\/\/portaltela.pt\/noticias\/2026\/03\/25\/alvaro-d-kastro-apresenta-o-tema-bem-me-quer-mal-me-quer\/","url":"https:\/\/portaltela.pt\/noticias\/2026\/03\/25\/alvaro-d-kastro-apresenta-o-tema-bem-me-quer-mal-me-quer\/","name":"\u00c1lvaro d\u2019Kastro apresenta o tema Bem Me Quer, Mal Me Quer - Portal Tela Portugal","isPartOf":{"@id":"https:\/\/portaltela.pt\/#website"},"primaryImageOfPage":{"@id":"https:\/\/portaltela.pt\/noticias\/2026\/03\/25\/alvaro-d-kastro-apresenta-o-tema-bem-me-quer-mal-me-quer\/#primaryimage"},"image":{"@id":"https:\/\/portaltela.pt\/noticias\/2026\/03\/25\/alvaro-d-kastro-apresenta-o-tema-bem-me-quer-mal-me-quer\/#primaryimage"},"thumbnailUrl":"https:\/\/portaltela.pt\/s.01k8rhncp4jt1\/2026\/03\/img_1280x722uu2026-03-25-17-49-57-2274782.jpg","datePublished":"2026-03-25T17:51:48+00:00","author":{"@id":"https:\/\/portaltela.pt\/#\/schema\/person\/c4278d4a6028830caff9ee44b42d32ed"},"breadcrumb":{"@id":"https:\/\/portaltela.pt\/noticias\/2026\/03\/25\/alvaro-d-kastro-apresenta-o-tema-bem-me-quer-mal-me-quer\/#breadcrumb"},"inLanguage":"pt-PT","potentialAction":[{"@type":"ReadAction","target":["https:\/\/portaltela.pt\/noticias\/2026\/03\/25\/alvaro-d-kastro-apresenta-o-tema-bem-me-quer-mal-me-quer\/"]}]},{"@type":"ImageObject","inLanguage":"pt-PT","@id":"https:\/\/portaltela.pt\/noticias\/2026\/03\/25\/alvaro-d-kastro-apresenta-o-tema-bem-me-quer-mal-me-quer\/#primaryimage","url":"https:\/\/portaltela.pt\/s.01k8rhncp4jt1\/2026\/03\/img_1280x722uu2026-03-25-17-49-57-2274782.jpg","contentUrl":"https:\/\/portaltela.pt\/s.01k8rhncp4jt1\/2026\/03\/img_1280x722uu2026-03-25-17-49-57-2274782.jpg","width":1280,"height":722,"caption":"Photo"},{"@type":"BreadcrumbList","@id":"https:\/\/portaltela.pt\/noticias\/2026\/03\/25\/alvaro-d-kastro-apresenta-o-tema-bem-me-quer-mal-me-quer\/#breadcrumb","itemListElement":[{"@type":"ListItem","position":1,"name":"In\u00edcio","item":"https:\/\/portaltela.pt\/"},{"@type":"ListItem","position":2,"name":"\u00c1lvaro d\u2019Kastro apresenta o tema Bem Me Quer, Mal Me Quer"}]},{"@type":"WebSite","@id":"https:\/\/portaltela.pt\/#website","url":"https:\/\/portaltela.pt\/","name":"Portal Tela Portugal","description":"","potentialAction":[{"@type":"SearchAction","target":{"@type":"EntryPoint","urlTemplate":"https:\/\/portaltela.pt\/?s={search_term_string}"},"query-input":{"@type":"PropertyValueSpecification","valueRequired":true,"valueName":"search_term_string"}}],"inLanguage":"pt-PT"},{"@type":"Person","@id":"https:\/\/portaltela.pt\/#\/schema\/person\/c4278d4a6028830caff9ee44b42d32ed","name":"Telinha","image":{"@type":"ImageObject","inLanguage":"pt-PT","@id":"https:\/\/portaltela.pt\/s.01k8rhncp4jt1\/2025\/11\/talking-bot-125x125.png","url":"https:\/\/portaltela.pt\/s.01k8rhncp4jt1\/2025\/11\/talking-bot-125x125.png","contentUrl":"https:\/\/portaltela.pt\/s.01k8rhncp4jt1\/2025\/11\/talking-bot-125x125.png","caption":"Telinha"},"sameAs":["https:\/\/portaltela.pt\/"],"url":"https:\/\/portaltela.pt\/por\/367410592786\/"}]}},"_links":{"self":[{"href":"https:\/\/portaltela.pt\/api\/wp\/v2\/posts\/421242","targetHints":{"allow":["GET"]}}],"collection":[{"href":"https:\/\/portaltela.pt\/api\/wp\/v2\/posts"}],"about":[{"href":"https:\/\/portaltela.pt\/api\/wp\/v2\/types\/post"}],"author":[{"embeddable":true,"href":"https:\/\/portaltela.pt\/api\/wp\/v2\/users\/2"}],"replies":[{"embeddable":true,"href":"https:\/\/portaltela.pt\/api\/wp\/v2\/comments?post=421242"}],"version-history":[{"count":0,"href":"https:\/\/portaltela.pt\/api\/wp\/v2\/posts\/421242\/revisions"}],"wp:featuredmedia":[{"embeddable":true,"href":"https:\/\/portaltela.pt\/api\/wp\/v2\/media\/421247"}],"wp:attachment":[{"href":"https:\/\/portaltela.pt\/api\/wp\/v2\/media?parent=421242"}],"wp:term":[{"taxonomy":"category","embeddable":true,"href":"https:\/\/portaltela.pt\/api\/wp\/v2\/categories?post=421242"},{"taxonomy":"post_tag","embeddable":true,"href":"https:\/\/portaltela.pt\/api\/wp\/v2\/tags?post=421242"}],"curies":[{"name":"wp","href":"https:\/\/api.w.org\/{rel}","templated":true}]}}