{"id":421240,"date":"2026-03-25T15:02:27","date_gmt":"2026-03-25T18:02:27","guid":{"rendered":"https:\/\/portaltela.pt\/noticias\/2026\/03\/25\/navio-tanque-russo-danificado-rebocado-para-a-libia\/"},"modified":"2026-03-25T15:02:27","modified_gmt":"2026-03-25T18:02:27","slug":"navio-tanque-russo-danificado-rebocado-para-a-libia","status":"publish","type":"post","link":"https:\/\/portaltela.pt\/meio-ambiente\/2026\/03\/25\/navio-tanque-russo-danificado-rebocado-para-a-libia\/","title":{"rendered":"Navio-tanque russo danificado rebocado para a L\u00edbia"},"content":{"rendered":"<p>O navio-tanque russo Arctic Metagaz est\u00e1 a ser rebocado de volta para a costa ocidental da L\u00edbia, reportam as autoridades l\u00edbias. A embarca\u00e7\u00e3o sofreu danos num alegado ataque de drones no Mediterr\u00e2neo e encontra-se \u00e0 deriva h\u00e1 tr\u00eas semanas. A manobra visa evitar um poss\u00edvel desastre ambiental.<\/p>\n<p>A Guarda Costeira da L\u00edbia confirmou o reboque para uma zona segura perto de Zuwara. Em conjunto com a empresa italiana Eni, o pa\u00eds pretende trazer o petroleiro em seguran\u00e7a para a costa, minimizando riscos ecol\u00f3gicos.<\/p>\n<p>A frota afetada faz parte das chamadas \u201cfrotas-fantasma\u201d russas, utilizadas para transportar combust\u00edveis sob san\u00e7\u00f5es impostas pela invas\u00e3o da Ucr\u00e2nia. A tripula\u00e7\u00e3o foi resgatada, segundo as autoridades russas.<\/p>\n<h3>Contexto internacional<\/h3>\n<p>A acusa\u00e7\u00e3o de danos foi atribu\u00edda por Moscovo a drones mar\u00edtimos ucranianos, alega\u00e7\u00e3o ainda sem confirma\u00e7\u00e3o independente. O Governo ucraniano n\u00e3o comentou o incidente at\u00e9 ao momento.<\/p>\n<p>O Fundo Mundial para a Natureza alerta para os riscos ambientais numa zona mediterr\u00e2nica de alta biodiversidade. A entidade sublinha que ventos e correntes podem continuar a empurrar a carga para \u00e1reas sens\u00edveis.<\/p>\n<h3>Desdobramentos operacionais<\/h3>\n<p>A opera\u00e7\u00e3o de rebocagem envolve autoridades l\u00edbias e a petrol\u00edfera estatal Libyan National Oil Corporation, em coopera\u00e7\u00e3o com parceiros internacionais. O objetivo \u00e9 manter a navega\u00e7\u00e3o segura e evitar liberta\u00e7\u00e3o de g\u00e1s natural liquefeito.<\/p>\n","protected":false},"excerpt":{"rendered":"<ul>\n<li>Um navio-tanque russo, Arctic Metagaz, est\u00e1 a ser rebocado para a costa ocidental da L\u00edbia ap\u00f3s ter ficado \u00e0 deriva h\u00e1 tr\u00eas semanas, alegadamente devido a um ataque de drones mar\u00edtimos.<\/li>\n<li>O petroleiro transportava g\u00e1s natural liquefeito e ter\u00e1 sido danificado por drones mar\u00edtimos, segundo autoridades russas; todos os membros da tripula\u00e7\u00e3o foram resgatados.<\/li>\n<li>A L\u00edbia informou ter realizado o reboque para uma \u00e1rea segura perto de Zuwara, com a colabora\u00e7\u00e3o da empresa italiana Eni, para evitar um desastre ambiental.<\/li>\n<li>A guarda costeira l\u00edbia divulgou v\u00eddeos e imagens do reparo, enquanto as autoridades africanas trabalham para manter a embarca\u00e7\u00e3o longe de \u00e1reas sens\u00edveis.<\/li>\n<li>O Fundo Mundial para a Natureza advertiu para os elevados riscos ambientais no Mediterr\u00e2neo, destacando a vulnerabilidade de zonas ricas em biodiversidade na regi\u00e3o.<\/li>\n<\/ul>\n","protected":false},"author":2,"featured_media":421243,"comment_status":"closed","ping_status":"closed","sticky":false,"template":"","format":"standard","meta":{"footnotes":""},"categories":[6725],"tags":[6336,7400,174,3768,45,6183],"class_list":["post-421240","post","type-post","status-publish","format-standard","has-post-thumbnail","hentry","category-meio-ambiente","tag-a-agua","tag-drones","tag-energia","tag-libia","tag-meio-ambiente","tag-transporte-maritimo"],"yoast_head":"<!-- This site is optimized with the Yoast SEO plugin v27.2 - https:\/\/yoast.com\/product\/yoast-seo-wordpress\/ -->\n<title>Navio-tanque russo danificado rebocado para a L\u00edbia - Portal Tela Portugal<\/title>\n<meta name=\"robots\" content=\"index, follow, max-snippet:-1, max-image-preview:large, max-video-preview:-1\" \/>\n<meta property=\"og:locale\" content=\"pt_PT\" \/>\n<meta property=\"og:type\" content=\"article\" \/>\n<meta property=\"og:title\" content=\"Navio-tanque russo danificado rebocado para a L\u00edbia - Portal Tela Portugal\" \/>\n<meta property=\"og:description\" content=\"Um navio-tanque russo, Arctic Metagaz, est\u00e1 a ser rebocado para a costa ocidental da L\u00edbia ap\u00f3s ter ficado \u00e0 deriva h\u00e1 tr\u00eas semanas, alegadamente devido a um ataque de drones mar\u00edtimos. O petroleiro transportava g\u00e1s natural liquefeito e ter\u00e1 sido danificado por drones mar\u00edtimos, segundo autoridades russas; todos os membros da tripula\u00e7\u00e3o foram resgatados. A L\u00edbia informou ter realizado o reboque para uma \u00e1rea segura perto de Zuwara, com a colabora\u00e7\u00e3o da empresa italiana Eni, para evitar um desastre ambiental. A guarda costeira l\u00edbia divulgou v\u00eddeos e imagens do reparo, enquanto as autoridades africanas trabalham para manter a embarca\u00e7\u00e3o longe de \u00e1reas sens\u00edveis. O Fundo Mundial para a Natureza advertiu para os elevados riscos ambientais no Mediterr\u00e2neo, destacando a vulnerabilidade de zonas ricas em biodiversidade na regi\u00e3o.\" \/>\n<meta property=\"og:url\" content=\"https:\/\/portaltela.pt\/noticias\/2026\/03\/25\/navio-tanque-russo-danificado-rebocado-para-a-libia\/\" \/>\n<meta property=\"og:site_name\" content=\"Portal Tela Portugal\" \/>\n<meta property=\"article:published_time\" content=\"2026-03-25T18:02:27+00:00\" \/>\n<meta name=\"author\" content=\"Telinha\" \/>\n<meta name=\"twitter:card\" content=\"summary_large_image\" \/>\n<meta name=\"twitter:label1\" content=\"Escrito por\" \/>\n\t<meta name=\"twitter:data1\" content=\"Telinha\" \/>\n\t<meta name=\"twitter:label2\" content=\"Tempo estimado de leitura\" \/>\n\t<meta name=\"twitter:data2\" content=\"1 minuto\" \/>\n<script type=\"application\/ld+json\" class=\"yoast-schema-graph\">{\"@context\":\"https:\/\/schema.org\",\"@graph\":[{\"@type\":\"Article\",\"@id\":\"https:\/\/portaltela.pt\/noticias\/2026\/03\/25\/navio-tanque-russo-danificado-rebocado-para-a-libia\/#article\",\"isPartOf\":{\"@id\":\"https:\/\/portaltela.pt\/noticias\/2026\/03\/25\/navio-tanque-russo-danificado-rebocado-para-a-libia\/\"},\"author\":{\"name\":\"Telinha\",\"@id\":\"https:\/\/portaltela.pt\/#\/schema\/person\/c4278d4a6028830caff9ee44b42d32ed\"},\"headline\":\"Navio-tanque russo danificado rebocado para a L\u00edbia\",\"datePublished\":\"2026-03-25T18:02:27+00:00\",\"mainEntityOfPage\":{\"@id\":\"https:\/\/portaltela.pt\/noticias\/2026\/03\/25\/navio-tanque-russo-danificado-rebocado-para-a-libia\/\"},\"wordCount\":245,\"image\":{\"@id\":\"https:\/\/portaltela.pt\/noticias\/2026\/03\/25\/navio-tanque-russo-danificado-rebocado-para-a-libia\/#primaryimage\"},\"thumbnailUrl\":\"https:\/\/portaltela.pt\/s.01k8rhncp4jt1\/2026\/03\/1536x864_cmsv2_79fe632c-a6c5-55aa-b705-6d05e11aa2c4-9697612.jpg\",\"keywords\":[\"a \u00e1gua\",\"drones\",\"energia\",\"L\u00edbia\",\"meio-ambiente\",\"transporte mar\u00edtimo\"],\"articleSection\":[\"Meio Ambiente\"],\"inLanguage\":\"pt-PT\"},{\"@type\":\"WebPage\",\"@id\":\"https:\/\/portaltela.pt\/noticias\/2026\/03\/25\/navio-tanque-russo-danificado-rebocado-para-a-libia\/\",\"url\":\"https:\/\/portaltela.pt\/noticias\/2026\/03\/25\/navio-tanque-russo-danificado-rebocado-para-a-libia\/\",\"name\":\"Navio-tanque russo danificado rebocado para a L\u00edbia - Portal Tela Portugal\",\"isPartOf\":{\"@id\":\"https:\/\/portaltela.pt\/#website\"},\"primaryImageOfPage\":{\"@id\":\"https:\/\/portaltela.pt\/noticias\/2026\/03\/25\/navio-tanque-russo-danificado-rebocado-para-a-libia\/#primaryimage\"},\"image\":{\"@id\":\"https:\/\/portaltela.pt\/noticias\/2026\/03\/25\/navio-tanque-russo-danificado-rebocado-para-a-libia\/#primaryimage\"},\"thumbnailUrl\":\"https:\/\/portaltela.pt\/s.01k8rhncp4jt1\/2026\/03\/1536x864_cmsv2_79fe632c-a6c5-55aa-b705-6d05e11aa2c4-9697612.jpg\",\"datePublished\":\"2026-03-25T18:02:27+00:00\",\"author\":{\"@id\":\"https:\/\/portaltela.pt\/#\/schema\/person\/c4278d4a6028830caff9ee44b42d32ed\"},\"breadcrumb\":{\"@id\":\"https:\/\/portaltela.pt\/noticias\/2026\/03\/25\/navio-tanque-russo-danificado-rebocado-para-a-libia\/#breadcrumb\"},\"inLanguage\":\"pt-PT\",\"potentialAction\":[{\"@type\":\"ReadAction\",\"target\":[\"https:\/\/portaltela.pt\/noticias\/2026\/03\/25\/navio-tanque-russo-danificado-rebocado-para-a-libia\/\"]}]},{\"@type\":\"ImageObject\",\"inLanguage\":\"pt-PT\",\"@id\":\"https:\/\/portaltela.pt\/noticias\/2026\/03\/25\/navio-tanque-russo-danificado-rebocado-para-a-libia\/#primaryimage\",\"url\":\"https:\/\/portaltela.pt\/s.01k8rhncp4jt1\/2026\/03\/1536x864_cmsv2_79fe632c-a6c5-55aa-b705-6d05e11aa2c4-9697612.jpg\",\"contentUrl\":\"https:\/\/portaltela.pt\/s.01k8rhncp4jt1\/2026\/03\/1536x864_cmsv2_79fe632c-a6c5-55aa-b705-6d05e11aa2c4-9697612.jpg\",\"width\":1536,\"height\":864,\"caption\":\"Navio-tanque de GNL Arctic Metagaz. Arquivo\"},{\"@type\":\"BreadcrumbList\",\"@id\":\"https:\/\/portaltela.pt\/noticias\/2026\/03\/25\/navio-tanque-russo-danificado-rebocado-para-a-libia\/#breadcrumb\",\"itemListElement\":[{\"@type\":\"ListItem\",\"position\":1,\"name\":\"In\u00edcio\",\"item\":\"https:\/\/portaltela.pt\/\"},{\"@type\":\"ListItem\",\"position\":2,\"name\":\"Navio-tanque russo danificado rebocado para a L\u00edbia\"}]},{\"@type\":\"WebSite\",\"@id\":\"https:\/\/portaltela.pt\/#website\",\"url\":\"https:\/\/portaltela.pt\/\",\"name\":\"Portal Tela Portugal\",\"description\":\"\",\"potentialAction\":[{\"@type\":\"SearchAction\",\"target\":{\"@type\":\"EntryPoint\",\"urlTemplate\":\"https:\/\/portaltela.pt\/?s={search_term_string}\"},\"query-input\":{\"@type\":\"PropertyValueSpecification\",\"valueRequired\":true,\"valueName\":\"search_term_string\"}}],\"inLanguage\":\"pt-PT\"},{\"@type\":\"Person\",\"@id\":\"https:\/\/portaltela.pt\/#\/schema\/person\/c4278d4a6028830caff9ee44b42d32ed\",\"name\":\"Telinha\",\"image\":{\"@type\":\"ImageObject\",\"inLanguage\":\"pt-PT\",\"@id\":\"https:\/\/portaltela.pt\/s.01k8rhncp4jt1\/2025\/11\/talking-bot-125x125.png\",\"url\":\"https:\/\/portaltela.pt\/s.01k8rhncp4jt1\/2025\/11\/talking-bot-125x125.png\",\"contentUrl\":\"https:\/\/portaltela.pt\/s.01k8rhncp4jt1\/2025\/11\/talking-bot-125x125.png\",\"caption\":\"Telinha\"},\"sameAs\":[\"https:\/\/portaltela.pt\/\"],\"url\":\"https:\/\/portaltela.pt\/por\/367410592786\/\"}]}<\/script>\n<!-- \/ Yoast SEO plugin. -->","yoast_head_json":{"title":"Navio-tanque russo danificado rebocado para a L\u00edbia - Portal Tela Portugal","robots":{"index":"index","follow":"follow","max-snippet":"max-snippet:-1","max-image-preview":"max-image-preview:large","max-video-preview":"max-video-preview:-1"},"og_locale":"pt_PT","og_type":"article","og_title":"Navio-tanque russo danificado rebocado para a L\u00edbia - Portal Tela Portugal","og_description":"Um navio-tanque russo, Arctic Metagaz, est\u00e1 a ser rebocado para a costa ocidental da L\u00edbia ap\u00f3s ter ficado \u00e0 deriva h\u00e1 tr\u00eas semanas, alegadamente devido a um ataque de drones mar\u00edtimos. O petroleiro transportava g\u00e1s natural liquefeito e ter\u00e1 sido danificado por drones mar\u00edtimos, segundo autoridades russas; todos os membros da tripula\u00e7\u00e3o foram resgatados. A L\u00edbia informou ter realizado o reboque para uma \u00e1rea segura perto de Zuwara, com a colabora\u00e7\u00e3o da empresa italiana Eni, para evitar um desastre ambiental. A guarda costeira l\u00edbia divulgou v\u00eddeos e imagens do reparo, enquanto as autoridades africanas trabalham para manter a embarca\u00e7\u00e3o longe de \u00e1reas sens\u00edveis. O Fundo Mundial para a Natureza advertiu para os elevados riscos ambientais no Mediterr\u00e2neo, destacando a vulnerabilidade de zonas ricas em biodiversidade na regi\u00e3o.","og_url":"https:\/\/portaltela.pt\/noticias\/2026\/03\/25\/navio-tanque-russo-danificado-rebocado-para-a-libia\/","og_site_name":"Portal Tela Portugal","article_published_time":"2026-03-25T18:02:27+00:00","author":"Telinha","twitter_card":"summary_large_image","twitter_misc":{"Escrito por":"Telinha","Tempo estimado de leitura":"1 minuto"},"schema":{"@context":"https:\/\/schema.org","@graph":[{"@type":"Article","@id":"https:\/\/portaltela.pt\/noticias\/2026\/03\/25\/navio-tanque-russo-danificado-rebocado-para-a-libia\/#article","isPartOf":{"@id":"https:\/\/portaltela.pt\/noticias\/2026\/03\/25\/navio-tanque-russo-danificado-rebocado-para-a-libia\/"},"author":{"name":"Telinha","@id":"https:\/\/portaltela.pt\/#\/schema\/person\/c4278d4a6028830caff9ee44b42d32ed"},"headline":"Navio-tanque russo danificado rebocado para a L\u00edbia","datePublished":"2026-03-25T18:02:27+00:00","mainEntityOfPage":{"@id":"https:\/\/portaltela.pt\/noticias\/2026\/03\/25\/navio-tanque-russo-danificado-rebocado-para-a-libia\/"},"wordCount":245,"image":{"@id":"https:\/\/portaltela.pt\/noticias\/2026\/03\/25\/navio-tanque-russo-danificado-rebocado-para-a-libia\/#primaryimage"},"thumbnailUrl":"https:\/\/portaltela.pt\/s.01k8rhncp4jt1\/2026\/03\/1536x864_cmsv2_79fe632c-a6c5-55aa-b705-6d05e11aa2c4-9697612.jpg","keywords":["a \u00e1gua","drones","energia","L\u00edbia","meio-ambiente","transporte mar\u00edtimo"],"articleSection":["Meio Ambiente"],"inLanguage":"pt-PT"},{"@type":"WebPage","@id":"https:\/\/portaltela.pt\/noticias\/2026\/03\/25\/navio-tanque-russo-danificado-rebocado-para-a-libia\/","url":"https:\/\/portaltela.pt\/noticias\/2026\/03\/25\/navio-tanque-russo-danificado-rebocado-para-a-libia\/","name":"Navio-tanque russo danificado rebocado para a L\u00edbia - Portal Tela Portugal","isPartOf":{"@id":"https:\/\/portaltela.pt\/#website"},"primaryImageOfPage":{"@id":"https:\/\/portaltela.pt\/noticias\/2026\/03\/25\/navio-tanque-russo-danificado-rebocado-para-a-libia\/#primaryimage"},"image":{"@id":"https:\/\/portaltela.pt\/noticias\/2026\/03\/25\/navio-tanque-russo-danificado-rebocado-para-a-libia\/#primaryimage"},"thumbnailUrl":"https:\/\/portaltela.pt\/s.01k8rhncp4jt1\/2026\/03\/1536x864_cmsv2_79fe632c-a6c5-55aa-b705-6d05e11aa2c4-9697612.jpg","datePublished":"2026-03-25T18:02:27+00:00","author":{"@id":"https:\/\/portaltela.pt\/#\/schema\/person\/c4278d4a6028830caff9ee44b42d32ed"},"breadcrumb":{"@id":"https:\/\/portaltela.pt\/noticias\/2026\/03\/25\/navio-tanque-russo-danificado-rebocado-para-a-libia\/#breadcrumb"},"inLanguage":"pt-PT","potentialAction":[{"@type":"ReadAction","target":["https:\/\/portaltela.pt\/noticias\/2026\/03\/25\/navio-tanque-russo-danificado-rebocado-para-a-libia\/"]}]},{"@type":"ImageObject","inLanguage":"pt-PT","@id":"https:\/\/portaltela.pt\/noticias\/2026\/03\/25\/navio-tanque-russo-danificado-rebocado-para-a-libia\/#primaryimage","url":"https:\/\/portaltela.pt\/s.01k8rhncp4jt1\/2026\/03\/1536x864_cmsv2_79fe632c-a6c5-55aa-b705-6d05e11aa2c4-9697612.jpg","contentUrl":"https:\/\/portaltela.pt\/s.01k8rhncp4jt1\/2026\/03\/1536x864_cmsv2_79fe632c-a6c5-55aa-b705-6d05e11aa2c4-9697612.jpg","width":1536,"height":864,"caption":"Navio-tanque de GNL Arctic Metagaz. Arquivo"},{"@type":"BreadcrumbList","@id":"https:\/\/portaltela.pt\/noticias\/2026\/03\/25\/navio-tanque-russo-danificado-rebocado-para-a-libia\/#breadcrumb","itemListElement":[{"@type":"ListItem","position":1,"name":"In\u00edcio","item":"https:\/\/portaltela.pt\/"},{"@type":"ListItem","position":2,"name":"Navio-tanque russo danificado rebocado para a L\u00edbia"}]},{"@type":"WebSite","@id":"https:\/\/portaltela.pt\/#website","url":"https:\/\/portaltela.pt\/","name":"Portal Tela Portugal","description":"","potentialAction":[{"@type":"SearchAction","target":{"@type":"EntryPoint","urlTemplate":"https:\/\/portaltela.pt\/?s={search_term_string}"},"query-input":{"@type":"PropertyValueSpecification","valueRequired":true,"valueName":"search_term_string"}}],"inLanguage":"pt-PT"},{"@type":"Person","@id":"https:\/\/portaltela.pt\/#\/schema\/person\/c4278d4a6028830caff9ee44b42d32ed","name":"Telinha","image":{"@type":"ImageObject","inLanguage":"pt-PT","@id":"https:\/\/portaltela.pt\/s.01k8rhncp4jt1\/2025\/11\/talking-bot-125x125.png","url":"https:\/\/portaltela.pt\/s.01k8rhncp4jt1\/2025\/11\/talking-bot-125x125.png","contentUrl":"https:\/\/portaltela.pt\/s.01k8rhncp4jt1\/2025\/11\/talking-bot-125x125.png","caption":"Telinha"},"sameAs":["https:\/\/portaltela.pt\/"],"url":"https:\/\/portaltela.pt\/por\/367410592786\/"}]}},"_links":{"self":[{"href":"https:\/\/portaltela.pt\/api\/wp\/v2\/posts\/421240","targetHints":{"allow":["GET"]}}],"collection":[{"href":"https:\/\/portaltela.pt\/api\/wp\/v2\/posts"}],"about":[{"href":"https:\/\/portaltela.pt\/api\/wp\/v2\/types\/post"}],"author":[{"embeddable":true,"href":"https:\/\/portaltela.pt\/api\/wp\/v2\/users\/2"}],"replies":[{"embeddable":true,"href":"https:\/\/portaltela.pt\/api\/wp\/v2\/comments?post=421240"}],"version-history":[{"count":0,"href":"https:\/\/portaltela.pt\/api\/wp\/v2\/posts\/421240\/revisions"}],"wp:featuredmedia":[{"embeddable":true,"href":"https:\/\/portaltela.pt\/api\/wp\/v2\/media\/421243"}],"wp:attachment":[{"href":"https:\/\/portaltela.pt\/api\/wp\/v2\/media?parent=421240"}],"wp:term":[{"taxonomy":"category","embeddable":true,"href":"https:\/\/portaltela.pt\/api\/wp\/v2\/categories?post=421240"},{"taxonomy":"post_tag","embeddable":true,"href":"https:\/\/portaltela.pt\/api\/wp\/v2\/tags?post=421240"}],"curies":[{"name":"wp","href":"https:\/\/api.w.org\/{rel}","templated":true}]}}