{"id":421228,"date":"2026-03-25T14:36:00","date_gmt":"2026-03-25T17:36:00","guid":{"rendered":"https:\/\/portaltela.pt\/noticias\/2026\/03\/25\/entidade-da-transparencia-investiga-publicar-clientes-da-spinumviva\/"},"modified":"2026-03-25T14:36:00","modified_gmt":"2026-03-25T17:36:00","slug":"entidade-da-transparencia-investiga-publicar-clientes-da-spinumviva","status":"publish","type":"post","link":"https:\/\/portaltela.pt\/noticias\/politica\/2026\/03\/25\/entidade-da-transparencia-investiga-publicar-clientes-da-spinumviva\/","title":{"rendered":"Entidade da Transpar\u00eancia investiga publicar clientes da Spinumviva"},"content":{"rendered":"<p>A Entidade para a Transpar\u00eancia (EpT) anunciou que j\u00e1 iniciou dilig\u00eancias para incluir todos os elementos solicitados na declara\u00e7\u00e3o \u00fanica do primeiro-ministro, Lu\u00eds Montenegro. A publica\u00e7\u00e3o depende, contudo, da sua colabora\u00e7\u00e3o. O prazo n\u00e3o foi fixado.<\/p>\n<p>A EpT foi notificada pelo Tribunal Constitucional dos ac\u00f3rd\u00e3os que decidiram pelo n\u00e3o conhecimento do recurso de Montenegro contra a publica\u00e7\u00e3o da lista de clientes da Spinumviva. A decis\u00e3o permitiu avan\u00e7ar com o processo de disponibiliza\u00e7\u00e3o dos dados.<\/p>\n<p>A EpT esclarece que vai incluir a descri\u00e7\u00e3o dos elementos patrimoniais do declarante, bem como os servi\u00e7os prestados por interposta pessoa colectiva ou singular. Contudo, a publica\u00e7\u00e3o depende da coopera\u00e7\u00e3o do primeiro-ministro e dos declinantes respectivos.<\/p>\n<h3>Situa\u00e7\u00e3o atual e contexto<\/h3>\n<p>A EpT afirma que n\u00e3o pode assegurar a disponibiliza\u00e7\u00e3o p\u00fablica dos elementos sem a colabora\u00e7\u00e3o do declarante, ap\u00f3s as notifica\u00e7\u00f5es da entidade. Assim, n\u00e3o \u00e9 poss\u00edvel definir um prazo exato para a divulga\u00e7\u00e3o dos clientes da Spinumviva.<\/p>\n<p>Em 28 de Fevereiro de 2024, o seman\u00e1rio Expresso revelou que a Solverde pagava 4500 euros mensais \u00e0 Spinumviva, e o PM revelou clientes adicionais como CLIP, Ferpinta, Lopes Barata e R\u00e1dio Popular. O relat\u00f3rio ocorreu ap\u00f3s informa\u00e7\u00f5es jornal\u00edsticas.<\/p>\n<p>No dia 30 de Abril, antes de um debate com Pedro Nuno Santos, o Expresso reportou que Montenegro atualizou a declara\u00e7\u00e3o \u00fanica, incluindo empresas de um grupo de Braga, Beetseel, INETUM, ITAU, Portugalenses Transportes, Grupel e Sogenave.<\/p>\n","protected":false},"excerpt":{"rendered":"<ul>\n<li>A Entidade para a Transpar\u00eancia (EpT) j\u00e1 iniciou dilig\u00eancias para tornar p\u00fablicas as informa\u00e7\u00f5es sobre os clientes da Spinumviva, integrando-as na declara\u00e7\u00e3o \u00fanica do primeiro-ministro.<\/li>\n<li>A divulga\u00e7\u00e3o depende da colabora\u00e7\u00e3o do primeiro-ministro, Lu\u00eds Montenegro, e, por isso, n\u00e3o h\u00e1 prazo exacto definido.<\/li>\n<li>A EpT foi notificada pelo Tribunal Constitucional sobre ac\u00f3rd\u00e3os que decidiram pelo n\u00e3o conhecimento do recurso de Montenegro para impedir a publica\u00e7\u00e3o.<\/li>\n<li>A entidade indicou que j\u00e1 pediu a descri\u00e7\u00e3o de elementos patrimoniais e dos servi\u00e7os prestados por interposta pessoa coletiva, mas depende da coopera\u00e7\u00e3o do declarante para tornar p\u00fablicos os dados.<\/li>\n<\/ul>\n","protected":false},"author":2,"featured_media":421231,"comment_status":"closed","ping_status":"closed","sticky":false,"template":"","format":"standard","meta":{"footnotes":""},"categories":[1,5],"tags":[1207,7028,2697,34,3111,332],"class_list":["post-421228","post","type-post","status-publish","format-standard","has-post-thumbnail","hentry","category-noticias","category-politica","tag-braga","tag-declaracoes","tag-empresas","tag-governo","tag-montenegro","tag-transparencia"],"yoast_head":"<!-- This site is optimized with the Yoast SEO plugin v27.2 - https:\/\/yoast.com\/product\/yoast-seo-wordpress\/ -->\n<title>Entidade da Transpar\u00eancia investiga publicar clientes da Spinumviva - Portal Tela Portugal<\/title>\n<meta name=\"robots\" content=\"index, follow, max-snippet:-1, max-image-preview:large, max-video-preview:-1\" \/>\n<meta property=\"og:locale\" content=\"pt_PT\" \/>\n<meta property=\"og:type\" content=\"article\" \/>\n<meta property=\"og:title\" content=\"Entidade da Transpar\u00eancia investiga publicar clientes da Spinumviva - Portal Tela Portugal\" \/>\n<meta property=\"og:description\" content=\"A Entidade para a Transpar\u00eancia (EpT) j\u00e1 iniciou dilig\u00eancias para tornar p\u00fablicas as informa\u00e7\u00f5es sobre os clientes da Spinumviva, integrando-as na declara\u00e7\u00e3o \u00fanica do primeiro-ministro. A divulga\u00e7\u00e3o depende da colabora\u00e7\u00e3o do primeiro-ministro, Lu\u00eds Montenegro, e, por isso, n\u00e3o h\u00e1 prazo exacto definido. A EpT foi notificada pelo Tribunal Constitucional sobre ac\u00f3rd\u00e3os que decidiram pelo n\u00e3o conhecimento do recurso de Montenegro para impedir a publica\u00e7\u00e3o. A entidade indicou que j\u00e1 pediu a descri\u00e7\u00e3o de elementos patrimoniais e dos servi\u00e7os prestados por interposta pessoa coletiva, mas depende da coopera\u00e7\u00e3o do declarante para tornar p\u00fablicos os dados.\" \/>\n<meta property=\"og:url\" content=\"https:\/\/portaltela.pt\/noticias\/2026\/03\/25\/entidade-da-transparencia-investiga-publicar-clientes-da-spinumviva\/\" \/>\n<meta property=\"og:site_name\" content=\"Portal Tela Portugal\" \/>\n<meta property=\"article:published_time\" content=\"2026-03-25T17:36:00+00:00\" \/>\n<meta name=\"author\" content=\"Telinha\" \/>\n<meta name=\"twitter:card\" content=\"summary_large_image\" \/>\n<meta name=\"twitter:label1\" content=\"Escrito por\" \/>\n\t<meta name=\"twitter:data1\" content=\"Telinha\" \/>\n\t<meta name=\"twitter:label2\" content=\"Tempo estimado de leitura\" \/>\n\t<meta name=\"twitter:data2\" content=\"1 minuto\" \/>\n<script type=\"application\/ld+json\" class=\"yoast-schema-graph\">{\"@context\":\"https:\/\/schema.org\",\"@graph\":[{\"@type\":\"Article\",\"@id\":\"https:\/\/portaltela.pt\/noticias\/2026\/03\/25\/entidade-da-transparencia-investiga-publicar-clientes-da-spinumviva\/#article\",\"isPartOf\":{\"@id\":\"https:\/\/portaltela.pt\/noticias\/2026\/03\/25\/entidade-da-transparencia-investiga-publicar-clientes-da-spinumviva\/\"},\"author\":{\"name\":\"Telinha\",\"@id\":\"https:\/\/portaltela.pt\/#\/schema\/person\/c4278d4a6028830caff9ee44b42d32ed\"},\"headline\":\"Entidade da Transpar\u00eancia investiga publicar clientes da Spinumviva\",\"datePublished\":\"2026-03-25T17:36:00+00:00\",\"mainEntityOfPage\":{\"@id\":\"https:\/\/portaltela.pt\/noticias\/2026\/03\/25\/entidade-da-transparencia-investiga-publicar-clientes-da-spinumviva\/\"},\"wordCount\":265,\"image\":{\"@id\":\"https:\/\/portaltela.pt\/noticias\/2026\/03\/25\/entidade-da-transparencia-investiga-publicar-clientes-da-spinumviva\/#primaryimage\"},\"thumbnailUrl\":\"https:\/\/portaltela.pt\/s.01k8rhncp4jt1\/2026\/03\/tpUHdbIMAGENStypeJPGshare1oBarraFacebook_Publico-66.jpg\",\"keywords\":[\"Braga\",\"declara\u00e7\u00f5es\",\"empresas\",\"governo\",\"Montenegro\",\"transpar\u00eancia\"],\"articleSection\":[\"Not\u00edcias\",\"Pol\u00edtica\"],\"inLanguage\":\"pt-PT\"},{\"@type\":\"WebPage\",\"@id\":\"https:\/\/portaltela.pt\/noticias\/2026\/03\/25\/entidade-da-transparencia-investiga-publicar-clientes-da-spinumviva\/\",\"url\":\"https:\/\/portaltela.pt\/noticias\/2026\/03\/25\/entidade-da-transparencia-investiga-publicar-clientes-da-spinumviva\/\",\"name\":\"Entidade da Transpar\u00eancia investiga publicar clientes da Spinumviva - Portal Tela Portugal\",\"isPartOf\":{\"@id\":\"https:\/\/portaltela.pt\/#website\"},\"primaryImageOfPage\":{\"@id\":\"https:\/\/portaltela.pt\/noticias\/2026\/03\/25\/entidade-da-transparencia-investiga-publicar-clientes-da-spinumviva\/#primaryimage\"},\"image\":{\"@id\":\"https:\/\/portaltela.pt\/noticias\/2026\/03\/25\/entidade-da-transparencia-investiga-publicar-clientes-da-spinumviva\/#primaryimage\"},\"thumbnailUrl\":\"https:\/\/portaltela.pt\/s.01k8rhncp4jt1\/2026\/03\/tpUHdbIMAGENStypeJPGshare1oBarraFacebook_Publico-66.jpg\",\"datePublished\":\"2026-03-25T17:36:00+00:00\",\"author\":{\"@id\":\"https:\/\/portaltela.pt\/#\/schema\/person\/c4278d4a6028830caff9ee44b42d32ed\"},\"breadcrumb\":{\"@id\":\"https:\/\/portaltela.pt\/noticias\/2026\/03\/25\/entidade-da-transparencia-investiga-publicar-clientes-da-spinumviva\/#breadcrumb\"},\"inLanguage\":\"pt-PT\",\"potentialAction\":[{\"@type\":\"ReadAction\",\"target\":[\"https:\/\/portaltela.pt\/noticias\/2026\/03\/25\/entidade-da-transparencia-investiga-publicar-clientes-da-spinumviva\/\"]}]},{\"@type\":\"ImageObject\",\"inLanguage\":\"pt-PT\",\"@id\":\"https:\/\/portaltela.pt\/noticias\/2026\/03\/25\/entidade-da-transparencia-investiga-publicar-clientes-da-spinumviva\/#primaryimage\",\"url\":\"https:\/\/portaltela.pt\/s.01k8rhncp4jt1\/2026\/03\/tpUHdbIMAGENStypeJPGshare1oBarraFacebook_Publico-66.jpg\",\"contentUrl\":\"https:\/\/portaltela.pt\/s.01k8rhncp4jt1\/2026\/03\/tpUHdbIMAGENStypeJPGshare1oBarraFacebook_Publico-66.jpg\",\"width\":1200,\"height\":630,\"caption\":\"O primeiro-ministro, Lu\u00eds Montenegro, dever\u00e1 facultar os dados \u00e0 Entidade Para a Transpar\u00eancia, mas n\u00e3o h\u00e1 perspectivas de data\"},{\"@type\":\"BreadcrumbList\",\"@id\":\"https:\/\/portaltela.pt\/noticias\/2026\/03\/25\/entidade-da-transparencia-investiga-publicar-clientes-da-spinumviva\/#breadcrumb\",\"itemListElement\":[{\"@type\":\"ListItem\",\"position\":1,\"name\":\"In\u00edcio\",\"item\":\"https:\/\/portaltela.pt\/\"},{\"@type\":\"ListItem\",\"position\":2,\"name\":\"Entidade da Transpar\u00eancia investiga publicar clientes da Spinumviva\"}]},{\"@type\":\"WebSite\",\"@id\":\"https:\/\/portaltela.pt\/#website\",\"url\":\"https:\/\/portaltela.pt\/\",\"name\":\"Portal Tela Portugal\",\"description\":\"\",\"potentialAction\":[{\"@type\":\"SearchAction\",\"target\":{\"@type\":\"EntryPoint\",\"urlTemplate\":\"https:\/\/portaltela.pt\/?s={search_term_string}\"},\"query-input\":{\"@type\":\"PropertyValueSpecification\",\"valueRequired\":true,\"valueName\":\"search_term_string\"}}],\"inLanguage\":\"pt-PT\"},{\"@type\":\"Person\",\"@id\":\"https:\/\/portaltela.pt\/#\/schema\/person\/c4278d4a6028830caff9ee44b42d32ed\",\"name\":\"Telinha\",\"image\":{\"@type\":\"ImageObject\",\"inLanguage\":\"pt-PT\",\"@id\":\"https:\/\/portaltela.pt\/s.01k8rhncp4jt1\/2025\/11\/talking-bot-125x125.png\",\"url\":\"https:\/\/portaltela.pt\/s.01k8rhncp4jt1\/2025\/11\/talking-bot-125x125.png\",\"contentUrl\":\"https:\/\/portaltela.pt\/s.01k8rhncp4jt1\/2025\/11\/talking-bot-125x125.png\",\"caption\":\"Telinha\"},\"sameAs\":[\"https:\/\/portaltela.pt\/\"],\"url\":\"https:\/\/portaltela.pt\/por\/367410592786\/\"}]}<\/script>\n<!-- \/ Yoast SEO plugin. -->","yoast_head_json":{"title":"Entidade da Transpar\u00eancia investiga publicar clientes da Spinumviva - Portal Tela Portugal","robots":{"index":"index","follow":"follow","max-snippet":"max-snippet:-1","max-image-preview":"max-image-preview:large","max-video-preview":"max-video-preview:-1"},"og_locale":"pt_PT","og_type":"article","og_title":"Entidade da Transpar\u00eancia investiga publicar clientes da Spinumviva - Portal Tela Portugal","og_description":"A Entidade para a Transpar\u00eancia (EpT) j\u00e1 iniciou dilig\u00eancias para tornar p\u00fablicas as informa\u00e7\u00f5es sobre os clientes da Spinumviva, integrando-as na declara\u00e7\u00e3o \u00fanica do primeiro-ministro. A divulga\u00e7\u00e3o depende da colabora\u00e7\u00e3o do primeiro-ministro, Lu\u00eds Montenegro, e, por isso, n\u00e3o h\u00e1 prazo exacto definido. A EpT foi notificada pelo Tribunal Constitucional sobre ac\u00f3rd\u00e3os que decidiram pelo n\u00e3o conhecimento do recurso de Montenegro para impedir a publica\u00e7\u00e3o. A entidade indicou que j\u00e1 pediu a descri\u00e7\u00e3o de elementos patrimoniais e dos servi\u00e7os prestados por interposta pessoa coletiva, mas depende da coopera\u00e7\u00e3o do declarante para tornar p\u00fablicos os dados.","og_url":"https:\/\/portaltela.pt\/noticias\/2026\/03\/25\/entidade-da-transparencia-investiga-publicar-clientes-da-spinumviva\/","og_site_name":"Portal Tela Portugal","article_published_time":"2026-03-25T17:36:00+00:00","author":"Telinha","twitter_card":"summary_large_image","twitter_misc":{"Escrito por":"Telinha","Tempo estimado de leitura":"1 minuto"},"schema":{"@context":"https:\/\/schema.org","@graph":[{"@type":"Article","@id":"https:\/\/portaltela.pt\/noticias\/2026\/03\/25\/entidade-da-transparencia-investiga-publicar-clientes-da-spinumviva\/#article","isPartOf":{"@id":"https:\/\/portaltela.pt\/noticias\/2026\/03\/25\/entidade-da-transparencia-investiga-publicar-clientes-da-spinumviva\/"},"author":{"name":"Telinha","@id":"https:\/\/portaltela.pt\/#\/schema\/person\/c4278d4a6028830caff9ee44b42d32ed"},"headline":"Entidade da Transpar\u00eancia investiga publicar clientes da Spinumviva","datePublished":"2026-03-25T17:36:00+00:00","mainEntityOfPage":{"@id":"https:\/\/portaltela.pt\/noticias\/2026\/03\/25\/entidade-da-transparencia-investiga-publicar-clientes-da-spinumviva\/"},"wordCount":265,"image":{"@id":"https:\/\/portaltela.pt\/noticias\/2026\/03\/25\/entidade-da-transparencia-investiga-publicar-clientes-da-spinumviva\/#primaryimage"},"thumbnailUrl":"https:\/\/portaltela.pt\/s.01k8rhncp4jt1\/2026\/03\/tpUHdbIMAGENStypeJPGshare1oBarraFacebook_Publico-66.jpg","keywords":["Braga","declara\u00e7\u00f5es","empresas","governo","Montenegro","transpar\u00eancia"],"articleSection":["Not\u00edcias","Pol\u00edtica"],"inLanguage":"pt-PT"},{"@type":"WebPage","@id":"https:\/\/portaltela.pt\/noticias\/2026\/03\/25\/entidade-da-transparencia-investiga-publicar-clientes-da-spinumviva\/","url":"https:\/\/portaltela.pt\/noticias\/2026\/03\/25\/entidade-da-transparencia-investiga-publicar-clientes-da-spinumviva\/","name":"Entidade da Transpar\u00eancia investiga publicar clientes da Spinumviva - Portal Tela Portugal","isPartOf":{"@id":"https:\/\/portaltela.pt\/#website"},"primaryImageOfPage":{"@id":"https:\/\/portaltela.pt\/noticias\/2026\/03\/25\/entidade-da-transparencia-investiga-publicar-clientes-da-spinumviva\/#primaryimage"},"image":{"@id":"https:\/\/portaltela.pt\/noticias\/2026\/03\/25\/entidade-da-transparencia-investiga-publicar-clientes-da-spinumviva\/#primaryimage"},"thumbnailUrl":"https:\/\/portaltela.pt\/s.01k8rhncp4jt1\/2026\/03\/tpUHdbIMAGENStypeJPGshare1oBarraFacebook_Publico-66.jpg","datePublished":"2026-03-25T17:36:00+00:00","author":{"@id":"https:\/\/portaltela.pt\/#\/schema\/person\/c4278d4a6028830caff9ee44b42d32ed"},"breadcrumb":{"@id":"https:\/\/portaltela.pt\/noticias\/2026\/03\/25\/entidade-da-transparencia-investiga-publicar-clientes-da-spinumviva\/#breadcrumb"},"inLanguage":"pt-PT","potentialAction":[{"@type":"ReadAction","target":["https:\/\/portaltela.pt\/noticias\/2026\/03\/25\/entidade-da-transparencia-investiga-publicar-clientes-da-spinumviva\/"]}]},{"@type":"ImageObject","inLanguage":"pt-PT","@id":"https:\/\/portaltela.pt\/noticias\/2026\/03\/25\/entidade-da-transparencia-investiga-publicar-clientes-da-spinumviva\/#primaryimage","url":"https:\/\/portaltela.pt\/s.01k8rhncp4jt1\/2026\/03\/tpUHdbIMAGENStypeJPGshare1oBarraFacebook_Publico-66.jpg","contentUrl":"https:\/\/portaltela.pt\/s.01k8rhncp4jt1\/2026\/03\/tpUHdbIMAGENStypeJPGshare1oBarraFacebook_Publico-66.jpg","width":1200,"height":630,"caption":"O primeiro-ministro, Lu\u00eds Montenegro, dever\u00e1 facultar os dados \u00e0 Entidade Para a Transpar\u00eancia, mas n\u00e3o h\u00e1 perspectivas de data"},{"@type":"BreadcrumbList","@id":"https:\/\/portaltela.pt\/noticias\/2026\/03\/25\/entidade-da-transparencia-investiga-publicar-clientes-da-spinumviva\/#breadcrumb","itemListElement":[{"@type":"ListItem","position":1,"name":"In\u00edcio","item":"https:\/\/portaltela.pt\/"},{"@type":"ListItem","position":2,"name":"Entidade da Transpar\u00eancia investiga publicar clientes da Spinumviva"}]},{"@type":"WebSite","@id":"https:\/\/portaltela.pt\/#website","url":"https:\/\/portaltela.pt\/","name":"Portal Tela Portugal","description":"","potentialAction":[{"@type":"SearchAction","target":{"@type":"EntryPoint","urlTemplate":"https:\/\/portaltela.pt\/?s={search_term_string}"},"query-input":{"@type":"PropertyValueSpecification","valueRequired":true,"valueName":"search_term_string"}}],"inLanguage":"pt-PT"},{"@type":"Person","@id":"https:\/\/portaltela.pt\/#\/schema\/person\/c4278d4a6028830caff9ee44b42d32ed","name":"Telinha","image":{"@type":"ImageObject","inLanguage":"pt-PT","@id":"https:\/\/portaltela.pt\/s.01k8rhncp4jt1\/2025\/11\/talking-bot-125x125.png","url":"https:\/\/portaltela.pt\/s.01k8rhncp4jt1\/2025\/11\/talking-bot-125x125.png","contentUrl":"https:\/\/portaltela.pt\/s.01k8rhncp4jt1\/2025\/11\/talking-bot-125x125.png","caption":"Telinha"},"sameAs":["https:\/\/portaltela.pt\/"],"url":"https:\/\/portaltela.pt\/por\/367410592786\/"}]}},"_links":{"self":[{"href":"https:\/\/portaltela.pt\/api\/wp\/v2\/posts\/421228","targetHints":{"allow":["GET"]}}],"collection":[{"href":"https:\/\/portaltela.pt\/api\/wp\/v2\/posts"}],"about":[{"href":"https:\/\/portaltela.pt\/api\/wp\/v2\/types\/post"}],"author":[{"embeddable":true,"href":"https:\/\/portaltela.pt\/api\/wp\/v2\/users\/2"}],"replies":[{"embeddable":true,"href":"https:\/\/portaltela.pt\/api\/wp\/v2\/comments?post=421228"}],"version-history":[{"count":0,"href":"https:\/\/portaltela.pt\/api\/wp\/v2\/posts\/421228\/revisions"}],"wp:featuredmedia":[{"embeddable":true,"href":"https:\/\/portaltela.pt\/api\/wp\/v2\/media\/421231"}],"wp:attachment":[{"href":"https:\/\/portaltela.pt\/api\/wp\/v2\/media?parent=421228"}],"wp:term":[{"taxonomy":"category","embeddable":true,"href":"https:\/\/portaltela.pt\/api\/wp\/v2\/categories?post=421228"},{"taxonomy":"post_tag","embeddable":true,"href":"https:\/\/portaltela.pt\/api\/wp\/v2\/tags?post=421228"}],"curies":[{"name":"wp","href":"https:\/\/api.w.org\/{rel}","templated":true}]}}