{"id":421202,"date":"2026-03-25T14:24:00","date_gmt":"2026-03-25T17:24:00","guid":{"rendered":"https:\/\/portaltela.pt\/noticias\/2026\/03\/25\/meta-dispensa-centenas-de-trabalhadores-em-varias-filiais\/"},"modified":"2026-03-25T14:24:00","modified_gmt":"2026-03-25T17:24:00","slug":"meta-dispensa-centenas-de-trabalhadores-em-varias-filiais","status":"publish","type":"post","link":"https:\/\/portaltela.pt\/noticias\/economia\/2026\/03\/25\/meta-dispensa-centenas-de-trabalhadores-em-varias-filiais\/","title":{"rendered":"Meta dispensa centenas de trabalhadores em v\u00e1rias filiais"},"content":{"rendered":"<p>A Meta, propriet\u00e1ria do Facebook, est\u00e1 a preparar cortes de centenas de trabalhadores em v\u00e1rias filiais, incluindo a divis\u00e3o Reality Labs focada em realidade virtual. A informa\u00e7\u00e3o foi avan\u00e7ada pela CNBC, que cita fontes pr\u00f3ximas do processo.<\/p>\n<p>Os despedimentos ocorrem ap\u00f3s uma vaga de redu\u00e7\u00f5es de pessoal em janeiro, que afetou mais de mil trabalhadores. A empresa continua a reorientar o neg\u00f3cio para a intelig\u00eancia artificial (IA, na sigla em ingl\u00eas).<\/p>\n<p>A Meta assegura que tentar\u00e1 recolocar os funcion\u00e1rios afetados dentro da pr\u00f3pria empresa, embora ainda n\u00e3o tenha divulgado n\u00fameros sobre o total de despedimentos nem quantos podem transferir-se para outras \u00e1reas. Um porta-voz explicou que as equipas passam por reestrutura\u00e7\u00e3o para manter a posi\u00e7\u00e3o da empresa perante os objetivos estrat\u00e9gicos, procurando oportunidades internas sempre que poss\u00edvel.<\/p>\n","protected":false},"excerpt":{"rendered":"<ul>\n<li>A Meta vai despedir centenas de trabalhadores de v\u00e1rias filiais, incluindo a divis\u00e3o Reality Labs.<\/li>\n<li>O an\u00fancio foi reportado pela CNBC, que cita fontes familiarizadas com o processo.<\/li>\n<li>O conjunto de cortes sucede a uma vaga anterior, realizada em janeiro, que afetou mais de mil colaboradores.<\/li>\n<li>A Meta pretende colocar os funcion\u00e1rios afetados dentro da empresa, embora ainda n\u00e3o tenha indicado n\u00fameros ou quantos poder\u00e3o ser recolocados.<\/li>\n<li>Um porta-voz afirmou que as equipas s\u00e3o periodicamente reestruturadas para manter a empresa na melhor posi\u00e7\u00e3o para atingir os seus objetivos, buscando oportunidades para quem possa ser impactado.<\/li>\n<\/ul>\n","protected":false},"author":2,"featured_media":421205,"comment_status":"closed","ping_status":"closed","sticky":false,"template":"","format":"standard","meta":{"footnotes":""},"categories":[2,6735],"tags":[6115,3020,33,51,153,2201],"class_list":["post-421202","post","type-post","status-publish","format-standard","has-post-thumbnail","hentry","category-economia","category-negocios","tag-_economia","tag-despedimentos","tag-inovacao","tag-inteligencia-artificial","tag-tecnologia","tag-trabalho"],"yoast_head":"<!-- This site is optimized with the Yoast SEO plugin v27.2 - https:\/\/yoast.com\/product\/yoast-seo-wordpress\/ -->\n<title>Meta dispensa centenas de trabalhadores em v\u00e1rias filiais - Portal Tela Portugal<\/title>\n<meta name=\"robots\" content=\"index, follow, max-snippet:-1, max-image-preview:large, max-video-preview:-1\" \/>\n<meta property=\"og:locale\" content=\"pt_PT\" \/>\n<meta property=\"og:type\" content=\"article\" \/>\n<meta property=\"og:title\" content=\"Meta dispensa centenas de trabalhadores em v\u00e1rias filiais - Portal Tela Portugal\" \/>\n<meta property=\"og:description\" content=\"A Meta vai despedir centenas de trabalhadores de v\u00e1rias filiais, incluindo a divis\u00e3o Reality Labs. O an\u00fancio foi reportado pela CNBC, que cita fontes familiarizadas com o processo. O conjunto de cortes sucede a uma vaga anterior, realizada em janeiro, que afetou mais de mil colaboradores. A Meta pretende colocar os funcion\u00e1rios afetados dentro da empresa, embora ainda n\u00e3o tenha indicado n\u00fameros ou quantos poder\u00e3o ser recolocados. Um porta-voz afirmou que as equipas s\u00e3o periodicamente reestruturadas para manter a empresa na melhor posi\u00e7\u00e3o para atingir os seus objetivos, buscando oportunidades para quem possa ser impactado.\" \/>\n<meta property=\"og:url\" content=\"https:\/\/portaltela.pt\/noticias\/2026\/03\/25\/meta-dispensa-centenas-de-trabalhadores-em-varias-filiais\/\" \/>\n<meta property=\"og:site_name\" content=\"Portal Tela Portugal\" \/>\n<meta property=\"article:published_time\" content=\"2026-03-25T17:24:00+00:00\" \/>\n<meta name=\"author\" content=\"Telinha\" \/>\n<meta name=\"twitter:card\" content=\"summary_large_image\" \/>\n<meta name=\"twitter:label1\" content=\"Escrito por\" \/>\n\t<meta name=\"twitter:data1\" content=\"Telinha\" \/>\n\t<meta name=\"twitter:label2\" content=\"Tempo estimado de leitura\" \/>\n\t<meta name=\"twitter:data2\" content=\"1 minuto\" \/>\n<script type=\"application\/ld+json\" class=\"yoast-schema-graph\">{\"@context\":\"https:\/\/schema.org\",\"@graph\":[{\"@type\":\"Article\",\"@id\":\"https:\/\/portaltela.pt\/noticias\/2026\/03\/25\/meta-dispensa-centenas-de-trabalhadores-em-varias-filiais\/#article\",\"isPartOf\":{\"@id\":\"https:\/\/portaltela.pt\/noticias\/2026\/03\/25\/meta-dispensa-centenas-de-trabalhadores-em-varias-filiais\/\"},\"author\":{\"name\":\"Telinha\",\"@id\":\"https:\/\/portaltela.pt\/#\/schema\/person\/c4278d4a6028830caff9ee44b42d32ed\"},\"headline\":\"Meta dispensa centenas de trabalhadores em v\u00e1rias filiais\",\"datePublished\":\"2026-03-25T17:24:00+00:00\",\"mainEntityOfPage\":{\"@id\":\"https:\/\/portaltela.pt\/noticias\/2026\/03\/25\/meta-dispensa-centenas-de-trabalhadores-em-varias-filiais\/\"},\"wordCount\":155,\"image\":{\"@id\":\"https:\/\/portaltela.pt\/noticias\/2026\/03\/25\/meta-dispensa-centenas-de-trabalhadores-em-varias-filiais\/#primaryimage\"},\"thumbnailUrl\":\"https:\/\/portaltela.pt\/s.01k8rhncp4jt1\/2026\/03\/image-124.webp\",\"keywords\":[\"_economia\",\"despedimentos\",\"inova\u00e7\u00e3o\",\"intelig\u00eancia artificial\",\"tecnologia\",\"trabalho\"],\"articleSection\":[\"Economia\",\"Neg\u00f3cios\"],\"inLanguage\":\"pt-PT\"},{\"@type\":\"WebPage\",\"@id\":\"https:\/\/portaltela.pt\/noticias\/2026\/03\/25\/meta-dispensa-centenas-de-trabalhadores-em-varias-filiais\/\",\"url\":\"https:\/\/portaltela.pt\/noticias\/2026\/03\/25\/meta-dispensa-centenas-de-trabalhadores-em-varias-filiais\/\",\"name\":\"Meta dispensa centenas de trabalhadores em v\u00e1rias filiais - Portal Tela Portugal\",\"isPartOf\":{\"@id\":\"https:\/\/portaltela.pt\/#website\"},\"primaryImageOfPage\":{\"@id\":\"https:\/\/portaltela.pt\/noticias\/2026\/03\/25\/meta-dispensa-centenas-de-trabalhadores-em-varias-filiais\/#primaryimage\"},\"image\":{\"@id\":\"https:\/\/portaltela.pt\/noticias\/2026\/03\/25\/meta-dispensa-centenas-de-trabalhadores-em-varias-filiais\/#primaryimage\"},\"thumbnailUrl\":\"https:\/\/portaltela.pt\/s.01k8rhncp4jt1\/2026\/03\/image-124.webp\",\"datePublished\":\"2026-03-25T17:24:00+00:00\",\"author\":{\"@id\":\"https:\/\/portaltela.pt\/#\/schema\/person\/c4278d4a6028830caff9ee44b42d32ed\"},\"breadcrumb\":{\"@id\":\"https:\/\/portaltela.pt\/noticias\/2026\/03\/25\/meta-dispensa-centenas-de-trabalhadores-em-varias-filiais\/#breadcrumb\"},\"inLanguage\":\"pt-PT\",\"potentialAction\":[{\"@type\":\"ReadAction\",\"target\":[\"https:\/\/portaltela.pt\/noticias\/2026\/03\/25\/meta-dispensa-centenas-de-trabalhadores-em-varias-filiais\/\"]}]},{\"@type\":\"ImageObject\",\"inLanguage\":\"pt-PT\",\"@id\":\"https:\/\/portaltela.pt\/noticias\/2026\/03\/25\/meta-dispensa-centenas-de-trabalhadores-em-varias-filiais\/#primaryimage\",\"url\":\"https:\/\/portaltela.pt\/s.01k8rhncp4jt1\/2026\/03\/image-124.webp\",\"contentUrl\":\"https:\/\/portaltela.pt\/s.01k8rhncp4jt1\/2026\/03\/image-124.webp\",\"width\":1200,\"height\":800,\"caption\":\"Meta indicou que tentar\u00e1 colocar os funcion\u00e1rios afetados dentro empresa\"},{\"@type\":\"BreadcrumbList\",\"@id\":\"https:\/\/portaltela.pt\/noticias\/2026\/03\/25\/meta-dispensa-centenas-de-trabalhadores-em-varias-filiais\/#breadcrumb\",\"itemListElement\":[{\"@type\":\"ListItem\",\"position\":1,\"name\":\"In\u00edcio\",\"item\":\"https:\/\/portaltela.pt\/\"},{\"@type\":\"ListItem\",\"position\":2,\"name\":\"Meta dispensa centenas de trabalhadores em v\u00e1rias filiais\"}]},{\"@type\":\"WebSite\",\"@id\":\"https:\/\/portaltela.pt\/#website\",\"url\":\"https:\/\/portaltela.pt\/\",\"name\":\"Portal Tela Portugal\",\"description\":\"\",\"potentialAction\":[{\"@type\":\"SearchAction\",\"target\":{\"@type\":\"EntryPoint\",\"urlTemplate\":\"https:\/\/portaltela.pt\/?s={search_term_string}\"},\"query-input\":{\"@type\":\"PropertyValueSpecification\",\"valueRequired\":true,\"valueName\":\"search_term_string\"}}],\"inLanguage\":\"pt-PT\"},{\"@type\":\"Person\",\"@id\":\"https:\/\/portaltela.pt\/#\/schema\/person\/c4278d4a6028830caff9ee44b42d32ed\",\"name\":\"Telinha\",\"image\":{\"@type\":\"ImageObject\",\"inLanguage\":\"pt-PT\",\"@id\":\"https:\/\/portaltela.pt\/s.01k8rhncp4jt1\/2025\/11\/talking-bot-125x125.png\",\"url\":\"https:\/\/portaltela.pt\/s.01k8rhncp4jt1\/2025\/11\/talking-bot-125x125.png\",\"contentUrl\":\"https:\/\/portaltela.pt\/s.01k8rhncp4jt1\/2025\/11\/talking-bot-125x125.png\",\"caption\":\"Telinha\"},\"sameAs\":[\"https:\/\/portaltela.pt\/\"],\"url\":\"https:\/\/portaltela.pt\/por\/367410592786\/\"}]}<\/script>\n<!-- \/ Yoast SEO plugin. -->","yoast_head_json":{"title":"Meta dispensa centenas de trabalhadores em v\u00e1rias filiais - Portal Tela Portugal","robots":{"index":"index","follow":"follow","max-snippet":"max-snippet:-1","max-image-preview":"max-image-preview:large","max-video-preview":"max-video-preview:-1"},"og_locale":"pt_PT","og_type":"article","og_title":"Meta dispensa centenas de trabalhadores em v\u00e1rias filiais - Portal Tela Portugal","og_description":"A Meta vai despedir centenas de trabalhadores de v\u00e1rias filiais, incluindo a divis\u00e3o Reality Labs. O an\u00fancio foi reportado pela CNBC, que cita fontes familiarizadas com o processo. O conjunto de cortes sucede a uma vaga anterior, realizada em janeiro, que afetou mais de mil colaboradores. A Meta pretende colocar os funcion\u00e1rios afetados dentro da empresa, embora ainda n\u00e3o tenha indicado n\u00fameros ou quantos poder\u00e3o ser recolocados. Um porta-voz afirmou que as equipas s\u00e3o periodicamente reestruturadas para manter a empresa na melhor posi\u00e7\u00e3o para atingir os seus objetivos, buscando oportunidades para quem possa ser impactado.","og_url":"https:\/\/portaltela.pt\/noticias\/2026\/03\/25\/meta-dispensa-centenas-de-trabalhadores-em-varias-filiais\/","og_site_name":"Portal Tela Portugal","article_published_time":"2026-03-25T17:24:00+00:00","author":"Telinha","twitter_card":"summary_large_image","twitter_misc":{"Escrito por":"Telinha","Tempo estimado de leitura":"1 minuto"},"schema":{"@context":"https:\/\/schema.org","@graph":[{"@type":"Article","@id":"https:\/\/portaltela.pt\/noticias\/2026\/03\/25\/meta-dispensa-centenas-de-trabalhadores-em-varias-filiais\/#article","isPartOf":{"@id":"https:\/\/portaltela.pt\/noticias\/2026\/03\/25\/meta-dispensa-centenas-de-trabalhadores-em-varias-filiais\/"},"author":{"name":"Telinha","@id":"https:\/\/portaltela.pt\/#\/schema\/person\/c4278d4a6028830caff9ee44b42d32ed"},"headline":"Meta dispensa centenas de trabalhadores em v\u00e1rias filiais","datePublished":"2026-03-25T17:24:00+00:00","mainEntityOfPage":{"@id":"https:\/\/portaltela.pt\/noticias\/2026\/03\/25\/meta-dispensa-centenas-de-trabalhadores-em-varias-filiais\/"},"wordCount":155,"image":{"@id":"https:\/\/portaltela.pt\/noticias\/2026\/03\/25\/meta-dispensa-centenas-de-trabalhadores-em-varias-filiais\/#primaryimage"},"thumbnailUrl":"https:\/\/portaltela.pt\/s.01k8rhncp4jt1\/2026\/03\/image-124.webp","keywords":["_economia","despedimentos","inova\u00e7\u00e3o","intelig\u00eancia artificial","tecnologia","trabalho"],"articleSection":["Economia","Neg\u00f3cios"],"inLanguage":"pt-PT"},{"@type":"WebPage","@id":"https:\/\/portaltela.pt\/noticias\/2026\/03\/25\/meta-dispensa-centenas-de-trabalhadores-em-varias-filiais\/","url":"https:\/\/portaltela.pt\/noticias\/2026\/03\/25\/meta-dispensa-centenas-de-trabalhadores-em-varias-filiais\/","name":"Meta dispensa centenas de trabalhadores em v\u00e1rias filiais - Portal Tela Portugal","isPartOf":{"@id":"https:\/\/portaltela.pt\/#website"},"primaryImageOfPage":{"@id":"https:\/\/portaltela.pt\/noticias\/2026\/03\/25\/meta-dispensa-centenas-de-trabalhadores-em-varias-filiais\/#primaryimage"},"image":{"@id":"https:\/\/portaltela.pt\/noticias\/2026\/03\/25\/meta-dispensa-centenas-de-trabalhadores-em-varias-filiais\/#primaryimage"},"thumbnailUrl":"https:\/\/portaltela.pt\/s.01k8rhncp4jt1\/2026\/03\/image-124.webp","datePublished":"2026-03-25T17:24:00+00:00","author":{"@id":"https:\/\/portaltela.pt\/#\/schema\/person\/c4278d4a6028830caff9ee44b42d32ed"},"breadcrumb":{"@id":"https:\/\/portaltela.pt\/noticias\/2026\/03\/25\/meta-dispensa-centenas-de-trabalhadores-em-varias-filiais\/#breadcrumb"},"inLanguage":"pt-PT","potentialAction":[{"@type":"ReadAction","target":["https:\/\/portaltela.pt\/noticias\/2026\/03\/25\/meta-dispensa-centenas-de-trabalhadores-em-varias-filiais\/"]}]},{"@type":"ImageObject","inLanguage":"pt-PT","@id":"https:\/\/portaltela.pt\/noticias\/2026\/03\/25\/meta-dispensa-centenas-de-trabalhadores-em-varias-filiais\/#primaryimage","url":"https:\/\/portaltela.pt\/s.01k8rhncp4jt1\/2026\/03\/image-124.webp","contentUrl":"https:\/\/portaltela.pt\/s.01k8rhncp4jt1\/2026\/03\/image-124.webp","width":1200,"height":800,"caption":"Meta indicou que tentar\u00e1 colocar os funcion\u00e1rios afetados dentro empresa"},{"@type":"BreadcrumbList","@id":"https:\/\/portaltela.pt\/noticias\/2026\/03\/25\/meta-dispensa-centenas-de-trabalhadores-em-varias-filiais\/#breadcrumb","itemListElement":[{"@type":"ListItem","position":1,"name":"In\u00edcio","item":"https:\/\/portaltela.pt\/"},{"@type":"ListItem","position":2,"name":"Meta dispensa centenas de trabalhadores em v\u00e1rias filiais"}]},{"@type":"WebSite","@id":"https:\/\/portaltela.pt\/#website","url":"https:\/\/portaltela.pt\/","name":"Portal Tela Portugal","description":"","potentialAction":[{"@type":"SearchAction","target":{"@type":"EntryPoint","urlTemplate":"https:\/\/portaltela.pt\/?s={search_term_string}"},"query-input":{"@type":"PropertyValueSpecification","valueRequired":true,"valueName":"search_term_string"}}],"inLanguage":"pt-PT"},{"@type":"Person","@id":"https:\/\/portaltela.pt\/#\/schema\/person\/c4278d4a6028830caff9ee44b42d32ed","name":"Telinha","image":{"@type":"ImageObject","inLanguage":"pt-PT","@id":"https:\/\/portaltela.pt\/s.01k8rhncp4jt1\/2025\/11\/talking-bot-125x125.png","url":"https:\/\/portaltela.pt\/s.01k8rhncp4jt1\/2025\/11\/talking-bot-125x125.png","contentUrl":"https:\/\/portaltela.pt\/s.01k8rhncp4jt1\/2025\/11\/talking-bot-125x125.png","caption":"Telinha"},"sameAs":["https:\/\/portaltela.pt\/"],"url":"https:\/\/portaltela.pt\/por\/367410592786\/"}]}},"_links":{"self":[{"href":"https:\/\/portaltela.pt\/api\/wp\/v2\/posts\/421202","targetHints":{"allow":["GET"]}}],"collection":[{"href":"https:\/\/portaltela.pt\/api\/wp\/v2\/posts"}],"about":[{"href":"https:\/\/portaltela.pt\/api\/wp\/v2\/types\/post"}],"author":[{"embeddable":true,"href":"https:\/\/portaltela.pt\/api\/wp\/v2\/users\/2"}],"replies":[{"embeddable":true,"href":"https:\/\/portaltela.pt\/api\/wp\/v2\/comments?post=421202"}],"version-history":[{"count":0,"href":"https:\/\/portaltela.pt\/api\/wp\/v2\/posts\/421202\/revisions"}],"wp:featuredmedia":[{"embeddable":true,"href":"https:\/\/portaltela.pt\/api\/wp\/v2\/media\/421205"}],"wp:attachment":[{"href":"https:\/\/portaltela.pt\/api\/wp\/v2\/media?parent=421202"}],"wp:term":[{"taxonomy":"category","embeddable":true,"href":"https:\/\/portaltela.pt\/api\/wp\/v2\/categories?post=421202"},{"taxonomy":"post_tag","embeddable":true,"href":"https:\/\/portaltela.pt\/api\/wp\/v2\/tags?post=421202"}],"curies":[{"name":"wp","href":"https:\/\/api.w.org\/{rel}","templated":true}]}}