{"id":421200,"date":"2026-03-25T14:28:00","date_gmt":"2026-03-25T17:28:00","guid":{"rendered":"https:\/\/portaltela.pt\/noticias\/2026\/03\/25\/empresaria-luta-por-licenca-de-ruido-para-eventos-de-karaoke\/"},"modified":"2026-03-25T14:28:00","modified_gmt":"2026-03-25T17:28:00","slug":"empresaria-luta-por-licenca-de-ruido-para-eventos-de-karaoke","status":"publish","type":"post","link":"https:\/\/portaltela.pt\/noticias\/economia\/2026\/03\/25\/empresaria-luta-por-licenca-de-ruido-para-eventos-de-karaoke\/","title":{"rendered":"Empres\u00e1ria luta por licen\u00e7a de ru\u00eddo para eventos de karaoke"},"content":{"rendered":"<p>A empres\u00e1ria Marlene, propriet\u00e1ria do bar All Together, em Santa Maria da Feira, afirma que a C\u00e2mara Municipal n\u00e3o lhe concede a licen\u00e7a especial de ru\u00eddo para karaoke. O neg\u00f3cio pretende realizar eventos com karaoke, mas n\u00e3o obteve a autoriza\u00e7\u00e3o necess\u00e1ria.<\/p>\n<p>Marlene diz ainda que lhe foi pedido um projeto de raiz, com uma despesa elevada, como requisito para avan\u00e7ar com a licen\u00e7a. A exig\u00eancia implica custos que, segundo a propriet\u00e1ria, podem ser proibitivos para o proprieto.<\/p>\n<p>N\u00e3o h\u00e1 indica\u00e7\u00e3o formal de prazos ou de prazos de resolu\u00e7\u00e3o por parte da C\u00e2mara Municipal. O caso envolve licenciamento de ru\u00eddos e procedimentos administrativos para a realiza\u00e7\u00e3o de eventos no estabelecimento.<\/p>\n","protected":false},"excerpt":{"rendered":"<ul>\n<li>Marlene, empres\u00e1ria propriet\u00e1ria do bar All Together, em Santa Maria da Feira, afirma que a C\u00e2mara Municipal n\u00e3o lhe concede a licen\u00e7a para karaoke.<\/li>\n<li>A gest\u00e3o pediu-lhe um projeto de raiz com uma despesa elevada.<\/li>\n<li>A repara\u00e7\u00e3o da licen\u00e7a para karaoke n\u00e3o foi assegurada pela C\u00e2mara Municipal.<\/li>\n<li>De acordo com a empres\u00e1ria, a exig\u00eancia de um projeto de raiz implica custos significativos para o neg\u00f3cio.<\/li>\n<\/ul>\n","protected":false},"author":2,"featured_media":421204,"comment_status":"closed","ping_status":"closed","sticky":false,"template":"","format":"standard","meta":{"footnotes":""},"categories":[2,6735],"tags":[3731,559,5706,45,1308],"class_list":["post-421200","post","type-post","status-publish","format-standard","has-post-thumbnail","hentry","category-economia","category-negocios","tag-eventos","tag-licenciamento-ambiental","tag-licenciamentos","tag-meio-ambiente","tag-santa-maria-da-feira"],"yoast_head":"<!-- This site is optimized with the Yoast SEO plugin v27.2 - https:\/\/yoast.com\/product\/yoast-seo-wordpress\/ -->\n<title>Empres\u00e1ria luta por licen\u00e7a de ru\u00eddo para eventos de karaoke - Portal Tela Portugal<\/title>\n<meta name=\"robots\" content=\"index, follow, max-snippet:-1, max-image-preview:large, max-video-preview:-1\" \/>\n<meta property=\"og:locale\" content=\"pt_PT\" \/>\n<meta property=\"og:type\" content=\"article\" \/>\n<meta property=\"og:title\" content=\"Empres\u00e1ria luta por licen\u00e7a de ru\u00eddo para eventos de karaoke - Portal Tela Portugal\" \/>\n<meta property=\"og:description\" content=\"Marlene, empres\u00e1ria propriet\u00e1ria do bar All Together, em Santa Maria da Feira, afirma que a C\u00e2mara Municipal n\u00e3o lhe concede a licen\u00e7a para karaoke. A gest\u00e3o pediu-lhe um projeto de raiz com uma despesa elevada. A repara\u00e7\u00e3o da licen\u00e7a para karaoke n\u00e3o foi assegurada pela C\u00e2mara Municipal. De acordo com a empres\u00e1ria, a exig\u00eancia de um projeto de raiz implica custos significativos para o neg\u00f3cio.\" \/>\n<meta property=\"og:url\" content=\"https:\/\/portaltela.pt\/noticias\/2026\/03\/25\/empresaria-luta-por-licenca-de-ruido-para-eventos-de-karaoke\/\" \/>\n<meta property=\"og:site_name\" content=\"Portal Tela Portugal\" \/>\n<meta property=\"article:published_time\" content=\"2026-03-25T17:28:00+00:00\" \/>\n<meta name=\"author\" content=\"Telinha\" \/>\n<meta name=\"twitter:card\" content=\"summary_large_image\" \/>\n<meta name=\"twitter:label1\" content=\"Escrito por\" \/>\n\t<meta name=\"twitter:data1\" content=\"Telinha\" \/>\n\t<meta name=\"twitter:label2\" content=\"Tempo estimado de leitura\" \/>\n\t<meta name=\"twitter:data2\" content=\"1 minuto\" \/>\n<script type=\"application\/ld+json\" class=\"yoast-schema-graph\">{\"@context\":\"https:\/\/schema.org\",\"@graph\":[{\"@type\":\"Article\",\"@id\":\"https:\/\/portaltela.pt\/noticias\/2026\/03\/25\/empresaria-luta-por-licenca-de-ruido-para-eventos-de-karaoke\/#article\",\"isPartOf\":{\"@id\":\"https:\/\/portaltela.pt\/noticias\/2026\/03\/25\/empresaria-luta-por-licenca-de-ruido-para-eventos-de-karaoke\/\"},\"author\":{\"name\":\"Telinha\",\"@id\":\"https:\/\/portaltela.pt\/#\/schema\/person\/c4278d4a6028830caff9ee44b42d32ed\"},\"headline\":\"Empres\u00e1ria luta por licen\u00e7a de ru\u00eddo para eventos de karaoke\",\"datePublished\":\"2026-03-25T17:28:00+00:00\",\"mainEntityOfPage\":{\"@id\":\"https:\/\/portaltela.pt\/noticias\/2026\/03\/25\/empresaria-luta-por-licenca-de-ruido-para-eventos-de-karaoke\/\"},\"wordCount\":142,\"image\":{\"@id\":\"https:\/\/portaltela.pt\/noticias\/2026\/03\/25\/empresaria-luta-por-licenca-de-ruido-para-eventos-de-karaoke\/#primaryimage\"},\"thumbnailUrl\":\"https:\/\/portaltela.pt\/s.01k8rhncp4jt1\/2026\/03\/img_1280x722uu2026-03-25-17-27-33-2274779.jpg\",\"keywords\":[\"eventos\",\"licenciamento ambiental\",\"licenciamentos\",\"meio-ambiente\",\"Santa Maria da Feira\"],\"articleSection\":[\"Economia\",\"Neg\u00f3cios\"],\"inLanguage\":\"pt-PT\"},{\"@type\":\"WebPage\",\"@id\":\"https:\/\/portaltela.pt\/noticias\/2026\/03\/25\/empresaria-luta-por-licenca-de-ruido-para-eventos-de-karaoke\/\",\"url\":\"https:\/\/portaltela.pt\/noticias\/2026\/03\/25\/empresaria-luta-por-licenca-de-ruido-para-eventos-de-karaoke\/\",\"name\":\"Empres\u00e1ria luta por licen\u00e7a de ru\u00eddo para eventos de karaoke - Portal Tela Portugal\",\"isPartOf\":{\"@id\":\"https:\/\/portaltela.pt\/#website\"},\"primaryImageOfPage\":{\"@id\":\"https:\/\/portaltela.pt\/noticias\/2026\/03\/25\/empresaria-luta-por-licenca-de-ruido-para-eventos-de-karaoke\/#primaryimage\"},\"image\":{\"@id\":\"https:\/\/portaltela.pt\/noticias\/2026\/03\/25\/empresaria-luta-por-licenca-de-ruido-para-eventos-de-karaoke\/#primaryimage\"},\"thumbnailUrl\":\"https:\/\/portaltela.pt\/s.01k8rhncp4jt1\/2026\/03\/img_1280x722uu2026-03-25-17-27-33-2274779.jpg\",\"datePublished\":\"2026-03-25T17:28:00+00:00\",\"author\":{\"@id\":\"https:\/\/portaltela.pt\/#\/schema\/person\/c4278d4a6028830caff9ee44b42d32ed\"},\"breadcrumb\":{\"@id\":\"https:\/\/portaltela.pt\/noticias\/2026\/03\/25\/empresaria-luta-por-licenca-de-ruido-para-eventos-de-karaoke\/#breadcrumb\"},\"inLanguage\":\"pt-PT\",\"potentialAction\":[{\"@type\":\"ReadAction\",\"target\":[\"https:\/\/portaltela.pt\/noticias\/2026\/03\/25\/empresaria-luta-por-licenca-de-ruido-para-eventos-de-karaoke\/\"]}]},{\"@type\":\"ImageObject\",\"inLanguage\":\"pt-PT\",\"@id\":\"https:\/\/portaltela.pt\/noticias\/2026\/03\/25\/empresaria-luta-por-licenca-de-ruido-para-eventos-de-karaoke\/#primaryimage\",\"url\":\"https:\/\/portaltela.pt\/s.01k8rhncp4jt1\/2026\/03\/img_1280x722uu2026-03-25-17-27-33-2274779.jpg\",\"contentUrl\":\"https:\/\/portaltela.pt\/s.01k8rhncp4jt1\/2026\/03\/img_1280x722uu2026-03-25-17-27-33-2274779.jpg\",\"width\":1280,\"height\":722,\"caption\":\"Photo\"},{\"@type\":\"BreadcrumbList\",\"@id\":\"https:\/\/portaltela.pt\/noticias\/2026\/03\/25\/empresaria-luta-por-licenca-de-ruido-para-eventos-de-karaoke\/#breadcrumb\",\"itemListElement\":[{\"@type\":\"ListItem\",\"position\":1,\"name\":\"In\u00edcio\",\"item\":\"https:\/\/portaltela.pt\/\"},{\"@type\":\"ListItem\",\"position\":2,\"name\":\"Empres\u00e1ria luta por licen\u00e7a de ru\u00eddo para eventos de karaoke\"}]},{\"@type\":\"WebSite\",\"@id\":\"https:\/\/portaltela.pt\/#website\",\"url\":\"https:\/\/portaltela.pt\/\",\"name\":\"Portal Tela Portugal\",\"description\":\"\",\"potentialAction\":[{\"@type\":\"SearchAction\",\"target\":{\"@type\":\"EntryPoint\",\"urlTemplate\":\"https:\/\/portaltela.pt\/?s={search_term_string}\"},\"query-input\":{\"@type\":\"PropertyValueSpecification\",\"valueRequired\":true,\"valueName\":\"search_term_string\"}}],\"inLanguage\":\"pt-PT\"},{\"@type\":\"Person\",\"@id\":\"https:\/\/portaltela.pt\/#\/schema\/person\/c4278d4a6028830caff9ee44b42d32ed\",\"name\":\"Telinha\",\"image\":{\"@type\":\"ImageObject\",\"inLanguage\":\"pt-PT\",\"@id\":\"https:\/\/portaltela.pt\/s.01k8rhncp4jt1\/2025\/11\/talking-bot-125x125.png\",\"url\":\"https:\/\/portaltela.pt\/s.01k8rhncp4jt1\/2025\/11\/talking-bot-125x125.png\",\"contentUrl\":\"https:\/\/portaltela.pt\/s.01k8rhncp4jt1\/2025\/11\/talking-bot-125x125.png\",\"caption\":\"Telinha\"},\"sameAs\":[\"https:\/\/portaltela.pt\/\"],\"url\":\"https:\/\/portaltela.pt\/por\/367410592786\/\"}]}<\/script>\n<!-- \/ Yoast SEO plugin. -->","yoast_head_json":{"title":"Empres\u00e1ria luta por licen\u00e7a de ru\u00eddo para eventos de karaoke - Portal Tela Portugal","robots":{"index":"index","follow":"follow","max-snippet":"max-snippet:-1","max-image-preview":"max-image-preview:large","max-video-preview":"max-video-preview:-1"},"og_locale":"pt_PT","og_type":"article","og_title":"Empres\u00e1ria luta por licen\u00e7a de ru\u00eddo para eventos de karaoke - Portal Tela Portugal","og_description":"Marlene, empres\u00e1ria propriet\u00e1ria do bar All Together, em Santa Maria da Feira, afirma que a C\u00e2mara Municipal n\u00e3o lhe concede a licen\u00e7a para karaoke. A gest\u00e3o pediu-lhe um projeto de raiz com uma despesa elevada. A repara\u00e7\u00e3o da licen\u00e7a para karaoke n\u00e3o foi assegurada pela C\u00e2mara Municipal. De acordo com a empres\u00e1ria, a exig\u00eancia de um projeto de raiz implica custos significativos para o neg\u00f3cio.","og_url":"https:\/\/portaltela.pt\/noticias\/2026\/03\/25\/empresaria-luta-por-licenca-de-ruido-para-eventos-de-karaoke\/","og_site_name":"Portal Tela Portugal","article_published_time":"2026-03-25T17:28:00+00:00","author":"Telinha","twitter_card":"summary_large_image","twitter_misc":{"Escrito por":"Telinha","Tempo estimado de leitura":"1 minuto"},"schema":{"@context":"https:\/\/schema.org","@graph":[{"@type":"Article","@id":"https:\/\/portaltela.pt\/noticias\/2026\/03\/25\/empresaria-luta-por-licenca-de-ruido-para-eventos-de-karaoke\/#article","isPartOf":{"@id":"https:\/\/portaltela.pt\/noticias\/2026\/03\/25\/empresaria-luta-por-licenca-de-ruido-para-eventos-de-karaoke\/"},"author":{"name":"Telinha","@id":"https:\/\/portaltela.pt\/#\/schema\/person\/c4278d4a6028830caff9ee44b42d32ed"},"headline":"Empres\u00e1ria luta por licen\u00e7a de ru\u00eddo para eventos de karaoke","datePublished":"2026-03-25T17:28:00+00:00","mainEntityOfPage":{"@id":"https:\/\/portaltela.pt\/noticias\/2026\/03\/25\/empresaria-luta-por-licenca-de-ruido-para-eventos-de-karaoke\/"},"wordCount":142,"image":{"@id":"https:\/\/portaltela.pt\/noticias\/2026\/03\/25\/empresaria-luta-por-licenca-de-ruido-para-eventos-de-karaoke\/#primaryimage"},"thumbnailUrl":"https:\/\/portaltela.pt\/s.01k8rhncp4jt1\/2026\/03\/img_1280x722uu2026-03-25-17-27-33-2274779.jpg","keywords":["eventos","licenciamento ambiental","licenciamentos","meio-ambiente","Santa Maria da Feira"],"articleSection":["Economia","Neg\u00f3cios"],"inLanguage":"pt-PT"},{"@type":"WebPage","@id":"https:\/\/portaltela.pt\/noticias\/2026\/03\/25\/empresaria-luta-por-licenca-de-ruido-para-eventos-de-karaoke\/","url":"https:\/\/portaltela.pt\/noticias\/2026\/03\/25\/empresaria-luta-por-licenca-de-ruido-para-eventos-de-karaoke\/","name":"Empres\u00e1ria luta por licen\u00e7a de ru\u00eddo para eventos de karaoke - Portal Tela Portugal","isPartOf":{"@id":"https:\/\/portaltela.pt\/#website"},"primaryImageOfPage":{"@id":"https:\/\/portaltela.pt\/noticias\/2026\/03\/25\/empresaria-luta-por-licenca-de-ruido-para-eventos-de-karaoke\/#primaryimage"},"image":{"@id":"https:\/\/portaltela.pt\/noticias\/2026\/03\/25\/empresaria-luta-por-licenca-de-ruido-para-eventos-de-karaoke\/#primaryimage"},"thumbnailUrl":"https:\/\/portaltela.pt\/s.01k8rhncp4jt1\/2026\/03\/img_1280x722uu2026-03-25-17-27-33-2274779.jpg","datePublished":"2026-03-25T17:28:00+00:00","author":{"@id":"https:\/\/portaltela.pt\/#\/schema\/person\/c4278d4a6028830caff9ee44b42d32ed"},"breadcrumb":{"@id":"https:\/\/portaltela.pt\/noticias\/2026\/03\/25\/empresaria-luta-por-licenca-de-ruido-para-eventos-de-karaoke\/#breadcrumb"},"inLanguage":"pt-PT","potentialAction":[{"@type":"ReadAction","target":["https:\/\/portaltela.pt\/noticias\/2026\/03\/25\/empresaria-luta-por-licenca-de-ruido-para-eventos-de-karaoke\/"]}]},{"@type":"ImageObject","inLanguage":"pt-PT","@id":"https:\/\/portaltela.pt\/noticias\/2026\/03\/25\/empresaria-luta-por-licenca-de-ruido-para-eventos-de-karaoke\/#primaryimage","url":"https:\/\/portaltela.pt\/s.01k8rhncp4jt1\/2026\/03\/img_1280x722uu2026-03-25-17-27-33-2274779.jpg","contentUrl":"https:\/\/portaltela.pt\/s.01k8rhncp4jt1\/2026\/03\/img_1280x722uu2026-03-25-17-27-33-2274779.jpg","width":1280,"height":722,"caption":"Photo"},{"@type":"BreadcrumbList","@id":"https:\/\/portaltela.pt\/noticias\/2026\/03\/25\/empresaria-luta-por-licenca-de-ruido-para-eventos-de-karaoke\/#breadcrumb","itemListElement":[{"@type":"ListItem","position":1,"name":"In\u00edcio","item":"https:\/\/portaltela.pt\/"},{"@type":"ListItem","position":2,"name":"Empres\u00e1ria luta por licen\u00e7a de ru\u00eddo para eventos de karaoke"}]},{"@type":"WebSite","@id":"https:\/\/portaltela.pt\/#website","url":"https:\/\/portaltela.pt\/","name":"Portal Tela Portugal","description":"","potentialAction":[{"@type":"SearchAction","target":{"@type":"EntryPoint","urlTemplate":"https:\/\/portaltela.pt\/?s={search_term_string}"},"query-input":{"@type":"PropertyValueSpecification","valueRequired":true,"valueName":"search_term_string"}}],"inLanguage":"pt-PT"},{"@type":"Person","@id":"https:\/\/portaltela.pt\/#\/schema\/person\/c4278d4a6028830caff9ee44b42d32ed","name":"Telinha","image":{"@type":"ImageObject","inLanguage":"pt-PT","@id":"https:\/\/portaltela.pt\/s.01k8rhncp4jt1\/2025\/11\/talking-bot-125x125.png","url":"https:\/\/portaltela.pt\/s.01k8rhncp4jt1\/2025\/11\/talking-bot-125x125.png","contentUrl":"https:\/\/portaltela.pt\/s.01k8rhncp4jt1\/2025\/11\/talking-bot-125x125.png","caption":"Telinha"},"sameAs":["https:\/\/portaltela.pt\/"],"url":"https:\/\/portaltela.pt\/por\/367410592786\/"}]}},"_links":{"self":[{"href":"https:\/\/portaltela.pt\/api\/wp\/v2\/posts\/421200","targetHints":{"allow":["GET"]}}],"collection":[{"href":"https:\/\/portaltela.pt\/api\/wp\/v2\/posts"}],"about":[{"href":"https:\/\/portaltela.pt\/api\/wp\/v2\/types\/post"}],"author":[{"embeddable":true,"href":"https:\/\/portaltela.pt\/api\/wp\/v2\/users\/2"}],"replies":[{"embeddable":true,"href":"https:\/\/portaltela.pt\/api\/wp\/v2\/comments?post=421200"}],"version-history":[{"count":0,"href":"https:\/\/portaltela.pt\/api\/wp\/v2\/posts\/421200\/revisions"}],"wp:featuredmedia":[{"embeddable":true,"href":"https:\/\/portaltela.pt\/api\/wp\/v2\/media\/421204"}],"wp:attachment":[{"href":"https:\/\/portaltela.pt\/api\/wp\/v2\/media?parent=421200"}],"wp:term":[{"taxonomy":"category","embeddable":true,"href":"https:\/\/portaltela.pt\/api\/wp\/v2\/categories?post=421200"},{"taxonomy":"post_tag","embeddable":true,"href":"https:\/\/portaltela.pt\/api\/wp\/v2\/tags?post=421200"}],"curies":[{"name":"wp","href":"https:\/\/api.w.org\/{rel}","templated":true}]}}