{"id":421189,"date":"2026-03-25T14:04:48","date_gmt":"2026-03-25T17:04:48","guid":{"rendered":"https:\/\/portaltela.pt\/noticias\/2026\/03\/25\/federacao-lanca-campanha-contra-a-discriminacao-racial-no-basquetebol\/"},"modified":"2026-03-25T14:04:48","modified_gmt":"2026-03-25T17:04:48","slug":"federacao-lanca-campanha-contra-a-discriminacao-racial-no-basquetebol","status":"publish","type":"post","link":"https:\/\/portaltela.pt\/desporto\/futebol\/2026\/03\/25\/federacao-lanca-campanha-contra-a-discriminacao-racial-no-basquetebol\/","title":{"rendered":"Federa\u00e7\u00e3o lan\u00e7a campanha contra a discrimina\u00e7\u00e3o racial no basquetebol"},"content":{"rendered":"<p>A Federa\u00e7\u00e3o Portuguesa de Basquetebol (FPB) juntou-se \u00e0 DAZN e \u00e0 Betclic numa iniciativa de sensibiliza\u00e7\u00e3o contra a discrimina\u00e7\u00e3o racial. A a\u00e7\u00e3o envolve o uso de imagem em preto e branco durante jogos transmitidos no passado dia 21, para marcar o aumento de crimes relacionados com discrimina\u00e7\u00e3o entre 2020 e 2024.<\/p>\n<p>Durante 2 minutos e 19 segundos, as partidas foram mostradas em tons monocrom\u00e1ticos, numa campanha que tamb\u00e9m se fez acompanhar de mensagens visuais nas t-shirts dos jogadores. A iniciativa visa destacar a escalada de \u00f3dio e viol\u00eancia em Portugal.<\/p>\n<p>A FPB explica que o basquetebol \u00e9, por natureza, um espa\u00e7o de inclus\u00e3o onde diversas origens e identidades convivem. A campanha teve o objetivo de alertar para o problema e refor\u00e7ar um comportamento de respeito entre atletas, espectadores e comunidades.<\/p>\n<h3>A\u00e7\u00e3o de sensibiliza\u00e7\u00e3o<\/h3>\n<p>A colabora\u00e7\u00e3o entre a FPB, a DAZN e a Betclic enquadra-se numa estrat\u00e9gia de comunica\u00e7\u00e3o para o p\u00fablico de diferentes plataformas, com o foco em mensagens de responsabilidade social durante as transmiss\u00f5es desportivas.<\/p>\n","protected":false},"excerpt":{"rendered":"<ul>\n<li>A Federa\u00e7\u00e3o Portuguesa de Basquetebol (FPB) juntou-se \u00e0 DAZN e \u00e0 Betclic numa a\u00e7\u00e3o de sensibiliza\u00e7\u00e3o contra a discrimina\u00e7\u00e3o racial.<\/li>\n<li>Nos jogos transmitidos no dia 21, as partidas foram exibidas a preto e branco durante 2 minutos e 19 segundos para evidenciar um aumento de 219% dos crimes de discrimina\u00e7\u00e3o e incitamento ao \u00f3dio e \u00e0 viol\u00eancia registados em Portugal entre 2020 e 2024.<\/li>\n<li>A mensagem contra o discurso de \u00f3dio tamb\u00e9m esteve presente nas t\u2011shirts usadas pelos jogadores.<\/li>\n<li>Manuel Fernandes, presidente da FPB, afirmou que o basquetebol \u00e9 um espa\u00e7o de inclus\u00e3o onde diferentes percursos, culturas e identidades se encontram.<\/li>\n<li>A iniciativa foi promovida pela FPB, pela DAZN e pela Betclic.<\/li>\n<\/ul>\n","protected":false},"author":2,"featured_media":421196,"comment_status":"closed","ping_status":"closed","sticky":false,"template":"","format":"standard","meta":{"footnotes":""},"categories":[21,24],"tags":[85,152,2633,4074,6032,2422],"class_list":["post-421189","post","type-post","status-publish","format-standard","has-post-thumbnail","hentry","category-desporto","category-futebol","tag-basquete","tag-desporto","tag-direitos-humanos","tag-inclusao-social","tag-racismo","tag-responsabilidade-social"],"yoast_head":"<!-- This site is optimized with the Yoast SEO plugin v27.2 - https:\/\/yoast.com\/product\/yoast-seo-wordpress\/ -->\n<title>Federa\u00e7\u00e3o lan\u00e7a campanha contra a discrimina\u00e7\u00e3o racial no basquetebol - Portal Tela Portugal<\/title>\n<meta name=\"robots\" content=\"index, follow, max-snippet:-1, max-image-preview:large, max-video-preview:-1\" \/>\n<meta property=\"og:locale\" content=\"pt_PT\" \/>\n<meta property=\"og:type\" content=\"article\" \/>\n<meta property=\"og:title\" content=\"Federa\u00e7\u00e3o lan\u00e7a campanha contra a discrimina\u00e7\u00e3o racial no basquetebol - Portal Tela Portugal\" \/>\n<meta property=\"og:description\" content=\"A Federa\u00e7\u00e3o Portuguesa de Basquetebol (FPB) juntou-se \u00e0 DAZN e \u00e0 Betclic numa a\u00e7\u00e3o de sensibiliza\u00e7\u00e3o contra a discrimina\u00e7\u00e3o racial. Nos jogos transmitidos no dia 21, as partidas foram exibidas a preto e branco durante 2 minutos e 19 segundos para evidenciar um aumento de 219% dos crimes de discrimina\u00e7\u00e3o e incitamento ao \u00f3dio e \u00e0 viol\u00eancia registados em Portugal entre 2020 e 2024. A mensagem contra o discurso de \u00f3dio tamb\u00e9m esteve presente nas t\u2011shirts usadas pelos jogadores. Manuel Fernandes, presidente da FPB, afirmou que o basquetebol \u00e9 um espa\u00e7o de inclus\u00e3o onde diferentes percursos, culturas e identidades se encontram. A iniciativa foi promovida pela FPB, pela DAZN e pela Betclic.\" \/>\n<meta property=\"og:url\" content=\"https:\/\/portaltela.pt\/noticias\/2026\/03\/25\/federacao-lanca-campanha-contra-a-discriminacao-racial-no-basquetebol\/\" \/>\n<meta property=\"og:site_name\" content=\"Portal Tela Portugal\" \/>\n<meta property=\"article:published_time\" content=\"2026-03-25T17:04:48+00:00\" \/>\n<meta name=\"author\" content=\"Telinha\" \/>\n<meta name=\"twitter:card\" content=\"summary_large_image\" \/>\n<meta name=\"twitter:label1\" content=\"Escrito por\" \/>\n\t<meta name=\"twitter:data1\" content=\"Telinha\" \/>\n\t<meta name=\"twitter:label2\" content=\"Tempo estimado de leitura\" \/>\n\t<meta name=\"twitter:data2\" content=\"1 minuto\" \/>\n<script type=\"application\/ld+json\" class=\"yoast-schema-graph\">{\"@context\":\"https:\/\/schema.org\",\"@graph\":[{\"@type\":\"Article\",\"@id\":\"https:\/\/portaltela.pt\/noticias\/2026\/03\/25\/federacao-lanca-campanha-contra-a-discriminacao-racial-no-basquetebol\/#article\",\"isPartOf\":{\"@id\":\"https:\/\/portaltela.pt\/noticias\/2026\/03\/25\/federacao-lanca-campanha-contra-a-discriminacao-racial-no-basquetebol\/\"},\"author\":{\"name\":\"Telinha\",\"@id\":\"https:\/\/portaltela.pt\/#\/schema\/person\/c4278d4a6028830caff9ee44b42d32ed\"},\"headline\":\"Federa\u00e7\u00e3o lan\u00e7a campanha contra a discrimina\u00e7\u00e3o racial no basquetebol\",\"datePublished\":\"2026-03-25T17:04:48+00:00\",\"mainEntityOfPage\":{\"@id\":\"https:\/\/portaltela.pt\/noticias\/2026\/03\/25\/federacao-lanca-campanha-contra-a-discriminacao-racial-no-basquetebol\/\"},\"wordCount\":188,\"image\":{\"@id\":\"https:\/\/portaltela.pt\/noticias\/2026\/03\/25\/federacao-lanca-campanha-contra-a-discriminacao-racial-no-basquetebol\/#primaryimage\"},\"thumbnailUrl\":\"https:\/\/portaltela.pt\/s.01k8rhncp4jt1\/2026\/03\/img_920x518uu2026-03-20-19-03-00-2428409.jpg\",\"keywords\":[\"basquete\",\"desporto\",\"direitos humanos\",\"inclus\u00e3o social\",\"racismo\",\"Responsabilidade Social\"],\"articleSection\":[\"Desporto\",\"Futebol\"],\"inLanguage\":\"pt-PT\"},{\"@type\":\"WebPage\",\"@id\":\"https:\/\/portaltela.pt\/noticias\/2026\/03\/25\/federacao-lanca-campanha-contra-a-discriminacao-racial-no-basquetebol\/\",\"url\":\"https:\/\/portaltela.pt\/noticias\/2026\/03\/25\/federacao-lanca-campanha-contra-a-discriminacao-racial-no-basquetebol\/\",\"name\":\"Federa\u00e7\u00e3o lan\u00e7a campanha contra a discrimina\u00e7\u00e3o racial no basquetebol - Portal Tela Portugal\",\"isPartOf\":{\"@id\":\"https:\/\/portaltela.pt\/#website\"},\"primaryImageOfPage\":{\"@id\":\"https:\/\/portaltela.pt\/noticias\/2026\/03\/25\/federacao-lanca-campanha-contra-a-discriminacao-racial-no-basquetebol\/#primaryimage\"},\"image\":{\"@id\":\"https:\/\/portaltela.pt\/noticias\/2026\/03\/25\/federacao-lanca-campanha-contra-a-discriminacao-racial-no-basquetebol\/#primaryimage\"},\"thumbnailUrl\":\"https:\/\/portaltela.pt\/s.01k8rhncp4jt1\/2026\/03\/img_920x518uu2026-03-20-19-03-00-2428409.jpg\",\"datePublished\":\"2026-03-25T17:04:48+00:00\",\"author\":{\"@id\":\"https:\/\/portaltela.pt\/#\/schema\/person\/c4278d4a6028830caff9ee44b42d32ed\"},\"breadcrumb\":{\"@id\":\"https:\/\/portaltela.pt\/noticias\/2026\/03\/25\/federacao-lanca-campanha-contra-a-discriminacao-racial-no-basquetebol\/#breadcrumb\"},\"inLanguage\":\"pt-PT\",\"potentialAction\":[{\"@type\":\"ReadAction\",\"target\":[\"https:\/\/portaltela.pt\/noticias\/2026\/03\/25\/federacao-lanca-campanha-contra-a-discriminacao-racial-no-basquetebol\/\"]}]},{\"@type\":\"ImageObject\",\"inLanguage\":\"pt-PT\",\"@id\":\"https:\/\/portaltela.pt\/noticias\/2026\/03\/25\/federacao-lanca-campanha-contra-a-discriminacao-racial-no-basquetebol\/#primaryimage\",\"url\":\"https:\/\/portaltela.pt\/s.01k8rhncp4jt1\/2026\/03\/img_920x518uu2026-03-20-19-03-00-2428409.jpg\",\"contentUrl\":\"https:\/\/portaltela.pt\/s.01k8rhncp4jt1\/2026\/03\/img_920x518uu2026-03-20-19-03-00-2428409.jpg\",\"width\":920,\"height\":518,\"caption\":\"Basquetebol unido contra a discrimina\u00e7\u00e3o racial\"},{\"@type\":\"BreadcrumbList\",\"@id\":\"https:\/\/portaltela.pt\/noticias\/2026\/03\/25\/federacao-lanca-campanha-contra-a-discriminacao-racial-no-basquetebol\/#breadcrumb\",\"itemListElement\":[{\"@type\":\"ListItem\",\"position\":1,\"name\":\"In\u00edcio\",\"item\":\"https:\/\/portaltela.pt\/\"},{\"@type\":\"ListItem\",\"position\":2,\"name\":\"Federa\u00e7\u00e3o lan\u00e7a campanha contra a discrimina\u00e7\u00e3o racial no basquetebol\"}]},{\"@type\":\"WebSite\",\"@id\":\"https:\/\/portaltela.pt\/#website\",\"url\":\"https:\/\/portaltela.pt\/\",\"name\":\"Portal Tela Portugal\",\"description\":\"\",\"potentialAction\":[{\"@type\":\"SearchAction\",\"target\":{\"@type\":\"EntryPoint\",\"urlTemplate\":\"https:\/\/portaltela.pt\/?s={search_term_string}\"},\"query-input\":{\"@type\":\"PropertyValueSpecification\",\"valueRequired\":true,\"valueName\":\"search_term_string\"}}],\"inLanguage\":\"pt-PT\"},{\"@type\":\"Person\",\"@id\":\"https:\/\/portaltela.pt\/#\/schema\/person\/c4278d4a6028830caff9ee44b42d32ed\",\"name\":\"Telinha\",\"image\":{\"@type\":\"ImageObject\",\"inLanguage\":\"pt-PT\",\"@id\":\"https:\/\/portaltela.pt\/s.01k8rhncp4jt1\/2025\/11\/talking-bot-125x125.png\",\"url\":\"https:\/\/portaltela.pt\/s.01k8rhncp4jt1\/2025\/11\/talking-bot-125x125.png\",\"contentUrl\":\"https:\/\/portaltela.pt\/s.01k8rhncp4jt1\/2025\/11\/talking-bot-125x125.png\",\"caption\":\"Telinha\"},\"sameAs\":[\"https:\/\/portaltela.pt\/\"],\"url\":\"https:\/\/portaltela.pt\/por\/367410592786\/\"}]}<\/script>\n<!-- \/ Yoast SEO plugin. -->","yoast_head_json":{"title":"Federa\u00e7\u00e3o lan\u00e7a campanha contra a discrimina\u00e7\u00e3o racial no basquetebol - Portal Tela Portugal","robots":{"index":"index","follow":"follow","max-snippet":"max-snippet:-1","max-image-preview":"max-image-preview:large","max-video-preview":"max-video-preview:-1"},"og_locale":"pt_PT","og_type":"article","og_title":"Federa\u00e7\u00e3o lan\u00e7a campanha contra a discrimina\u00e7\u00e3o racial no basquetebol - Portal Tela Portugal","og_description":"A Federa\u00e7\u00e3o Portuguesa de Basquetebol (FPB) juntou-se \u00e0 DAZN e \u00e0 Betclic numa a\u00e7\u00e3o de sensibiliza\u00e7\u00e3o contra a discrimina\u00e7\u00e3o racial. Nos jogos transmitidos no dia 21, as partidas foram exibidas a preto e branco durante 2 minutos e 19 segundos para evidenciar um aumento de 219% dos crimes de discrimina\u00e7\u00e3o e incitamento ao \u00f3dio e \u00e0 viol\u00eancia registados em Portugal entre 2020 e 2024. A mensagem contra o discurso de \u00f3dio tamb\u00e9m esteve presente nas t\u2011shirts usadas pelos jogadores. Manuel Fernandes, presidente da FPB, afirmou que o basquetebol \u00e9 um espa\u00e7o de inclus\u00e3o onde diferentes percursos, culturas e identidades se encontram. A iniciativa foi promovida pela FPB, pela DAZN e pela Betclic.","og_url":"https:\/\/portaltela.pt\/noticias\/2026\/03\/25\/federacao-lanca-campanha-contra-a-discriminacao-racial-no-basquetebol\/","og_site_name":"Portal Tela Portugal","article_published_time":"2026-03-25T17:04:48+00:00","author":"Telinha","twitter_card":"summary_large_image","twitter_misc":{"Escrito por":"Telinha","Tempo estimado de leitura":"1 minuto"},"schema":{"@context":"https:\/\/schema.org","@graph":[{"@type":"Article","@id":"https:\/\/portaltela.pt\/noticias\/2026\/03\/25\/federacao-lanca-campanha-contra-a-discriminacao-racial-no-basquetebol\/#article","isPartOf":{"@id":"https:\/\/portaltela.pt\/noticias\/2026\/03\/25\/federacao-lanca-campanha-contra-a-discriminacao-racial-no-basquetebol\/"},"author":{"name":"Telinha","@id":"https:\/\/portaltela.pt\/#\/schema\/person\/c4278d4a6028830caff9ee44b42d32ed"},"headline":"Federa\u00e7\u00e3o lan\u00e7a campanha contra a discrimina\u00e7\u00e3o racial no basquetebol","datePublished":"2026-03-25T17:04:48+00:00","mainEntityOfPage":{"@id":"https:\/\/portaltela.pt\/noticias\/2026\/03\/25\/federacao-lanca-campanha-contra-a-discriminacao-racial-no-basquetebol\/"},"wordCount":188,"image":{"@id":"https:\/\/portaltela.pt\/noticias\/2026\/03\/25\/federacao-lanca-campanha-contra-a-discriminacao-racial-no-basquetebol\/#primaryimage"},"thumbnailUrl":"https:\/\/portaltela.pt\/s.01k8rhncp4jt1\/2026\/03\/img_920x518uu2026-03-20-19-03-00-2428409.jpg","keywords":["basquete","desporto","direitos humanos","inclus\u00e3o social","racismo","Responsabilidade Social"],"articleSection":["Desporto","Futebol"],"inLanguage":"pt-PT"},{"@type":"WebPage","@id":"https:\/\/portaltela.pt\/noticias\/2026\/03\/25\/federacao-lanca-campanha-contra-a-discriminacao-racial-no-basquetebol\/","url":"https:\/\/portaltela.pt\/noticias\/2026\/03\/25\/federacao-lanca-campanha-contra-a-discriminacao-racial-no-basquetebol\/","name":"Federa\u00e7\u00e3o lan\u00e7a campanha contra a discrimina\u00e7\u00e3o racial no basquetebol - Portal Tela Portugal","isPartOf":{"@id":"https:\/\/portaltela.pt\/#website"},"primaryImageOfPage":{"@id":"https:\/\/portaltela.pt\/noticias\/2026\/03\/25\/federacao-lanca-campanha-contra-a-discriminacao-racial-no-basquetebol\/#primaryimage"},"image":{"@id":"https:\/\/portaltela.pt\/noticias\/2026\/03\/25\/federacao-lanca-campanha-contra-a-discriminacao-racial-no-basquetebol\/#primaryimage"},"thumbnailUrl":"https:\/\/portaltela.pt\/s.01k8rhncp4jt1\/2026\/03\/img_920x518uu2026-03-20-19-03-00-2428409.jpg","datePublished":"2026-03-25T17:04:48+00:00","author":{"@id":"https:\/\/portaltela.pt\/#\/schema\/person\/c4278d4a6028830caff9ee44b42d32ed"},"breadcrumb":{"@id":"https:\/\/portaltela.pt\/noticias\/2026\/03\/25\/federacao-lanca-campanha-contra-a-discriminacao-racial-no-basquetebol\/#breadcrumb"},"inLanguage":"pt-PT","potentialAction":[{"@type":"ReadAction","target":["https:\/\/portaltela.pt\/noticias\/2026\/03\/25\/federacao-lanca-campanha-contra-a-discriminacao-racial-no-basquetebol\/"]}]},{"@type":"ImageObject","inLanguage":"pt-PT","@id":"https:\/\/portaltela.pt\/noticias\/2026\/03\/25\/federacao-lanca-campanha-contra-a-discriminacao-racial-no-basquetebol\/#primaryimage","url":"https:\/\/portaltela.pt\/s.01k8rhncp4jt1\/2026\/03\/img_920x518uu2026-03-20-19-03-00-2428409.jpg","contentUrl":"https:\/\/portaltela.pt\/s.01k8rhncp4jt1\/2026\/03\/img_920x518uu2026-03-20-19-03-00-2428409.jpg","width":920,"height":518,"caption":"Basquetebol unido contra a discrimina\u00e7\u00e3o racial"},{"@type":"BreadcrumbList","@id":"https:\/\/portaltela.pt\/noticias\/2026\/03\/25\/federacao-lanca-campanha-contra-a-discriminacao-racial-no-basquetebol\/#breadcrumb","itemListElement":[{"@type":"ListItem","position":1,"name":"In\u00edcio","item":"https:\/\/portaltela.pt\/"},{"@type":"ListItem","position":2,"name":"Federa\u00e7\u00e3o lan\u00e7a campanha contra a discrimina\u00e7\u00e3o racial no basquetebol"}]},{"@type":"WebSite","@id":"https:\/\/portaltela.pt\/#website","url":"https:\/\/portaltela.pt\/","name":"Portal Tela Portugal","description":"","potentialAction":[{"@type":"SearchAction","target":{"@type":"EntryPoint","urlTemplate":"https:\/\/portaltela.pt\/?s={search_term_string}"},"query-input":{"@type":"PropertyValueSpecification","valueRequired":true,"valueName":"search_term_string"}}],"inLanguage":"pt-PT"},{"@type":"Person","@id":"https:\/\/portaltela.pt\/#\/schema\/person\/c4278d4a6028830caff9ee44b42d32ed","name":"Telinha","image":{"@type":"ImageObject","inLanguage":"pt-PT","@id":"https:\/\/portaltela.pt\/s.01k8rhncp4jt1\/2025\/11\/talking-bot-125x125.png","url":"https:\/\/portaltela.pt\/s.01k8rhncp4jt1\/2025\/11\/talking-bot-125x125.png","contentUrl":"https:\/\/portaltela.pt\/s.01k8rhncp4jt1\/2025\/11\/talking-bot-125x125.png","caption":"Telinha"},"sameAs":["https:\/\/portaltela.pt\/"],"url":"https:\/\/portaltela.pt\/por\/367410592786\/"}]}},"_links":{"self":[{"href":"https:\/\/portaltela.pt\/api\/wp\/v2\/posts\/421189","targetHints":{"allow":["GET"]}}],"collection":[{"href":"https:\/\/portaltela.pt\/api\/wp\/v2\/posts"}],"about":[{"href":"https:\/\/portaltela.pt\/api\/wp\/v2\/types\/post"}],"author":[{"embeddable":true,"href":"https:\/\/portaltela.pt\/api\/wp\/v2\/users\/2"}],"replies":[{"embeddable":true,"href":"https:\/\/portaltela.pt\/api\/wp\/v2\/comments?post=421189"}],"version-history":[{"count":0,"href":"https:\/\/portaltela.pt\/api\/wp\/v2\/posts\/421189\/revisions"}],"wp:featuredmedia":[{"embeddable":true,"href":"https:\/\/portaltela.pt\/api\/wp\/v2\/media\/421196"}],"wp:attachment":[{"href":"https:\/\/portaltela.pt\/api\/wp\/v2\/media?parent=421189"}],"wp:term":[{"taxonomy":"category","embeddable":true,"href":"https:\/\/portaltela.pt\/api\/wp\/v2\/categories?post=421189"},{"taxonomy":"post_tag","embeddable":true,"href":"https:\/\/portaltela.pt\/api\/wp\/v2\/tags?post=421189"}],"curies":[{"name":"wp","href":"https:\/\/api.w.org\/{rel}","templated":true}]}}