{"id":421181,"date":"2026-03-25T14:07:00","date_gmt":"2026-03-25T17:07:00","guid":{"rendered":"https:\/\/portaltela.pt\/noticias\/2026\/03\/25\/villas-boas-rejeita-divida-por-otavio-fc-porto-afirma-que-valores-estao-pagos\/"},"modified":"2026-03-25T14:07:00","modified_gmt":"2026-03-25T17:07:00","slug":"villas-boas-rejeita-divida-por-otavio-fc-porto-afirma-que-valores-estao-pagos","status":"publish","type":"post","link":"https:\/\/portaltela.pt\/desporto\/futebol\/2026\/03\/25\/villas-boas-rejeita-divida-por-otavio-fc-porto-afirma-que-valores-estao-pagos\/","title":{"rendered":"Villas-Boas rejeita d\u00edvida por Ot\u00e1vio: FC Porto afirma que valores est\u00e3o pagos"},"content":{"rendered":"<p>O FC Porto foi alvo de uma queixa apresentada pela ag\u00eancia LiveSoccer, que reclama 3 milh\u00f5es de euros pela transfer\u00eancia de Ot\u00e1vio para o Al-Nassr. O processo corre no Pal\u00e1cio da Justi\u00e7a do Porto.<\/p>\n<p>O denunciado \u00e9 o presidente do FC Porto, Andr\u00e9 Villas-Boas, que afirmou que, aos olhos do clube, as obriga\u00e7\u00f5es com a LiveSoccer j\u00e1 foram liquidadas. A defesa sustenta que houve mudan\u00e7a de pol\u00edtica de transfer\u00eancias desde 2024.<\/p>\n<p>Villas-Boas reconheceu que existiam v\u00e1rias a\u00e7\u00f5es e problemas de tesouraria antes de tomar posse em maio de 2024, referindo auditoria forense aos neg\u00f3cios da gest\u00e3o anterior. O clube diz que as comiss\u00f5es pagas cessaram progressivamente.<\/p>\n<p>No caso espec\u00edfico de Ot\u00e1vio, a LiveSoccer exige 3 milh\u00f5es de euros, mas o FC Porto sustenta que n\u00e3o deve nada. O clube detalhou pagamentos anuais realizados ap\u00f3s a renova\u00e7\u00e3o do jogador, totalizando mais de 2,4 milh\u00f5es.<\/p>\n<p>A defesa alega que o contrato verbal n\u00e3o existe e que o montante total j\u00e1 foi liquidado. A LiveSoccer argumenta ter aceitado reduzir o valor para 3 milh\u00f5es, enquanto o jogador Ot\u00e1vio reduziu, segundo o processo, parte do montante.<\/p>\n<p>O processo prev\u00ea ainda a audi\u00e7\u00e3o do jogador Ot\u00e1vio e, em fases iniciais, a tentativa de ouvir o antigo diretor financeiro Jos\u00e9 Pereira da Costa. O caso envolve o per\u00edodo 2016-2023, durante o qual Ot\u00e1vio disputou nove t\u00edtulos nacionais com o FC Porto.<\/p>\n","protected":false},"excerpt":{"rendered":"<ul>\n<li>O presidente do FC Porto, Andr\u00e9 Villas\u2011Boas, afirmou que, na \u00f3tica do clube, os valores relacionados com a transfer\u00eancia de Ot\u00e1vio j\u00e1 estavam pagos.<\/li>\n<li>A LiveSoccer reclama tr\u00eas milh\u00f5es de euros pela comiss\u00e3o, alegando um acordo no contrato assinado antes de Villas\u2011Boas tomar posse.<\/li>\n<li>O processo envolve a exig\u00eancia da ag\u00eancia pela transfer\u00eancia de Ot\u00e1vio para o Al\u2011Nassr; o clube diz que n\u00e3o lhe \u00e9 devido mais dinheiro.<\/li>\n<li>Segundo o contrato, a LiveSoccer podia receber at\u00e9 quatro milh\u00f5es de euros, com a empresa a dizer ter aceite reduzir para tr\u00eas milh\u00f5es; o FC Porto sustenta que o montante j\u00e1 foi liquidado.<\/li>\n<li>O julgamento inclui a audi\u00e7\u00e3o de Ot\u00e1vio; Pinto da Costa faleceu em fevereiro de 2025, o que afetou potenciais testemunhos.<\/li>\n<\/ul>\n","protected":false},"author":2,"featured_media":421188,"comment_status":"closed","ping_status":"closed","sticky":false,"template":"","format":"standard","meta":{"footnotes":""},"categories":[21,24],"tags":[6115,32,217,982,1633,5609],"class_list":["post-421181","post","type-post","status-publish","format-standard","has-post-thumbnail","hentry","category-desporto","category-futebol","tag-_economia","tag-futebol","tag-investigacao-criminal","tag-porto","tag-transferencias-internacionais","tag-villas-boas"],"yoast_head":"<!-- This site is optimized with the Yoast SEO plugin v27.2 - https:\/\/yoast.com\/product\/yoast-seo-wordpress\/ -->\n<title>Villas-Boas rejeita d\u00edvida por Ot\u00e1vio: FC Porto afirma que valores est\u00e3o pagos - Portal Tela Portugal<\/title>\n<meta name=\"robots\" content=\"index, follow, max-snippet:-1, max-image-preview:large, max-video-preview:-1\" \/>\n<meta property=\"og:locale\" content=\"pt_PT\" \/>\n<meta property=\"og:type\" content=\"article\" \/>\n<meta property=\"og:title\" content=\"Villas-Boas rejeita d\u00edvida por Ot\u00e1vio: FC Porto afirma que valores est\u00e3o pagos - Portal Tela Portugal\" \/>\n<meta property=\"og:description\" content=\"O presidente do FC Porto, Andr\u00e9 Villas\u2011Boas, afirmou que, na \u00f3tica do clube, os valores relacionados com a transfer\u00eancia de Ot\u00e1vio j\u00e1 estavam pagos. A LiveSoccer reclama tr\u00eas milh\u00f5es de euros pela comiss\u00e3o, alegando um acordo no contrato assinado antes de Villas\u2011Boas tomar posse. O processo envolve a exig\u00eancia da ag\u00eancia pela transfer\u00eancia de Ot\u00e1vio para o Al\u2011Nassr; o clube diz que n\u00e3o lhe \u00e9 devido mais dinheiro. Segundo o contrato, a LiveSoccer podia receber at\u00e9 quatro milh\u00f5es de euros, com a empresa a dizer ter aceite reduzir para tr\u00eas milh\u00f5es; o FC Porto sustenta que o montante j\u00e1 foi liquidado. O julgamento inclui a audi\u00e7\u00e3o de Ot\u00e1vio; Pinto da Costa faleceu em fevereiro de 2025, o que afetou potenciais testemunhos.\" \/>\n<meta property=\"og:url\" content=\"https:\/\/portaltela.pt\/noticias\/2026\/03\/25\/villas-boas-rejeita-divida-por-otavio-fc-porto-afirma-que-valores-estao-pagos\/\" \/>\n<meta property=\"og:site_name\" content=\"Portal Tela Portugal\" \/>\n<meta property=\"article:published_time\" content=\"2026-03-25T17:07:00+00:00\" \/>\n<meta name=\"author\" content=\"Telinha\" \/>\n<meta name=\"twitter:card\" content=\"summary_large_image\" \/>\n<meta name=\"twitter:label1\" content=\"Escrito por\" \/>\n\t<meta name=\"twitter:data1\" content=\"Telinha\" \/>\n\t<meta name=\"twitter:label2\" content=\"Tempo estimado de leitura\" \/>\n\t<meta name=\"twitter:data2\" content=\"1 minuto\" \/>\n<script type=\"application\/ld+json\" class=\"yoast-schema-graph\">{\"@context\":\"https:\/\/schema.org\",\"@graph\":[{\"@type\":\"Article\",\"@id\":\"https:\/\/portaltela.pt\/noticias\/2026\/03\/25\/villas-boas-rejeita-divida-por-otavio-fc-porto-afirma-que-valores-estao-pagos\/#article\",\"isPartOf\":{\"@id\":\"https:\/\/portaltela.pt\/noticias\/2026\/03\/25\/villas-boas-rejeita-divida-por-otavio-fc-porto-afirma-que-valores-estao-pagos\/\"},\"author\":{\"name\":\"Telinha\",\"@id\":\"https:\/\/portaltela.pt\/#\/schema\/person\/c4278d4a6028830caff9ee44b42d32ed\"},\"headline\":\"Villas-Boas rejeita d\u00edvida por Ot\u00e1vio: FC Porto afirma que valores est\u00e3o pagos\",\"datePublished\":\"2026-03-25T17:07:00+00:00\",\"mainEntityOfPage\":{\"@id\":\"https:\/\/portaltela.pt\/noticias\/2026\/03\/25\/villas-boas-rejeita-divida-por-otavio-fc-porto-afirma-que-valores-estao-pagos\/\"},\"wordCount\":263,\"image\":{\"@id\":\"https:\/\/portaltela.pt\/noticias\/2026\/03\/25\/villas-boas-rejeita-divida-por-otavio-fc-porto-afirma-que-valores-estao-pagos\/#primaryimage\"},\"thumbnailUrl\":\"https:\/\/portaltela.pt\/s.01k8rhncp4jt1\/2026\/03\/tpUHdbIMAGENStypeJPGshare1oBarraFacebook_Publico-65.jpg\",\"keywords\":[\"_economia\",\"futebol\",\"investiga\u00e7\u00e3o criminal\",\"Porto\",\"transfer\u00eancias internacionais\",\"Villas-Boas\"],\"articleSection\":[\"Desporto\",\"Futebol\"],\"inLanguage\":\"pt-PT\"},{\"@type\":\"WebPage\",\"@id\":\"https:\/\/portaltela.pt\/noticias\/2026\/03\/25\/villas-boas-rejeita-divida-por-otavio-fc-porto-afirma-que-valores-estao-pagos\/\",\"url\":\"https:\/\/portaltela.pt\/noticias\/2026\/03\/25\/villas-boas-rejeita-divida-por-otavio-fc-porto-afirma-que-valores-estao-pagos\/\",\"name\":\"Villas-Boas rejeita d\u00edvida por Ot\u00e1vio: FC Porto afirma que valores est\u00e3o pagos - Portal Tela Portugal\",\"isPartOf\":{\"@id\":\"https:\/\/portaltela.pt\/#website\"},\"primaryImageOfPage\":{\"@id\":\"https:\/\/portaltela.pt\/noticias\/2026\/03\/25\/villas-boas-rejeita-divida-por-otavio-fc-porto-afirma-que-valores-estao-pagos\/#primaryimage\"},\"image\":{\"@id\":\"https:\/\/portaltela.pt\/noticias\/2026\/03\/25\/villas-boas-rejeita-divida-por-otavio-fc-porto-afirma-que-valores-estao-pagos\/#primaryimage\"},\"thumbnailUrl\":\"https:\/\/portaltela.pt\/s.01k8rhncp4jt1\/2026\/03\/tpUHdbIMAGENStypeJPGshare1oBarraFacebook_Publico-65.jpg\",\"datePublished\":\"2026-03-25T17:07:00+00:00\",\"author\":{\"@id\":\"https:\/\/portaltela.pt\/#\/schema\/person\/c4278d4a6028830caff9ee44b42d32ed\"},\"breadcrumb\":{\"@id\":\"https:\/\/portaltela.pt\/noticias\/2026\/03\/25\/villas-boas-rejeita-divida-por-otavio-fc-porto-afirma-que-valores-estao-pagos\/#breadcrumb\"},\"inLanguage\":\"pt-PT\",\"potentialAction\":[{\"@type\":\"ReadAction\",\"target\":[\"https:\/\/portaltela.pt\/noticias\/2026\/03\/25\/villas-boas-rejeita-divida-por-otavio-fc-porto-afirma-que-valores-estao-pagos\/\"]}]},{\"@type\":\"ImageObject\",\"inLanguage\":\"pt-PT\",\"@id\":\"https:\/\/portaltela.pt\/noticias\/2026\/03\/25\/villas-boas-rejeita-divida-por-otavio-fc-porto-afirma-que-valores-estao-pagos\/#primaryimage\",\"url\":\"https:\/\/portaltela.pt\/s.01k8rhncp4jt1\/2026\/03\/tpUHdbIMAGENStypeJPGshare1oBarraFacebook_Publico-65.jpg\",\"contentUrl\":\"https:\/\/portaltela.pt\/s.01k8rhncp4jt1\/2026\/03\/tpUHdbIMAGENStypeJPGshare1oBarraFacebook_Publico-65.jpg\",\"width\":1200,\"height\":630,\"caption\":\"Andr\u00e9 Villas-Boas, presidente do FC Porto\"},{\"@type\":\"BreadcrumbList\",\"@id\":\"https:\/\/portaltela.pt\/noticias\/2026\/03\/25\/villas-boas-rejeita-divida-por-otavio-fc-porto-afirma-que-valores-estao-pagos\/#breadcrumb\",\"itemListElement\":[{\"@type\":\"ListItem\",\"position\":1,\"name\":\"In\u00edcio\",\"item\":\"https:\/\/portaltela.pt\/\"},{\"@type\":\"ListItem\",\"position\":2,\"name\":\"Villas-Boas rejeita d\u00edvida por Ot\u00e1vio: FC Porto afirma que valores est\u00e3o pagos\"}]},{\"@type\":\"WebSite\",\"@id\":\"https:\/\/portaltela.pt\/#website\",\"url\":\"https:\/\/portaltela.pt\/\",\"name\":\"Portal Tela Portugal\",\"description\":\"\",\"potentialAction\":[{\"@type\":\"SearchAction\",\"target\":{\"@type\":\"EntryPoint\",\"urlTemplate\":\"https:\/\/portaltela.pt\/?s={search_term_string}\"},\"query-input\":{\"@type\":\"PropertyValueSpecification\",\"valueRequired\":true,\"valueName\":\"search_term_string\"}}],\"inLanguage\":\"pt-PT\"},{\"@type\":\"Person\",\"@id\":\"https:\/\/portaltela.pt\/#\/schema\/person\/c4278d4a6028830caff9ee44b42d32ed\",\"name\":\"Telinha\",\"image\":{\"@type\":\"ImageObject\",\"inLanguage\":\"pt-PT\",\"@id\":\"https:\/\/portaltela.pt\/s.01k8rhncp4jt1\/2025\/11\/talking-bot-125x125.png\",\"url\":\"https:\/\/portaltela.pt\/s.01k8rhncp4jt1\/2025\/11\/talking-bot-125x125.png\",\"contentUrl\":\"https:\/\/portaltela.pt\/s.01k8rhncp4jt1\/2025\/11\/talking-bot-125x125.png\",\"caption\":\"Telinha\"},\"sameAs\":[\"https:\/\/portaltela.pt\/\"],\"url\":\"https:\/\/portaltela.pt\/por\/367410592786\/\"}]}<\/script>\n<!-- \/ Yoast SEO plugin. -->","yoast_head_json":{"title":"Villas-Boas rejeita d\u00edvida por Ot\u00e1vio: FC Porto afirma que valores est\u00e3o pagos - Portal Tela Portugal","robots":{"index":"index","follow":"follow","max-snippet":"max-snippet:-1","max-image-preview":"max-image-preview:large","max-video-preview":"max-video-preview:-1"},"og_locale":"pt_PT","og_type":"article","og_title":"Villas-Boas rejeita d\u00edvida por Ot\u00e1vio: FC Porto afirma que valores est\u00e3o pagos - Portal Tela Portugal","og_description":"O presidente do FC Porto, Andr\u00e9 Villas\u2011Boas, afirmou que, na \u00f3tica do clube, os valores relacionados com a transfer\u00eancia de Ot\u00e1vio j\u00e1 estavam pagos. A LiveSoccer reclama tr\u00eas milh\u00f5es de euros pela comiss\u00e3o, alegando um acordo no contrato assinado antes de Villas\u2011Boas tomar posse. O processo envolve a exig\u00eancia da ag\u00eancia pela transfer\u00eancia de Ot\u00e1vio para o Al\u2011Nassr; o clube diz que n\u00e3o lhe \u00e9 devido mais dinheiro. Segundo o contrato, a LiveSoccer podia receber at\u00e9 quatro milh\u00f5es de euros, com a empresa a dizer ter aceite reduzir para tr\u00eas milh\u00f5es; o FC Porto sustenta que o montante j\u00e1 foi liquidado. O julgamento inclui a audi\u00e7\u00e3o de Ot\u00e1vio; Pinto da Costa faleceu em fevereiro de 2025, o que afetou potenciais testemunhos.","og_url":"https:\/\/portaltela.pt\/noticias\/2026\/03\/25\/villas-boas-rejeita-divida-por-otavio-fc-porto-afirma-que-valores-estao-pagos\/","og_site_name":"Portal Tela Portugal","article_published_time":"2026-03-25T17:07:00+00:00","author":"Telinha","twitter_card":"summary_large_image","twitter_misc":{"Escrito por":"Telinha","Tempo estimado de leitura":"1 minuto"},"schema":{"@context":"https:\/\/schema.org","@graph":[{"@type":"Article","@id":"https:\/\/portaltela.pt\/noticias\/2026\/03\/25\/villas-boas-rejeita-divida-por-otavio-fc-porto-afirma-que-valores-estao-pagos\/#article","isPartOf":{"@id":"https:\/\/portaltela.pt\/noticias\/2026\/03\/25\/villas-boas-rejeita-divida-por-otavio-fc-porto-afirma-que-valores-estao-pagos\/"},"author":{"name":"Telinha","@id":"https:\/\/portaltela.pt\/#\/schema\/person\/c4278d4a6028830caff9ee44b42d32ed"},"headline":"Villas-Boas rejeita d\u00edvida por Ot\u00e1vio: FC Porto afirma que valores est\u00e3o pagos","datePublished":"2026-03-25T17:07:00+00:00","mainEntityOfPage":{"@id":"https:\/\/portaltela.pt\/noticias\/2026\/03\/25\/villas-boas-rejeita-divida-por-otavio-fc-porto-afirma-que-valores-estao-pagos\/"},"wordCount":263,"image":{"@id":"https:\/\/portaltela.pt\/noticias\/2026\/03\/25\/villas-boas-rejeita-divida-por-otavio-fc-porto-afirma-que-valores-estao-pagos\/#primaryimage"},"thumbnailUrl":"https:\/\/portaltela.pt\/s.01k8rhncp4jt1\/2026\/03\/tpUHdbIMAGENStypeJPGshare1oBarraFacebook_Publico-65.jpg","keywords":["_economia","futebol","investiga\u00e7\u00e3o criminal","Porto","transfer\u00eancias internacionais","Villas-Boas"],"articleSection":["Desporto","Futebol"],"inLanguage":"pt-PT"},{"@type":"WebPage","@id":"https:\/\/portaltela.pt\/noticias\/2026\/03\/25\/villas-boas-rejeita-divida-por-otavio-fc-porto-afirma-que-valores-estao-pagos\/","url":"https:\/\/portaltela.pt\/noticias\/2026\/03\/25\/villas-boas-rejeita-divida-por-otavio-fc-porto-afirma-que-valores-estao-pagos\/","name":"Villas-Boas rejeita d\u00edvida por Ot\u00e1vio: FC Porto afirma que valores est\u00e3o pagos - Portal Tela Portugal","isPartOf":{"@id":"https:\/\/portaltela.pt\/#website"},"primaryImageOfPage":{"@id":"https:\/\/portaltela.pt\/noticias\/2026\/03\/25\/villas-boas-rejeita-divida-por-otavio-fc-porto-afirma-que-valores-estao-pagos\/#primaryimage"},"image":{"@id":"https:\/\/portaltela.pt\/noticias\/2026\/03\/25\/villas-boas-rejeita-divida-por-otavio-fc-porto-afirma-que-valores-estao-pagos\/#primaryimage"},"thumbnailUrl":"https:\/\/portaltela.pt\/s.01k8rhncp4jt1\/2026\/03\/tpUHdbIMAGENStypeJPGshare1oBarraFacebook_Publico-65.jpg","datePublished":"2026-03-25T17:07:00+00:00","author":{"@id":"https:\/\/portaltela.pt\/#\/schema\/person\/c4278d4a6028830caff9ee44b42d32ed"},"breadcrumb":{"@id":"https:\/\/portaltela.pt\/noticias\/2026\/03\/25\/villas-boas-rejeita-divida-por-otavio-fc-porto-afirma-que-valores-estao-pagos\/#breadcrumb"},"inLanguage":"pt-PT","potentialAction":[{"@type":"ReadAction","target":["https:\/\/portaltela.pt\/noticias\/2026\/03\/25\/villas-boas-rejeita-divida-por-otavio-fc-porto-afirma-que-valores-estao-pagos\/"]}]},{"@type":"ImageObject","inLanguage":"pt-PT","@id":"https:\/\/portaltela.pt\/noticias\/2026\/03\/25\/villas-boas-rejeita-divida-por-otavio-fc-porto-afirma-que-valores-estao-pagos\/#primaryimage","url":"https:\/\/portaltela.pt\/s.01k8rhncp4jt1\/2026\/03\/tpUHdbIMAGENStypeJPGshare1oBarraFacebook_Publico-65.jpg","contentUrl":"https:\/\/portaltela.pt\/s.01k8rhncp4jt1\/2026\/03\/tpUHdbIMAGENStypeJPGshare1oBarraFacebook_Publico-65.jpg","width":1200,"height":630,"caption":"Andr\u00e9 Villas-Boas, presidente do FC Porto"},{"@type":"BreadcrumbList","@id":"https:\/\/portaltela.pt\/noticias\/2026\/03\/25\/villas-boas-rejeita-divida-por-otavio-fc-porto-afirma-que-valores-estao-pagos\/#breadcrumb","itemListElement":[{"@type":"ListItem","position":1,"name":"In\u00edcio","item":"https:\/\/portaltela.pt\/"},{"@type":"ListItem","position":2,"name":"Villas-Boas rejeita d\u00edvida por Ot\u00e1vio: FC Porto afirma que valores est\u00e3o pagos"}]},{"@type":"WebSite","@id":"https:\/\/portaltela.pt\/#website","url":"https:\/\/portaltela.pt\/","name":"Portal Tela Portugal","description":"","potentialAction":[{"@type":"SearchAction","target":{"@type":"EntryPoint","urlTemplate":"https:\/\/portaltela.pt\/?s={search_term_string}"},"query-input":{"@type":"PropertyValueSpecification","valueRequired":true,"valueName":"search_term_string"}}],"inLanguage":"pt-PT"},{"@type":"Person","@id":"https:\/\/portaltela.pt\/#\/schema\/person\/c4278d4a6028830caff9ee44b42d32ed","name":"Telinha","image":{"@type":"ImageObject","inLanguage":"pt-PT","@id":"https:\/\/portaltela.pt\/s.01k8rhncp4jt1\/2025\/11\/talking-bot-125x125.png","url":"https:\/\/portaltela.pt\/s.01k8rhncp4jt1\/2025\/11\/talking-bot-125x125.png","contentUrl":"https:\/\/portaltela.pt\/s.01k8rhncp4jt1\/2025\/11\/talking-bot-125x125.png","caption":"Telinha"},"sameAs":["https:\/\/portaltela.pt\/"],"url":"https:\/\/portaltela.pt\/por\/367410592786\/"}]}},"_links":{"self":[{"href":"https:\/\/portaltela.pt\/api\/wp\/v2\/posts\/421181","targetHints":{"allow":["GET"]}}],"collection":[{"href":"https:\/\/portaltela.pt\/api\/wp\/v2\/posts"}],"about":[{"href":"https:\/\/portaltela.pt\/api\/wp\/v2\/types\/post"}],"author":[{"embeddable":true,"href":"https:\/\/portaltela.pt\/api\/wp\/v2\/users\/2"}],"replies":[{"embeddable":true,"href":"https:\/\/portaltela.pt\/api\/wp\/v2\/comments?post=421181"}],"version-history":[{"count":0,"href":"https:\/\/portaltela.pt\/api\/wp\/v2\/posts\/421181\/revisions"}],"wp:featuredmedia":[{"embeddable":true,"href":"https:\/\/portaltela.pt\/api\/wp\/v2\/media\/421188"}],"wp:attachment":[{"href":"https:\/\/portaltela.pt\/api\/wp\/v2\/media?parent=421181"}],"wp:term":[{"taxonomy":"category","embeddable":true,"href":"https:\/\/portaltela.pt\/api\/wp\/v2\/categories?post=421181"},{"taxonomy":"post_tag","embeddable":true,"href":"https:\/\/portaltela.pt\/api\/wp\/v2\/tags?post=421181"}],"curies":[{"name":"wp","href":"https:\/\/api.w.org\/{rel}","templated":true}]}}