{"id":421180,"date":"2026-03-25T13:48:00","date_gmt":"2026-03-25T16:48:00","guid":{"rendered":"https:\/\/portaltela.pt\/noticias\/2026\/03\/25\/frances-suspeito-de-duplo-homicidio-detido-no-distrito-da-guarda\/"},"modified":"2026-03-25T13:48:00","modified_gmt":"2026-03-25T16:48:00","slug":"frances-suspeito-de-duplo-homicidio-detido-no-distrito-da-guarda","status":"publish","type":"post","link":"https:\/\/portaltela.pt\/policia\/2026\/03\/25\/frances-suspeito-de-duplo-homicidio-detido-no-distrito-da-guarda\/","title":{"rendered":"Franc\u00eas suspeito de duplo homic\u00eddio detido no distrito da Guarda"},"content":{"rendered":"<p>Um cidad\u00e3o franc\u00eas foi detido no distrito da Guarda por suspeita de duplo homic\u00eddio. A deten\u00e7\u00e3o ocorreu recentemente, no \u00e2mbito de uma investiga\u00e7\u00e3o em curso, com divulga\u00e7\u00e3o limitada de informa\u00e7\u00f5es p\u00fablicas.<\/p>\n<p>As autoridades n\u00e3o confirmaram pormenores sobre as circunst\u00e2ncias do crime nem a data exata do alegado incidente. O inqu\u00e9rito est\u00e1 a cargo de agentes da pol\u00edcia portuguesa, em colabora\u00e7\u00e3o com estruturas consulares.<\/p>\n<p>A informa\u00e7\u00e3o oficial continua sujeita a altera\u00e7\u00f5es \u00e0 medida que a investiga\u00e7\u00e3o avan\u00e7a, sem progn\u00f3sticos sobre responsabilidades ou motiva\u00e7\u00f5es.<\/p>\n","protected":false},"excerpt":{"rendered":"<ul>\n<li>Um cidad\u00e3o franc\u00eas est\u00e1 detido no distrito da Guarda, suspeito de duplo homic\u00eddio.<\/li>\n<li>A deten\u00e7\u00e3o ocorreu no \u00e2mbito das opera\u00e7\u00f5es de investiga\u00e7\u00e3o em curso.<\/li>\n<li>O conte\u00fado completo da not\u00edcia est\u00e1 reservado a subscritores.<\/li>\n<li>N\u00e3o foram divulgados mais detalhes p\u00fablicos sobre o caso at\u00e9 ao momento.<\/li>\n<\/ul>\n","protected":false},"author":2,"featured_media":421187,"comment_status":"closed","ping_status":"closed","sticky":false,"template":"","format":"standard","meta":{"footnotes":""},"categories":[6907,6781],"tags":[4139,1856,1113,1345,215,554],"class_list":["post-421180","post","type-post","status-publish","format-standard","has-post-thumbnail","hentry","category-crime","category-policia","tag-detencao","tag-franca","tag-guarda","tag-homicidio","tag-investigacao","tag-policia-publica"],"yoast_head":"<!-- This site is optimized with the Yoast SEO plugin v27.2 - https:\/\/yoast.com\/product\/yoast-seo-wordpress\/ -->\n<title>Franc\u00eas suspeito de duplo homic\u00eddio detido no distrito da Guarda - Portal Tela Portugal<\/title>\n<meta name=\"robots\" content=\"index, follow, max-snippet:-1, max-image-preview:large, max-video-preview:-1\" \/>\n<meta property=\"og:locale\" content=\"pt_PT\" \/>\n<meta property=\"og:type\" content=\"article\" \/>\n<meta property=\"og:title\" content=\"Franc\u00eas suspeito de duplo homic\u00eddio detido no distrito da Guarda - Portal Tela Portugal\" \/>\n<meta property=\"og:description\" content=\"Um cidad\u00e3o franc\u00eas est\u00e1 detido no distrito da Guarda, suspeito de duplo homic\u00eddio. A deten\u00e7\u00e3o ocorreu no \u00e2mbito das opera\u00e7\u00f5es de investiga\u00e7\u00e3o em curso. O conte\u00fado completo da not\u00edcia est\u00e1 reservado a subscritores. N\u00e3o foram divulgados mais detalhes p\u00fablicos sobre o caso at\u00e9 ao momento.\" \/>\n<meta property=\"og:url\" content=\"https:\/\/portaltela.pt\/noticias\/2026\/03\/25\/frances-suspeito-de-duplo-homicidio-detido-no-distrito-da-guarda\/\" \/>\n<meta property=\"og:site_name\" content=\"Portal Tela Portugal\" \/>\n<meta property=\"article:published_time\" content=\"2026-03-25T16:48:00+00:00\" \/>\n<meta name=\"author\" content=\"Telinha\" \/>\n<meta name=\"twitter:card\" content=\"summary_large_image\" \/>\n<meta name=\"twitter:label1\" content=\"Escrito por\" \/>\n\t<meta name=\"twitter:data1\" content=\"Telinha\" \/>\n\t<meta name=\"twitter:label2\" content=\"Tempo estimado de leitura\" \/>\n\t<meta name=\"twitter:data2\" content=\"1 minuto\" \/>\n<script type=\"application\/ld+json\" class=\"yoast-schema-graph\">{\"@context\":\"https:\/\/schema.org\",\"@graph\":[{\"@type\":\"Article\",\"@id\":\"https:\/\/portaltela.pt\/noticias\/2026\/03\/25\/frances-suspeito-de-duplo-homicidio-detido-no-distrito-da-guarda\/#article\",\"isPartOf\":{\"@id\":\"https:\/\/portaltela.pt\/noticias\/2026\/03\/25\/frances-suspeito-de-duplo-homicidio-detido-no-distrito-da-guarda\/\"},\"author\":{\"name\":\"Telinha\",\"@id\":\"https:\/\/portaltela.pt\/#\/schema\/person\/c4278d4a6028830caff9ee44b42d32ed\"},\"headline\":\"Franc\u00eas suspeito de duplo homic\u00eddio detido no distrito da Guarda\",\"datePublished\":\"2026-03-25T16:48:00+00:00\",\"mainEntityOfPage\":{\"@id\":\"https:\/\/portaltela.pt\/noticias\/2026\/03\/25\/frances-suspeito-de-duplo-homicidio-detido-no-distrito-da-guarda\/\"},\"wordCount\":112,\"image\":{\"@id\":\"https:\/\/portaltela.pt\/noticias\/2026\/03\/25\/frances-suspeito-de-duplo-homicidio-detido-no-distrito-da-guarda\/#primaryimage\"},\"thumbnailUrl\":\"https:\/\/portaltela.pt\/s.01k8rhncp4jt1\/2026\/03\/CACHE_780X1200_ANALOG_WATERMARKED_26733479_2378794_01112019112346.jpg\",\"keywords\":[\"deten\u00e7\u00e3o\",\"Fran\u00e7a\",\"Guarda\",\"homic\u00eddio\",\"investiga\u00e7\u00e3o\",\"pol\u00edcia p\u00fablica\"],\"articleSection\":[\"Crime\",\"Pol\u00edcia\"],\"inLanguage\":\"pt-PT\"},{\"@type\":\"WebPage\",\"@id\":\"https:\/\/portaltela.pt\/noticias\/2026\/03\/25\/frances-suspeito-de-duplo-homicidio-detido-no-distrito-da-guarda\/\",\"url\":\"https:\/\/portaltela.pt\/noticias\/2026\/03\/25\/frances-suspeito-de-duplo-homicidio-detido-no-distrito-da-guarda\/\",\"name\":\"Franc\u00eas suspeito de duplo homic\u00eddio detido no distrito da Guarda - Portal Tela Portugal\",\"isPartOf\":{\"@id\":\"https:\/\/portaltela.pt\/#website\"},\"primaryImageOfPage\":{\"@id\":\"https:\/\/portaltela.pt\/noticias\/2026\/03\/25\/frances-suspeito-de-duplo-homicidio-detido-no-distrito-da-guarda\/#primaryimage\"},\"image\":{\"@id\":\"https:\/\/portaltela.pt\/noticias\/2026\/03\/25\/frances-suspeito-de-duplo-homicidio-detido-no-distrito-da-guarda\/#primaryimage\"},\"thumbnailUrl\":\"https:\/\/portaltela.pt\/s.01k8rhncp4jt1\/2026\/03\/CACHE_780X1200_ANALOG_WATERMARKED_26733479_2378794_01112019112346.jpg\",\"datePublished\":\"2026-03-25T16:48:00+00:00\",\"author\":{\"@id\":\"https:\/\/portaltela.pt\/#\/schema\/person\/c4278d4a6028830caff9ee44b42d32ed\"},\"breadcrumb\":{\"@id\":\"https:\/\/portaltela.pt\/noticias\/2026\/03\/25\/frances-suspeito-de-duplo-homicidio-detido-no-distrito-da-guarda\/#breadcrumb\"},\"inLanguage\":\"pt-PT\",\"potentialAction\":[{\"@type\":\"ReadAction\",\"target\":[\"https:\/\/portaltela.pt\/noticias\/2026\/03\/25\/frances-suspeito-de-duplo-homicidio-detido-no-distrito-da-guarda\/\"]}]},{\"@type\":\"ImageObject\",\"inLanguage\":\"pt-PT\",\"@id\":\"https:\/\/portaltela.pt\/noticias\/2026\/03\/25\/frances-suspeito-de-duplo-homicidio-detido-no-distrito-da-guarda\/#primaryimage\",\"url\":\"https:\/\/portaltela.pt\/s.01k8rhncp4jt1\/2026\/03\/CACHE_780X1200_ANALOG_WATERMARKED_26733479_2378794_01112019112346.jpg\",\"contentUrl\":\"https:\/\/portaltela.pt\/s.01k8rhncp4jt1\/2026\/03\/CACHE_780X1200_ANALOG_WATERMARKED_26733479_2378794_01112019112346.jpg\",\"width\":768,\"height\":512,\"caption\":\"Photo\"},{\"@type\":\"BreadcrumbList\",\"@id\":\"https:\/\/portaltela.pt\/noticias\/2026\/03\/25\/frances-suspeito-de-duplo-homicidio-detido-no-distrito-da-guarda\/#breadcrumb\",\"itemListElement\":[{\"@type\":\"ListItem\",\"position\":1,\"name\":\"In\u00edcio\",\"item\":\"https:\/\/portaltela.pt\/\"},{\"@type\":\"ListItem\",\"position\":2,\"name\":\"Franc\u00eas suspeito de duplo homic\u00eddio detido no distrito da Guarda\"}]},{\"@type\":\"WebSite\",\"@id\":\"https:\/\/portaltela.pt\/#website\",\"url\":\"https:\/\/portaltela.pt\/\",\"name\":\"Portal Tela Portugal\",\"description\":\"\",\"potentialAction\":[{\"@type\":\"SearchAction\",\"target\":{\"@type\":\"EntryPoint\",\"urlTemplate\":\"https:\/\/portaltela.pt\/?s={search_term_string}\"},\"query-input\":{\"@type\":\"PropertyValueSpecification\",\"valueRequired\":true,\"valueName\":\"search_term_string\"}}],\"inLanguage\":\"pt-PT\"},{\"@type\":\"Person\",\"@id\":\"https:\/\/portaltela.pt\/#\/schema\/person\/c4278d4a6028830caff9ee44b42d32ed\",\"name\":\"Telinha\",\"image\":{\"@type\":\"ImageObject\",\"inLanguage\":\"pt-PT\",\"@id\":\"https:\/\/portaltela.pt\/s.01k8rhncp4jt1\/2025\/11\/talking-bot-125x125.png\",\"url\":\"https:\/\/portaltela.pt\/s.01k8rhncp4jt1\/2025\/11\/talking-bot-125x125.png\",\"contentUrl\":\"https:\/\/portaltela.pt\/s.01k8rhncp4jt1\/2025\/11\/talking-bot-125x125.png\",\"caption\":\"Telinha\"},\"sameAs\":[\"https:\/\/portaltela.pt\/\"],\"url\":\"https:\/\/portaltela.pt\/por\/367410592786\/\"}]}<\/script>\n<!-- \/ Yoast SEO plugin. -->","yoast_head_json":{"title":"Franc\u00eas suspeito de duplo homic\u00eddio detido no distrito da Guarda - Portal Tela Portugal","robots":{"index":"index","follow":"follow","max-snippet":"max-snippet:-1","max-image-preview":"max-image-preview:large","max-video-preview":"max-video-preview:-1"},"og_locale":"pt_PT","og_type":"article","og_title":"Franc\u00eas suspeito de duplo homic\u00eddio detido no distrito da Guarda - Portal Tela Portugal","og_description":"Um cidad\u00e3o franc\u00eas est\u00e1 detido no distrito da Guarda, suspeito de duplo homic\u00eddio. A deten\u00e7\u00e3o ocorreu no \u00e2mbito das opera\u00e7\u00f5es de investiga\u00e7\u00e3o em curso. O conte\u00fado completo da not\u00edcia est\u00e1 reservado a subscritores. N\u00e3o foram divulgados mais detalhes p\u00fablicos sobre o caso at\u00e9 ao momento.","og_url":"https:\/\/portaltela.pt\/noticias\/2026\/03\/25\/frances-suspeito-de-duplo-homicidio-detido-no-distrito-da-guarda\/","og_site_name":"Portal Tela Portugal","article_published_time":"2026-03-25T16:48:00+00:00","author":"Telinha","twitter_card":"summary_large_image","twitter_misc":{"Escrito por":"Telinha","Tempo estimado de leitura":"1 minuto"},"schema":{"@context":"https:\/\/schema.org","@graph":[{"@type":"Article","@id":"https:\/\/portaltela.pt\/noticias\/2026\/03\/25\/frances-suspeito-de-duplo-homicidio-detido-no-distrito-da-guarda\/#article","isPartOf":{"@id":"https:\/\/portaltela.pt\/noticias\/2026\/03\/25\/frances-suspeito-de-duplo-homicidio-detido-no-distrito-da-guarda\/"},"author":{"name":"Telinha","@id":"https:\/\/portaltela.pt\/#\/schema\/person\/c4278d4a6028830caff9ee44b42d32ed"},"headline":"Franc\u00eas suspeito de duplo homic\u00eddio detido no distrito da Guarda","datePublished":"2026-03-25T16:48:00+00:00","mainEntityOfPage":{"@id":"https:\/\/portaltela.pt\/noticias\/2026\/03\/25\/frances-suspeito-de-duplo-homicidio-detido-no-distrito-da-guarda\/"},"wordCount":112,"image":{"@id":"https:\/\/portaltela.pt\/noticias\/2026\/03\/25\/frances-suspeito-de-duplo-homicidio-detido-no-distrito-da-guarda\/#primaryimage"},"thumbnailUrl":"https:\/\/portaltela.pt\/s.01k8rhncp4jt1\/2026\/03\/CACHE_780X1200_ANALOG_WATERMARKED_26733479_2378794_01112019112346.jpg","keywords":["deten\u00e7\u00e3o","Fran\u00e7a","Guarda","homic\u00eddio","investiga\u00e7\u00e3o","pol\u00edcia p\u00fablica"],"articleSection":["Crime","Pol\u00edcia"],"inLanguage":"pt-PT"},{"@type":"WebPage","@id":"https:\/\/portaltela.pt\/noticias\/2026\/03\/25\/frances-suspeito-de-duplo-homicidio-detido-no-distrito-da-guarda\/","url":"https:\/\/portaltela.pt\/noticias\/2026\/03\/25\/frances-suspeito-de-duplo-homicidio-detido-no-distrito-da-guarda\/","name":"Franc\u00eas suspeito de duplo homic\u00eddio detido no distrito da Guarda - Portal Tela Portugal","isPartOf":{"@id":"https:\/\/portaltela.pt\/#website"},"primaryImageOfPage":{"@id":"https:\/\/portaltela.pt\/noticias\/2026\/03\/25\/frances-suspeito-de-duplo-homicidio-detido-no-distrito-da-guarda\/#primaryimage"},"image":{"@id":"https:\/\/portaltela.pt\/noticias\/2026\/03\/25\/frances-suspeito-de-duplo-homicidio-detido-no-distrito-da-guarda\/#primaryimage"},"thumbnailUrl":"https:\/\/portaltela.pt\/s.01k8rhncp4jt1\/2026\/03\/CACHE_780X1200_ANALOG_WATERMARKED_26733479_2378794_01112019112346.jpg","datePublished":"2026-03-25T16:48:00+00:00","author":{"@id":"https:\/\/portaltela.pt\/#\/schema\/person\/c4278d4a6028830caff9ee44b42d32ed"},"breadcrumb":{"@id":"https:\/\/portaltela.pt\/noticias\/2026\/03\/25\/frances-suspeito-de-duplo-homicidio-detido-no-distrito-da-guarda\/#breadcrumb"},"inLanguage":"pt-PT","potentialAction":[{"@type":"ReadAction","target":["https:\/\/portaltela.pt\/noticias\/2026\/03\/25\/frances-suspeito-de-duplo-homicidio-detido-no-distrito-da-guarda\/"]}]},{"@type":"ImageObject","inLanguage":"pt-PT","@id":"https:\/\/portaltela.pt\/noticias\/2026\/03\/25\/frances-suspeito-de-duplo-homicidio-detido-no-distrito-da-guarda\/#primaryimage","url":"https:\/\/portaltela.pt\/s.01k8rhncp4jt1\/2026\/03\/CACHE_780X1200_ANALOG_WATERMARKED_26733479_2378794_01112019112346.jpg","contentUrl":"https:\/\/portaltela.pt\/s.01k8rhncp4jt1\/2026\/03\/CACHE_780X1200_ANALOG_WATERMARKED_26733479_2378794_01112019112346.jpg","width":768,"height":512,"caption":"Photo"},{"@type":"BreadcrumbList","@id":"https:\/\/portaltela.pt\/noticias\/2026\/03\/25\/frances-suspeito-de-duplo-homicidio-detido-no-distrito-da-guarda\/#breadcrumb","itemListElement":[{"@type":"ListItem","position":1,"name":"In\u00edcio","item":"https:\/\/portaltela.pt\/"},{"@type":"ListItem","position":2,"name":"Franc\u00eas suspeito de duplo homic\u00eddio detido no distrito da Guarda"}]},{"@type":"WebSite","@id":"https:\/\/portaltela.pt\/#website","url":"https:\/\/portaltela.pt\/","name":"Portal Tela Portugal","description":"","potentialAction":[{"@type":"SearchAction","target":{"@type":"EntryPoint","urlTemplate":"https:\/\/portaltela.pt\/?s={search_term_string}"},"query-input":{"@type":"PropertyValueSpecification","valueRequired":true,"valueName":"search_term_string"}}],"inLanguage":"pt-PT"},{"@type":"Person","@id":"https:\/\/portaltela.pt\/#\/schema\/person\/c4278d4a6028830caff9ee44b42d32ed","name":"Telinha","image":{"@type":"ImageObject","inLanguage":"pt-PT","@id":"https:\/\/portaltela.pt\/s.01k8rhncp4jt1\/2025\/11\/talking-bot-125x125.png","url":"https:\/\/portaltela.pt\/s.01k8rhncp4jt1\/2025\/11\/talking-bot-125x125.png","contentUrl":"https:\/\/portaltela.pt\/s.01k8rhncp4jt1\/2025\/11\/talking-bot-125x125.png","caption":"Telinha"},"sameAs":["https:\/\/portaltela.pt\/"],"url":"https:\/\/portaltela.pt\/por\/367410592786\/"}]}},"_links":{"self":[{"href":"https:\/\/portaltela.pt\/api\/wp\/v2\/posts\/421180","targetHints":{"allow":["GET"]}}],"collection":[{"href":"https:\/\/portaltela.pt\/api\/wp\/v2\/posts"}],"about":[{"href":"https:\/\/portaltela.pt\/api\/wp\/v2\/types\/post"}],"author":[{"embeddable":true,"href":"https:\/\/portaltela.pt\/api\/wp\/v2\/users\/2"}],"replies":[{"embeddable":true,"href":"https:\/\/portaltela.pt\/api\/wp\/v2\/comments?post=421180"}],"version-history":[{"count":0,"href":"https:\/\/portaltela.pt\/api\/wp\/v2\/posts\/421180\/revisions"}],"wp:featuredmedia":[{"embeddable":true,"href":"https:\/\/portaltela.pt\/api\/wp\/v2\/media\/421187"}],"wp:attachment":[{"href":"https:\/\/portaltela.pt\/api\/wp\/v2\/media?parent=421180"}],"wp:term":[{"taxonomy":"category","embeddable":true,"href":"https:\/\/portaltela.pt\/api\/wp\/v2\/categories?post=421180"},{"taxonomy":"post_tag","embeddable":true,"href":"https:\/\/portaltela.pt\/api\/wp\/v2\/tags?post=421180"}],"curies":[{"name":"wp","href":"https:\/\/api.w.org\/{rel}","templated":true}]}}