{"id":421175,"date":"2026-03-25T14:01:00","date_gmt":"2026-03-25T17:01:00","guid":{"rendered":"https:\/\/portaltela.pt\/noticias\/2026\/03\/25\/deputada-solicita-averigacao-as-declaracoes-xenofobas-do-autarca-de-albufeira\/"},"modified":"2026-03-25T14:01:00","modified_gmt":"2026-03-25T17:01:00","slug":"deputada-solicita-averigacao-as-declaracoes-xenofobas-do-autarca-de-albufeira","status":"publish","type":"post","link":"https:\/\/portaltela.pt\/noticias\/politica\/2026\/03\/25\/deputada-solicita-averigacao-as-declaracoes-xenofobas-do-autarca-de-albufeira\/","title":{"rendered":"Deputada solicita averiga\u00e7\u00e3o \u00e0s declara\u00e7\u00f5es xen\u00f3fobas do autarca de Albufeira"},"content":{"rendered":"<p>A deputada municipal de Albufeira Helena Palhota Sim\u00f5es (PSD) pediu ao Minist\u00e9rio P\u00fablico que averiguasse declara\u00e7\u00f5es alegadamente xen\u00f3fobas feitas pelo presidente da C\u00e2mara, Rui Cristina. A requisi\u00e7\u00e3o foi enviada em meados de dezembro, com c\u00f3pia da ata da Assembleia Municipal e liga\u00e7\u00e3o para o v\u00eddeo no YouTube das declara\u00e7\u00f5es.<\/p>\n<p>O MP confirmou buscas na C\u00e2mara de Albufeira, no \u00e2mbito de um inqu\u00e9rito que se encontra em segredo de justi\u00e7a. A Procuradoria-Geral da Rep\u00fablica indicou apenas a realiza\u00e7\u00e3o de dilig\u00eancias no \u00e2mbito do DIAP Regional de \u00c9vora, sem avan\u00e7ar pormenores sobre as suspeitas.<\/p>\n<p>Palhota Sim\u00f5es sustenta que n\u00e3o fez acusa\u00e7\u00f5es diretas, apenas pediu que o MP investigasse para cumprir o seu trabalho. A deputada afirmou que acredita na igualdade entre pessoas, independentemente da etnia ou ra\u00e7a, e reiterou que a prioridade s\u00e3o os cidad\u00e3os do concelho.<\/p>\n<h3>Investiga\u00e7\u00e3o em curso<\/h3>\n<p>Rui Cristina assumiu a lideran\u00e7a da C\u00e2mara de Albufeira em 4 de novembro de 2025, eleito pelo Chega com 40,51% dos votos, substituindo o bloco PSD\/CDS-PP. A vit\u00f3ria do Chega marcou a entrada do partido no poder aut\u00e1rquico no distrito de Faro, ap\u00f3s vit\u00f3rias nas legislativas de 2024 e 2025 no Algarve.<\/p>\n<p>A grava\u00e7\u00e3o das declara\u00e7\u00f5es pol\u00e9micas, proferidas na Assembleia Municipal em 26 de novembro do ano passado, circula no canal oficial da autarquia. Nelas, o autarca referiu n\u00e3o querer gastar dinheiro com a etnia cigana, antes de defender que os albufeirenses com necessidades habitacionais devem ser prioridade.<\/p>\n<p>Rui Cristina tamb\u00e9m apresentou uma queixa por difama\u00e7\u00e3o agravada contra a deputada, com os dois processos afigurando-se apensos. O portal Lusa tentou obter uma rea\u00e7\u00e3o do presidente, sem sucesso at\u00e9 ao momento.<\/p>\n","protected":false},"excerpt":{"rendered":"<ul>\n<li>A deputada municipal de Albufeira, Helena Palhota Sim\u00f5es (PSD), pediu ao Minist\u00e9rio P\u00fablico que averiguasse declara\u00e7\u00f5es alegadamente xen\u00f3fobas proferidas pelo presidente da C\u00e2mara, Rui Cristina.<\/li>\n<li>A deputada disse ter enviado ao MP a ata com o link do YouTube das declara\u00e7\u00f5es feitas na Assembleia Municipal, bem como outros elementos.<\/li>\n<li>O Minist\u00e9rio P\u00fablico confirmou buscas na C\u00e2mara Municipal de Albufeira, no \u00e2mbito de um inqu\u00e9rito em segredo de justi\u00e7a, dirigido pelo DIAP Regional de \u00c9vora.<\/li>\n<li>Rui Cristina, que iniciou fun\u00e7\u00f5es a 4 de novembro de 2025 pelo Chega, afirmou que o seu objetivo \u00e9 colocar os interesses dos albufeirenses em primeiro lugar.<\/li>\n<li>A deputada afirma n\u00e3o ter acusado ningu\u00e9m, apenas pediu ao MP que investigasse; ambos os lados possuem processos por difama\u00e7\u00e3o agravada.<\/li>\n<\/ul>\n","protected":false},"author":2,"featured_media":421183,"comment_status":"closed","ping_status":"closed","sticky":false,"template":"","format":"standard","meta":{"footnotes":""},"categories":[1,5],"tags":[1202,2142,2442,2832,3695,3700],"class_list":["post-421175","post","type-post","status-publish","format-standard","has-post-thumbnail","hentry","category-noticias","category-politica","tag-albufeira","tag-chega","tag-difamacao","tag-politica","tag-psd","tag-xenofobos"],"yoast_head":"<!-- This site is optimized with the Yoast SEO plugin v27.2 - https:\/\/yoast.com\/product\/yoast-seo-wordpress\/ -->\n<title>Deputada solicita averiga\u00e7\u00e3o \u00e0s declara\u00e7\u00f5es xen\u00f3fobas do autarca de Albufeira - Portal Tela Portugal<\/title>\n<meta name=\"robots\" content=\"index, follow, max-snippet:-1, max-image-preview:large, max-video-preview:-1\" \/>\n<meta property=\"og:locale\" content=\"pt_PT\" \/>\n<meta property=\"og:type\" content=\"article\" \/>\n<meta property=\"og:title\" content=\"Deputada solicita averiga\u00e7\u00e3o \u00e0s declara\u00e7\u00f5es xen\u00f3fobas do autarca de Albufeira - Portal Tela Portugal\" \/>\n<meta property=\"og:description\" content=\"A deputada municipal de Albufeira, Helena Palhota Sim\u00f5es (PSD), pediu ao Minist\u00e9rio P\u00fablico que averiguasse declara\u00e7\u00f5es alegadamente xen\u00f3fobas proferidas pelo presidente da C\u00e2mara, Rui Cristina. A deputada disse ter enviado ao MP a ata com o link do YouTube das declara\u00e7\u00f5es feitas na Assembleia Municipal, bem como outros elementos. O Minist\u00e9rio P\u00fablico confirmou buscas na C\u00e2mara Municipal de Albufeira, no \u00e2mbito de um inqu\u00e9rito em segredo de justi\u00e7a, dirigido pelo DIAP Regional de \u00c9vora. Rui Cristina, que iniciou fun\u00e7\u00f5es a 4 de novembro de 2025 pelo Chega, afirmou que o seu objetivo \u00e9 colocar os interesses dos albufeirenses em primeiro lugar. A deputada afirma n\u00e3o ter acusado ningu\u00e9m, apenas pediu ao MP que investigasse; ambos os lados possuem processos por difama\u00e7\u00e3o agravada.\" \/>\n<meta property=\"og:url\" content=\"https:\/\/portaltela.pt\/noticias\/2026\/03\/25\/deputada-solicita-averigacao-as-declaracoes-xenofobas-do-autarca-de-albufeira\/\" \/>\n<meta property=\"og:site_name\" content=\"Portal Tela Portugal\" \/>\n<meta property=\"article:published_time\" content=\"2026-03-25T17:01:00+00:00\" \/>\n<meta name=\"author\" content=\"Telinha\" \/>\n<meta name=\"twitter:card\" content=\"summary_large_image\" \/>\n<meta name=\"twitter:label1\" content=\"Escrito por\" \/>\n\t<meta name=\"twitter:data1\" content=\"Telinha\" \/>\n\t<meta name=\"twitter:label2\" content=\"Tempo estimado de leitura\" \/>\n\t<meta name=\"twitter:data2\" content=\"2 minutos\" \/>\n<script type=\"application\/ld+json\" class=\"yoast-schema-graph\">{\"@context\":\"https:\/\/schema.org\",\"@graph\":[{\"@type\":\"Article\",\"@id\":\"https:\/\/portaltela.pt\/noticias\/2026\/03\/25\/deputada-solicita-averigacao-as-declaracoes-xenofobas-do-autarca-de-albufeira\/#article\",\"isPartOf\":{\"@id\":\"https:\/\/portaltela.pt\/noticias\/2026\/03\/25\/deputada-solicita-averigacao-as-declaracoes-xenofobas-do-autarca-de-albufeira\/\"},\"author\":{\"name\":\"Telinha\",\"@id\":\"https:\/\/portaltela.pt\/#\/schema\/person\/c4278d4a6028830caff9ee44b42d32ed\"},\"headline\":\"Deputada solicita averiga\u00e7\u00e3o \u00e0s declara\u00e7\u00f5es xen\u00f3fobas do autarca de Albufeira\",\"datePublished\":\"2026-03-25T17:01:00+00:00\",\"mainEntityOfPage\":{\"@id\":\"https:\/\/portaltela.pt\/noticias\/2026\/03\/25\/deputada-solicita-averigacao-as-declaracoes-xenofobas-do-autarca-de-albufeira\/\"},\"wordCount\":314,\"image\":{\"@id\":\"https:\/\/portaltela.pt\/noticias\/2026\/03\/25\/deputada-solicita-averigacao-as-declaracoes-xenofobas-do-autarca-de-albufeira\/#primaryimage\"},\"thumbnailUrl\":\"https:\/\/portaltela.pt\/s.01k8rhncp4jt1\/2026\/03\/image-120.webp\",\"keywords\":[\"Albufeira\",\"CHEGA\",\"difama\u00e7\u00e3o\",\"pol\u00edtica\",\"PSD\",\"xen\u00f3fobos\"],\"articleSection\":[\"Not\u00edcias\",\"Pol\u00edtica\"],\"inLanguage\":\"pt-PT\"},{\"@type\":\"WebPage\",\"@id\":\"https:\/\/portaltela.pt\/noticias\/2026\/03\/25\/deputada-solicita-averigacao-as-declaracoes-xenofobas-do-autarca-de-albufeira\/\",\"url\":\"https:\/\/portaltela.pt\/noticias\/2026\/03\/25\/deputada-solicita-averigacao-as-declaracoes-xenofobas-do-autarca-de-albufeira\/\",\"name\":\"Deputada solicita averiga\u00e7\u00e3o \u00e0s declara\u00e7\u00f5es xen\u00f3fobas do autarca de Albufeira - Portal Tela Portugal\",\"isPartOf\":{\"@id\":\"https:\/\/portaltela.pt\/#website\"},\"primaryImageOfPage\":{\"@id\":\"https:\/\/portaltela.pt\/noticias\/2026\/03\/25\/deputada-solicita-averigacao-as-declaracoes-xenofobas-do-autarca-de-albufeira\/#primaryimage\"},\"image\":{\"@id\":\"https:\/\/portaltela.pt\/noticias\/2026\/03\/25\/deputada-solicita-averigacao-as-declaracoes-xenofobas-do-autarca-de-albufeira\/#primaryimage\"},\"thumbnailUrl\":\"https:\/\/portaltela.pt\/s.01k8rhncp4jt1\/2026\/03\/image-120.webp\",\"datePublished\":\"2026-03-25T17:01:00+00:00\",\"author\":{\"@id\":\"https:\/\/portaltela.pt\/#\/schema\/person\/c4278d4a6028830caff9ee44b42d32ed\"},\"breadcrumb\":{\"@id\":\"https:\/\/portaltela.pt\/noticias\/2026\/03\/25\/deputada-solicita-averigacao-as-declaracoes-xenofobas-do-autarca-de-albufeira\/#breadcrumb\"},\"inLanguage\":\"pt-PT\",\"potentialAction\":[{\"@type\":\"ReadAction\",\"target\":[\"https:\/\/portaltela.pt\/noticias\/2026\/03\/25\/deputada-solicita-averigacao-as-declaracoes-xenofobas-do-autarca-de-albufeira\/\"]}]},{\"@type\":\"ImageObject\",\"inLanguage\":\"pt-PT\",\"@id\":\"https:\/\/portaltela.pt\/noticias\/2026\/03\/25\/deputada-solicita-averigacao-as-declaracoes-xenofobas-do-autarca-de-albufeira\/#primaryimage\",\"url\":\"https:\/\/portaltela.pt\/s.01k8rhncp4jt1\/2026\/03\/image-120.webp\",\"contentUrl\":\"https:\/\/portaltela.pt\/s.01k8rhncp4jt1\/2026\/03\/image-120.webp\",\"width\":1200,\"height\":1166,\"caption\":\"Rui Cristina, presidente da C\u00e2mara Municipal de Albufeira\"},{\"@type\":\"BreadcrumbList\",\"@id\":\"https:\/\/portaltela.pt\/noticias\/2026\/03\/25\/deputada-solicita-averigacao-as-declaracoes-xenofobas-do-autarca-de-albufeira\/#breadcrumb\",\"itemListElement\":[{\"@type\":\"ListItem\",\"position\":1,\"name\":\"In\u00edcio\",\"item\":\"https:\/\/portaltela.pt\/\"},{\"@type\":\"ListItem\",\"position\":2,\"name\":\"Deputada solicita averiga\u00e7\u00e3o \u00e0s declara\u00e7\u00f5es xen\u00f3fobas do autarca de Albufeira\"}]},{\"@type\":\"WebSite\",\"@id\":\"https:\/\/portaltela.pt\/#website\",\"url\":\"https:\/\/portaltela.pt\/\",\"name\":\"Portal Tela Portugal\",\"description\":\"\",\"potentialAction\":[{\"@type\":\"SearchAction\",\"target\":{\"@type\":\"EntryPoint\",\"urlTemplate\":\"https:\/\/portaltela.pt\/?s={search_term_string}\"},\"query-input\":{\"@type\":\"PropertyValueSpecification\",\"valueRequired\":true,\"valueName\":\"search_term_string\"}}],\"inLanguage\":\"pt-PT\"},{\"@type\":\"Person\",\"@id\":\"https:\/\/portaltela.pt\/#\/schema\/person\/c4278d4a6028830caff9ee44b42d32ed\",\"name\":\"Telinha\",\"image\":{\"@type\":\"ImageObject\",\"inLanguage\":\"pt-PT\",\"@id\":\"https:\/\/portaltela.pt\/s.01k8rhncp4jt1\/2025\/11\/talking-bot-125x125.png\",\"url\":\"https:\/\/portaltela.pt\/s.01k8rhncp4jt1\/2025\/11\/talking-bot-125x125.png\",\"contentUrl\":\"https:\/\/portaltela.pt\/s.01k8rhncp4jt1\/2025\/11\/talking-bot-125x125.png\",\"caption\":\"Telinha\"},\"sameAs\":[\"https:\/\/portaltela.pt\/\"],\"url\":\"https:\/\/portaltela.pt\/por\/367410592786\/\"}]}<\/script>\n<!-- \/ Yoast SEO plugin. -->","yoast_head_json":{"title":"Deputada solicita averiga\u00e7\u00e3o \u00e0s declara\u00e7\u00f5es xen\u00f3fobas do autarca de Albufeira - Portal Tela Portugal","robots":{"index":"index","follow":"follow","max-snippet":"max-snippet:-1","max-image-preview":"max-image-preview:large","max-video-preview":"max-video-preview:-1"},"og_locale":"pt_PT","og_type":"article","og_title":"Deputada solicita averiga\u00e7\u00e3o \u00e0s declara\u00e7\u00f5es xen\u00f3fobas do autarca de Albufeira - Portal Tela Portugal","og_description":"A deputada municipal de Albufeira, Helena Palhota Sim\u00f5es (PSD), pediu ao Minist\u00e9rio P\u00fablico que averiguasse declara\u00e7\u00f5es alegadamente xen\u00f3fobas proferidas pelo presidente da C\u00e2mara, Rui Cristina. A deputada disse ter enviado ao MP a ata com o link do YouTube das declara\u00e7\u00f5es feitas na Assembleia Municipal, bem como outros elementos. O Minist\u00e9rio P\u00fablico confirmou buscas na C\u00e2mara Municipal de Albufeira, no \u00e2mbito de um inqu\u00e9rito em segredo de justi\u00e7a, dirigido pelo DIAP Regional de \u00c9vora. Rui Cristina, que iniciou fun\u00e7\u00f5es a 4 de novembro de 2025 pelo Chega, afirmou que o seu objetivo \u00e9 colocar os interesses dos albufeirenses em primeiro lugar. A deputada afirma n\u00e3o ter acusado ningu\u00e9m, apenas pediu ao MP que investigasse; ambos os lados possuem processos por difama\u00e7\u00e3o agravada.","og_url":"https:\/\/portaltela.pt\/noticias\/2026\/03\/25\/deputada-solicita-averigacao-as-declaracoes-xenofobas-do-autarca-de-albufeira\/","og_site_name":"Portal Tela Portugal","article_published_time":"2026-03-25T17:01:00+00:00","author":"Telinha","twitter_card":"summary_large_image","twitter_misc":{"Escrito por":"Telinha","Tempo estimado de leitura":"2 minutos"},"schema":{"@context":"https:\/\/schema.org","@graph":[{"@type":"Article","@id":"https:\/\/portaltela.pt\/noticias\/2026\/03\/25\/deputada-solicita-averigacao-as-declaracoes-xenofobas-do-autarca-de-albufeira\/#article","isPartOf":{"@id":"https:\/\/portaltela.pt\/noticias\/2026\/03\/25\/deputada-solicita-averigacao-as-declaracoes-xenofobas-do-autarca-de-albufeira\/"},"author":{"name":"Telinha","@id":"https:\/\/portaltela.pt\/#\/schema\/person\/c4278d4a6028830caff9ee44b42d32ed"},"headline":"Deputada solicita averiga\u00e7\u00e3o \u00e0s declara\u00e7\u00f5es xen\u00f3fobas do autarca de Albufeira","datePublished":"2026-03-25T17:01:00+00:00","mainEntityOfPage":{"@id":"https:\/\/portaltela.pt\/noticias\/2026\/03\/25\/deputada-solicita-averigacao-as-declaracoes-xenofobas-do-autarca-de-albufeira\/"},"wordCount":314,"image":{"@id":"https:\/\/portaltela.pt\/noticias\/2026\/03\/25\/deputada-solicita-averigacao-as-declaracoes-xenofobas-do-autarca-de-albufeira\/#primaryimage"},"thumbnailUrl":"https:\/\/portaltela.pt\/s.01k8rhncp4jt1\/2026\/03\/image-120.webp","keywords":["Albufeira","CHEGA","difama\u00e7\u00e3o","pol\u00edtica","PSD","xen\u00f3fobos"],"articleSection":["Not\u00edcias","Pol\u00edtica"],"inLanguage":"pt-PT"},{"@type":"WebPage","@id":"https:\/\/portaltela.pt\/noticias\/2026\/03\/25\/deputada-solicita-averigacao-as-declaracoes-xenofobas-do-autarca-de-albufeira\/","url":"https:\/\/portaltela.pt\/noticias\/2026\/03\/25\/deputada-solicita-averigacao-as-declaracoes-xenofobas-do-autarca-de-albufeira\/","name":"Deputada solicita averiga\u00e7\u00e3o \u00e0s declara\u00e7\u00f5es xen\u00f3fobas do autarca de Albufeira - Portal Tela Portugal","isPartOf":{"@id":"https:\/\/portaltela.pt\/#website"},"primaryImageOfPage":{"@id":"https:\/\/portaltela.pt\/noticias\/2026\/03\/25\/deputada-solicita-averigacao-as-declaracoes-xenofobas-do-autarca-de-albufeira\/#primaryimage"},"image":{"@id":"https:\/\/portaltela.pt\/noticias\/2026\/03\/25\/deputada-solicita-averigacao-as-declaracoes-xenofobas-do-autarca-de-albufeira\/#primaryimage"},"thumbnailUrl":"https:\/\/portaltela.pt\/s.01k8rhncp4jt1\/2026\/03\/image-120.webp","datePublished":"2026-03-25T17:01:00+00:00","author":{"@id":"https:\/\/portaltela.pt\/#\/schema\/person\/c4278d4a6028830caff9ee44b42d32ed"},"breadcrumb":{"@id":"https:\/\/portaltela.pt\/noticias\/2026\/03\/25\/deputada-solicita-averigacao-as-declaracoes-xenofobas-do-autarca-de-albufeira\/#breadcrumb"},"inLanguage":"pt-PT","potentialAction":[{"@type":"ReadAction","target":["https:\/\/portaltela.pt\/noticias\/2026\/03\/25\/deputada-solicita-averigacao-as-declaracoes-xenofobas-do-autarca-de-albufeira\/"]}]},{"@type":"ImageObject","inLanguage":"pt-PT","@id":"https:\/\/portaltela.pt\/noticias\/2026\/03\/25\/deputada-solicita-averigacao-as-declaracoes-xenofobas-do-autarca-de-albufeira\/#primaryimage","url":"https:\/\/portaltela.pt\/s.01k8rhncp4jt1\/2026\/03\/image-120.webp","contentUrl":"https:\/\/portaltela.pt\/s.01k8rhncp4jt1\/2026\/03\/image-120.webp","width":1200,"height":1166,"caption":"Rui Cristina, presidente da C\u00e2mara Municipal de Albufeira"},{"@type":"BreadcrumbList","@id":"https:\/\/portaltela.pt\/noticias\/2026\/03\/25\/deputada-solicita-averigacao-as-declaracoes-xenofobas-do-autarca-de-albufeira\/#breadcrumb","itemListElement":[{"@type":"ListItem","position":1,"name":"In\u00edcio","item":"https:\/\/portaltela.pt\/"},{"@type":"ListItem","position":2,"name":"Deputada solicita averiga\u00e7\u00e3o \u00e0s declara\u00e7\u00f5es xen\u00f3fobas do autarca de Albufeira"}]},{"@type":"WebSite","@id":"https:\/\/portaltela.pt\/#website","url":"https:\/\/portaltela.pt\/","name":"Portal Tela Portugal","description":"","potentialAction":[{"@type":"SearchAction","target":{"@type":"EntryPoint","urlTemplate":"https:\/\/portaltela.pt\/?s={search_term_string}"},"query-input":{"@type":"PropertyValueSpecification","valueRequired":true,"valueName":"search_term_string"}}],"inLanguage":"pt-PT"},{"@type":"Person","@id":"https:\/\/portaltela.pt\/#\/schema\/person\/c4278d4a6028830caff9ee44b42d32ed","name":"Telinha","image":{"@type":"ImageObject","inLanguage":"pt-PT","@id":"https:\/\/portaltela.pt\/s.01k8rhncp4jt1\/2025\/11\/talking-bot-125x125.png","url":"https:\/\/portaltela.pt\/s.01k8rhncp4jt1\/2025\/11\/talking-bot-125x125.png","contentUrl":"https:\/\/portaltela.pt\/s.01k8rhncp4jt1\/2025\/11\/talking-bot-125x125.png","caption":"Telinha"},"sameAs":["https:\/\/portaltela.pt\/"],"url":"https:\/\/portaltela.pt\/por\/367410592786\/"}]}},"_links":{"self":[{"href":"https:\/\/portaltela.pt\/api\/wp\/v2\/posts\/421175","targetHints":{"allow":["GET"]}}],"collection":[{"href":"https:\/\/portaltela.pt\/api\/wp\/v2\/posts"}],"about":[{"href":"https:\/\/portaltela.pt\/api\/wp\/v2\/types\/post"}],"author":[{"embeddable":true,"href":"https:\/\/portaltela.pt\/api\/wp\/v2\/users\/2"}],"replies":[{"embeddable":true,"href":"https:\/\/portaltela.pt\/api\/wp\/v2\/comments?post=421175"}],"version-history":[{"count":0,"href":"https:\/\/portaltela.pt\/api\/wp\/v2\/posts\/421175\/revisions"}],"wp:featuredmedia":[{"embeddable":true,"href":"https:\/\/portaltela.pt\/api\/wp\/v2\/media\/421183"}],"wp:attachment":[{"href":"https:\/\/portaltela.pt\/api\/wp\/v2\/media?parent=421175"}],"wp:term":[{"taxonomy":"category","embeddable":true,"href":"https:\/\/portaltela.pt\/api\/wp\/v2\/categories?post=421175"},{"taxonomy":"post_tag","embeddable":true,"href":"https:\/\/portaltela.pt\/api\/wp\/v2\/tags?post=421175"}],"curies":[{"name":"wp","href":"https:\/\/api.w.org\/{rel}","templated":true}]}}