{"id":421168,"date":"2026-03-25T13:46:00","date_gmt":"2026-03-25T16:46:00","guid":{"rendered":"https:\/\/portaltela.pt\/noticias\/2026\/03\/25\/camilo-lourenco-aborda-casos-de-corrupcao-e-gravidade-dos-problemas-no-pais\/"},"modified":"2026-03-25T13:46:00","modified_gmt":"2026-03-25T16:46:00","slug":"camilo-lourenco-aborda-casos-de-corrupcao-e-gravidade-dos-problemas-no-pais","status":"publish","type":"post","link":"https:\/\/portaltela.pt\/noticias\/politica\/2026\/03\/25\/camilo-lourenco-aborda-casos-de-corrupcao-e-gravidade-dos-problemas-no-pais\/","title":{"rendered":"Camilo Louren\u00e7o aborda casos de corrup\u00e7\u00e3o e gravidade dos problemas no Pa\u00eds"},"content":{"rendered":"<p>O comentador Camilo Louren\u00e7o, da CMTV, afirmou que os casos de corrup\u00e7\u00e3o relacionados ao BES e a Jos\u00e9 S\u00f3crates devem ser considerados priorit\u00e1rios para o pa\u00eds, mesmo perante outros casos, como o de Isaltino Morais. A entrevista gerou reac\u00e7\u00e3o entre quem acompanha o tema e reac\u00e7\u00f5es distintas nas redes sociais.<\/p>\n<p>Louren\u00e7o sustenta que a relev\u00e2ncia institucional dos casos citados transcende casos pontuais, defendendo que as investiga\u00e7\u00f5es em torno do BES e do ex-primeiro-ministro t\u00eam impactos mais amplos na perce\u00e7\u00e3o p\u00fablica da justi\u00e7a e da gest\u00e3o p\u00fablica. O coment\u00e1rio foi veiculado num espa\u00e7o de an\u00e1lise pol\u00edtica da televis\u00e3o. O que motivou a discuss\u00e3o n\u00e3o foi especificado pela produ\u00e7\u00e3o, apenas a sua \u00eanfase na gravidade dos casos.<\/p>\n<p>Destaques do dia: v\u00e1rias not\u00edcias acompanharam a atualiza\u00e7\u00e3o informativa em diferentes \u00e1reas. Em Braga, um cami\u00e3o embateu e o motorista ficou em estado cr\u00edtico ao chegar ao hospital. Em Estremoz, um pr\u00e9dio devoluto nomeou riscos de colapso, com moradores a dizer que nada se faz. Em termos de habita\u00e7\u00e3o, surgiram declara\u00e7\u00f5es controversas de uma figura p\u00fablica relacionadas com comunidades ciganas e habita\u00e7\u00e3o de albufeirenses. Al\u00e9m disso, registaram-se agress\u00f5es de alunos contra professoras na Sert\u00e3 e a morte de Jos\u00e9 Maria Ricciardi, antigo administrador do BES. Estas ocorr\u00eancias integram o mosaico informativo do dia, sem liga\u00e7\u00e3o entre si, mas com impacto regional.<\/p>\n","protected":false},"excerpt":{"rendered":"<ul>\n<li>Camilo Louren\u00e7o, comentador da CMTV, diz que o caso BES e de S\u00f3crates ainda por resolver \u00e9 mais importante para o pa\u00eds do que o caso de Isaltino Morais.<\/li>\n<li>A afirma\u00e7\u00e3o surge no contexto de debates sobre casos de corrup\u00e7\u00e3o e relev\u00e2ncia p\u00fablica.<\/li>\n<li>A not\u00edcia acompanha v\u00e1rias imagens com legendas, incluindo a chegada de um ferido ao Hospital de Braga.<\/li>\n<li>Tamb\u00e9m se destaca a imagem de um pr\u00e9dio devoluto em Estremoz em risco de colapso.<\/li>\n<li>Entre as imagens, h\u00e1 ainda refer\u00eancias a declara\u00e7\u00f5es de Rui Cristina sobre a comunidade cigana e a agress\u00e3o de alunos do 1\u00ba ciclo contra professoras na Sert\u00e3.<\/li>\n<\/ul>\n","protected":false},"author":2,"featured_media":421169,"comment_status":"closed","ping_status":"closed","sticky":false,"template":"","format":"standard","meta":{"footnotes":""},"categories":[1,5],"tags":[1207,83,1098,150,5863,5481],"class_list":["post-421168","post","type-post","status-publish","format-standard","has-post-thumbnail","hentry","category-noticias","category-politica","tag-braga","tag-corrupcao","tag-estremoz","tag-habitacao","tag-jose-socrates","tag-serta"],"yoast_head":"<!-- This site is optimized with the Yoast SEO plugin v27.2 - https:\/\/yoast.com\/product\/yoast-seo-wordpress\/ -->\n<title>Camilo Louren\u00e7o aborda casos de corrup\u00e7\u00e3o e gravidade dos problemas no Pa\u00eds - Portal Tela Portugal<\/title>\n<meta name=\"robots\" content=\"index, follow, max-snippet:-1, max-image-preview:large, max-video-preview:-1\" \/>\n<meta property=\"og:locale\" content=\"pt_PT\" \/>\n<meta property=\"og:type\" content=\"article\" \/>\n<meta property=\"og:title\" content=\"Camilo Louren\u00e7o aborda casos de corrup\u00e7\u00e3o e gravidade dos problemas no Pa\u00eds - Portal Tela Portugal\" \/>\n<meta property=\"og:description\" content=\"Camilo Louren\u00e7o, comentador da CMTV, diz que o caso BES e de S\u00f3crates ainda por resolver \u00e9 mais importante para o pa\u00eds do que o caso de Isaltino Morais. A afirma\u00e7\u00e3o surge no contexto de debates sobre casos de corrup\u00e7\u00e3o e relev\u00e2ncia p\u00fablica. A not\u00edcia acompanha v\u00e1rias imagens com legendas, incluindo a chegada de um ferido ao Hospital de Braga. Tamb\u00e9m se destaca a imagem de um pr\u00e9dio devoluto em Estremoz em risco de colapso. Entre as imagens, h\u00e1 ainda refer\u00eancias a declara\u00e7\u00f5es de Rui Cristina sobre a comunidade cigana e a agress\u00e3o de alunos do 1\u00ba ciclo contra professoras na Sert\u00e3.\" \/>\n<meta property=\"og:url\" content=\"https:\/\/portaltela.pt\/noticias\/2026\/03\/25\/camilo-lourenco-aborda-casos-de-corrupcao-e-gravidade-dos-problemas-no-pais\/\" \/>\n<meta property=\"og:site_name\" content=\"Portal Tela Portugal\" \/>\n<meta property=\"article:published_time\" content=\"2026-03-25T16:46:00+00:00\" \/>\n<meta name=\"author\" content=\"Telinha\" \/>\n<meta name=\"twitter:card\" content=\"summary_large_image\" \/>\n<meta name=\"twitter:label1\" content=\"Escrito por\" \/>\n\t<meta name=\"twitter:data1\" content=\"Telinha\" \/>\n\t<meta name=\"twitter:label2\" content=\"Tempo estimado de leitura\" \/>\n\t<meta name=\"twitter:data2\" content=\"1 minuto\" \/>\n<script type=\"application\/ld+json\" class=\"yoast-schema-graph\">{\"@context\":\"https:\/\/schema.org\",\"@graph\":[{\"@type\":\"Article\",\"@id\":\"https:\/\/portaltela.pt\/noticias\/2026\/03\/25\/camilo-lourenco-aborda-casos-de-corrupcao-e-gravidade-dos-problemas-no-pais\/#article\",\"isPartOf\":{\"@id\":\"https:\/\/portaltela.pt\/noticias\/2026\/03\/25\/camilo-lourenco-aborda-casos-de-corrupcao-e-gravidade-dos-problemas-no-pais\/\"},\"author\":{\"name\":\"Telinha\",\"@id\":\"https:\/\/portaltela.pt\/#\/schema\/person\/c4278d4a6028830caff9ee44b42d32ed\"},\"headline\":\"Camilo Louren\u00e7o aborda casos de corrup\u00e7\u00e3o e gravidade dos problemas no Pa\u00eds\",\"datePublished\":\"2026-03-25T16:46:00+00:00\",\"mainEntityOfPage\":{\"@id\":\"https:\/\/portaltela.pt\/noticias\/2026\/03\/25\/camilo-lourenco-aborda-casos-de-corrupcao-e-gravidade-dos-problemas-no-pais\/\"},\"wordCount\":269,\"image\":{\"@id\":\"https:\/\/portaltela.pt\/noticias\/2026\/03\/25\/camilo-lourenco-aborda-casos-de-corrupcao-e-gravidade-dos-problemas-no-pais\/#primaryimage\"},\"thumbnailUrl\":\"https:\/\/portaltela.pt\/s.01k8rhncp4jt1\/2026\/03\/img_1280x722uu2026-03-25-13-40-00-2274750.jpg\",\"keywords\":[\"Braga\",\"corrup\u00e7\u00e3o\",\"Estremoz\",\"habita\u00e7\u00e3o\",\"Jos\u00e9 S\u00f3crates\",\"Sert\u00e3\"],\"articleSection\":[\"Not\u00edcias\",\"Pol\u00edtica\"],\"inLanguage\":\"pt-PT\"},{\"@type\":\"WebPage\",\"@id\":\"https:\/\/portaltela.pt\/noticias\/2026\/03\/25\/camilo-lourenco-aborda-casos-de-corrupcao-e-gravidade-dos-problemas-no-pais\/\",\"url\":\"https:\/\/portaltela.pt\/noticias\/2026\/03\/25\/camilo-lourenco-aborda-casos-de-corrupcao-e-gravidade-dos-problemas-no-pais\/\",\"name\":\"Camilo Louren\u00e7o aborda casos de corrup\u00e7\u00e3o e gravidade dos problemas no Pa\u00eds - Portal Tela Portugal\",\"isPartOf\":{\"@id\":\"https:\/\/portaltela.pt\/#website\"},\"primaryImageOfPage\":{\"@id\":\"https:\/\/portaltela.pt\/noticias\/2026\/03\/25\/camilo-lourenco-aborda-casos-de-corrupcao-e-gravidade-dos-problemas-no-pais\/#primaryimage\"},\"image\":{\"@id\":\"https:\/\/portaltela.pt\/noticias\/2026\/03\/25\/camilo-lourenco-aborda-casos-de-corrupcao-e-gravidade-dos-problemas-no-pais\/#primaryimage\"},\"thumbnailUrl\":\"https:\/\/portaltela.pt\/s.01k8rhncp4jt1\/2026\/03\/img_1280x722uu2026-03-25-13-40-00-2274750.jpg\",\"datePublished\":\"2026-03-25T16:46:00+00:00\",\"author\":{\"@id\":\"https:\/\/portaltela.pt\/#\/schema\/person\/c4278d4a6028830caff9ee44b42d32ed\"},\"breadcrumb\":{\"@id\":\"https:\/\/portaltela.pt\/noticias\/2026\/03\/25\/camilo-lourenco-aborda-casos-de-corrupcao-e-gravidade-dos-problemas-no-pais\/#breadcrumb\"},\"inLanguage\":\"pt-PT\",\"potentialAction\":[{\"@type\":\"ReadAction\",\"target\":[\"https:\/\/portaltela.pt\/noticias\/2026\/03\/25\/camilo-lourenco-aborda-casos-de-corrupcao-e-gravidade-dos-problemas-no-pais\/\"]}]},{\"@type\":\"ImageObject\",\"inLanguage\":\"pt-PT\",\"@id\":\"https:\/\/portaltela.pt\/noticias\/2026\/03\/25\/camilo-lourenco-aborda-casos-de-corrupcao-e-gravidade-dos-problemas-no-pais\/#primaryimage\",\"url\":\"https:\/\/portaltela.pt\/s.01k8rhncp4jt1\/2026\/03\/img_1280x722uu2026-03-25-13-40-00-2274750.jpg\",\"contentUrl\":\"https:\/\/portaltela.pt\/s.01k8rhncp4jt1\/2026\/03\/img_1280x722uu2026-03-25-13-40-00-2274750.jpg\",\"width\":1280,\"height\":722,\"caption\":\"A chegada do ferido ao Hospital de Braga\"},{\"@type\":\"BreadcrumbList\",\"@id\":\"https:\/\/portaltela.pt\/noticias\/2026\/03\/25\/camilo-lourenco-aborda-casos-de-corrupcao-e-gravidade-dos-problemas-no-pais\/#breadcrumb\",\"itemListElement\":[{\"@type\":\"ListItem\",\"position\":1,\"name\":\"In\u00edcio\",\"item\":\"https:\/\/portaltela.pt\/\"},{\"@type\":\"ListItem\",\"position\":2,\"name\":\"Camilo Louren\u00e7o aborda casos de corrup\u00e7\u00e3o e gravidade dos problemas no Pa\u00eds\"}]},{\"@type\":\"WebSite\",\"@id\":\"https:\/\/portaltela.pt\/#website\",\"url\":\"https:\/\/portaltela.pt\/\",\"name\":\"Portal Tela Portugal\",\"description\":\"\",\"potentialAction\":[{\"@type\":\"SearchAction\",\"target\":{\"@type\":\"EntryPoint\",\"urlTemplate\":\"https:\/\/portaltela.pt\/?s={search_term_string}\"},\"query-input\":{\"@type\":\"PropertyValueSpecification\",\"valueRequired\":true,\"valueName\":\"search_term_string\"}}],\"inLanguage\":\"pt-PT\"},{\"@type\":\"Person\",\"@id\":\"https:\/\/portaltela.pt\/#\/schema\/person\/c4278d4a6028830caff9ee44b42d32ed\",\"name\":\"Telinha\",\"image\":{\"@type\":\"ImageObject\",\"inLanguage\":\"pt-PT\",\"@id\":\"https:\/\/portaltela.pt\/s.01k8rhncp4jt1\/2025\/11\/talking-bot-125x125.png\",\"url\":\"https:\/\/portaltela.pt\/s.01k8rhncp4jt1\/2025\/11\/talking-bot-125x125.png\",\"contentUrl\":\"https:\/\/portaltela.pt\/s.01k8rhncp4jt1\/2025\/11\/talking-bot-125x125.png\",\"caption\":\"Telinha\"},\"sameAs\":[\"https:\/\/portaltela.pt\/\"],\"url\":\"https:\/\/portaltela.pt\/por\/367410592786\/\"}]}<\/script>\n<!-- \/ Yoast SEO plugin. -->","yoast_head_json":{"title":"Camilo Louren\u00e7o aborda casos de corrup\u00e7\u00e3o e gravidade dos problemas no Pa\u00eds - Portal Tela Portugal","robots":{"index":"index","follow":"follow","max-snippet":"max-snippet:-1","max-image-preview":"max-image-preview:large","max-video-preview":"max-video-preview:-1"},"og_locale":"pt_PT","og_type":"article","og_title":"Camilo Louren\u00e7o aborda casos de corrup\u00e7\u00e3o e gravidade dos problemas no Pa\u00eds - Portal Tela Portugal","og_description":"Camilo Louren\u00e7o, comentador da CMTV, diz que o caso BES e de S\u00f3crates ainda por resolver \u00e9 mais importante para o pa\u00eds do que o caso de Isaltino Morais. A afirma\u00e7\u00e3o surge no contexto de debates sobre casos de corrup\u00e7\u00e3o e relev\u00e2ncia p\u00fablica. A not\u00edcia acompanha v\u00e1rias imagens com legendas, incluindo a chegada de um ferido ao Hospital de Braga. Tamb\u00e9m se destaca a imagem de um pr\u00e9dio devoluto em Estremoz em risco de colapso. Entre as imagens, h\u00e1 ainda refer\u00eancias a declara\u00e7\u00f5es de Rui Cristina sobre a comunidade cigana e a agress\u00e3o de alunos do 1\u00ba ciclo contra professoras na Sert\u00e3.","og_url":"https:\/\/portaltela.pt\/noticias\/2026\/03\/25\/camilo-lourenco-aborda-casos-de-corrupcao-e-gravidade-dos-problemas-no-pais\/","og_site_name":"Portal Tela Portugal","article_published_time":"2026-03-25T16:46:00+00:00","author":"Telinha","twitter_card":"summary_large_image","twitter_misc":{"Escrito por":"Telinha","Tempo estimado de leitura":"1 minuto"},"schema":{"@context":"https:\/\/schema.org","@graph":[{"@type":"Article","@id":"https:\/\/portaltela.pt\/noticias\/2026\/03\/25\/camilo-lourenco-aborda-casos-de-corrupcao-e-gravidade-dos-problemas-no-pais\/#article","isPartOf":{"@id":"https:\/\/portaltela.pt\/noticias\/2026\/03\/25\/camilo-lourenco-aborda-casos-de-corrupcao-e-gravidade-dos-problemas-no-pais\/"},"author":{"name":"Telinha","@id":"https:\/\/portaltela.pt\/#\/schema\/person\/c4278d4a6028830caff9ee44b42d32ed"},"headline":"Camilo Louren\u00e7o aborda casos de corrup\u00e7\u00e3o e gravidade dos problemas no Pa\u00eds","datePublished":"2026-03-25T16:46:00+00:00","mainEntityOfPage":{"@id":"https:\/\/portaltela.pt\/noticias\/2026\/03\/25\/camilo-lourenco-aborda-casos-de-corrupcao-e-gravidade-dos-problemas-no-pais\/"},"wordCount":269,"image":{"@id":"https:\/\/portaltela.pt\/noticias\/2026\/03\/25\/camilo-lourenco-aborda-casos-de-corrupcao-e-gravidade-dos-problemas-no-pais\/#primaryimage"},"thumbnailUrl":"https:\/\/portaltela.pt\/s.01k8rhncp4jt1\/2026\/03\/img_1280x722uu2026-03-25-13-40-00-2274750.jpg","keywords":["Braga","corrup\u00e7\u00e3o","Estremoz","habita\u00e7\u00e3o","Jos\u00e9 S\u00f3crates","Sert\u00e3"],"articleSection":["Not\u00edcias","Pol\u00edtica"],"inLanguage":"pt-PT"},{"@type":"WebPage","@id":"https:\/\/portaltela.pt\/noticias\/2026\/03\/25\/camilo-lourenco-aborda-casos-de-corrupcao-e-gravidade-dos-problemas-no-pais\/","url":"https:\/\/portaltela.pt\/noticias\/2026\/03\/25\/camilo-lourenco-aborda-casos-de-corrupcao-e-gravidade-dos-problemas-no-pais\/","name":"Camilo Louren\u00e7o aborda casos de corrup\u00e7\u00e3o e gravidade dos problemas no Pa\u00eds - Portal Tela Portugal","isPartOf":{"@id":"https:\/\/portaltela.pt\/#website"},"primaryImageOfPage":{"@id":"https:\/\/portaltela.pt\/noticias\/2026\/03\/25\/camilo-lourenco-aborda-casos-de-corrupcao-e-gravidade-dos-problemas-no-pais\/#primaryimage"},"image":{"@id":"https:\/\/portaltela.pt\/noticias\/2026\/03\/25\/camilo-lourenco-aborda-casos-de-corrupcao-e-gravidade-dos-problemas-no-pais\/#primaryimage"},"thumbnailUrl":"https:\/\/portaltela.pt\/s.01k8rhncp4jt1\/2026\/03\/img_1280x722uu2026-03-25-13-40-00-2274750.jpg","datePublished":"2026-03-25T16:46:00+00:00","author":{"@id":"https:\/\/portaltela.pt\/#\/schema\/person\/c4278d4a6028830caff9ee44b42d32ed"},"breadcrumb":{"@id":"https:\/\/portaltela.pt\/noticias\/2026\/03\/25\/camilo-lourenco-aborda-casos-de-corrupcao-e-gravidade-dos-problemas-no-pais\/#breadcrumb"},"inLanguage":"pt-PT","potentialAction":[{"@type":"ReadAction","target":["https:\/\/portaltela.pt\/noticias\/2026\/03\/25\/camilo-lourenco-aborda-casos-de-corrupcao-e-gravidade-dos-problemas-no-pais\/"]}]},{"@type":"ImageObject","inLanguage":"pt-PT","@id":"https:\/\/portaltela.pt\/noticias\/2026\/03\/25\/camilo-lourenco-aborda-casos-de-corrupcao-e-gravidade-dos-problemas-no-pais\/#primaryimage","url":"https:\/\/portaltela.pt\/s.01k8rhncp4jt1\/2026\/03\/img_1280x722uu2026-03-25-13-40-00-2274750.jpg","contentUrl":"https:\/\/portaltela.pt\/s.01k8rhncp4jt1\/2026\/03\/img_1280x722uu2026-03-25-13-40-00-2274750.jpg","width":1280,"height":722,"caption":"A chegada do ferido ao Hospital de Braga"},{"@type":"BreadcrumbList","@id":"https:\/\/portaltela.pt\/noticias\/2026\/03\/25\/camilo-lourenco-aborda-casos-de-corrupcao-e-gravidade-dos-problemas-no-pais\/#breadcrumb","itemListElement":[{"@type":"ListItem","position":1,"name":"In\u00edcio","item":"https:\/\/portaltela.pt\/"},{"@type":"ListItem","position":2,"name":"Camilo Louren\u00e7o aborda casos de corrup\u00e7\u00e3o e gravidade dos problemas no Pa\u00eds"}]},{"@type":"WebSite","@id":"https:\/\/portaltela.pt\/#website","url":"https:\/\/portaltela.pt\/","name":"Portal Tela Portugal","description":"","potentialAction":[{"@type":"SearchAction","target":{"@type":"EntryPoint","urlTemplate":"https:\/\/portaltela.pt\/?s={search_term_string}"},"query-input":{"@type":"PropertyValueSpecification","valueRequired":true,"valueName":"search_term_string"}}],"inLanguage":"pt-PT"},{"@type":"Person","@id":"https:\/\/portaltela.pt\/#\/schema\/person\/c4278d4a6028830caff9ee44b42d32ed","name":"Telinha","image":{"@type":"ImageObject","inLanguage":"pt-PT","@id":"https:\/\/portaltela.pt\/s.01k8rhncp4jt1\/2025\/11\/talking-bot-125x125.png","url":"https:\/\/portaltela.pt\/s.01k8rhncp4jt1\/2025\/11\/talking-bot-125x125.png","contentUrl":"https:\/\/portaltela.pt\/s.01k8rhncp4jt1\/2025\/11\/talking-bot-125x125.png","caption":"Telinha"},"sameAs":["https:\/\/portaltela.pt\/"],"url":"https:\/\/portaltela.pt\/por\/367410592786\/"}]}},"_links":{"self":[{"href":"https:\/\/portaltela.pt\/api\/wp\/v2\/posts\/421168","targetHints":{"allow":["GET"]}}],"collection":[{"href":"https:\/\/portaltela.pt\/api\/wp\/v2\/posts"}],"about":[{"href":"https:\/\/portaltela.pt\/api\/wp\/v2\/types\/post"}],"author":[{"embeddable":true,"href":"https:\/\/portaltela.pt\/api\/wp\/v2\/users\/2"}],"replies":[{"embeddable":true,"href":"https:\/\/portaltela.pt\/api\/wp\/v2\/comments?post=421168"}],"version-history":[{"count":0,"href":"https:\/\/portaltela.pt\/api\/wp\/v2\/posts\/421168\/revisions"}],"wp:featuredmedia":[{"embeddable":true,"href":"https:\/\/portaltela.pt\/api\/wp\/v2\/media\/421169"}],"wp:attachment":[{"href":"https:\/\/portaltela.pt\/api\/wp\/v2\/media?parent=421168"}],"wp:term":[{"taxonomy":"category","embeddable":true,"href":"https:\/\/portaltela.pt\/api\/wp\/v2\/categories?post=421168"},{"taxonomy":"post_tag","embeddable":true,"href":"https:\/\/portaltela.pt\/api\/wp\/v2\/tags?post=421168"}],"curies":[{"name":"wp","href":"https:\/\/api.w.org\/{rel}","templated":true}]}}