{"id":421165,"date":"2026-03-25T13:45:00","date_gmt":"2026-03-25T16:45:00","guid":{"rendered":"https:\/\/portaltela.pt\/noticias\/2026\/03\/25\/nova-urgencia-de-obstetricia-e-ginecologia-no-garcia-de-orta-abre-a-15-de-abril\/"},"modified":"2026-03-25T13:45:00","modified_gmt":"2026-03-25T16:45:00","slug":"nova-urgencia-de-obstetricia-e-ginecologia-no-garcia-de-orta-abre-a-15-de-abril","status":"publish","type":"post","link":"https:\/\/portaltela.pt\/saude\/2026\/03\/25\/nova-urgencia-de-obstetricia-e-ginecologia-no-garcia-de-orta-abre-a-15-de-abril\/","title":{"rendered":"Nova urg\u00eancia de obstetr\u00edcia e ginecologia no Garcia de Orta abre a 15 de Abril"},"content":{"rendered":"<p>A nova urg\u00eancia regional de obstetr\u00edcia e ginecologia da Pen\u00ednsula de Set\u00fabal arrancar\u00e1 \u00e0s 9h do dia 15 de Abril no Hospital Garcia de Orta, em Almada. A opera\u00e7\u00e3o centralizada visa atender a comunidade da Margem Sul, mediante protocolo com as ULS locais.<\/p>\n<p>A assinatura do protocolo de coopera\u00e7\u00e3o ocorreu hoje, com a presen\u00e7a do director executivo do SNS, \u00c1lvaro Almeida, e dos presidentes dos conselhos de administra\u00e7\u00e3o das ULS de Almada-Seixal, Arco Ribeirinho e Arr\u00e1bida. O objetivo \u00e9 consolidar a urg\u00eancia regional.<\/p>\n<p>Ana Paula Martins, ministra da Sa\u00fade, indicou que o modelo ter\u00e1 m\u00e9dicos das equipas do Barreiro que re\u00fanam condi\u00e7\u00f5es para atender urg\u00eancias. Reuni\u00f5es entre hospitalares e a Dire\u00e7\u00e3o Executiva do SNS t\u00eam sido realizadas para organizar a rede.<\/p>\n<p>A decis\u00e3o surge ap\u00f3s anos de dificuldades de todos os hospitais da Pen\u00ednsula de Set\u00fabal, incluindo falta de m\u00e9dicos e sobrecarga de trabalho com tr\u00eas urg\u00eancias abertas. A medida ser\u00e1 implementada progressivamente, com monitoriza\u00e7\u00e3o de resultados.<\/p>\n<p>A urg\u00eancia do Barreiro ser\u00e1 encerrada, mantendo apenas partos programados. A urg\u00eancia de Set\u00fabal manter-se-\u00e1 para INEM, garantindo resposta \u00e0s gr\u00e1vidas do litoral alentejano. A ministra mencionou que o objetivo \u00e9 distribuir melhor os recursos.<\/p>\n","protected":false},"excerpt":{"rendered":"<ul>\n<li>A urg\u00eancia regional de obstetr\u00edcia e ginecologia da Pen\u00ednsula de Set\u00fabal, no Hospital Garcia de Orta, arrancar\u00e1 \u00e0s 9 horas de 15 de abril.<\/li>\n<li>O protocolo de coopera\u00e7\u00e3o para a operacionaliza\u00e7\u00e3o da urg\u00eancia centralizada foi assinado, envolvendo as administra\u00e7\u00f5es das ULS de Almada-Seixal, Arco Ribeirinho e Arr\u00e1bida.<\/li>\n<li>A primeira urg\u00eancia regional a avan\u00e7ar foi Loures-Odivelas\/Estu\u00e1rio doTejo, com o servi\u00e7o centralizado no Hospital Beatriz \u00c2ngelo, a 16 de mar\u00e7o.<\/li>\n<li>O Barreiro poder\u00e1 integrar equipas que reunirem condi\u00e7\u00f5es; a urg\u00eancia do Barreiro ser\u00e1 encerrada, mantendo partos programados, enquanto a urg\u00eancia de Set\u00fabal ficar\u00e1 para INEM.<\/li>\n<li>A governan\u00e7a da Sa\u00fade aponta que, para al\u00e9m da obstetr\u00edcia, v\u00e3o surgir urg\u00eancias regionais de cirurgia e ortopedia na regi\u00e3o, visando reduzir a sobrecarga nas tr\u00eas portas de entrada da Pen\u00ednsula de Set\u00fabal.<\/li>\n<\/ul>\n","protected":false},"author":2,"featured_media":421167,"comment_status":"closed","ping_status":"closed","sticky":false,"template":"","format":"standard","meta":{"footnotes":""},"categories":[1,6745],"tags":[1373,1056,1402,4737,994,1899],"class_list":["post-421165","post","type-post","status-publish","format-standard","has-post-thumbnail","hentry","category-noticias","category-saude","tag-almada","tag-barreiro","tag-obstetricia","tag-partos","tag-setubal","tag-urgencias"],"yoast_head":"<!-- This site is optimized with the Yoast SEO plugin v27.2 - https:\/\/yoast.com\/product\/yoast-seo-wordpress\/ -->\n<title>Nova urg\u00eancia de obstetr\u00edcia e ginecologia no Garcia de Orta abre a 15 de Abril - Portal Tela Portugal<\/title>\n<meta name=\"robots\" content=\"index, follow, max-snippet:-1, max-image-preview:large, max-video-preview:-1\" \/>\n<meta property=\"og:locale\" content=\"pt_PT\" \/>\n<meta property=\"og:type\" content=\"article\" \/>\n<meta property=\"og:title\" content=\"Nova urg\u00eancia de obstetr\u00edcia e ginecologia no Garcia de Orta abre a 15 de Abril - Portal Tela Portugal\" \/>\n<meta property=\"og:description\" content=\"A urg\u00eancia regional de obstetr\u00edcia e ginecologia da Pen\u00ednsula de Set\u00fabal, no Hospital Garcia de Orta, arrancar\u00e1 \u00e0s 9 horas de 15 de abril. O protocolo de coopera\u00e7\u00e3o para a operacionaliza\u00e7\u00e3o da urg\u00eancia centralizada foi assinado, envolvendo as administra\u00e7\u00f5es das ULS de Almada-Seixal, Arco Ribeirinho e Arr\u00e1bida. A primeira urg\u00eancia regional a avan\u00e7ar foi Loures-Odivelas\/Estu\u00e1rio doTejo, com o servi\u00e7o centralizado no Hospital Beatriz \u00c2ngelo, a 16 de mar\u00e7o. O Barreiro poder\u00e1 integrar equipas que reunirem condi\u00e7\u00f5es; a urg\u00eancia do Barreiro ser\u00e1 encerrada, mantendo partos programados, enquanto a urg\u00eancia de Set\u00fabal ficar\u00e1 para INEM. A governan\u00e7a da Sa\u00fade aponta que, para al\u00e9m da obstetr\u00edcia, v\u00e3o surgir urg\u00eancias regionais de cirurgia e ortopedia na regi\u00e3o, visando reduzir a sobrecarga nas tr\u00eas portas de entrada da Pen\u00ednsula de Set\u00fabal.\" \/>\n<meta property=\"og:url\" content=\"https:\/\/portaltela.pt\/noticias\/2026\/03\/25\/nova-urgencia-de-obstetricia-e-ginecologia-no-garcia-de-orta-abre-a-15-de-abril\/\" \/>\n<meta property=\"og:site_name\" content=\"Portal Tela Portugal\" \/>\n<meta property=\"article:published_time\" content=\"2026-03-25T16:45:00+00:00\" \/>\n<meta name=\"author\" content=\"Telinha\" \/>\n<meta name=\"twitter:card\" content=\"summary_large_image\" \/>\n<meta name=\"twitter:label1\" content=\"Escrito por\" \/>\n\t<meta name=\"twitter:data1\" content=\"Telinha\" \/>\n\t<meta name=\"twitter:label2\" content=\"Tempo estimado de leitura\" \/>\n\t<meta name=\"twitter:data2\" content=\"1 minuto\" \/>\n<script type=\"application\/ld+json\" class=\"yoast-schema-graph\">{\"@context\":\"https:\/\/schema.org\",\"@graph\":[{\"@type\":\"Article\",\"@id\":\"https:\/\/portaltela.pt\/noticias\/2026\/03\/25\/nova-urgencia-de-obstetricia-e-ginecologia-no-garcia-de-orta-abre-a-15-de-abril\/#article\",\"isPartOf\":{\"@id\":\"https:\/\/portaltela.pt\/noticias\/2026\/03\/25\/nova-urgencia-de-obstetricia-e-ginecologia-no-garcia-de-orta-abre-a-15-de-abril\/\"},\"author\":{\"name\":\"Telinha\",\"@id\":\"https:\/\/portaltela.pt\/#\/schema\/person\/c4278d4a6028830caff9ee44b42d32ed\"},\"headline\":\"Nova urg\u00eancia de obstetr\u00edcia e ginecologia no Garcia de Orta abre a 15 de Abril\",\"datePublished\":\"2026-03-25T16:45:00+00:00\",\"mainEntityOfPage\":{\"@id\":\"https:\/\/portaltela.pt\/noticias\/2026\/03\/25\/nova-urgencia-de-obstetricia-e-ginecologia-no-garcia-de-orta-abre-a-15-de-abril\/\"},\"wordCount\":235,\"image\":{\"@id\":\"https:\/\/portaltela.pt\/noticias\/2026\/03\/25\/nova-urgencia-de-obstetricia-e-ginecologia-no-garcia-de-orta-abre-a-15-de-abril\/#primaryimage\"},\"thumbnailUrl\":\"https:\/\/portaltela.pt\/s.01k8rhncp4jt1\/2026\/03\/tpUHdbIMAGENStypeJPGshare1oBarraFacebook_Publico-64.jpg\",\"keywords\":[\"Almada\",\"Barreiro\",\"Obstetr\u00edcia\",\"Partos\",\"Set\u00fabal\",\"urg\u00eancias\"],\"articleSection\":[\"Not\u00edcias\",\"Sa\u00fade\"],\"inLanguage\":\"pt-PT\"},{\"@type\":\"WebPage\",\"@id\":\"https:\/\/portaltela.pt\/noticias\/2026\/03\/25\/nova-urgencia-de-obstetricia-e-ginecologia-no-garcia-de-orta-abre-a-15-de-abril\/\",\"url\":\"https:\/\/portaltela.pt\/noticias\/2026\/03\/25\/nova-urgencia-de-obstetricia-e-ginecologia-no-garcia-de-orta-abre-a-15-de-abril\/\",\"name\":\"Nova urg\u00eancia de obstetr\u00edcia e ginecologia no Garcia de Orta abre a 15 de Abril - Portal Tela Portugal\",\"isPartOf\":{\"@id\":\"https:\/\/portaltela.pt\/#website\"},\"primaryImageOfPage\":{\"@id\":\"https:\/\/portaltela.pt\/noticias\/2026\/03\/25\/nova-urgencia-de-obstetricia-e-ginecologia-no-garcia-de-orta-abre-a-15-de-abril\/#primaryimage\"},\"image\":{\"@id\":\"https:\/\/portaltela.pt\/noticias\/2026\/03\/25\/nova-urgencia-de-obstetricia-e-ginecologia-no-garcia-de-orta-abre-a-15-de-abril\/#primaryimage\"},\"thumbnailUrl\":\"https:\/\/portaltela.pt\/s.01k8rhncp4jt1\/2026\/03\/tpUHdbIMAGENStypeJPGshare1oBarraFacebook_Publico-64.jpg\",\"datePublished\":\"2026-03-25T16:45:00+00:00\",\"author\":{\"@id\":\"https:\/\/portaltela.pt\/#\/schema\/person\/c4278d4a6028830caff9ee44b42d32ed\"},\"breadcrumb\":{\"@id\":\"https:\/\/portaltela.pt\/noticias\/2026\/03\/25\/nova-urgencia-de-obstetricia-e-ginecologia-no-garcia-de-orta-abre-a-15-de-abril\/#breadcrumb\"},\"inLanguage\":\"pt-PT\",\"potentialAction\":[{\"@type\":\"ReadAction\",\"target\":[\"https:\/\/portaltela.pt\/noticias\/2026\/03\/25\/nova-urgencia-de-obstetricia-e-ginecologia-no-garcia-de-orta-abre-a-15-de-abril\/\"]}]},{\"@type\":\"ImageObject\",\"inLanguage\":\"pt-PT\",\"@id\":\"https:\/\/portaltela.pt\/noticias\/2026\/03\/25\/nova-urgencia-de-obstetricia-e-ginecologia-no-garcia-de-orta-abre-a-15-de-abril\/#primaryimage\",\"url\":\"https:\/\/portaltela.pt\/s.01k8rhncp4jt1\/2026\/03\/tpUHdbIMAGENStypeJPGshare1oBarraFacebook_Publico-64.jpg\",\"contentUrl\":\"https:\/\/portaltela.pt\/s.01k8rhncp4jt1\/2026\/03\/tpUHdbIMAGENStypeJPGshare1oBarraFacebook_Publico-64.jpg\",\"width\":1200,\"height\":630,\"caption\":\"Hospital Garcia de Orta vai concentrar a urg\u00eancia regional\"},{\"@type\":\"BreadcrumbList\",\"@id\":\"https:\/\/portaltela.pt\/noticias\/2026\/03\/25\/nova-urgencia-de-obstetricia-e-ginecologia-no-garcia-de-orta-abre-a-15-de-abril\/#breadcrumb\",\"itemListElement\":[{\"@type\":\"ListItem\",\"position\":1,\"name\":\"In\u00edcio\",\"item\":\"https:\/\/portaltela.pt\/\"},{\"@type\":\"ListItem\",\"position\":2,\"name\":\"Nova urg\u00eancia de obstetr\u00edcia e ginecologia no Garcia de Orta abre a 15 de Abril\"}]},{\"@type\":\"WebSite\",\"@id\":\"https:\/\/portaltela.pt\/#website\",\"url\":\"https:\/\/portaltela.pt\/\",\"name\":\"Portal Tela Portugal\",\"description\":\"\",\"potentialAction\":[{\"@type\":\"SearchAction\",\"target\":{\"@type\":\"EntryPoint\",\"urlTemplate\":\"https:\/\/portaltela.pt\/?s={search_term_string}\"},\"query-input\":{\"@type\":\"PropertyValueSpecification\",\"valueRequired\":true,\"valueName\":\"search_term_string\"}}],\"inLanguage\":\"pt-PT\"},{\"@type\":\"Person\",\"@id\":\"https:\/\/portaltela.pt\/#\/schema\/person\/c4278d4a6028830caff9ee44b42d32ed\",\"name\":\"Telinha\",\"image\":{\"@type\":\"ImageObject\",\"inLanguage\":\"pt-PT\",\"@id\":\"https:\/\/portaltela.pt\/s.01k8rhncp4jt1\/2025\/11\/talking-bot-125x125.png\",\"url\":\"https:\/\/portaltela.pt\/s.01k8rhncp4jt1\/2025\/11\/talking-bot-125x125.png\",\"contentUrl\":\"https:\/\/portaltela.pt\/s.01k8rhncp4jt1\/2025\/11\/talking-bot-125x125.png\",\"caption\":\"Telinha\"},\"sameAs\":[\"https:\/\/portaltela.pt\/\"],\"url\":\"https:\/\/portaltela.pt\/por\/367410592786\/\"}]}<\/script>\n<!-- \/ Yoast SEO plugin. -->","yoast_head_json":{"title":"Nova urg\u00eancia de obstetr\u00edcia e ginecologia no Garcia de Orta abre a 15 de Abril - Portal Tela Portugal","robots":{"index":"index","follow":"follow","max-snippet":"max-snippet:-1","max-image-preview":"max-image-preview:large","max-video-preview":"max-video-preview:-1"},"og_locale":"pt_PT","og_type":"article","og_title":"Nova urg\u00eancia de obstetr\u00edcia e ginecologia no Garcia de Orta abre a 15 de Abril - Portal Tela Portugal","og_description":"A urg\u00eancia regional de obstetr\u00edcia e ginecologia da Pen\u00ednsula de Set\u00fabal, no Hospital Garcia de Orta, arrancar\u00e1 \u00e0s 9 horas de 15 de abril. O protocolo de coopera\u00e7\u00e3o para a operacionaliza\u00e7\u00e3o da urg\u00eancia centralizada foi assinado, envolvendo as administra\u00e7\u00f5es das ULS de Almada-Seixal, Arco Ribeirinho e Arr\u00e1bida. A primeira urg\u00eancia regional a avan\u00e7ar foi Loures-Odivelas\/Estu\u00e1rio doTejo, com o servi\u00e7o centralizado no Hospital Beatriz \u00c2ngelo, a 16 de mar\u00e7o. O Barreiro poder\u00e1 integrar equipas que reunirem condi\u00e7\u00f5es; a urg\u00eancia do Barreiro ser\u00e1 encerrada, mantendo partos programados, enquanto a urg\u00eancia de Set\u00fabal ficar\u00e1 para INEM. A governan\u00e7a da Sa\u00fade aponta que, para al\u00e9m da obstetr\u00edcia, v\u00e3o surgir urg\u00eancias regionais de cirurgia e ortopedia na regi\u00e3o, visando reduzir a sobrecarga nas tr\u00eas portas de entrada da Pen\u00ednsula de Set\u00fabal.","og_url":"https:\/\/portaltela.pt\/noticias\/2026\/03\/25\/nova-urgencia-de-obstetricia-e-ginecologia-no-garcia-de-orta-abre-a-15-de-abril\/","og_site_name":"Portal Tela Portugal","article_published_time":"2026-03-25T16:45:00+00:00","author":"Telinha","twitter_card":"summary_large_image","twitter_misc":{"Escrito por":"Telinha","Tempo estimado de leitura":"1 minuto"},"schema":{"@context":"https:\/\/schema.org","@graph":[{"@type":"Article","@id":"https:\/\/portaltela.pt\/noticias\/2026\/03\/25\/nova-urgencia-de-obstetricia-e-ginecologia-no-garcia-de-orta-abre-a-15-de-abril\/#article","isPartOf":{"@id":"https:\/\/portaltela.pt\/noticias\/2026\/03\/25\/nova-urgencia-de-obstetricia-e-ginecologia-no-garcia-de-orta-abre-a-15-de-abril\/"},"author":{"name":"Telinha","@id":"https:\/\/portaltela.pt\/#\/schema\/person\/c4278d4a6028830caff9ee44b42d32ed"},"headline":"Nova urg\u00eancia de obstetr\u00edcia e ginecologia no Garcia de Orta abre a 15 de Abril","datePublished":"2026-03-25T16:45:00+00:00","mainEntityOfPage":{"@id":"https:\/\/portaltela.pt\/noticias\/2026\/03\/25\/nova-urgencia-de-obstetricia-e-ginecologia-no-garcia-de-orta-abre-a-15-de-abril\/"},"wordCount":235,"image":{"@id":"https:\/\/portaltela.pt\/noticias\/2026\/03\/25\/nova-urgencia-de-obstetricia-e-ginecologia-no-garcia-de-orta-abre-a-15-de-abril\/#primaryimage"},"thumbnailUrl":"https:\/\/portaltela.pt\/s.01k8rhncp4jt1\/2026\/03\/tpUHdbIMAGENStypeJPGshare1oBarraFacebook_Publico-64.jpg","keywords":["Almada","Barreiro","Obstetr\u00edcia","Partos","Set\u00fabal","urg\u00eancias"],"articleSection":["Not\u00edcias","Sa\u00fade"],"inLanguage":"pt-PT"},{"@type":"WebPage","@id":"https:\/\/portaltela.pt\/noticias\/2026\/03\/25\/nova-urgencia-de-obstetricia-e-ginecologia-no-garcia-de-orta-abre-a-15-de-abril\/","url":"https:\/\/portaltela.pt\/noticias\/2026\/03\/25\/nova-urgencia-de-obstetricia-e-ginecologia-no-garcia-de-orta-abre-a-15-de-abril\/","name":"Nova urg\u00eancia de obstetr\u00edcia e ginecologia no Garcia de Orta abre a 15 de Abril - Portal Tela Portugal","isPartOf":{"@id":"https:\/\/portaltela.pt\/#website"},"primaryImageOfPage":{"@id":"https:\/\/portaltela.pt\/noticias\/2026\/03\/25\/nova-urgencia-de-obstetricia-e-ginecologia-no-garcia-de-orta-abre-a-15-de-abril\/#primaryimage"},"image":{"@id":"https:\/\/portaltela.pt\/noticias\/2026\/03\/25\/nova-urgencia-de-obstetricia-e-ginecologia-no-garcia-de-orta-abre-a-15-de-abril\/#primaryimage"},"thumbnailUrl":"https:\/\/portaltela.pt\/s.01k8rhncp4jt1\/2026\/03\/tpUHdbIMAGENStypeJPGshare1oBarraFacebook_Publico-64.jpg","datePublished":"2026-03-25T16:45:00+00:00","author":{"@id":"https:\/\/portaltela.pt\/#\/schema\/person\/c4278d4a6028830caff9ee44b42d32ed"},"breadcrumb":{"@id":"https:\/\/portaltela.pt\/noticias\/2026\/03\/25\/nova-urgencia-de-obstetricia-e-ginecologia-no-garcia-de-orta-abre-a-15-de-abril\/#breadcrumb"},"inLanguage":"pt-PT","potentialAction":[{"@type":"ReadAction","target":["https:\/\/portaltela.pt\/noticias\/2026\/03\/25\/nova-urgencia-de-obstetricia-e-ginecologia-no-garcia-de-orta-abre-a-15-de-abril\/"]}]},{"@type":"ImageObject","inLanguage":"pt-PT","@id":"https:\/\/portaltela.pt\/noticias\/2026\/03\/25\/nova-urgencia-de-obstetricia-e-ginecologia-no-garcia-de-orta-abre-a-15-de-abril\/#primaryimage","url":"https:\/\/portaltela.pt\/s.01k8rhncp4jt1\/2026\/03\/tpUHdbIMAGENStypeJPGshare1oBarraFacebook_Publico-64.jpg","contentUrl":"https:\/\/portaltela.pt\/s.01k8rhncp4jt1\/2026\/03\/tpUHdbIMAGENStypeJPGshare1oBarraFacebook_Publico-64.jpg","width":1200,"height":630,"caption":"Hospital Garcia de Orta vai concentrar a urg\u00eancia regional"},{"@type":"BreadcrumbList","@id":"https:\/\/portaltela.pt\/noticias\/2026\/03\/25\/nova-urgencia-de-obstetricia-e-ginecologia-no-garcia-de-orta-abre-a-15-de-abril\/#breadcrumb","itemListElement":[{"@type":"ListItem","position":1,"name":"In\u00edcio","item":"https:\/\/portaltela.pt\/"},{"@type":"ListItem","position":2,"name":"Nova urg\u00eancia de obstetr\u00edcia e ginecologia no Garcia de Orta abre a 15 de Abril"}]},{"@type":"WebSite","@id":"https:\/\/portaltela.pt\/#website","url":"https:\/\/portaltela.pt\/","name":"Portal Tela Portugal","description":"","potentialAction":[{"@type":"SearchAction","target":{"@type":"EntryPoint","urlTemplate":"https:\/\/portaltela.pt\/?s={search_term_string}"},"query-input":{"@type":"PropertyValueSpecification","valueRequired":true,"valueName":"search_term_string"}}],"inLanguage":"pt-PT"},{"@type":"Person","@id":"https:\/\/portaltela.pt\/#\/schema\/person\/c4278d4a6028830caff9ee44b42d32ed","name":"Telinha","image":{"@type":"ImageObject","inLanguage":"pt-PT","@id":"https:\/\/portaltela.pt\/s.01k8rhncp4jt1\/2025\/11\/talking-bot-125x125.png","url":"https:\/\/portaltela.pt\/s.01k8rhncp4jt1\/2025\/11\/talking-bot-125x125.png","contentUrl":"https:\/\/portaltela.pt\/s.01k8rhncp4jt1\/2025\/11\/talking-bot-125x125.png","caption":"Telinha"},"sameAs":["https:\/\/portaltela.pt\/"],"url":"https:\/\/portaltela.pt\/por\/367410592786\/"}]}},"_links":{"self":[{"href":"https:\/\/portaltela.pt\/api\/wp\/v2\/posts\/421165","targetHints":{"allow":["GET"]}}],"collection":[{"href":"https:\/\/portaltela.pt\/api\/wp\/v2\/posts"}],"about":[{"href":"https:\/\/portaltela.pt\/api\/wp\/v2\/types\/post"}],"author":[{"embeddable":true,"href":"https:\/\/portaltela.pt\/api\/wp\/v2\/users\/2"}],"replies":[{"embeddable":true,"href":"https:\/\/portaltela.pt\/api\/wp\/v2\/comments?post=421165"}],"version-history":[{"count":0,"href":"https:\/\/portaltela.pt\/api\/wp\/v2\/posts\/421165\/revisions"}],"wp:featuredmedia":[{"embeddable":true,"href":"https:\/\/portaltela.pt\/api\/wp\/v2\/media\/421167"}],"wp:attachment":[{"href":"https:\/\/portaltela.pt\/api\/wp\/v2\/media?parent=421165"}],"wp:term":[{"taxonomy":"category","embeddable":true,"href":"https:\/\/portaltela.pt\/api\/wp\/v2\/categories?post=421165"},{"taxonomy":"post_tag","embeddable":true,"href":"https:\/\/portaltela.pt\/api\/wp\/v2\/tags?post=421165"}],"curies":[{"name":"wp","href":"https:\/\/api.w.org\/{rel}","templated":true}]}}