{"id":421155,"date":"2026-03-25T13:47:01","date_gmt":"2026-03-25T16:47:01","guid":{"rendered":"https:\/\/portaltela.pt\/noticias\/2026\/03\/25\/condutor-de-camiao-em-estado-critico-apos-despiste-em-rio-caldo-chega-ao-hospital-de-braga\/"},"modified":"2026-03-25T13:47:01","modified_gmt":"2026-03-25T16:47:01","slug":"condutor-de-camiao-em-estado-critico-apos-despiste-em-rio-caldo-chega-ao-hospital-de-braga","status":"publish","type":"post","link":"https:\/\/portaltela.pt\/noticias\/2026\/03\/25\/condutor-de-camiao-em-estado-critico-apos-despiste-em-rio-caldo-chega-ao-hospital-de-braga\/","title":{"rendered":"Condutor de cami\u00e3o em estado cr\u00edtico ap\u00f3s despiste em Rio Caldo chega ao Hospital de Braga"},"content":{"rendered":"<p>Um cami\u00e3o despistou-se em Rio Caldo, Braga, deixando o condutor em estado cr\u00edtico. O acidente ocorreu na manh\u00e3 de hoje. O ferido foi estabilizado no local e transportado para o Hospital de Braga por via a\u00e9rea.<\/p>\n<p>O helic\u00f3ptero do INEM foi mobilizado para garantir rapidez no translado. A v\u00edtima sofreu ferimentos graves e aguarda avalia\u00e7\u00e3o m\u00e9dica especializada na unidade hospitalar.<\/p>\n<p>A Pol\u00edcia de Braga est\u00e1 a investigar as causas do despiste. A faixa de rodagem esteve parcialmente cortada durante o atendimento de emerg\u00eancia, mantendo-se depois reaberta.<\/p>\n<h3>Investiga\u00e7\u00f5es em curso<\/h3>\n<p>O Hospital de Braga confirmou a admiss\u00e3o do condutor em estado grave, com equipas m\u00e9dicas a trabalhar para estabiliza\u00e7\u00e3o. A autoridade policial continuar\u00e1 a apurar as circunst\u00e2ncias do acidente.<\/p>\n<p>A comunidade local acompanha o estado de sa\u00fade do condutor, enquanto as autoridades apelam \u00e0 condu\u00e7\u00e3o prudente, sobretudo em condi\u00e7\u00f5es meteorol\u00f3gicas adversas. N\u00e3o h\u00e1 ainda conclus\u00e3o sobre as causas.<\/p>\n<p>A CMTV acompanha o caso e far\u00e1 atualiza\u00e7\u00f5es \u00e0 medida que novas informa\u00e7\u00f5es forem dispon\u00edveis.<\/p>\n","protected":false},"excerpt":{"rendered":"<ul>\n<li>O condutor de um cami\u00e3o ficou em estado cr\u00edtico ap\u00f3s um despiste em Rio Caldo, Braga, na manh\u00e3 de hoje.<\/li>\n<li>O helic\u00f3ptero do INEM foi mobilizado e o ferido foi estabilizado no local antes de ser transportado para o Hospital de Braga.<\/li>\n<li>O Hospital de Braga confirmou a admiss\u00e3o da v\u00edtima em estado grave, com a equipa m\u00e9dica a trabalhar para a estabilizar.<\/li>\n<li>A Pol\u00edcia de Braga investiga as causas do despiste, com a via parcialmente cortada durante as opera\u00e7\u00f5es de emerg\u00eancia e j\u00e1 restabelecida.<\/li>\n<li>As autoridades apelam \u00e0 prud\u00eancia na condu\u00e7\u00e3o, especialmente em condi\u00e7\u00f5es meteorol\u00f3gicas adversas, com a CMTV a acompanhar o caso.<\/li>\n<\/ul>\n","protected":false},"author":2,"featured_media":421160,"comment_status":"closed","ping_status":"closed","sticky":false,"template":"","format":"standard","meta":{"footnotes":""},"categories":[6849,1],"tags":[4169,1207,7239,1922,3418,192],"class_list":["post-421155","post","type-post","status-publish","format-standard","has-post-thumbnail","hentry","category-acidentes","category-noticias","tag-acidente-rodoviario","tag-braga","tag-hospitalizacoes","tag-inem","tag-policia-de-seguranca-publica","tag-transporte"],"yoast_head":"<!-- This site is optimized with the Yoast SEO plugin v27.2 - https:\/\/yoast.com\/product\/yoast-seo-wordpress\/ -->\n<title>Condutor de cami\u00e3o em estado cr\u00edtico ap\u00f3s despiste em Rio Caldo chega ao Hospital de Braga - Portal Tela Portugal<\/title>\n<meta name=\"robots\" content=\"index, follow, max-snippet:-1, max-image-preview:large, max-video-preview:-1\" \/>\n<meta property=\"og:locale\" content=\"pt_PT\" \/>\n<meta property=\"og:type\" content=\"article\" \/>\n<meta property=\"og:title\" content=\"Condutor de cami\u00e3o em estado cr\u00edtico ap\u00f3s despiste em Rio Caldo chega ao Hospital de Braga - Portal Tela Portugal\" \/>\n<meta property=\"og:description\" content=\"O condutor de um cami\u00e3o ficou em estado cr\u00edtico ap\u00f3s um despiste em Rio Caldo, Braga, na manh\u00e3 de hoje. O helic\u00f3ptero do INEM foi mobilizado e o ferido foi estabilizado no local antes de ser transportado para o Hospital de Braga. O Hospital de Braga confirmou a admiss\u00e3o da v\u00edtima em estado grave, com a equipa m\u00e9dica a trabalhar para a estabilizar. A Pol\u00edcia de Braga investiga as causas do despiste, com a via parcialmente cortada durante as opera\u00e7\u00f5es de emerg\u00eancia e j\u00e1 restabelecida. As autoridades apelam \u00e0 prud\u00eancia na condu\u00e7\u00e3o, especialmente em condi\u00e7\u00f5es meteorol\u00f3gicas adversas, com a CMTV a acompanhar o caso.\" \/>\n<meta property=\"og:url\" content=\"https:\/\/portaltela.pt\/noticias\/2026\/03\/25\/condutor-de-camiao-em-estado-critico-apos-despiste-em-rio-caldo-chega-ao-hospital-de-braga\/\" \/>\n<meta property=\"og:site_name\" content=\"Portal Tela Portugal\" \/>\n<meta property=\"article:published_time\" content=\"2026-03-25T16:47:01+00:00\" \/>\n<meta name=\"author\" content=\"Telinha\" \/>\n<meta name=\"twitter:card\" content=\"summary_large_image\" \/>\n<meta name=\"twitter:label1\" content=\"Escrito por\" \/>\n\t<meta name=\"twitter:data1\" content=\"Telinha\" \/>\n\t<meta name=\"twitter:label2\" content=\"Tempo estimado de leitura\" \/>\n\t<meta name=\"twitter:data2\" content=\"1 minuto\" \/>\n<script type=\"application\/ld+json\" class=\"yoast-schema-graph\">{\"@context\":\"https:\/\/schema.org\",\"@graph\":[{\"@type\":\"Article\",\"@id\":\"https:\/\/portaltela.pt\/noticias\/2026\/03\/25\/condutor-de-camiao-em-estado-critico-apos-despiste-em-rio-caldo-chega-ao-hospital-de-braga\/#article\",\"isPartOf\":{\"@id\":\"https:\/\/portaltela.pt\/noticias\/2026\/03\/25\/condutor-de-camiao-em-estado-critico-apos-despiste-em-rio-caldo-chega-ao-hospital-de-braga\/\"},\"author\":{\"name\":\"Telinha\",\"@id\":\"https:\/\/portaltela.pt\/#\/schema\/person\/c4278d4a6028830caff9ee44b42d32ed\"},\"headline\":\"Condutor de cami\u00e3o em estado cr\u00edtico ap\u00f3s despiste em Rio Caldo chega ao Hospital de Braga\",\"datePublished\":\"2026-03-25T16:47:01+00:00\",\"mainEntityOfPage\":{\"@id\":\"https:\/\/portaltela.pt\/noticias\/2026\/03\/25\/condutor-de-camiao-em-estado-critico-apos-despiste-em-rio-caldo-chega-ao-hospital-de-braga\/\"},\"wordCount\":202,\"image\":{\"@id\":\"https:\/\/portaltela.pt\/noticias\/2026\/03\/25\/condutor-de-camiao-em-estado-critico-apos-despiste-em-rio-caldo-chega-ao-hospital-de-braga\/#primaryimage\"},\"thumbnailUrl\":\"https:\/\/portaltela.pt\/s.01k8rhncp4jt1\/2026\/03\/img_1280x722uu2026-03-25-16-45-25-2274772.jpg\",\"keywords\":[\"acidente rodovi\u00e1rio\",\"Braga\",\"hospitaliza\u00e7\u00f5es\",\"INEM\",\"Pol\u00edcia de Seguran\u00e7a P\u00fablica\",\"transporte\"],\"articleSection\":[\"Acidentes\",\"Not\u00edcias\"],\"inLanguage\":\"pt-PT\"},{\"@type\":\"WebPage\",\"@id\":\"https:\/\/portaltela.pt\/noticias\/2026\/03\/25\/condutor-de-camiao-em-estado-critico-apos-despiste-em-rio-caldo-chega-ao-hospital-de-braga\/\",\"url\":\"https:\/\/portaltela.pt\/noticias\/2026\/03\/25\/condutor-de-camiao-em-estado-critico-apos-despiste-em-rio-caldo-chega-ao-hospital-de-braga\/\",\"name\":\"Condutor de cami\u00e3o em estado cr\u00edtico ap\u00f3s despiste em Rio Caldo chega ao Hospital de Braga - Portal Tela Portugal\",\"isPartOf\":{\"@id\":\"https:\/\/portaltela.pt\/#website\"},\"primaryImageOfPage\":{\"@id\":\"https:\/\/portaltela.pt\/noticias\/2026\/03\/25\/condutor-de-camiao-em-estado-critico-apos-despiste-em-rio-caldo-chega-ao-hospital-de-braga\/#primaryimage\"},\"image\":{\"@id\":\"https:\/\/portaltela.pt\/noticias\/2026\/03\/25\/condutor-de-camiao-em-estado-critico-apos-despiste-em-rio-caldo-chega-ao-hospital-de-braga\/#primaryimage\"},\"thumbnailUrl\":\"https:\/\/portaltela.pt\/s.01k8rhncp4jt1\/2026\/03\/img_1280x722uu2026-03-25-16-45-25-2274772.jpg\",\"datePublished\":\"2026-03-25T16:47:01+00:00\",\"author\":{\"@id\":\"https:\/\/portaltela.pt\/#\/schema\/person\/c4278d4a6028830caff9ee44b42d32ed\"},\"breadcrumb\":{\"@id\":\"https:\/\/portaltela.pt\/noticias\/2026\/03\/25\/condutor-de-camiao-em-estado-critico-apos-despiste-em-rio-caldo-chega-ao-hospital-de-braga\/#breadcrumb\"},\"inLanguage\":\"pt-PT\",\"potentialAction\":[{\"@type\":\"ReadAction\",\"target\":[\"https:\/\/portaltela.pt\/noticias\/2026\/03\/25\/condutor-de-camiao-em-estado-critico-apos-despiste-em-rio-caldo-chega-ao-hospital-de-braga\/\"]}]},{\"@type\":\"ImageObject\",\"inLanguage\":\"pt-PT\",\"@id\":\"https:\/\/portaltela.pt\/noticias\/2026\/03\/25\/condutor-de-camiao-em-estado-critico-apos-despiste-em-rio-caldo-chega-ao-hospital-de-braga\/#primaryimage\",\"url\":\"https:\/\/portaltela.pt\/s.01k8rhncp4jt1\/2026\/03\/img_1280x722uu2026-03-25-16-45-25-2274772.jpg\",\"contentUrl\":\"https:\/\/portaltela.pt\/s.01k8rhncp4jt1\/2026\/03\/img_1280x722uu2026-03-25-16-45-25-2274772.jpg\",\"width\":1280,\"height\":722,\"caption\":\"Helic\u00f3ptero do INEM foi mobilizado para fazer o transporte da v\u00edtima para a unidade hospitalar.\"},{\"@type\":\"BreadcrumbList\",\"@id\":\"https:\/\/portaltela.pt\/noticias\/2026\/03\/25\/condutor-de-camiao-em-estado-critico-apos-despiste-em-rio-caldo-chega-ao-hospital-de-braga\/#breadcrumb\",\"itemListElement\":[{\"@type\":\"ListItem\",\"position\":1,\"name\":\"In\u00edcio\",\"item\":\"https:\/\/portaltela.pt\/\"},{\"@type\":\"ListItem\",\"position\":2,\"name\":\"Condutor de cami\u00e3o em estado cr\u00edtico ap\u00f3s despiste em Rio Caldo chega ao Hospital de Braga\"}]},{\"@type\":\"WebSite\",\"@id\":\"https:\/\/portaltela.pt\/#website\",\"url\":\"https:\/\/portaltela.pt\/\",\"name\":\"Portal Tela Portugal\",\"description\":\"\",\"potentialAction\":[{\"@type\":\"SearchAction\",\"target\":{\"@type\":\"EntryPoint\",\"urlTemplate\":\"https:\/\/portaltela.pt\/?s={search_term_string}\"},\"query-input\":{\"@type\":\"PropertyValueSpecification\",\"valueRequired\":true,\"valueName\":\"search_term_string\"}}],\"inLanguage\":\"pt-PT\"},{\"@type\":\"Person\",\"@id\":\"https:\/\/portaltela.pt\/#\/schema\/person\/c4278d4a6028830caff9ee44b42d32ed\",\"name\":\"Telinha\",\"image\":{\"@type\":\"ImageObject\",\"inLanguage\":\"pt-PT\",\"@id\":\"https:\/\/portaltela.pt\/s.01k8rhncp4jt1\/2025\/11\/talking-bot-125x125.png\",\"url\":\"https:\/\/portaltela.pt\/s.01k8rhncp4jt1\/2025\/11\/talking-bot-125x125.png\",\"contentUrl\":\"https:\/\/portaltela.pt\/s.01k8rhncp4jt1\/2025\/11\/talking-bot-125x125.png\",\"caption\":\"Telinha\"},\"sameAs\":[\"https:\/\/portaltela.pt\/\"],\"url\":\"https:\/\/portaltela.pt\/por\/367410592786\/\"}]}<\/script>\n<!-- \/ Yoast SEO plugin. -->","yoast_head_json":{"title":"Condutor de cami\u00e3o em estado cr\u00edtico ap\u00f3s despiste em Rio Caldo chega ao Hospital de Braga - Portal Tela Portugal","robots":{"index":"index","follow":"follow","max-snippet":"max-snippet:-1","max-image-preview":"max-image-preview:large","max-video-preview":"max-video-preview:-1"},"og_locale":"pt_PT","og_type":"article","og_title":"Condutor de cami\u00e3o em estado cr\u00edtico ap\u00f3s despiste em Rio Caldo chega ao Hospital de Braga - Portal Tela Portugal","og_description":"O condutor de um cami\u00e3o ficou em estado cr\u00edtico ap\u00f3s um despiste em Rio Caldo, Braga, na manh\u00e3 de hoje. O helic\u00f3ptero do INEM foi mobilizado e o ferido foi estabilizado no local antes de ser transportado para o Hospital de Braga. O Hospital de Braga confirmou a admiss\u00e3o da v\u00edtima em estado grave, com a equipa m\u00e9dica a trabalhar para a estabilizar. A Pol\u00edcia de Braga investiga as causas do despiste, com a via parcialmente cortada durante as opera\u00e7\u00f5es de emerg\u00eancia e j\u00e1 restabelecida. As autoridades apelam \u00e0 prud\u00eancia na condu\u00e7\u00e3o, especialmente em condi\u00e7\u00f5es meteorol\u00f3gicas adversas, com a CMTV a acompanhar o caso.","og_url":"https:\/\/portaltela.pt\/noticias\/2026\/03\/25\/condutor-de-camiao-em-estado-critico-apos-despiste-em-rio-caldo-chega-ao-hospital-de-braga\/","og_site_name":"Portal Tela Portugal","article_published_time":"2026-03-25T16:47:01+00:00","author":"Telinha","twitter_card":"summary_large_image","twitter_misc":{"Escrito por":"Telinha","Tempo estimado de leitura":"1 minuto"},"schema":{"@context":"https:\/\/schema.org","@graph":[{"@type":"Article","@id":"https:\/\/portaltela.pt\/noticias\/2026\/03\/25\/condutor-de-camiao-em-estado-critico-apos-despiste-em-rio-caldo-chega-ao-hospital-de-braga\/#article","isPartOf":{"@id":"https:\/\/portaltela.pt\/noticias\/2026\/03\/25\/condutor-de-camiao-em-estado-critico-apos-despiste-em-rio-caldo-chega-ao-hospital-de-braga\/"},"author":{"name":"Telinha","@id":"https:\/\/portaltela.pt\/#\/schema\/person\/c4278d4a6028830caff9ee44b42d32ed"},"headline":"Condutor de cami\u00e3o em estado cr\u00edtico ap\u00f3s despiste em Rio Caldo chega ao Hospital de Braga","datePublished":"2026-03-25T16:47:01+00:00","mainEntityOfPage":{"@id":"https:\/\/portaltela.pt\/noticias\/2026\/03\/25\/condutor-de-camiao-em-estado-critico-apos-despiste-em-rio-caldo-chega-ao-hospital-de-braga\/"},"wordCount":202,"image":{"@id":"https:\/\/portaltela.pt\/noticias\/2026\/03\/25\/condutor-de-camiao-em-estado-critico-apos-despiste-em-rio-caldo-chega-ao-hospital-de-braga\/#primaryimage"},"thumbnailUrl":"https:\/\/portaltela.pt\/s.01k8rhncp4jt1\/2026\/03\/img_1280x722uu2026-03-25-16-45-25-2274772.jpg","keywords":["acidente rodovi\u00e1rio","Braga","hospitaliza\u00e7\u00f5es","INEM","Pol\u00edcia de Seguran\u00e7a P\u00fablica","transporte"],"articleSection":["Acidentes","Not\u00edcias"],"inLanguage":"pt-PT"},{"@type":"WebPage","@id":"https:\/\/portaltela.pt\/noticias\/2026\/03\/25\/condutor-de-camiao-em-estado-critico-apos-despiste-em-rio-caldo-chega-ao-hospital-de-braga\/","url":"https:\/\/portaltela.pt\/noticias\/2026\/03\/25\/condutor-de-camiao-em-estado-critico-apos-despiste-em-rio-caldo-chega-ao-hospital-de-braga\/","name":"Condutor de cami\u00e3o em estado cr\u00edtico ap\u00f3s despiste em Rio Caldo chega ao Hospital de Braga - Portal Tela Portugal","isPartOf":{"@id":"https:\/\/portaltela.pt\/#website"},"primaryImageOfPage":{"@id":"https:\/\/portaltela.pt\/noticias\/2026\/03\/25\/condutor-de-camiao-em-estado-critico-apos-despiste-em-rio-caldo-chega-ao-hospital-de-braga\/#primaryimage"},"image":{"@id":"https:\/\/portaltela.pt\/noticias\/2026\/03\/25\/condutor-de-camiao-em-estado-critico-apos-despiste-em-rio-caldo-chega-ao-hospital-de-braga\/#primaryimage"},"thumbnailUrl":"https:\/\/portaltela.pt\/s.01k8rhncp4jt1\/2026\/03\/img_1280x722uu2026-03-25-16-45-25-2274772.jpg","datePublished":"2026-03-25T16:47:01+00:00","author":{"@id":"https:\/\/portaltela.pt\/#\/schema\/person\/c4278d4a6028830caff9ee44b42d32ed"},"breadcrumb":{"@id":"https:\/\/portaltela.pt\/noticias\/2026\/03\/25\/condutor-de-camiao-em-estado-critico-apos-despiste-em-rio-caldo-chega-ao-hospital-de-braga\/#breadcrumb"},"inLanguage":"pt-PT","potentialAction":[{"@type":"ReadAction","target":["https:\/\/portaltela.pt\/noticias\/2026\/03\/25\/condutor-de-camiao-em-estado-critico-apos-despiste-em-rio-caldo-chega-ao-hospital-de-braga\/"]}]},{"@type":"ImageObject","inLanguage":"pt-PT","@id":"https:\/\/portaltela.pt\/noticias\/2026\/03\/25\/condutor-de-camiao-em-estado-critico-apos-despiste-em-rio-caldo-chega-ao-hospital-de-braga\/#primaryimage","url":"https:\/\/portaltela.pt\/s.01k8rhncp4jt1\/2026\/03\/img_1280x722uu2026-03-25-16-45-25-2274772.jpg","contentUrl":"https:\/\/portaltela.pt\/s.01k8rhncp4jt1\/2026\/03\/img_1280x722uu2026-03-25-16-45-25-2274772.jpg","width":1280,"height":722,"caption":"Helic\u00f3ptero do INEM foi mobilizado para fazer o transporte da v\u00edtima para a unidade hospitalar."},{"@type":"BreadcrumbList","@id":"https:\/\/portaltela.pt\/noticias\/2026\/03\/25\/condutor-de-camiao-em-estado-critico-apos-despiste-em-rio-caldo-chega-ao-hospital-de-braga\/#breadcrumb","itemListElement":[{"@type":"ListItem","position":1,"name":"In\u00edcio","item":"https:\/\/portaltela.pt\/"},{"@type":"ListItem","position":2,"name":"Condutor de cami\u00e3o em estado cr\u00edtico ap\u00f3s despiste em Rio Caldo chega ao Hospital de Braga"}]},{"@type":"WebSite","@id":"https:\/\/portaltela.pt\/#website","url":"https:\/\/portaltela.pt\/","name":"Portal Tela Portugal","description":"","potentialAction":[{"@type":"SearchAction","target":{"@type":"EntryPoint","urlTemplate":"https:\/\/portaltela.pt\/?s={search_term_string}"},"query-input":{"@type":"PropertyValueSpecification","valueRequired":true,"valueName":"search_term_string"}}],"inLanguage":"pt-PT"},{"@type":"Person","@id":"https:\/\/portaltela.pt\/#\/schema\/person\/c4278d4a6028830caff9ee44b42d32ed","name":"Telinha","image":{"@type":"ImageObject","inLanguage":"pt-PT","@id":"https:\/\/portaltela.pt\/s.01k8rhncp4jt1\/2025\/11\/talking-bot-125x125.png","url":"https:\/\/portaltela.pt\/s.01k8rhncp4jt1\/2025\/11\/talking-bot-125x125.png","contentUrl":"https:\/\/portaltela.pt\/s.01k8rhncp4jt1\/2025\/11\/talking-bot-125x125.png","caption":"Telinha"},"sameAs":["https:\/\/portaltela.pt\/"],"url":"https:\/\/portaltela.pt\/por\/367410592786\/"}]}},"_links":{"self":[{"href":"https:\/\/portaltela.pt\/api\/wp\/v2\/posts\/421155","targetHints":{"allow":["GET"]}}],"collection":[{"href":"https:\/\/portaltela.pt\/api\/wp\/v2\/posts"}],"about":[{"href":"https:\/\/portaltela.pt\/api\/wp\/v2\/types\/post"}],"author":[{"embeddable":true,"href":"https:\/\/portaltela.pt\/api\/wp\/v2\/users\/2"}],"replies":[{"embeddable":true,"href":"https:\/\/portaltela.pt\/api\/wp\/v2\/comments?post=421155"}],"version-history":[{"count":0,"href":"https:\/\/portaltela.pt\/api\/wp\/v2\/posts\/421155\/revisions"}],"wp:featuredmedia":[{"embeddable":true,"href":"https:\/\/portaltela.pt\/api\/wp\/v2\/media\/421160"}],"wp:attachment":[{"href":"https:\/\/portaltela.pt\/api\/wp\/v2\/media?parent=421155"}],"wp:term":[{"taxonomy":"category","embeddable":true,"href":"https:\/\/portaltela.pt\/api\/wp\/v2\/categories?post=421155"},{"taxonomy":"post_tag","embeddable":true,"href":"https:\/\/portaltela.pt\/api\/wp\/v2\/tags?post=421155"}],"curies":[{"name":"wp","href":"https:\/\/api.w.org\/{rel}","templated":true}]}}