{"id":421153,"date":"2026-03-25T13:46:00","date_gmt":"2026-03-25T16:46:00","guid":{"rendered":"https:\/\/portaltela.pt\/noticias\/2026\/03\/25\/projeto-dos-salgueiros-para-novo-estadio-em-arca-d-agua-revela-detalhes\/"},"modified":"2026-03-25T13:46:00","modified_gmt":"2026-03-25T16:46:00","slug":"projeto-dos-salgueiros-para-novo-estadio-em-arca-d-agua-revela-detalhes","status":"publish","type":"post","link":"https:\/\/portaltela.pt\/desporto\/futebol\/2026\/03\/25\/projeto-dos-salgueiros-para-novo-estadio-em-arca-d-agua-revela-detalhes\/","title":{"rendered":"Projeto dos Salgueiros para novo est\u00e1dio em Arca d&#8217;\u00c1gua revela detalhes"},"content":{"rendered":"<p>O Salgueiros entregou na C\u00e2mara Municipal do Porto o projeto para o novo est\u00e1dio da freguesia de Arca d&#8217;\u00c1gua, numa interven\u00e7\u00e3o que marca uma viragem na hist\u00f3ria do clube. A proposta surge com a promessa de criar uma infraestrutura moderna para competir a n\u00edvel nacional.<\/p>\n<p>O emblema de Paranhos, com 24 participa\u00e7\u00f5es na primeira liga e a \u00faltima em 2001\/02, espera que o projeto acelere o regresso do clube \u00e0s competi\u00e7\u00f5es de alto n\u00edvel. A entrega foi feita para an\u00e1lise e eventual aprova\u00e7\u00e3o municipal.<\/p>\n<p>O presidente do Salgueiros, Pedro Seixas, mostrou-se confiante de que o processo avance de forma c\u00e9lere, destacando a relev\u00e2ncia desportiva e social do novo recinto para a comunidade local. A \u00e1rea elegida fica a poucos minutos a p\u00e9 da sede do clube.<\/p>\n<h3>Proposta apresentada<\/h3>\n<p>O projeto contempla um est\u00e1dio em Arca d&#8217;\u00c1gua que visa atender \u00e0s exig\u00eancias t\u00e9cnicas da federa\u00e7\u00e3o e aos padr\u00f5es de utilizadores. A infraestrutura dever\u00e1 incluir zonas administrativas, salas de imprensa e \u00e1reas de apoio ao pavil\u00e3o desportivo.<\/p>\n<p>A C\u00e2mara do Porto ainda n\u00e3o divulgou prazos para aprecia\u00e7\u00e3o, mas a direc\u00e7\u00e3o salgueirista aponta para uma aprecia\u00e7\u00e3o c\u00e9lere, de modo a permitir eventual constru\u00e7\u00e3o no m\u00e9dio prazo. A avalia\u00e7\u00e3o dever\u00e1 considerar impactos urban\u00edsticos e de mobilidade.<\/p>\n<h3>Contexto e pr\u00f3ximos passos<\/h3>\n<p>Al\u00e9m da viabilidade financeira, o clube dever\u00e1 apresentar contratos com entidades p\u00fablicas e privadas para financiamento e gest\u00e3o do espa\u00e7o. O Salgueiros pretende manter a identidade hist\u00f3rica enquanto moderniza as estruturas desportivas.<\/p>\n<p>O clube n\u00e3o adianta datas espec\u00edficas para in\u00edcio de obras, mas o objetivo \u00e9 assegurar uma solu\u00e7\u00e3o est\u00e1vel para as caminhadas de regresso \u00e0 competi\u00e7\u00e3o na m\u00e1xima categoria. O munic\u00edpio analisa impactos de infraestruturas locais.<\/p>\n","protected":false},"excerpt":{"rendered":"<ul>\n<li>O Salgueiros entregou \u00e0 C\u00e2mara Municipal do Porto o projeto para o novo est\u00e1dio em Arca d&#8217;\u00c1gua.<\/li>\n<\/ul>\n<p>\u2022<\/p>\n<p>A C\u00e2mara ficar\u00e1 respons\u00e1vel por analisar a viabilidade do projeto.<\/p>\n<p>\u2022<\/p>\n<p>O presidente do Salgueiros, Pedro Seixas, mostra-se confiante no projeto.<\/p>\n<p>\u2022<\/p>\n<p>O clube, hist\u00f3rico da freguesia de Paranhos, j\u00e1 participou 24 vezes na primeira liga, sendo a \u00faltima em 2001\/02.<\/p>\n<p>\u2022<\/p>\n<p>O novo est\u00e1dio fica a poucos minutos a p\u00e9 da sede do clube.<\/p>\n","protected":false},"author":2,"featured_media":421156,"comment_status":"closed","ping_status":"closed","sticky":false,"template":"","format":"standard","meta":{"footnotes":""},"categories":[21,24],"tags":[4143,5449,32,4580,982,3847],"class_list":["post-421153","post","type-post","status-publish","format-standard","has-post-thumbnail","hentry","category-desporto","category-futebol","tag-1-liga","tag-camara-municipal","tag-futebol","tag-instalacao-desportiva","tag-porto","tag-salgueiros"],"yoast_head":"<!-- This site is optimized with the Yoast SEO plugin v27.2 - https:\/\/yoast.com\/product\/yoast-seo-wordpress\/ -->\n<title>Projeto dos Salgueiros para novo est\u00e1dio em Arca d&#039;\u00c1gua revela detalhes - Portal Tela Portugal<\/title>\n<meta name=\"robots\" content=\"index, follow, max-snippet:-1, max-image-preview:large, max-video-preview:-1\" \/>\n<meta property=\"og:locale\" content=\"pt_PT\" \/>\n<meta property=\"og:type\" content=\"article\" \/>\n<meta property=\"og:title\" content=\"Projeto dos Salgueiros para novo est\u00e1dio em Arca d&#039;\u00c1gua revela detalhes - Portal Tela Portugal\" \/>\n<meta property=\"og:description\" content=\"O Salgueiros entregou \u00e0 C\u00e2mara Municipal do Porto o projeto para o novo est\u00e1dio em Arca d&#039;\u00c1gua. \u2022 A C\u00e2mara ficar\u00e1 respons\u00e1vel por analisar a viabilidade do projeto. \u2022 O presidente do Salgueiros, Pedro Seixas, mostra-se confiante no projeto. \u2022 O clube, hist\u00f3rico da freguesia de Paranhos, j\u00e1 participou 24 vezes na primeira liga, sendo a \u00faltima em 2001\/02. \u2022 O novo est\u00e1dio fica a poucos minutos a p\u00e9 da sede do clube.\" \/>\n<meta property=\"og:url\" content=\"https:\/\/portaltela.pt\/noticias\/2026\/03\/25\/projeto-dos-salgueiros-para-novo-estadio-em-arca-d-agua-revela-detalhes\/\" \/>\n<meta property=\"og:site_name\" content=\"Portal Tela Portugal\" \/>\n<meta property=\"article:published_time\" content=\"2026-03-25T16:46:00+00:00\" \/>\n<meta name=\"author\" content=\"Telinha\" \/>\n<meta name=\"twitter:card\" content=\"summary_large_image\" \/>\n<meta name=\"twitter:label1\" content=\"Escrito por\" \/>\n\t<meta name=\"twitter:data1\" content=\"Telinha\" \/>\n\t<meta name=\"twitter:label2\" content=\"Tempo estimado de leitura\" \/>\n\t<meta name=\"twitter:data2\" content=\"2 minutos\" \/>\n<script type=\"application\/ld+json\" class=\"yoast-schema-graph\">{\"@context\":\"https:\/\/schema.org\",\"@graph\":[{\"@type\":\"Article\",\"@id\":\"https:\/\/portaltela.pt\/noticias\/2026\/03\/25\/projeto-dos-salgueiros-para-novo-estadio-em-arca-d-agua-revela-detalhes\/#article\",\"isPartOf\":{\"@id\":\"https:\/\/portaltela.pt\/noticias\/2026\/03\/25\/projeto-dos-salgueiros-para-novo-estadio-em-arca-d-agua-revela-detalhes\/\"},\"author\":{\"name\":\"Telinha\",\"@id\":\"https:\/\/portaltela.pt\/#\/schema\/person\/c4278d4a6028830caff9ee44b42d32ed\"},\"headline\":\"Projeto dos Salgueiros para novo est\u00e1dio em Arca d&#8217;\u00c1gua revela detalhes\",\"datePublished\":\"2026-03-25T16:46:00+00:00\",\"mainEntityOfPage\":{\"@id\":\"https:\/\/portaltela.pt\/noticias\/2026\/03\/25\/projeto-dos-salgueiros-para-novo-estadio-em-arca-d-agua-revela-detalhes\/\"},\"wordCount\":326,\"image\":{\"@id\":\"https:\/\/portaltela.pt\/noticias\/2026\/03\/25\/projeto-dos-salgueiros-para-novo-estadio-em-arca-d-agua-revela-detalhes\/#primaryimage\"},\"thumbnailUrl\":\"https:\/\/portaltela.pt\/s.01k8rhncp4jt1\/2026\/03\/img_293x165uu2026-03-25-15-15-36-2429312-im-639100486947404807.jpg\",\"keywords\":[\"1. Liga\",\"C\u00e2mara Municipal\",\"futebol\",\"instala\u00e7\u00e3o desportiva\",\"Porto\",\"Salgueiros\"],\"articleSection\":[\"Desporto\",\"Futebol\"],\"inLanguage\":\"pt-PT\"},{\"@type\":\"WebPage\",\"@id\":\"https:\/\/portaltela.pt\/noticias\/2026\/03\/25\/projeto-dos-salgueiros-para-novo-estadio-em-arca-d-agua-revela-detalhes\/\",\"url\":\"https:\/\/portaltela.pt\/noticias\/2026\/03\/25\/projeto-dos-salgueiros-para-novo-estadio-em-arca-d-agua-revela-detalhes\/\",\"name\":\"Projeto dos Salgueiros para novo est\u00e1dio em Arca d'\u00c1gua revela detalhes - Portal Tela Portugal\",\"isPartOf\":{\"@id\":\"https:\/\/portaltela.pt\/#website\"},\"primaryImageOfPage\":{\"@id\":\"https:\/\/portaltela.pt\/noticias\/2026\/03\/25\/projeto-dos-salgueiros-para-novo-estadio-em-arca-d-agua-revela-detalhes\/#primaryimage\"},\"image\":{\"@id\":\"https:\/\/portaltela.pt\/noticias\/2026\/03\/25\/projeto-dos-salgueiros-para-novo-estadio-em-arca-d-agua-revela-detalhes\/#primaryimage\"},\"thumbnailUrl\":\"https:\/\/portaltela.pt\/s.01k8rhncp4jt1\/2026\/03\/img_293x165uu2026-03-25-15-15-36-2429312-im-639100486947404807.jpg\",\"datePublished\":\"2026-03-25T16:46:00+00:00\",\"author\":{\"@id\":\"https:\/\/portaltela.pt\/#\/schema\/person\/c4278d4a6028830caff9ee44b42d32ed\"},\"breadcrumb\":{\"@id\":\"https:\/\/portaltela.pt\/noticias\/2026\/03\/25\/projeto-dos-salgueiros-para-novo-estadio-em-arca-d-agua-revela-detalhes\/#breadcrumb\"},\"inLanguage\":\"pt-PT\",\"potentialAction\":[{\"@type\":\"ReadAction\",\"target\":[\"https:\/\/portaltela.pt\/noticias\/2026\/03\/25\/projeto-dos-salgueiros-para-novo-estadio-em-arca-d-agua-revela-detalhes\/\"]}]},{\"@type\":\"ImageObject\",\"inLanguage\":\"pt-PT\",\"@id\":\"https:\/\/portaltela.pt\/noticias\/2026\/03\/25\/projeto-dos-salgueiros-para-novo-estadio-em-arca-d-agua-revela-detalhes\/#primaryimage\",\"url\":\"https:\/\/portaltela.pt\/s.01k8rhncp4jt1\/2026\/03\/img_293x165uu2026-03-25-15-15-36-2429312-im-639100486947404807.jpg\",\"contentUrl\":\"https:\/\/portaltela.pt\/s.01k8rhncp4jt1\/2026\/03\/img_293x165uu2026-03-25-15-15-36-2429312-im-639100486947404807.jpg\",\"width\":293,\"height\":165,\"caption\":\"Os detalhes do projeto do Salgueiros para o novo est\u00e1dio em Arca d'\u00c1gua: \u00abSer\u00e1 de uma justi\u00e7a hist\u00f3rica\u00bb\"},{\"@type\":\"BreadcrumbList\",\"@id\":\"https:\/\/portaltela.pt\/noticias\/2026\/03\/25\/projeto-dos-salgueiros-para-novo-estadio-em-arca-d-agua-revela-detalhes\/#breadcrumb\",\"itemListElement\":[{\"@type\":\"ListItem\",\"position\":1,\"name\":\"In\u00edcio\",\"item\":\"https:\/\/portaltela.pt\/\"},{\"@type\":\"ListItem\",\"position\":2,\"name\":\"Projeto dos Salgueiros para novo est\u00e1dio em Arca d&#8217;\u00c1gua revela detalhes\"}]},{\"@type\":\"WebSite\",\"@id\":\"https:\/\/portaltela.pt\/#website\",\"url\":\"https:\/\/portaltela.pt\/\",\"name\":\"Portal Tela Portugal\",\"description\":\"\",\"potentialAction\":[{\"@type\":\"SearchAction\",\"target\":{\"@type\":\"EntryPoint\",\"urlTemplate\":\"https:\/\/portaltela.pt\/?s={search_term_string}\"},\"query-input\":{\"@type\":\"PropertyValueSpecification\",\"valueRequired\":true,\"valueName\":\"search_term_string\"}}],\"inLanguage\":\"pt-PT\"},{\"@type\":\"Person\",\"@id\":\"https:\/\/portaltela.pt\/#\/schema\/person\/c4278d4a6028830caff9ee44b42d32ed\",\"name\":\"Telinha\",\"image\":{\"@type\":\"ImageObject\",\"inLanguage\":\"pt-PT\",\"@id\":\"https:\/\/portaltela.pt\/s.01k8rhncp4jt1\/2025\/11\/talking-bot-125x125.png\",\"url\":\"https:\/\/portaltela.pt\/s.01k8rhncp4jt1\/2025\/11\/talking-bot-125x125.png\",\"contentUrl\":\"https:\/\/portaltela.pt\/s.01k8rhncp4jt1\/2025\/11\/talking-bot-125x125.png\",\"caption\":\"Telinha\"},\"sameAs\":[\"https:\/\/portaltela.pt\/\"],\"url\":\"https:\/\/portaltela.pt\/por\/367410592786\/\"}]}<\/script>\n<!-- \/ Yoast SEO plugin. -->","yoast_head_json":{"title":"Projeto dos Salgueiros para novo est\u00e1dio em Arca d'\u00c1gua revela detalhes - Portal Tela Portugal","robots":{"index":"index","follow":"follow","max-snippet":"max-snippet:-1","max-image-preview":"max-image-preview:large","max-video-preview":"max-video-preview:-1"},"og_locale":"pt_PT","og_type":"article","og_title":"Projeto dos Salgueiros para novo est\u00e1dio em Arca d'\u00c1gua revela detalhes - Portal Tela Portugal","og_description":"O Salgueiros entregou \u00e0 C\u00e2mara Municipal do Porto o projeto para o novo est\u00e1dio em Arca d'\u00c1gua. \u2022 A C\u00e2mara ficar\u00e1 respons\u00e1vel por analisar a viabilidade do projeto. \u2022 O presidente do Salgueiros, Pedro Seixas, mostra-se confiante no projeto. \u2022 O clube, hist\u00f3rico da freguesia de Paranhos, j\u00e1 participou 24 vezes na primeira liga, sendo a \u00faltima em 2001\/02. \u2022 O novo est\u00e1dio fica a poucos minutos a p\u00e9 da sede do clube.","og_url":"https:\/\/portaltela.pt\/noticias\/2026\/03\/25\/projeto-dos-salgueiros-para-novo-estadio-em-arca-d-agua-revela-detalhes\/","og_site_name":"Portal Tela Portugal","article_published_time":"2026-03-25T16:46:00+00:00","author":"Telinha","twitter_card":"summary_large_image","twitter_misc":{"Escrito por":"Telinha","Tempo estimado de leitura":"2 minutos"},"schema":{"@context":"https:\/\/schema.org","@graph":[{"@type":"Article","@id":"https:\/\/portaltela.pt\/noticias\/2026\/03\/25\/projeto-dos-salgueiros-para-novo-estadio-em-arca-d-agua-revela-detalhes\/#article","isPartOf":{"@id":"https:\/\/portaltela.pt\/noticias\/2026\/03\/25\/projeto-dos-salgueiros-para-novo-estadio-em-arca-d-agua-revela-detalhes\/"},"author":{"name":"Telinha","@id":"https:\/\/portaltela.pt\/#\/schema\/person\/c4278d4a6028830caff9ee44b42d32ed"},"headline":"Projeto dos Salgueiros para novo est\u00e1dio em Arca d&#8217;\u00c1gua revela detalhes","datePublished":"2026-03-25T16:46:00+00:00","mainEntityOfPage":{"@id":"https:\/\/portaltela.pt\/noticias\/2026\/03\/25\/projeto-dos-salgueiros-para-novo-estadio-em-arca-d-agua-revela-detalhes\/"},"wordCount":326,"image":{"@id":"https:\/\/portaltela.pt\/noticias\/2026\/03\/25\/projeto-dos-salgueiros-para-novo-estadio-em-arca-d-agua-revela-detalhes\/#primaryimage"},"thumbnailUrl":"https:\/\/portaltela.pt\/s.01k8rhncp4jt1\/2026\/03\/img_293x165uu2026-03-25-15-15-36-2429312-im-639100486947404807.jpg","keywords":["1. Liga","C\u00e2mara Municipal","futebol","instala\u00e7\u00e3o desportiva","Porto","Salgueiros"],"articleSection":["Desporto","Futebol"],"inLanguage":"pt-PT"},{"@type":"WebPage","@id":"https:\/\/portaltela.pt\/noticias\/2026\/03\/25\/projeto-dos-salgueiros-para-novo-estadio-em-arca-d-agua-revela-detalhes\/","url":"https:\/\/portaltela.pt\/noticias\/2026\/03\/25\/projeto-dos-salgueiros-para-novo-estadio-em-arca-d-agua-revela-detalhes\/","name":"Projeto dos Salgueiros para novo est\u00e1dio em Arca d'\u00c1gua revela detalhes - Portal Tela Portugal","isPartOf":{"@id":"https:\/\/portaltela.pt\/#website"},"primaryImageOfPage":{"@id":"https:\/\/portaltela.pt\/noticias\/2026\/03\/25\/projeto-dos-salgueiros-para-novo-estadio-em-arca-d-agua-revela-detalhes\/#primaryimage"},"image":{"@id":"https:\/\/portaltela.pt\/noticias\/2026\/03\/25\/projeto-dos-salgueiros-para-novo-estadio-em-arca-d-agua-revela-detalhes\/#primaryimage"},"thumbnailUrl":"https:\/\/portaltela.pt\/s.01k8rhncp4jt1\/2026\/03\/img_293x165uu2026-03-25-15-15-36-2429312-im-639100486947404807.jpg","datePublished":"2026-03-25T16:46:00+00:00","author":{"@id":"https:\/\/portaltela.pt\/#\/schema\/person\/c4278d4a6028830caff9ee44b42d32ed"},"breadcrumb":{"@id":"https:\/\/portaltela.pt\/noticias\/2026\/03\/25\/projeto-dos-salgueiros-para-novo-estadio-em-arca-d-agua-revela-detalhes\/#breadcrumb"},"inLanguage":"pt-PT","potentialAction":[{"@type":"ReadAction","target":["https:\/\/portaltela.pt\/noticias\/2026\/03\/25\/projeto-dos-salgueiros-para-novo-estadio-em-arca-d-agua-revela-detalhes\/"]}]},{"@type":"ImageObject","inLanguage":"pt-PT","@id":"https:\/\/portaltela.pt\/noticias\/2026\/03\/25\/projeto-dos-salgueiros-para-novo-estadio-em-arca-d-agua-revela-detalhes\/#primaryimage","url":"https:\/\/portaltela.pt\/s.01k8rhncp4jt1\/2026\/03\/img_293x165uu2026-03-25-15-15-36-2429312-im-639100486947404807.jpg","contentUrl":"https:\/\/portaltela.pt\/s.01k8rhncp4jt1\/2026\/03\/img_293x165uu2026-03-25-15-15-36-2429312-im-639100486947404807.jpg","width":293,"height":165,"caption":"Os detalhes do projeto do Salgueiros para o novo est\u00e1dio em Arca d'\u00c1gua: \u00abSer\u00e1 de uma justi\u00e7a hist\u00f3rica\u00bb"},{"@type":"BreadcrumbList","@id":"https:\/\/portaltela.pt\/noticias\/2026\/03\/25\/projeto-dos-salgueiros-para-novo-estadio-em-arca-d-agua-revela-detalhes\/#breadcrumb","itemListElement":[{"@type":"ListItem","position":1,"name":"In\u00edcio","item":"https:\/\/portaltela.pt\/"},{"@type":"ListItem","position":2,"name":"Projeto dos Salgueiros para novo est\u00e1dio em Arca d&#8217;\u00c1gua revela detalhes"}]},{"@type":"WebSite","@id":"https:\/\/portaltela.pt\/#website","url":"https:\/\/portaltela.pt\/","name":"Portal Tela Portugal","description":"","potentialAction":[{"@type":"SearchAction","target":{"@type":"EntryPoint","urlTemplate":"https:\/\/portaltela.pt\/?s={search_term_string}"},"query-input":{"@type":"PropertyValueSpecification","valueRequired":true,"valueName":"search_term_string"}}],"inLanguage":"pt-PT"},{"@type":"Person","@id":"https:\/\/portaltela.pt\/#\/schema\/person\/c4278d4a6028830caff9ee44b42d32ed","name":"Telinha","image":{"@type":"ImageObject","inLanguage":"pt-PT","@id":"https:\/\/portaltela.pt\/s.01k8rhncp4jt1\/2025\/11\/talking-bot-125x125.png","url":"https:\/\/portaltela.pt\/s.01k8rhncp4jt1\/2025\/11\/talking-bot-125x125.png","contentUrl":"https:\/\/portaltela.pt\/s.01k8rhncp4jt1\/2025\/11\/talking-bot-125x125.png","caption":"Telinha"},"sameAs":["https:\/\/portaltela.pt\/"],"url":"https:\/\/portaltela.pt\/por\/367410592786\/"}]}},"_links":{"self":[{"href":"https:\/\/portaltela.pt\/api\/wp\/v2\/posts\/421153","targetHints":{"allow":["GET"]}}],"collection":[{"href":"https:\/\/portaltela.pt\/api\/wp\/v2\/posts"}],"about":[{"href":"https:\/\/portaltela.pt\/api\/wp\/v2\/types\/post"}],"author":[{"embeddable":true,"href":"https:\/\/portaltela.pt\/api\/wp\/v2\/users\/2"}],"replies":[{"embeddable":true,"href":"https:\/\/portaltela.pt\/api\/wp\/v2\/comments?post=421153"}],"version-history":[{"count":0,"href":"https:\/\/portaltela.pt\/api\/wp\/v2\/posts\/421153\/revisions"}],"wp:featuredmedia":[{"embeddable":true,"href":"https:\/\/portaltela.pt\/api\/wp\/v2\/media\/421156"}],"wp:attachment":[{"href":"https:\/\/portaltela.pt\/api\/wp\/v2\/media?parent=421153"}],"wp:term":[{"taxonomy":"category","embeddable":true,"href":"https:\/\/portaltela.pt\/api\/wp\/v2\/categories?post=421153"},{"taxonomy":"post_tag","embeddable":true,"href":"https:\/\/portaltela.pt\/api\/wp\/v2\/tags?post=421153"}],"curies":[{"name":"wp","href":"https:\/\/api.w.org\/{rel}","templated":true}]}}