{"id":421134,"date":"2026-03-25T13:30:00","date_gmt":"2026-03-25T16:30:00","guid":{"rendered":"https:\/\/portaltela.pt\/noticias\/2026\/03\/25\/keukenhof-reabre-com-sete-milhoes-de-flores-no-jardim-da-europa\/"},"modified":"2026-03-25T13:30:00","modified_gmt":"2026-03-25T16:30:00","slug":"keukenhof-reabre-com-sete-milhoes-de-flores-no-jardim-da-europa","status":"publish","type":"post","link":"https:\/\/portaltela.pt\/noticias\/2026\/03\/25\/keukenhof-reabre-com-sete-milhoes-de-flores-no-jardim-da-europa\/","title":{"rendered":"Keukenhof reabre com sete milh\u00f5es de flores no Jardim da Europa"},"content":{"rendered":"<p>O Keukenhof abriu de novo as portas aos visitantes, dando sequ\u00eancia \u00e0 temporada de Primavera. Durante 53 dias de funcionamento, espera-se receber 1,4 milh\u00f5es de pessoas de todo o mundo. O parque, conhecido como Jardim da Europa, situa-se nos Pa\u00edses Baixos e ocupa 32 hectares repletos de tulipas e orqu\u00eddeas.<\/p>\n<p>Mais de 40 jardineiros cuidam das sete milh\u00f5es de bolbos plantados por todo o recinto. O Keukenhof funciona tamb\u00e9m como uma poderosa plataforma para o setor holand\u00eas de horticultura ornamental, atraindo turistas e profissionais do mundo inteiro.<\/p>\n<h3>Hist\u00f3ria e estrutura<\/h3>\n<p>O parque integra a Propriedade de Keukenhof, que totaliza 260 hectares e abriga 16 monumentos de patrim\u00f3nio nacional, incluindo o Castelo de Keukenhof, erguido em 1641. A instala\u00e7\u00e3o nasceu da iniciativa de produtores e exportadores de bolbos, que visa criar uma vitrine para os seus produtos.<\/p>\n<p>O recinto \u00e9 redesenhado anualmente, seguindo tend\u00eancias e prefer\u00eancias dos produtores, com um designer floral a ajustar as exposi\u00e7\u00f5es. Em tr\u00eas pavilh\u00f5es, centenas de esp\u00e9cies convivem para apresenta\u00e7\u00f5es florais que costumam atrair grande p\u00fablico.<\/p>\n<h3>Abertura, novidades e bilheteira<\/h3>\n<p>Entre as atra\u00e7\u00f5es, o parque re\u00fane 1.600 tipos de plantas bulbosas, entre as quais 800 variedades de tulipas, incluindo esp\u00e9cies hist\u00f3ricas com origens que remontam a v\u00e1rios s\u00e9culos. Os jardins s\u00e3o mantidos para ficar em flor durante quase oito semanas na Primavera.<\/p>\n<p>Uma novidade desta temporada \u00e9 a renova\u00e7\u00e3o total do Pavilh\u00e3o Juliana, preparado para acolher pela primeira vez em muitos anos uma exposi\u00e7\u00e3o de flores, destacando a orqu\u00eddea. O espa\u00e7o, designado Habitats, foca o com\u00e9rcio, cultura e anatomia das plantas.<\/p>\n<p>O Keukenhof est\u00e1 aberto aos visitantes at\u00e9 10 de Maio. Os bilhetes podem ser adquiridos online, com desconto de quatro euros face ao pre\u00e7o na bilheteira. O valor \u00e9 de 21 euros para adultos e 10 euros para crian\u00e7as entre 4 e 17 anos; crian\u00e7as at\u00e9 aos 3 anos t\u00eam entrada gratuita.<\/p>\n","protected":false},"excerpt":{"rendered":"<ul>\n<li>O Keukenhof, o maior parque de flores do mundo, abriu portas para visitas durante cinquenta e tr\u00eas dias e espera cerca de 1,4 milh\u00f5es de visitantes de todo o mundo.<\/li>\n<li>O parque ocupa trinta e dois hectares e alberga milh\u00f5es de flores, incluindo 1.600 tipos de plantas bulbosas, com 800 variedades de tulipas.<\/li>\n<li>Mais de quarenta jardineiros cuidam das plantas e dos sete milh\u00f5es de bolbos distribu\u00eddos pelo espa\u00e7o.<\/li>\n<li>Entre as novidades deste ano est\u00e1 a renova\u00e7\u00e3o do Pavilh\u00e3o Juliana, com uma exposi\u00e7\u00e3o de orqu\u00eddeas e v\u00e1rias sec\u00e7\u00f5es tem\u00e1ticas.<\/li>\n<li>O Keukenhof est\u00e1 aberto at\u00e9 ao de maio, com bilhetes online a 21 euros para adultos e 10 euros para crian\u00e7as (4\u201317 anos; at\u00e9 aos 3 anos \u00e9 gr\u00e1tis).<\/li>\n<\/ul>\n","protected":false},"author":2,"featured_media":421141,"comment_status":"closed","ping_status":"closed","sticky":false,"template":"","format":"standard","meta":{"footnotes":""},"categories":[7375,1],"tags":[6115,2043,3481,1809,1175,169],"class_list":["post-421134","post","type-post","status-publish","format-standard","has-post-thumbnail","hentry","category-cultura","category-noticias","tag-_economia","tag-flores","tag-horticultura","tag-paises-baixos","tag-patrimonio-cultural","tag-turismo"],"yoast_head":"<!-- This site is optimized with the Yoast SEO plugin v27.2 - https:\/\/yoast.com\/product\/yoast-seo-wordpress\/ -->\n<title>Keukenhof reabre com sete milh\u00f5es de flores no Jardim da Europa - Portal Tela Portugal<\/title>\n<meta name=\"robots\" content=\"index, follow, max-snippet:-1, max-image-preview:large, max-video-preview:-1\" \/>\n<meta property=\"og:locale\" content=\"pt_PT\" \/>\n<meta property=\"og:type\" content=\"article\" \/>\n<meta property=\"og:title\" content=\"Keukenhof reabre com sete milh\u00f5es de flores no Jardim da Europa - Portal Tela Portugal\" \/>\n<meta property=\"og:description\" content=\"O Keukenhof, o maior parque de flores do mundo, abriu portas para visitas durante cinquenta e tr\u00eas dias e espera cerca de 1,4 milh\u00f5es de visitantes de todo o mundo. O parque ocupa trinta e dois hectares e alberga milh\u00f5es de flores, incluindo 1.600 tipos de plantas bulbosas, com 800 variedades de tulipas. Mais de quarenta jardineiros cuidam das plantas e dos sete milh\u00f5es de bolbos distribu\u00eddos pelo espa\u00e7o. Entre as novidades deste ano est\u00e1 a renova\u00e7\u00e3o do Pavilh\u00e3o Juliana, com uma exposi\u00e7\u00e3o de orqu\u00eddeas e v\u00e1rias sec\u00e7\u00f5es tem\u00e1ticas. O Keukenhof est\u00e1 aberto at\u00e9 ao de maio, com bilhetes online a 21 euros para adultos e 10 euros para crian\u00e7as (4\u201317 anos; at\u00e9 aos 3 anos \u00e9 gr\u00e1tis).\" \/>\n<meta property=\"og:url\" content=\"https:\/\/portaltela.pt\/noticias\/2026\/03\/25\/keukenhof-reabre-com-sete-milhoes-de-flores-no-jardim-da-europa\/\" \/>\n<meta property=\"og:site_name\" content=\"Portal Tela Portugal\" \/>\n<meta property=\"article:published_time\" content=\"2026-03-25T16:30:00+00:00\" \/>\n<meta name=\"author\" content=\"Telinha\" \/>\n<meta name=\"twitter:card\" content=\"summary_large_image\" \/>\n<meta name=\"twitter:label1\" content=\"Escrito por\" \/>\n\t<meta name=\"twitter:data1\" content=\"Telinha\" \/>\n\t<meta name=\"twitter:label2\" content=\"Tempo estimado de leitura\" \/>\n\t<meta name=\"twitter:data2\" content=\"2 minutos\" \/>\n<script type=\"application\/ld+json\" class=\"yoast-schema-graph\">{\"@context\":\"https:\/\/schema.org\",\"@graph\":[{\"@type\":\"Article\",\"@id\":\"https:\/\/portaltela.pt\/noticias\/2026\/03\/25\/keukenhof-reabre-com-sete-milhoes-de-flores-no-jardim-da-europa\/#article\",\"isPartOf\":{\"@id\":\"https:\/\/portaltela.pt\/noticias\/2026\/03\/25\/keukenhof-reabre-com-sete-milhoes-de-flores-no-jardim-da-europa\/\"},\"author\":{\"name\":\"Telinha\",\"@id\":\"https:\/\/portaltela.pt\/#\/schema\/person\/c4278d4a6028830caff9ee44b42d32ed\"},\"headline\":\"Keukenhof reabre com sete milh\u00f5es de flores no Jardim da Europa\",\"datePublished\":\"2026-03-25T16:30:00+00:00\",\"mainEntityOfPage\":{\"@id\":\"https:\/\/portaltela.pt\/noticias\/2026\/03\/25\/keukenhof-reabre-com-sete-milhoes-de-flores-no-jardim-da-europa\/\"},\"wordCount\":335,\"image\":{\"@id\":\"https:\/\/portaltela.pt\/noticias\/2026\/03\/25\/keukenhof-reabre-com-sete-milhoes-de-flores-no-jardim-da-europa\/#primaryimage\"},\"thumbnailUrl\":\"https:\/\/portaltela.pt\/s.01k8rhncp4jt1\/2026\/03\/tpKMdbIMAGENStypeJPGshare1oBarraFacebook_Fugas.jpg\",\"keywords\":[\"_economia\",\"Flores\",\"horticultura\",\"Pa\u00edses Baixos\",\"Patrim\u00f3nio Cultural\",\"turismo\"],\"articleSection\":[\"Cultura\",\"Not\u00edcias\"],\"inLanguage\":\"pt-PT\"},{\"@type\":\"WebPage\",\"@id\":\"https:\/\/portaltela.pt\/noticias\/2026\/03\/25\/keukenhof-reabre-com-sete-milhoes-de-flores-no-jardim-da-europa\/\",\"url\":\"https:\/\/portaltela.pt\/noticias\/2026\/03\/25\/keukenhof-reabre-com-sete-milhoes-de-flores-no-jardim-da-europa\/\",\"name\":\"Keukenhof reabre com sete milh\u00f5es de flores no Jardim da Europa - Portal Tela Portugal\",\"isPartOf\":{\"@id\":\"https:\/\/portaltela.pt\/#website\"},\"primaryImageOfPage\":{\"@id\":\"https:\/\/portaltela.pt\/noticias\/2026\/03\/25\/keukenhof-reabre-com-sete-milhoes-de-flores-no-jardim-da-europa\/#primaryimage\"},\"image\":{\"@id\":\"https:\/\/portaltela.pt\/noticias\/2026\/03\/25\/keukenhof-reabre-com-sete-milhoes-de-flores-no-jardim-da-europa\/#primaryimage\"},\"thumbnailUrl\":\"https:\/\/portaltela.pt\/s.01k8rhncp4jt1\/2026\/03\/tpKMdbIMAGENStypeJPGshare1oBarraFacebook_Fugas.jpg\",\"datePublished\":\"2026-03-25T16:30:00+00:00\",\"author\":{\"@id\":\"https:\/\/portaltela.pt\/#\/schema\/person\/c4278d4a6028830caff9ee44b42d32ed\"},\"breadcrumb\":{\"@id\":\"https:\/\/portaltela.pt\/noticias\/2026\/03\/25\/keukenhof-reabre-com-sete-milhoes-de-flores-no-jardim-da-europa\/#breadcrumb\"},\"inLanguage\":\"pt-PT\",\"potentialAction\":[{\"@type\":\"ReadAction\",\"target\":[\"https:\/\/portaltela.pt\/noticias\/2026\/03\/25\/keukenhof-reabre-com-sete-milhoes-de-flores-no-jardim-da-europa\/\"]}]},{\"@type\":\"ImageObject\",\"inLanguage\":\"pt-PT\",\"@id\":\"https:\/\/portaltela.pt\/noticias\/2026\/03\/25\/keukenhof-reabre-com-sete-milhoes-de-flores-no-jardim-da-europa\/#primaryimage\",\"url\":\"https:\/\/portaltela.pt\/s.01k8rhncp4jt1\/2026\/03\/tpKMdbIMAGENStypeJPGshare1oBarraFacebook_Fugas.jpg\",\"contentUrl\":\"https:\/\/portaltela.pt\/s.01k8rhncp4jt1\/2026\/03\/tpKMdbIMAGENStypeJPGshare1oBarraFacebook_Fugas.jpg\",\"width\":1200,\"height\":630,\"caption\":\"Parque Keukenhof\"},{\"@type\":\"BreadcrumbList\",\"@id\":\"https:\/\/portaltela.pt\/noticias\/2026\/03\/25\/keukenhof-reabre-com-sete-milhoes-de-flores-no-jardim-da-europa\/#breadcrumb\",\"itemListElement\":[{\"@type\":\"ListItem\",\"position\":1,\"name\":\"In\u00edcio\",\"item\":\"https:\/\/portaltela.pt\/\"},{\"@type\":\"ListItem\",\"position\":2,\"name\":\"Keukenhof reabre com sete milh\u00f5es de flores no Jardim da Europa\"}]},{\"@type\":\"WebSite\",\"@id\":\"https:\/\/portaltela.pt\/#website\",\"url\":\"https:\/\/portaltela.pt\/\",\"name\":\"Portal Tela Portugal\",\"description\":\"\",\"potentialAction\":[{\"@type\":\"SearchAction\",\"target\":{\"@type\":\"EntryPoint\",\"urlTemplate\":\"https:\/\/portaltela.pt\/?s={search_term_string}\"},\"query-input\":{\"@type\":\"PropertyValueSpecification\",\"valueRequired\":true,\"valueName\":\"search_term_string\"}}],\"inLanguage\":\"pt-PT\"},{\"@type\":\"Person\",\"@id\":\"https:\/\/portaltela.pt\/#\/schema\/person\/c4278d4a6028830caff9ee44b42d32ed\",\"name\":\"Telinha\",\"image\":{\"@type\":\"ImageObject\",\"inLanguage\":\"pt-PT\",\"@id\":\"https:\/\/portaltela.pt\/s.01k8rhncp4jt1\/2025\/11\/talking-bot-125x125.png\",\"url\":\"https:\/\/portaltela.pt\/s.01k8rhncp4jt1\/2025\/11\/talking-bot-125x125.png\",\"contentUrl\":\"https:\/\/portaltela.pt\/s.01k8rhncp4jt1\/2025\/11\/talking-bot-125x125.png\",\"caption\":\"Telinha\"},\"sameAs\":[\"https:\/\/portaltela.pt\/\"],\"url\":\"https:\/\/portaltela.pt\/por\/367410592786\/\"}]}<\/script>\n<!-- \/ Yoast SEO plugin. -->","yoast_head_json":{"title":"Keukenhof reabre com sete milh\u00f5es de flores no Jardim da Europa - Portal Tela Portugal","robots":{"index":"index","follow":"follow","max-snippet":"max-snippet:-1","max-image-preview":"max-image-preview:large","max-video-preview":"max-video-preview:-1"},"og_locale":"pt_PT","og_type":"article","og_title":"Keukenhof reabre com sete milh\u00f5es de flores no Jardim da Europa - Portal Tela Portugal","og_description":"O Keukenhof, o maior parque de flores do mundo, abriu portas para visitas durante cinquenta e tr\u00eas dias e espera cerca de 1,4 milh\u00f5es de visitantes de todo o mundo. O parque ocupa trinta e dois hectares e alberga milh\u00f5es de flores, incluindo 1.600 tipos de plantas bulbosas, com 800 variedades de tulipas. Mais de quarenta jardineiros cuidam das plantas e dos sete milh\u00f5es de bolbos distribu\u00eddos pelo espa\u00e7o. Entre as novidades deste ano est\u00e1 a renova\u00e7\u00e3o do Pavilh\u00e3o Juliana, com uma exposi\u00e7\u00e3o de orqu\u00eddeas e v\u00e1rias sec\u00e7\u00f5es tem\u00e1ticas. O Keukenhof est\u00e1 aberto at\u00e9 ao de maio, com bilhetes online a 21 euros para adultos e 10 euros para crian\u00e7as (4\u201317 anos; at\u00e9 aos 3 anos \u00e9 gr\u00e1tis).","og_url":"https:\/\/portaltela.pt\/noticias\/2026\/03\/25\/keukenhof-reabre-com-sete-milhoes-de-flores-no-jardim-da-europa\/","og_site_name":"Portal Tela Portugal","article_published_time":"2026-03-25T16:30:00+00:00","author":"Telinha","twitter_card":"summary_large_image","twitter_misc":{"Escrito por":"Telinha","Tempo estimado de leitura":"2 minutos"},"schema":{"@context":"https:\/\/schema.org","@graph":[{"@type":"Article","@id":"https:\/\/portaltela.pt\/noticias\/2026\/03\/25\/keukenhof-reabre-com-sete-milhoes-de-flores-no-jardim-da-europa\/#article","isPartOf":{"@id":"https:\/\/portaltela.pt\/noticias\/2026\/03\/25\/keukenhof-reabre-com-sete-milhoes-de-flores-no-jardim-da-europa\/"},"author":{"name":"Telinha","@id":"https:\/\/portaltela.pt\/#\/schema\/person\/c4278d4a6028830caff9ee44b42d32ed"},"headline":"Keukenhof reabre com sete milh\u00f5es de flores no Jardim da Europa","datePublished":"2026-03-25T16:30:00+00:00","mainEntityOfPage":{"@id":"https:\/\/portaltela.pt\/noticias\/2026\/03\/25\/keukenhof-reabre-com-sete-milhoes-de-flores-no-jardim-da-europa\/"},"wordCount":335,"image":{"@id":"https:\/\/portaltela.pt\/noticias\/2026\/03\/25\/keukenhof-reabre-com-sete-milhoes-de-flores-no-jardim-da-europa\/#primaryimage"},"thumbnailUrl":"https:\/\/portaltela.pt\/s.01k8rhncp4jt1\/2026\/03\/tpKMdbIMAGENStypeJPGshare1oBarraFacebook_Fugas.jpg","keywords":["_economia","Flores","horticultura","Pa\u00edses Baixos","Patrim\u00f3nio Cultural","turismo"],"articleSection":["Cultura","Not\u00edcias"],"inLanguage":"pt-PT"},{"@type":"WebPage","@id":"https:\/\/portaltela.pt\/noticias\/2026\/03\/25\/keukenhof-reabre-com-sete-milhoes-de-flores-no-jardim-da-europa\/","url":"https:\/\/portaltela.pt\/noticias\/2026\/03\/25\/keukenhof-reabre-com-sete-milhoes-de-flores-no-jardim-da-europa\/","name":"Keukenhof reabre com sete milh\u00f5es de flores no Jardim da Europa - Portal Tela Portugal","isPartOf":{"@id":"https:\/\/portaltela.pt\/#website"},"primaryImageOfPage":{"@id":"https:\/\/portaltela.pt\/noticias\/2026\/03\/25\/keukenhof-reabre-com-sete-milhoes-de-flores-no-jardim-da-europa\/#primaryimage"},"image":{"@id":"https:\/\/portaltela.pt\/noticias\/2026\/03\/25\/keukenhof-reabre-com-sete-milhoes-de-flores-no-jardim-da-europa\/#primaryimage"},"thumbnailUrl":"https:\/\/portaltela.pt\/s.01k8rhncp4jt1\/2026\/03\/tpKMdbIMAGENStypeJPGshare1oBarraFacebook_Fugas.jpg","datePublished":"2026-03-25T16:30:00+00:00","author":{"@id":"https:\/\/portaltela.pt\/#\/schema\/person\/c4278d4a6028830caff9ee44b42d32ed"},"breadcrumb":{"@id":"https:\/\/portaltela.pt\/noticias\/2026\/03\/25\/keukenhof-reabre-com-sete-milhoes-de-flores-no-jardim-da-europa\/#breadcrumb"},"inLanguage":"pt-PT","potentialAction":[{"@type":"ReadAction","target":["https:\/\/portaltela.pt\/noticias\/2026\/03\/25\/keukenhof-reabre-com-sete-milhoes-de-flores-no-jardim-da-europa\/"]}]},{"@type":"ImageObject","inLanguage":"pt-PT","@id":"https:\/\/portaltela.pt\/noticias\/2026\/03\/25\/keukenhof-reabre-com-sete-milhoes-de-flores-no-jardim-da-europa\/#primaryimage","url":"https:\/\/portaltela.pt\/s.01k8rhncp4jt1\/2026\/03\/tpKMdbIMAGENStypeJPGshare1oBarraFacebook_Fugas.jpg","contentUrl":"https:\/\/portaltela.pt\/s.01k8rhncp4jt1\/2026\/03\/tpKMdbIMAGENStypeJPGshare1oBarraFacebook_Fugas.jpg","width":1200,"height":630,"caption":"Parque Keukenhof"},{"@type":"BreadcrumbList","@id":"https:\/\/portaltela.pt\/noticias\/2026\/03\/25\/keukenhof-reabre-com-sete-milhoes-de-flores-no-jardim-da-europa\/#breadcrumb","itemListElement":[{"@type":"ListItem","position":1,"name":"In\u00edcio","item":"https:\/\/portaltela.pt\/"},{"@type":"ListItem","position":2,"name":"Keukenhof reabre com sete milh\u00f5es de flores no Jardim da Europa"}]},{"@type":"WebSite","@id":"https:\/\/portaltela.pt\/#website","url":"https:\/\/portaltela.pt\/","name":"Portal Tela Portugal","description":"","potentialAction":[{"@type":"SearchAction","target":{"@type":"EntryPoint","urlTemplate":"https:\/\/portaltela.pt\/?s={search_term_string}"},"query-input":{"@type":"PropertyValueSpecification","valueRequired":true,"valueName":"search_term_string"}}],"inLanguage":"pt-PT"},{"@type":"Person","@id":"https:\/\/portaltela.pt\/#\/schema\/person\/c4278d4a6028830caff9ee44b42d32ed","name":"Telinha","image":{"@type":"ImageObject","inLanguage":"pt-PT","@id":"https:\/\/portaltela.pt\/s.01k8rhncp4jt1\/2025\/11\/talking-bot-125x125.png","url":"https:\/\/portaltela.pt\/s.01k8rhncp4jt1\/2025\/11\/talking-bot-125x125.png","contentUrl":"https:\/\/portaltela.pt\/s.01k8rhncp4jt1\/2025\/11\/talking-bot-125x125.png","caption":"Telinha"},"sameAs":["https:\/\/portaltela.pt\/"],"url":"https:\/\/portaltela.pt\/por\/367410592786\/"}]}},"_links":{"self":[{"href":"https:\/\/portaltela.pt\/api\/wp\/v2\/posts\/421134","targetHints":{"allow":["GET"]}}],"collection":[{"href":"https:\/\/portaltela.pt\/api\/wp\/v2\/posts"}],"about":[{"href":"https:\/\/portaltela.pt\/api\/wp\/v2\/types\/post"}],"author":[{"embeddable":true,"href":"https:\/\/portaltela.pt\/api\/wp\/v2\/users\/2"}],"replies":[{"embeddable":true,"href":"https:\/\/portaltela.pt\/api\/wp\/v2\/comments?post=421134"}],"version-history":[{"count":0,"href":"https:\/\/portaltela.pt\/api\/wp\/v2\/posts\/421134\/revisions"}],"wp:featuredmedia":[{"embeddable":true,"href":"https:\/\/portaltela.pt\/api\/wp\/v2\/media\/421141"}],"wp:attachment":[{"href":"https:\/\/portaltela.pt\/api\/wp\/v2\/media?parent=421134"}],"wp:term":[{"taxonomy":"category","embeddable":true,"href":"https:\/\/portaltela.pt\/api\/wp\/v2\/categories?post=421134"},{"taxonomy":"post_tag","embeddable":true,"href":"https:\/\/portaltela.pt\/api\/wp\/v2\/tags?post=421134"}],"curies":[{"name":"wp","href":"https:\/\/api.w.org\/{rel}","templated":true}]}}