{"id":421132,"date":"2026-03-25T13:27:00","date_gmt":"2026-03-25T16:27:00","guid":{"rendered":"https:\/\/portaltela.pt\/noticias\/2026\/03\/25\/reconversao-de-antigo-quartel-do-porto-em-habitacao-inicia-em-2027\/"},"modified":"2026-03-25T13:27:00","modified_gmt":"2026-03-25T16:27:00","slug":"reconversao-de-antigo-quartel-do-porto-em-habitacao-inicia-em-2027","status":"publish","type":"post","link":"https:\/\/portaltela.pt\/sociedade\/2026\/03\/25\/reconversao-de-antigo-quartel-do-porto-em-habitacao-inicia-em-2027\/","title":{"rendered":"Reconvers\u00e3o de antigo quartel do Porto em habita\u00e7\u00e3o inicia em 2027"},"content":{"rendered":"<p>O Instituto da Habita\u00e7\u00e3o e Reabilita\u00e7\u00e3o Urbana (IHRU) pretende iniciar a reconvers\u00e3o do antigo Quartel da Manuten\u00e7\u00e3o Militar, em Lordelo do Ouro, Porto, para habita\u00e7\u00e3o acess\u00edvel no primeiro semestre de 2027. A decis\u00e3o foi apresentada \u00e0 Lusa por fonte oficial.<\/p>\n<p>O projeto est\u00e1 ainda em fase de elabora\u00e7\u00e3o, devido \u00e0 localiza\u00e7\u00e3o singular do edif\u00edcio e \u00e0s v\u00e1rias condicionantes que exigem cuidados adicionais e articula\u00e7\u00e3o com entidades setoriais. O IHRU trabalha no desenho que dever\u00e1 seguir para o concurso de empreitada.<\/p>\n<p>Em fevereiro de 2025, o IHRU contratou por 77 mil euros um estudo de arquitetura para o edif\u00edcio da Rua do Ouro, n.\u00ba 278, com o ateli\u00ea Clanet&amp;Brito, conforme o Portal Base. O custo total da interven\u00e7\u00e3o n\u00e3o foi ainda estimado publicamente.<\/p>\n<p>O quartel, tutelado pela Dire\u00e7\u00e3o-Geral dos Recursos da Defesa Nacional, foi desafetado do dom\u00ednio p\u00fablico h\u00eddrico e militar em 2021 para o programa de arrendamento acess\u00edvel. Em 2023, o Ex\u00e9rcito refor\u00e7ou as veda\u00e7\u00f5es nas antigas instala\u00e7\u00f5es porque eram frequentadas por toxicodependentes.<\/p>\n<p>Para al\u00e9m do Quartel da Manuten\u00e7\u00e3o Militar, existem mais dois im\u00f3veis militares no Porto com projetos de habita\u00e7\u00e3o acess\u00edvel: um na Avenida de Fran\u00e7a, cuja obra come\u00e7ou h\u00e1 cerca de um ano, e outro na Rua da Boavista, utilizado pela Manuten\u00e7\u00e3o Militar e pelas OGFE.<\/p>\n","protected":false},"excerpt":{"rendered":"<ul>\n<li>O Instituto da Habita\u00e7\u00e3o e Reabilita\u00e7\u00e3o Urbana (IHRU) prev\u00ea come\u00e7ar a reconvers\u00e3o do antigo Quartel da Manuten\u00e7\u00e3o Militar, em Lordelo do Ouro, Porto, no primeiro semestre de 2027.<\/li>\n<li>O projeto est\u00e1 ainda em fase de elabora\u00e7\u00e3o, devido a condicionantes da localiza\u00e7\u00e3o singular e \u00e0 necessidade de articula\u00e7\u00e3o com v\u00e1rias entidades setoriais.<\/li>\n<li>Em fevereiro de 2025, o IHRU contratou a Clanet&amp;Brito para o projeto de arquitetura, por 77 mil euros, no edif\u00edcio da Rua do Ouro, n\u00ba 278.<\/li>\n<li>A estimativa de custo da interven\u00e7\u00e3o n\u00e3o \u00e9 fi\u00e1vel no momento; o concurso de empreitada dever\u00e1 ser lan\u00e7ado este ano, com in\u00edcio da obra no primeiro semestre de 2027.<\/li>\n<li>Para al\u00e9m deste quartel, existem dois outros im\u00f3veis militares no Porto com potencial para habita\u00e7\u00e3o acess\u00edvel: um na Avenida de Fran\u00e7a e outro na Rua da Boavista.<\/li>\n<\/ul>\n","protected":false},"author":2,"featured_media":421142,"comment_status":"closed","ping_status":"closed","sticky":false,"template":"","format":"standard","meta":{"footnotes":""},"categories":[6725,6871],"tags":[3014,150,3520,1010,982,6261],"class_list":["post-421132","post","type-post","status-publish","format-standard","has-post-thumbnail","hentry","category-meio-ambiente","category-sociedade","tag-arrendamento","tag-habitacao","tag-habitacao-acessivel","tag-habitacao-publica","tag-porto","tag-regiao-norte"],"yoast_head":"<!-- This site is optimized with the Yoast SEO plugin v27.2 - https:\/\/yoast.com\/product\/yoast-seo-wordpress\/ -->\n<title>Reconvers\u00e3o de antigo quartel do Porto em habita\u00e7\u00e3o inicia em 2027 - Portal Tela Portugal<\/title>\n<meta name=\"robots\" content=\"index, follow, max-snippet:-1, max-image-preview:large, max-video-preview:-1\" \/>\n<meta property=\"og:locale\" content=\"pt_PT\" \/>\n<meta property=\"og:type\" content=\"article\" \/>\n<meta property=\"og:title\" content=\"Reconvers\u00e3o de antigo quartel do Porto em habita\u00e7\u00e3o inicia em 2027 - Portal Tela Portugal\" \/>\n<meta property=\"og:description\" content=\"O Instituto da Habita\u00e7\u00e3o e Reabilita\u00e7\u00e3o Urbana (IHRU) prev\u00ea come\u00e7ar a reconvers\u00e3o do antigo Quartel da Manuten\u00e7\u00e3o Militar, em Lordelo do Ouro, Porto, no primeiro semestre de 2027. O projeto est\u00e1 ainda em fase de elabora\u00e7\u00e3o, devido a condicionantes da localiza\u00e7\u00e3o singular e \u00e0 necessidade de articula\u00e7\u00e3o com v\u00e1rias entidades setoriais. Em fevereiro de 2025, o IHRU contratou a Clanet&amp;Brito para o projeto de arquitetura, por 77 mil euros, no edif\u00edcio da Rua do Ouro, n\u00ba 278. A estimativa de custo da interven\u00e7\u00e3o n\u00e3o \u00e9 fi\u00e1vel no momento; o concurso de empreitada dever\u00e1 ser lan\u00e7ado este ano, com in\u00edcio da obra no primeiro semestre de 2027. Para al\u00e9m deste quartel, existem dois outros im\u00f3veis militares no Porto com potencial para habita\u00e7\u00e3o acess\u00edvel: um na Avenida de Fran\u00e7a e outro na Rua da Boavista.\" \/>\n<meta property=\"og:url\" content=\"https:\/\/portaltela.pt\/noticias\/2026\/03\/25\/reconversao-de-antigo-quartel-do-porto-em-habitacao-inicia-em-2027\/\" \/>\n<meta property=\"og:site_name\" content=\"Portal Tela Portugal\" \/>\n<meta property=\"article:published_time\" content=\"2026-03-25T16:27:00+00:00\" \/>\n<meta name=\"author\" content=\"Telinha\" \/>\n<meta name=\"twitter:card\" content=\"summary_large_image\" \/>\n<meta name=\"twitter:label1\" content=\"Escrito por\" \/>\n\t<meta name=\"twitter:data1\" content=\"Telinha\" \/>\n\t<meta name=\"twitter:label2\" content=\"Tempo estimado de leitura\" \/>\n\t<meta name=\"twitter:data2\" content=\"1 minuto\" \/>\n<script type=\"application\/ld+json\" class=\"yoast-schema-graph\">{\"@context\":\"https:\/\/schema.org\",\"@graph\":[{\"@type\":\"Article\",\"@id\":\"https:\/\/portaltela.pt\/noticias\/2026\/03\/25\/reconversao-de-antigo-quartel-do-porto-em-habitacao-inicia-em-2027\/#article\",\"isPartOf\":{\"@id\":\"https:\/\/portaltela.pt\/noticias\/2026\/03\/25\/reconversao-de-antigo-quartel-do-porto-em-habitacao-inicia-em-2027\/\"},\"author\":{\"name\":\"Telinha\",\"@id\":\"https:\/\/portaltela.pt\/#\/schema\/person\/c4278d4a6028830caff9ee44b42d32ed\"},\"headline\":\"Reconvers\u00e3o de antigo quartel do Porto em habita\u00e7\u00e3o inicia em 2027\",\"datePublished\":\"2026-03-25T16:27:00+00:00\",\"mainEntityOfPage\":{\"@id\":\"https:\/\/portaltela.pt\/noticias\/2026\/03\/25\/reconversao-de-antigo-quartel-do-porto-em-habitacao-inicia-em-2027\/\"},\"wordCount\":246,\"image\":{\"@id\":\"https:\/\/portaltela.pt\/noticias\/2026\/03\/25\/reconversao-de-antigo-quartel-do-porto-em-habitacao-inicia-em-2027\/#primaryimage\"},\"thumbnailUrl\":\"https:\/\/portaltela.pt\/s.01k8rhncp4jt1\/2026\/03\/image-119.webp\",\"keywords\":[\"arrendamento\",\"habita\u00e7\u00e3o\",\"habita\u00e7\u00e3o acess\u00edvel\",\"habita\u00e7\u00e3o p\u00fablica\",\"Porto\",\"Regi\u00e3o Norte\"],\"articleSection\":[\"Meio Ambiente\",\"Sociedade\"],\"inLanguage\":\"pt-PT\"},{\"@type\":\"WebPage\",\"@id\":\"https:\/\/portaltela.pt\/noticias\/2026\/03\/25\/reconversao-de-antigo-quartel-do-porto-em-habitacao-inicia-em-2027\/\",\"url\":\"https:\/\/portaltela.pt\/noticias\/2026\/03\/25\/reconversao-de-antigo-quartel-do-porto-em-habitacao-inicia-em-2027\/\",\"name\":\"Reconvers\u00e3o de antigo quartel do Porto em habita\u00e7\u00e3o inicia em 2027 - Portal Tela Portugal\",\"isPartOf\":{\"@id\":\"https:\/\/portaltela.pt\/#website\"},\"primaryImageOfPage\":{\"@id\":\"https:\/\/portaltela.pt\/noticias\/2026\/03\/25\/reconversao-de-antigo-quartel-do-porto-em-habitacao-inicia-em-2027\/#primaryimage\"},\"image\":{\"@id\":\"https:\/\/portaltela.pt\/noticias\/2026\/03\/25\/reconversao-de-antigo-quartel-do-porto-em-habitacao-inicia-em-2027\/#primaryimage\"},\"thumbnailUrl\":\"https:\/\/portaltela.pt\/s.01k8rhncp4jt1\/2026\/03\/image-119.webp\",\"datePublished\":\"2026-03-25T16:27:00+00:00\",\"author\":{\"@id\":\"https:\/\/portaltela.pt\/#\/schema\/person\/c4278d4a6028830caff9ee44b42d32ed\"},\"breadcrumb\":{\"@id\":\"https:\/\/portaltela.pt\/noticias\/2026\/03\/25\/reconversao-de-antigo-quartel-do-porto-em-habitacao-inicia-em-2027\/#breadcrumb\"},\"inLanguage\":\"pt-PT\",\"potentialAction\":[{\"@type\":\"ReadAction\",\"target\":[\"https:\/\/portaltela.pt\/noticias\/2026\/03\/25\/reconversao-de-antigo-quartel-do-porto-em-habitacao-inicia-em-2027\/\"]}]},{\"@type\":\"ImageObject\",\"inLanguage\":\"pt-PT\",\"@id\":\"https:\/\/portaltela.pt\/noticias\/2026\/03\/25\/reconversao-de-antigo-quartel-do-porto-em-habitacao-inicia-em-2027\/#primaryimage\",\"url\":\"https:\/\/portaltela.pt\/s.01k8rhncp4jt1\/2026\/03\/image-119.webp\",\"contentUrl\":\"https:\/\/portaltela.pt\/s.01k8rhncp4jt1\/2026\/03\/image-119.webp\",\"width\":1200,\"height\":800,\"caption\":\"Foto: Ricardo Saraiva de Almeida\/Direitos Reservados\"},{\"@type\":\"BreadcrumbList\",\"@id\":\"https:\/\/portaltela.pt\/noticias\/2026\/03\/25\/reconversao-de-antigo-quartel-do-porto-em-habitacao-inicia-em-2027\/#breadcrumb\",\"itemListElement\":[{\"@type\":\"ListItem\",\"position\":1,\"name\":\"In\u00edcio\",\"item\":\"https:\/\/portaltela.pt\/\"},{\"@type\":\"ListItem\",\"position\":2,\"name\":\"Reconvers\u00e3o de antigo quartel do Porto em habita\u00e7\u00e3o inicia em 2027\"}]},{\"@type\":\"WebSite\",\"@id\":\"https:\/\/portaltela.pt\/#website\",\"url\":\"https:\/\/portaltela.pt\/\",\"name\":\"Portal Tela Portugal\",\"description\":\"\",\"potentialAction\":[{\"@type\":\"SearchAction\",\"target\":{\"@type\":\"EntryPoint\",\"urlTemplate\":\"https:\/\/portaltela.pt\/?s={search_term_string}\"},\"query-input\":{\"@type\":\"PropertyValueSpecification\",\"valueRequired\":true,\"valueName\":\"search_term_string\"}}],\"inLanguage\":\"pt-PT\"},{\"@type\":\"Person\",\"@id\":\"https:\/\/portaltela.pt\/#\/schema\/person\/c4278d4a6028830caff9ee44b42d32ed\",\"name\":\"Telinha\",\"image\":{\"@type\":\"ImageObject\",\"inLanguage\":\"pt-PT\",\"@id\":\"https:\/\/portaltela.pt\/s.01k8rhncp4jt1\/2025\/11\/talking-bot-125x125.png\",\"url\":\"https:\/\/portaltela.pt\/s.01k8rhncp4jt1\/2025\/11\/talking-bot-125x125.png\",\"contentUrl\":\"https:\/\/portaltela.pt\/s.01k8rhncp4jt1\/2025\/11\/talking-bot-125x125.png\",\"caption\":\"Telinha\"},\"sameAs\":[\"https:\/\/portaltela.pt\/\"],\"url\":\"https:\/\/portaltela.pt\/por\/367410592786\/\"}]}<\/script>\n<!-- \/ Yoast SEO plugin. -->","yoast_head_json":{"title":"Reconvers\u00e3o de antigo quartel do Porto em habita\u00e7\u00e3o inicia em 2027 - Portal Tela Portugal","robots":{"index":"index","follow":"follow","max-snippet":"max-snippet:-1","max-image-preview":"max-image-preview:large","max-video-preview":"max-video-preview:-1"},"og_locale":"pt_PT","og_type":"article","og_title":"Reconvers\u00e3o de antigo quartel do Porto em habita\u00e7\u00e3o inicia em 2027 - Portal Tela Portugal","og_description":"O Instituto da Habita\u00e7\u00e3o e Reabilita\u00e7\u00e3o Urbana (IHRU) prev\u00ea come\u00e7ar a reconvers\u00e3o do antigo Quartel da Manuten\u00e7\u00e3o Militar, em Lordelo do Ouro, Porto, no primeiro semestre de 2027. O projeto est\u00e1 ainda em fase de elabora\u00e7\u00e3o, devido a condicionantes da localiza\u00e7\u00e3o singular e \u00e0 necessidade de articula\u00e7\u00e3o com v\u00e1rias entidades setoriais. Em fevereiro de 2025, o IHRU contratou a Clanet&amp;Brito para o projeto de arquitetura, por 77 mil euros, no edif\u00edcio da Rua do Ouro, n\u00ba 278. A estimativa de custo da interven\u00e7\u00e3o n\u00e3o \u00e9 fi\u00e1vel no momento; o concurso de empreitada dever\u00e1 ser lan\u00e7ado este ano, com in\u00edcio da obra no primeiro semestre de 2027. Para al\u00e9m deste quartel, existem dois outros im\u00f3veis militares no Porto com potencial para habita\u00e7\u00e3o acess\u00edvel: um na Avenida de Fran\u00e7a e outro na Rua da Boavista.","og_url":"https:\/\/portaltela.pt\/noticias\/2026\/03\/25\/reconversao-de-antigo-quartel-do-porto-em-habitacao-inicia-em-2027\/","og_site_name":"Portal Tela Portugal","article_published_time":"2026-03-25T16:27:00+00:00","author":"Telinha","twitter_card":"summary_large_image","twitter_misc":{"Escrito por":"Telinha","Tempo estimado de leitura":"1 minuto"},"schema":{"@context":"https:\/\/schema.org","@graph":[{"@type":"Article","@id":"https:\/\/portaltela.pt\/noticias\/2026\/03\/25\/reconversao-de-antigo-quartel-do-porto-em-habitacao-inicia-em-2027\/#article","isPartOf":{"@id":"https:\/\/portaltela.pt\/noticias\/2026\/03\/25\/reconversao-de-antigo-quartel-do-porto-em-habitacao-inicia-em-2027\/"},"author":{"name":"Telinha","@id":"https:\/\/portaltela.pt\/#\/schema\/person\/c4278d4a6028830caff9ee44b42d32ed"},"headline":"Reconvers\u00e3o de antigo quartel do Porto em habita\u00e7\u00e3o inicia em 2027","datePublished":"2026-03-25T16:27:00+00:00","mainEntityOfPage":{"@id":"https:\/\/portaltela.pt\/noticias\/2026\/03\/25\/reconversao-de-antigo-quartel-do-porto-em-habitacao-inicia-em-2027\/"},"wordCount":246,"image":{"@id":"https:\/\/portaltela.pt\/noticias\/2026\/03\/25\/reconversao-de-antigo-quartel-do-porto-em-habitacao-inicia-em-2027\/#primaryimage"},"thumbnailUrl":"https:\/\/portaltela.pt\/s.01k8rhncp4jt1\/2026\/03\/image-119.webp","keywords":["arrendamento","habita\u00e7\u00e3o","habita\u00e7\u00e3o acess\u00edvel","habita\u00e7\u00e3o p\u00fablica","Porto","Regi\u00e3o Norte"],"articleSection":["Meio Ambiente","Sociedade"],"inLanguage":"pt-PT"},{"@type":"WebPage","@id":"https:\/\/portaltela.pt\/noticias\/2026\/03\/25\/reconversao-de-antigo-quartel-do-porto-em-habitacao-inicia-em-2027\/","url":"https:\/\/portaltela.pt\/noticias\/2026\/03\/25\/reconversao-de-antigo-quartel-do-porto-em-habitacao-inicia-em-2027\/","name":"Reconvers\u00e3o de antigo quartel do Porto em habita\u00e7\u00e3o inicia em 2027 - Portal Tela Portugal","isPartOf":{"@id":"https:\/\/portaltela.pt\/#website"},"primaryImageOfPage":{"@id":"https:\/\/portaltela.pt\/noticias\/2026\/03\/25\/reconversao-de-antigo-quartel-do-porto-em-habitacao-inicia-em-2027\/#primaryimage"},"image":{"@id":"https:\/\/portaltela.pt\/noticias\/2026\/03\/25\/reconversao-de-antigo-quartel-do-porto-em-habitacao-inicia-em-2027\/#primaryimage"},"thumbnailUrl":"https:\/\/portaltela.pt\/s.01k8rhncp4jt1\/2026\/03\/image-119.webp","datePublished":"2026-03-25T16:27:00+00:00","author":{"@id":"https:\/\/portaltela.pt\/#\/schema\/person\/c4278d4a6028830caff9ee44b42d32ed"},"breadcrumb":{"@id":"https:\/\/portaltela.pt\/noticias\/2026\/03\/25\/reconversao-de-antigo-quartel-do-porto-em-habitacao-inicia-em-2027\/#breadcrumb"},"inLanguage":"pt-PT","potentialAction":[{"@type":"ReadAction","target":["https:\/\/portaltela.pt\/noticias\/2026\/03\/25\/reconversao-de-antigo-quartel-do-porto-em-habitacao-inicia-em-2027\/"]}]},{"@type":"ImageObject","inLanguage":"pt-PT","@id":"https:\/\/portaltela.pt\/noticias\/2026\/03\/25\/reconversao-de-antigo-quartel-do-porto-em-habitacao-inicia-em-2027\/#primaryimage","url":"https:\/\/portaltela.pt\/s.01k8rhncp4jt1\/2026\/03\/image-119.webp","contentUrl":"https:\/\/portaltela.pt\/s.01k8rhncp4jt1\/2026\/03\/image-119.webp","width":1200,"height":800,"caption":"Foto: Ricardo Saraiva de Almeida\/Direitos Reservados"},{"@type":"BreadcrumbList","@id":"https:\/\/portaltela.pt\/noticias\/2026\/03\/25\/reconversao-de-antigo-quartel-do-porto-em-habitacao-inicia-em-2027\/#breadcrumb","itemListElement":[{"@type":"ListItem","position":1,"name":"In\u00edcio","item":"https:\/\/portaltela.pt\/"},{"@type":"ListItem","position":2,"name":"Reconvers\u00e3o de antigo quartel do Porto em habita\u00e7\u00e3o inicia em 2027"}]},{"@type":"WebSite","@id":"https:\/\/portaltela.pt\/#website","url":"https:\/\/portaltela.pt\/","name":"Portal Tela Portugal","description":"","potentialAction":[{"@type":"SearchAction","target":{"@type":"EntryPoint","urlTemplate":"https:\/\/portaltela.pt\/?s={search_term_string}"},"query-input":{"@type":"PropertyValueSpecification","valueRequired":true,"valueName":"search_term_string"}}],"inLanguage":"pt-PT"},{"@type":"Person","@id":"https:\/\/portaltela.pt\/#\/schema\/person\/c4278d4a6028830caff9ee44b42d32ed","name":"Telinha","image":{"@type":"ImageObject","inLanguage":"pt-PT","@id":"https:\/\/portaltela.pt\/s.01k8rhncp4jt1\/2025\/11\/talking-bot-125x125.png","url":"https:\/\/portaltela.pt\/s.01k8rhncp4jt1\/2025\/11\/talking-bot-125x125.png","contentUrl":"https:\/\/portaltela.pt\/s.01k8rhncp4jt1\/2025\/11\/talking-bot-125x125.png","caption":"Telinha"},"sameAs":["https:\/\/portaltela.pt\/"],"url":"https:\/\/portaltela.pt\/por\/367410592786\/"}]}},"_links":{"self":[{"href":"https:\/\/portaltela.pt\/api\/wp\/v2\/posts\/421132","targetHints":{"allow":["GET"]}}],"collection":[{"href":"https:\/\/portaltela.pt\/api\/wp\/v2\/posts"}],"about":[{"href":"https:\/\/portaltela.pt\/api\/wp\/v2\/types\/post"}],"author":[{"embeddable":true,"href":"https:\/\/portaltela.pt\/api\/wp\/v2\/users\/2"}],"replies":[{"embeddable":true,"href":"https:\/\/portaltela.pt\/api\/wp\/v2\/comments?post=421132"}],"version-history":[{"count":0,"href":"https:\/\/portaltela.pt\/api\/wp\/v2\/posts\/421132\/revisions"}],"wp:featuredmedia":[{"embeddable":true,"href":"https:\/\/portaltela.pt\/api\/wp\/v2\/media\/421142"}],"wp:attachment":[{"href":"https:\/\/portaltela.pt\/api\/wp\/v2\/media?parent=421132"}],"wp:term":[{"taxonomy":"category","embeddable":true,"href":"https:\/\/portaltela.pt\/api\/wp\/v2\/categories?post=421132"},{"taxonomy":"post_tag","embeddable":true,"href":"https:\/\/portaltela.pt\/api\/wp\/v2\/tags?post=421132"}],"curies":[{"name":"wp","href":"https:\/\/api.w.org\/{rel}","templated":true}]}}