{"id":421123,"date":"2026-03-25T13:37:00","date_gmt":"2026-03-25T16:37:00","guid":{"rendered":"https:\/\/portaltela.pt\/noticias\/2026\/03\/25\/governo-prepara-reducao-no-gasoleo-agricola-face-a-subida-dos-precos\/"},"modified":"2026-03-25T13:37:00","modified_gmt":"2026-03-25T16:37:00","slug":"governo-prepara-reducao-no-gasoleo-agricola-face-a-subida-dos-precos","status":"publish","type":"post","link":"https:\/\/portaltela.pt\/noticias\/economia\/2026\/03\/25\/governo-prepara-reducao-no-gasoleo-agricola-face-a-subida-dos-precos\/","title":{"rendered":"Governo prepara redu\u00e7\u00e3o no gas\u00f3leo agr\u00edcola face \u00e0 subida dos pre\u00e7os"},"content":{"rendered":"<p>O Governo prepara uma redu\u00e7\u00e3o de 10 c\u00eantimos no gas\u00f3leo agr\u00edcola para produtores florestais e pescadores, em resposta ao aumento dos combust\u00edveis ligado \u00e0 guerra entre os EUA, Israel e o Ir\u00e3o. A medida pretende atenuar impactos no setor produtivo.<\/p>\n<p>O an\u00fancio foi feito pelo ministro da Agricultura, Jos\u00e9 Manuel Fernandes, durante um evento na Tapada Nacional de Mafra, em Lisboa. Foi sublinhado que a redu\u00e7\u00e3o se aplica quando o pre\u00e7o aumentar acima do montante definido.<\/p>\n<p>A redu\u00e7\u00e3o dever\u00e1 ser aprovada ainda esta semana no Conselho de Ministros, com o Minist\u00e9rio da Agricultura e o Minist\u00e9rio das Finan\u00e7as j\u00e1 a apoiar a proposta. Servir\u00e1 de apoio direto aos produtores afetados pelo aumento de custos.<\/p>\n<p>O ministro indicou que podem existir outros apoios, avaliados conforme a dura\u00e7\u00e3o do conflito e os preju\u00edzos decorrentes. A tutela mant\u00e9m abertura a medidas adicionais conforme evolua a situa\u00e7\u00e3o.<\/p>\n<p>Paralelamente, o Governo est\u00e1 a preparar uma f\u00f3rmula de apoio para fertilizantes, com o objetivo de mitigar o impacto financeiro nos agricultores. A implementa\u00e7\u00e3o depende de negocia\u00e7\u00f5es e da disponibilidade Or\u00e7ament\u00e1ria.<\/p>\n","protected":false},"excerpt":{"rendered":"<ul>\n<li>Governo vai aprovar ainda esta semana uma redu\u00e7\u00e3o de dez c\u00eantimos no gas\u00f3leo agr\u00edcola para produtores florestais e pescadores, face ao aumento de pre\u00e7os dos combust\u00edveis.<\/li>\n<li>A subida \u00e9 atribu\u00edda ao impacto da guerra entre os Estados Unidos e Israel com o Ir\u00e3o.<\/li>\n<li>O ministro da Agricultura, Jos\u00e9 Manuel Fernandes, disse que a redu\u00e7\u00e3o vai ocorrer na semana de refer\u00eancia sempre que o aumento exceder esse montante.<\/li>\n<li>A medida ser\u00e1 discutida na sexta-feira em Conselho de Ministros, com o compromisso j\u00e1 existente entre os minist\u00e9rios da Agricultura e das Finan\u00e7as.<\/li>\n<li>O Governo est\u00e1 a ponderar outros apoios, designadamente para fertilizantes, consoante a dura\u00e7\u00e3o da guerra e os preju\u00edzos causados.<\/li>\n<\/ul>\n","protected":false},"author":2,"featured_media":421130,"comment_status":"closed","ping_status":"closed","sticky":false,"template":"","format":"standard","meta":{"footnotes":""},"categories":[2,6850],"tags":[6115,4914,6457,5508,2421,2584],"class_list":["post-421123","post","type-post","status-publish","format-standard","has-post-thumbnail","hentry","category-economia","category-financas","tag-_economia","tag-a-agricultura","tag-a-pesca","tag-abastecimento-de-combustivel","tag-abastecimentos","tag-financas"],"yoast_head":"<!-- This site is optimized with the Yoast SEO plugin v27.2 - https:\/\/yoast.com\/product\/yoast-seo-wordpress\/ -->\n<title>Governo prepara redu\u00e7\u00e3o no gas\u00f3leo agr\u00edcola face \u00e0 subida dos pre\u00e7os - Portal Tela Portugal<\/title>\n<meta name=\"robots\" content=\"index, follow, max-snippet:-1, max-image-preview:large, max-video-preview:-1\" \/>\n<meta property=\"og:locale\" content=\"pt_PT\" \/>\n<meta property=\"og:type\" content=\"article\" \/>\n<meta property=\"og:title\" content=\"Governo prepara redu\u00e7\u00e3o no gas\u00f3leo agr\u00edcola face \u00e0 subida dos pre\u00e7os - Portal Tela Portugal\" \/>\n<meta property=\"og:description\" content=\"Governo vai aprovar ainda esta semana uma redu\u00e7\u00e3o de dez c\u00eantimos no gas\u00f3leo agr\u00edcola para produtores florestais e pescadores, face ao aumento de pre\u00e7os dos combust\u00edveis. A subida \u00e9 atribu\u00edda ao impacto da guerra entre os Estados Unidos e Israel com o Ir\u00e3o. O ministro da Agricultura, Jos\u00e9 Manuel Fernandes, disse que a redu\u00e7\u00e3o vai ocorrer na semana de refer\u00eancia sempre que o aumento exceder esse montante. A medida ser\u00e1 discutida na sexta-feira em Conselho de Ministros, com o compromisso j\u00e1 existente entre os minist\u00e9rios da Agricultura e das Finan\u00e7as. O Governo est\u00e1 a ponderar outros apoios, designadamente para fertilizantes, consoante a dura\u00e7\u00e3o da guerra e os preju\u00edzos causados.\" \/>\n<meta property=\"og:url\" content=\"https:\/\/portaltela.pt\/noticias\/2026\/03\/25\/governo-prepara-reducao-no-gasoleo-agricola-face-a-subida-dos-precos\/\" \/>\n<meta property=\"og:site_name\" content=\"Portal Tela Portugal\" \/>\n<meta property=\"article:published_time\" content=\"2026-03-25T16:37:00+00:00\" \/>\n<meta name=\"author\" content=\"Telinha\" \/>\n<meta name=\"twitter:card\" content=\"summary_large_image\" \/>\n<meta name=\"twitter:label1\" content=\"Escrito por\" \/>\n\t<meta name=\"twitter:data1\" content=\"Telinha\" \/>\n\t<meta name=\"twitter:label2\" content=\"Tempo estimado de leitura\" \/>\n\t<meta name=\"twitter:data2\" content=\"1 minuto\" \/>\n<script type=\"application\/ld+json\" class=\"yoast-schema-graph\">{\"@context\":\"https:\/\/schema.org\",\"@graph\":[{\"@type\":\"Article\",\"@id\":\"https:\/\/portaltela.pt\/noticias\/2026\/03\/25\/governo-prepara-reducao-no-gasoleo-agricola-face-a-subida-dos-precos\/#article\",\"isPartOf\":{\"@id\":\"https:\/\/portaltela.pt\/noticias\/2026\/03\/25\/governo-prepara-reducao-no-gasoleo-agricola-face-a-subida-dos-precos\/\"},\"author\":{\"name\":\"Telinha\",\"@id\":\"https:\/\/portaltela.pt\/#\/schema\/person\/c4278d4a6028830caff9ee44b42d32ed\"},\"headline\":\"Governo prepara redu\u00e7\u00e3o no gas\u00f3leo agr\u00edcola face \u00e0 subida dos pre\u00e7os\",\"datePublished\":\"2026-03-25T16:37:00+00:00\",\"mainEntityOfPage\":{\"@id\":\"https:\/\/portaltela.pt\/noticias\/2026\/03\/25\/governo-prepara-reducao-no-gasoleo-agricola-face-a-subida-dos-precos\/\"},\"wordCount\":208,\"image\":{\"@id\":\"https:\/\/portaltela.pt\/noticias\/2026\/03\/25\/governo-prepara-reducao-no-gasoleo-agricola-face-a-subida-dos-precos\/#primaryimage\"},\"thumbnailUrl\":\"https:\/\/portaltela.pt\/s.01k8rhncp4jt1\/2026\/03\/tpUHdbIMAGENStypeJPGshare1oBarraFacebook_Publico-62.jpg\",\"keywords\":[\"_economia\",\"A agricultura\",\"a pesca\",\"abastecimento de combust\u00edvel\",\"abastecimentos\",\"finan\u00e7as\"],\"articleSection\":[\"Economia\",\"Finan\u00e7as\"],\"inLanguage\":\"pt-PT\"},{\"@type\":\"WebPage\",\"@id\":\"https:\/\/portaltela.pt\/noticias\/2026\/03\/25\/governo-prepara-reducao-no-gasoleo-agricola-face-a-subida-dos-precos\/\",\"url\":\"https:\/\/portaltela.pt\/noticias\/2026\/03\/25\/governo-prepara-reducao-no-gasoleo-agricola-face-a-subida-dos-precos\/\",\"name\":\"Governo prepara redu\u00e7\u00e3o no gas\u00f3leo agr\u00edcola face \u00e0 subida dos pre\u00e7os - Portal Tela Portugal\",\"isPartOf\":{\"@id\":\"https:\/\/portaltela.pt\/#website\"},\"primaryImageOfPage\":{\"@id\":\"https:\/\/portaltela.pt\/noticias\/2026\/03\/25\/governo-prepara-reducao-no-gasoleo-agricola-face-a-subida-dos-precos\/#primaryimage\"},\"image\":{\"@id\":\"https:\/\/portaltela.pt\/noticias\/2026\/03\/25\/governo-prepara-reducao-no-gasoleo-agricola-face-a-subida-dos-precos\/#primaryimage\"},\"thumbnailUrl\":\"https:\/\/portaltela.pt\/s.01k8rhncp4jt1\/2026\/03\/tpUHdbIMAGENStypeJPGshare1oBarraFacebook_Publico-62.jpg\",\"datePublished\":\"2026-03-25T16:37:00+00:00\",\"author\":{\"@id\":\"https:\/\/portaltela.pt\/#\/schema\/person\/c4278d4a6028830caff9ee44b42d32ed\"},\"breadcrumb\":{\"@id\":\"https:\/\/portaltela.pt\/noticias\/2026\/03\/25\/governo-prepara-reducao-no-gasoleo-agricola-face-a-subida-dos-precos\/#breadcrumb\"},\"inLanguage\":\"pt-PT\",\"potentialAction\":[{\"@type\":\"ReadAction\",\"target\":[\"https:\/\/portaltela.pt\/noticias\/2026\/03\/25\/governo-prepara-reducao-no-gasoleo-agricola-face-a-subida-dos-precos\/\"]}]},{\"@type\":\"ImageObject\",\"inLanguage\":\"pt-PT\",\"@id\":\"https:\/\/portaltela.pt\/noticias\/2026\/03\/25\/governo-prepara-reducao-no-gasoleo-agricola-face-a-subida-dos-precos\/#primaryimage\",\"url\":\"https:\/\/portaltela.pt\/s.01k8rhncp4jt1\/2026\/03\/tpUHdbIMAGENStypeJPGshare1oBarraFacebook_Publico-62.jpg\",\"contentUrl\":\"https:\/\/portaltela.pt\/s.01k8rhncp4jt1\/2026\/03\/tpUHdbIMAGENStypeJPGshare1oBarraFacebook_Publico-62.jpg\",\"width\":1200,\"height\":630,\"caption\":\"Objectivo do Governo \u00e9 baixar 10 c\u00eantimos o gas\u00f3leo agr\u00edcola sempre que o aumento seja superior a esse montante\"},{\"@type\":\"BreadcrumbList\",\"@id\":\"https:\/\/portaltela.pt\/noticias\/2026\/03\/25\/governo-prepara-reducao-no-gasoleo-agricola-face-a-subida-dos-precos\/#breadcrumb\",\"itemListElement\":[{\"@type\":\"ListItem\",\"position\":1,\"name\":\"In\u00edcio\",\"item\":\"https:\/\/portaltela.pt\/\"},{\"@type\":\"ListItem\",\"position\":2,\"name\":\"Governo prepara redu\u00e7\u00e3o no gas\u00f3leo agr\u00edcola face \u00e0 subida dos pre\u00e7os\"}]},{\"@type\":\"WebSite\",\"@id\":\"https:\/\/portaltela.pt\/#website\",\"url\":\"https:\/\/portaltela.pt\/\",\"name\":\"Portal Tela Portugal\",\"description\":\"\",\"potentialAction\":[{\"@type\":\"SearchAction\",\"target\":{\"@type\":\"EntryPoint\",\"urlTemplate\":\"https:\/\/portaltela.pt\/?s={search_term_string}\"},\"query-input\":{\"@type\":\"PropertyValueSpecification\",\"valueRequired\":true,\"valueName\":\"search_term_string\"}}],\"inLanguage\":\"pt-PT\"},{\"@type\":\"Person\",\"@id\":\"https:\/\/portaltela.pt\/#\/schema\/person\/c4278d4a6028830caff9ee44b42d32ed\",\"name\":\"Telinha\",\"image\":{\"@type\":\"ImageObject\",\"inLanguage\":\"pt-PT\",\"@id\":\"https:\/\/portaltela.pt\/s.01k8rhncp4jt1\/2025\/11\/talking-bot-125x125.png\",\"url\":\"https:\/\/portaltela.pt\/s.01k8rhncp4jt1\/2025\/11\/talking-bot-125x125.png\",\"contentUrl\":\"https:\/\/portaltela.pt\/s.01k8rhncp4jt1\/2025\/11\/talking-bot-125x125.png\",\"caption\":\"Telinha\"},\"sameAs\":[\"https:\/\/portaltela.pt\/\"],\"url\":\"https:\/\/portaltela.pt\/por\/367410592786\/\"}]}<\/script>\n<!-- \/ Yoast SEO plugin. -->","yoast_head_json":{"title":"Governo prepara redu\u00e7\u00e3o no gas\u00f3leo agr\u00edcola face \u00e0 subida dos pre\u00e7os - Portal Tela Portugal","robots":{"index":"index","follow":"follow","max-snippet":"max-snippet:-1","max-image-preview":"max-image-preview:large","max-video-preview":"max-video-preview:-1"},"og_locale":"pt_PT","og_type":"article","og_title":"Governo prepara redu\u00e7\u00e3o no gas\u00f3leo agr\u00edcola face \u00e0 subida dos pre\u00e7os - Portal Tela Portugal","og_description":"Governo vai aprovar ainda esta semana uma redu\u00e7\u00e3o de dez c\u00eantimos no gas\u00f3leo agr\u00edcola para produtores florestais e pescadores, face ao aumento de pre\u00e7os dos combust\u00edveis. A subida \u00e9 atribu\u00edda ao impacto da guerra entre os Estados Unidos e Israel com o Ir\u00e3o. O ministro da Agricultura, Jos\u00e9 Manuel Fernandes, disse que a redu\u00e7\u00e3o vai ocorrer na semana de refer\u00eancia sempre que o aumento exceder esse montante. A medida ser\u00e1 discutida na sexta-feira em Conselho de Ministros, com o compromisso j\u00e1 existente entre os minist\u00e9rios da Agricultura e das Finan\u00e7as. O Governo est\u00e1 a ponderar outros apoios, designadamente para fertilizantes, consoante a dura\u00e7\u00e3o da guerra e os preju\u00edzos causados.","og_url":"https:\/\/portaltela.pt\/noticias\/2026\/03\/25\/governo-prepara-reducao-no-gasoleo-agricola-face-a-subida-dos-precos\/","og_site_name":"Portal Tela Portugal","article_published_time":"2026-03-25T16:37:00+00:00","author":"Telinha","twitter_card":"summary_large_image","twitter_misc":{"Escrito por":"Telinha","Tempo estimado de leitura":"1 minuto"},"schema":{"@context":"https:\/\/schema.org","@graph":[{"@type":"Article","@id":"https:\/\/portaltela.pt\/noticias\/2026\/03\/25\/governo-prepara-reducao-no-gasoleo-agricola-face-a-subida-dos-precos\/#article","isPartOf":{"@id":"https:\/\/portaltela.pt\/noticias\/2026\/03\/25\/governo-prepara-reducao-no-gasoleo-agricola-face-a-subida-dos-precos\/"},"author":{"name":"Telinha","@id":"https:\/\/portaltela.pt\/#\/schema\/person\/c4278d4a6028830caff9ee44b42d32ed"},"headline":"Governo prepara redu\u00e7\u00e3o no gas\u00f3leo agr\u00edcola face \u00e0 subida dos pre\u00e7os","datePublished":"2026-03-25T16:37:00+00:00","mainEntityOfPage":{"@id":"https:\/\/portaltela.pt\/noticias\/2026\/03\/25\/governo-prepara-reducao-no-gasoleo-agricola-face-a-subida-dos-precos\/"},"wordCount":208,"image":{"@id":"https:\/\/portaltela.pt\/noticias\/2026\/03\/25\/governo-prepara-reducao-no-gasoleo-agricola-face-a-subida-dos-precos\/#primaryimage"},"thumbnailUrl":"https:\/\/portaltela.pt\/s.01k8rhncp4jt1\/2026\/03\/tpUHdbIMAGENStypeJPGshare1oBarraFacebook_Publico-62.jpg","keywords":["_economia","A agricultura","a pesca","abastecimento de combust\u00edvel","abastecimentos","finan\u00e7as"],"articleSection":["Economia","Finan\u00e7as"],"inLanguage":"pt-PT"},{"@type":"WebPage","@id":"https:\/\/portaltela.pt\/noticias\/2026\/03\/25\/governo-prepara-reducao-no-gasoleo-agricola-face-a-subida-dos-precos\/","url":"https:\/\/portaltela.pt\/noticias\/2026\/03\/25\/governo-prepara-reducao-no-gasoleo-agricola-face-a-subida-dos-precos\/","name":"Governo prepara redu\u00e7\u00e3o no gas\u00f3leo agr\u00edcola face \u00e0 subida dos pre\u00e7os - Portal Tela Portugal","isPartOf":{"@id":"https:\/\/portaltela.pt\/#website"},"primaryImageOfPage":{"@id":"https:\/\/portaltela.pt\/noticias\/2026\/03\/25\/governo-prepara-reducao-no-gasoleo-agricola-face-a-subida-dos-precos\/#primaryimage"},"image":{"@id":"https:\/\/portaltela.pt\/noticias\/2026\/03\/25\/governo-prepara-reducao-no-gasoleo-agricola-face-a-subida-dos-precos\/#primaryimage"},"thumbnailUrl":"https:\/\/portaltela.pt\/s.01k8rhncp4jt1\/2026\/03\/tpUHdbIMAGENStypeJPGshare1oBarraFacebook_Publico-62.jpg","datePublished":"2026-03-25T16:37:00+00:00","author":{"@id":"https:\/\/portaltela.pt\/#\/schema\/person\/c4278d4a6028830caff9ee44b42d32ed"},"breadcrumb":{"@id":"https:\/\/portaltela.pt\/noticias\/2026\/03\/25\/governo-prepara-reducao-no-gasoleo-agricola-face-a-subida-dos-precos\/#breadcrumb"},"inLanguage":"pt-PT","potentialAction":[{"@type":"ReadAction","target":["https:\/\/portaltela.pt\/noticias\/2026\/03\/25\/governo-prepara-reducao-no-gasoleo-agricola-face-a-subida-dos-precos\/"]}]},{"@type":"ImageObject","inLanguage":"pt-PT","@id":"https:\/\/portaltela.pt\/noticias\/2026\/03\/25\/governo-prepara-reducao-no-gasoleo-agricola-face-a-subida-dos-precos\/#primaryimage","url":"https:\/\/portaltela.pt\/s.01k8rhncp4jt1\/2026\/03\/tpUHdbIMAGENStypeJPGshare1oBarraFacebook_Publico-62.jpg","contentUrl":"https:\/\/portaltela.pt\/s.01k8rhncp4jt1\/2026\/03\/tpUHdbIMAGENStypeJPGshare1oBarraFacebook_Publico-62.jpg","width":1200,"height":630,"caption":"Objectivo do Governo \u00e9 baixar 10 c\u00eantimos o gas\u00f3leo agr\u00edcola sempre que o aumento seja superior a esse montante"},{"@type":"BreadcrumbList","@id":"https:\/\/portaltela.pt\/noticias\/2026\/03\/25\/governo-prepara-reducao-no-gasoleo-agricola-face-a-subida-dos-precos\/#breadcrumb","itemListElement":[{"@type":"ListItem","position":1,"name":"In\u00edcio","item":"https:\/\/portaltela.pt\/"},{"@type":"ListItem","position":2,"name":"Governo prepara redu\u00e7\u00e3o no gas\u00f3leo agr\u00edcola face \u00e0 subida dos pre\u00e7os"}]},{"@type":"WebSite","@id":"https:\/\/portaltela.pt\/#website","url":"https:\/\/portaltela.pt\/","name":"Portal Tela Portugal","description":"","potentialAction":[{"@type":"SearchAction","target":{"@type":"EntryPoint","urlTemplate":"https:\/\/portaltela.pt\/?s={search_term_string}"},"query-input":{"@type":"PropertyValueSpecification","valueRequired":true,"valueName":"search_term_string"}}],"inLanguage":"pt-PT"},{"@type":"Person","@id":"https:\/\/portaltela.pt\/#\/schema\/person\/c4278d4a6028830caff9ee44b42d32ed","name":"Telinha","image":{"@type":"ImageObject","inLanguage":"pt-PT","@id":"https:\/\/portaltela.pt\/s.01k8rhncp4jt1\/2025\/11\/talking-bot-125x125.png","url":"https:\/\/portaltela.pt\/s.01k8rhncp4jt1\/2025\/11\/talking-bot-125x125.png","contentUrl":"https:\/\/portaltela.pt\/s.01k8rhncp4jt1\/2025\/11\/talking-bot-125x125.png","caption":"Telinha"},"sameAs":["https:\/\/portaltela.pt\/"],"url":"https:\/\/portaltela.pt\/por\/367410592786\/"}]}},"_links":{"self":[{"href":"https:\/\/portaltela.pt\/api\/wp\/v2\/posts\/421123","targetHints":{"allow":["GET"]}}],"collection":[{"href":"https:\/\/portaltela.pt\/api\/wp\/v2\/posts"}],"about":[{"href":"https:\/\/portaltela.pt\/api\/wp\/v2\/types\/post"}],"author":[{"embeddable":true,"href":"https:\/\/portaltela.pt\/api\/wp\/v2\/users\/2"}],"replies":[{"embeddable":true,"href":"https:\/\/portaltela.pt\/api\/wp\/v2\/comments?post=421123"}],"version-history":[{"count":0,"href":"https:\/\/portaltela.pt\/api\/wp\/v2\/posts\/421123\/revisions"}],"wp:featuredmedia":[{"embeddable":true,"href":"https:\/\/portaltela.pt\/api\/wp\/v2\/media\/421130"}],"wp:attachment":[{"href":"https:\/\/portaltela.pt\/api\/wp\/v2\/media?parent=421123"}],"wp:term":[{"taxonomy":"category","embeddable":true,"href":"https:\/\/portaltela.pt\/api\/wp\/v2\/categories?post=421123"},{"taxonomy":"post_tag","embeddable":true,"href":"https:\/\/portaltela.pt\/api\/wp\/v2\/tags?post=421123"}],"curies":[{"name":"wp","href":"https:\/\/api.w.org\/{rel}","templated":true}]}}