{"id":421118,"date":"2026-03-25T13:36:00","date_gmt":"2026-03-25T16:36:00","guid":{"rendered":"https:\/\/portaltela.pt\/noticias\/2026\/03\/25\/ponte-no-marco-de-canaveses-e-vida-ou-morte-autarcas-exigem-calendario\/"},"modified":"2026-03-25T13:36:00","modified_gmt":"2026-03-25T16:36:00","slug":"ponte-no-marco-de-canaveses-e-vida-ou-morte-autarcas-exigem-calendario","status":"publish","type":"post","link":"https:\/\/portaltela.pt\/noticias\/politica\/2026\/03\/25\/ponte-no-marco-de-canaveses-e-vida-ou-morte-autarcas-exigem-calendario\/","title":{"rendered":"Ponte no Marco de Canaveses \u00e9 vida ou morte; autarcas exigem calend\u00e1rio"},"content":{"rendered":"<p>Uma nova travessia sobre o rio T\u00e2mega, no Marco de Canaveses, foi descrita como uma \u201cquest\u00e3o de salvar vidas\u201d pelo presidente da Comunidade Intermunicipal do T\u00e2mega e Sousa, Nuno Fonseca. A afirma\u00e7\u00e3o surgiu numa audi\u00e7\u00e3o parlamentaria na Comiss\u00e3o de Infraestruturas, Mobilidade e Habita\u00e7\u00e3o.<\/p>\n<p>Fonseca explicou que o territ\u00f3rio est\u00e1 condicionado por um gargalo na atual ponte, cuja situa\u00e7\u00e3o pode paralisar acessos, atrasar interven\u00e7\u00f5es de socorro e agravar indicadores de sa\u00fade em caso de incidentes. A an\u00e1lise situa a infraestrutura no centro de riscos de mobilidade.<\/p>\n<p>Durante a sess\u00e3o, o respons\u00e1vel sublinhou a necessidade de um calend\u00e1rio concreto para avan\u00e7ar com a obra, pedindo ao Governo um conjunto de prazos para as etapas de infraestrutura, financiamento e execu\u00e7\u00e3o.<\/p>\n<p>A audi\u00eancia teve a participa\u00e7\u00e3o de autarcas da regi\u00e3o, que refor\u00e7aram a urg\u00eancia de renovar a travessia para melhorar a mobilidade e a resposta a emerg\u00eancias. O objetivo indicado \u00e9 clarificar responsabilidades e prazos para proteger os acessos \u00e0 regi\u00e3o.<\/p>\n","protected":false},"excerpt":{"rendered":"<ul>\n<li>Nesta quarta-feira, a nova travessia sobre o rio T\u00e2mega, no Marco de Canaveses, \u00e9 apresentada como uma \u201cquest\u00e3o de salvar vidas\u201d pelo presidente da Comunidade Intermunicipal do T\u00e2mega e Sousa, Nuno Fonseca.<\/li>\n<li>Autarcas exigem ao Governo prazos concretos para avan\u00e7ar com a obra, durante a audi\u00e7\u00e3o na Comiss\u00e3o de Infraestruturas, Mobilidade e Habita\u00e7\u00e3o.<\/li>\n<li>O territ\u00f3rio \u00e9 descrito como tendo um gargalo na ponte atual, o que pode paralisar acessos em caso de incidente.<\/li>\n<li>O atraso na obra pode atrasar socorros e agravar indicadores de sa\u00fade na regi\u00e3o.<\/li>\n<\/ul>\n","protected":false},"author":2,"featured_media":421120,"comment_status":"closed","ping_status":"closed","sticky":false,"template":"","format":"standard","meta":{"footnotes":""},"categories":[1,5],"tags":[1935,1615,1371,2110,192],"class_list":["post-421118","post","type-post","status-publish","format-standard","has-post-thumbnail","hentry","category-noticias","category-politica","tag-emergencias","tag-infraestrutura","tag-marco-de-canaveses","tag-mobilidade","tag-transporte"],"yoast_head":"<!-- This site is optimized with the Yoast SEO plugin v27.2 - https:\/\/yoast.com\/product\/yoast-seo-wordpress\/ -->\n<title>Ponte no Marco de Canaveses \u00e9 vida ou morte; autarcas exigem calend\u00e1rio - Portal Tela Portugal<\/title>\n<meta name=\"robots\" content=\"index, follow, max-snippet:-1, max-image-preview:large, max-video-preview:-1\" \/>\n<meta property=\"og:locale\" content=\"pt_PT\" \/>\n<meta property=\"og:type\" content=\"article\" \/>\n<meta property=\"og:title\" content=\"Ponte no Marco de Canaveses \u00e9 vida ou morte; autarcas exigem calend\u00e1rio - Portal Tela Portugal\" \/>\n<meta property=\"og:description\" content=\"Nesta quarta-feira, a nova travessia sobre o rio T\u00e2mega, no Marco de Canaveses, \u00e9 apresentada como uma \u201cquest\u00e3o de salvar vidas\u201d pelo presidente da Comunidade Intermunicipal do T\u00e2mega e Sousa, Nuno Fonseca. Autarcas exigem ao Governo prazos concretos para avan\u00e7ar com a obra, durante a audi\u00e7\u00e3o na Comiss\u00e3o de Infraestruturas, Mobilidade e Habita\u00e7\u00e3o. O territ\u00f3rio \u00e9 descrito como tendo um gargalo na ponte atual, o que pode paralisar acessos em caso de incidente. O atraso na obra pode atrasar socorros e agravar indicadores de sa\u00fade na regi\u00e3o.\" \/>\n<meta property=\"og:url\" content=\"https:\/\/portaltela.pt\/noticias\/2026\/03\/25\/ponte-no-marco-de-canaveses-e-vida-ou-morte-autarcas-exigem-calendario\/\" \/>\n<meta property=\"og:site_name\" content=\"Portal Tela Portugal\" \/>\n<meta property=\"article:published_time\" content=\"2026-03-25T16:36:00+00:00\" \/>\n<meta name=\"author\" content=\"Telinha\" \/>\n<meta name=\"twitter:card\" content=\"summary_large_image\" \/>\n<meta name=\"twitter:label1\" content=\"Escrito por\" \/>\n\t<meta name=\"twitter:data1\" content=\"Telinha\" \/>\n\t<meta name=\"twitter:label2\" content=\"Tempo estimado de leitura\" \/>\n\t<meta name=\"twitter:data2\" content=\"1 minuto\" \/>\n<script type=\"application\/ld+json\" class=\"yoast-schema-graph\">{\"@context\":\"https:\/\/schema.org\",\"@graph\":[{\"@type\":\"Article\",\"@id\":\"https:\/\/portaltela.pt\/noticias\/2026\/03\/25\/ponte-no-marco-de-canaveses-e-vida-ou-morte-autarcas-exigem-calendario\/#article\",\"isPartOf\":{\"@id\":\"https:\/\/portaltela.pt\/noticias\/2026\/03\/25\/ponte-no-marco-de-canaveses-e-vida-ou-morte-autarcas-exigem-calendario\/\"},\"author\":{\"name\":\"Telinha\",\"@id\":\"https:\/\/portaltela.pt\/#\/schema\/person\/c4278d4a6028830caff9ee44b42d32ed\"},\"headline\":\"Ponte no Marco de Canaveses \u00e9 vida ou morte; autarcas exigem calend\u00e1rio\",\"datePublished\":\"2026-03-25T16:36:00+00:00\",\"mainEntityOfPage\":{\"@id\":\"https:\/\/portaltela.pt\/noticias\/2026\/03\/25\/ponte-no-marco-de-canaveses-e-vida-ou-morte-autarcas-exigem-calendario\/\"},\"wordCount\":191,\"image\":{\"@id\":\"https:\/\/portaltela.pt\/noticias\/2026\/03\/25\/ponte-no-marco-de-canaveses-e-vida-ou-morte-autarcas-exigem-calendario\/#primaryimage\"},\"thumbnailUrl\":\"https:\/\/portaltela.pt\/s.01k8rhncp4jt1\/2026\/03\/image-117.webp\",\"keywords\":[\"emerg\u00eancias\",\"infraestrutura\",\"Marco de Canaveses\",\"mobilidade\",\"transporte\"],\"articleSection\":[\"Not\u00edcias\",\"Pol\u00edtica\"],\"inLanguage\":\"pt-PT\"},{\"@type\":\"WebPage\",\"@id\":\"https:\/\/portaltela.pt\/noticias\/2026\/03\/25\/ponte-no-marco-de-canaveses-e-vida-ou-morte-autarcas-exigem-calendario\/\",\"url\":\"https:\/\/portaltela.pt\/noticias\/2026\/03\/25\/ponte-no-marco-de-canaveses-e-vida-ou-morte-autarcas-exigem-calendario\/\",\"name\":\"Ponte no Marco de Canaveses \u00e9 vida ou morte; autarcas exigem calend\u00e1rio - Portal Tela Portugal\",\"isPartOf\":{\"@id\":\"https:\/\/portaltela.pt\/#website\"},\"primaryImageOfPage\":{\"@id\":\"https:\/\/portaltela.pt\/noticias\/2026\/03\/25\/ponte-no-marco-de-canaveses-e-vida-ou-morte-autarcas-exigem-calendario\/#primaryimage\"},\"image\":{\"@id\":\"https:\/\/portaltela.pt\/noticias\/2026\/03\/25\/ponte-no-marco-de-canaveses-e-vida-ou-morte-autarcas-exigem-calendario\/#primaryimage\"},\"thumbnailUrl\":\"https:\/\/portaltela.pt\/s.01k8rhncp4jt1\/2026\/03\/image-117.webp\",\"datePublished\":\"2026-03-25T16:36:00+00:00\",\"author\":{\"@id\":\"https:\/\/portaltela.pt\/#\/schema\/person\/c4278d4a6028830caff9ee44b42d32ed\"},\"breadcrumb\":{\"@id\":\"https:\/\/portaltela.pt\/noticias\/2026\/03\/25\/ponte-no-marco-de-canaveses-e-vida-ou-morte-autarcas-exigem-calendario\/#breadcrumb\"},\"inLanguage\":\"pt-PT\",\"potentialAction\":[{\"@type\":\"ReadAction\",\"target\":[\"https:\/\/portaltela.pt\/noticias\/2026\/03\/25\/ponte-no-marco-de-canaveses-e-vida-ou-morte-autarcas-exigem-calendario\/\"]}]},{\"@type\":\"ImageObject\",\"inLanguage\":\"pt-PT\",\"@id\":\"https:\/\/portaltela.pt\/noticias\/2026\/03\/25\/ponte-no-marco-de-canaveses-e-vida-ou-morte-autarcas-exigem-calendario\/#primaryimage\",\"url\":\"https:\/\/portaltela.pt\/s.01k8rhncp4jt1\/2026\/03\/image-117.webp\",\"contentUrl\":\"https:\/\/portaltela.pt\/s.01k8rhncp4jt1\/2026\/03\/image-117.webp\",\"width\":1200,\"height\":900,\"caption\":\"Ponte atual do Marco de Canaveses est\u00e1 completamente saturada\"},{\"@type\":\"BreadcrumbList\",\"@id\":\"https:\/\/portaltela.pt\/noticias\/2026\/03\/25\/ponte-no-marco-de-canaveses-e-vida-ou-morte-autarcas-exigem-calendario\/#breadcrumb\",\"itemListElement\":[{\"@type\":\"ListItem\",\"position\":1,\"name\":\"In\u00edcio\",\"item\":\"https:\/\/portaltela.pt\/\"},{\"@type\":\"ListItem\",\"position\":2,\"name\":\"Ponte no Marco de Canaveses \u00e9 vida ou morte; autarcas exigem calend\u00e1rio\"}]},{\"@type\":\"WebSite\",\"@id\":\"https:\/\/portaltela.pt\/#website\",\"url\":\"https:\/\/portaltela.pt\/\",\"name\":\"Portal Tela Portugal\",\"description\":\"\",\"potentialAction\":[{\"@type\":\"SearchAction\",\"target\":{\"@type\":\"EntryPoint\",\"urlTemplate\":\"https:\/\/portaltela.pt\/?s={search_term_string}\"},\"query-input\":{\"@type\":\"PropertyValueSpecification\",\"valueRequired\":true,\"valueName\":\"search_term_string\"}}],\"inLanguage\":\"pt-PT\"},{\"@type\":\"Person\",\"@id\":\"https:\/\/portaltela.pt\/#\/schema\/person\/c4278d4a6028830caff9ee44b42d32ed\",\"name\":\"Telinha\",\"image\":{\"@type\":\"ImageObject\",\"inLanguage\":\"pt-PT\",\"@id\":\"https:\/\/portaltela.pt\/s.01k8rhncp4jt1\/2025\/11\/talking-bot-125x125.png\",\"url\":\"https:\/\/portaltela.pt\/s.01k8rhncp4jt1\/2025\/11\/talking-bot-125x125.png\",\"contentUrl\":\"https:\/\/portaltela.pt\/s.01k8rhncp4jt1\/2025\/11\/talking-bot-125x125.png\",\"caption\":\"Telinha\"},\"sameAs\":[\"https:\/\/portaltela.pt\/\"],\"url\":\"https:\/\/portaltela.pt\/por\/367410592786\/\"}]}<\/script>\n<!-- \/ Yoast SEO plugin. -->","yoast_head_json":{"title":"Ponte no Marco de Canaveses \u00e9 vida ou morte; autarcas exigem calend\u00e1rio - Portal Tela Portugal","robots":{"index":"index","follow":"follow","max-snippet":"max-snippet:-1","max-image-preview":"max-image-preview:large","max-video-preview":"max-video-preview:-1"},"og_locale":"pt_PT","og_type":"article","og_title":"Ponte no Marco de Canaveses \u00e9 vida ou morte; autarcas exigem calend\u00e1rio - Portal Tela Portugal","og_description":"Nesta quarta-feira, a nova travessia sobre o rio T\u00e2mega, no Marco de Canaveses, \u00e9 apresentada como uma \u201cquest\u00e3o de salvar vidas\u201d pelo presidente da Comunidade Intermunicipal do T\u00e2mega e Sousa, Nuno Fonseca. Autarcas exigem ao Governo prazos concretos para avan\u00e7ar com a obra, durante a audi\u00e7\u00e3o na Comiss\u00e3o de Infraestruturas, Mobilidade e Habita\u00e7\u00e3o. O territ\u00f3rio \u00e9 descrito como tendo um gargalo na ponte atual, o que pode paralisar acessos em caso de incidente. O atraso na obra pode atrasar socorros e agravar indicadores de sa\u00fade na regi\u00e3o.","og_url":"https:\/\/portaltela.pt\/noticias\/2026\/03\/25\/ponte-no-marco-de-canaveses-e-vida-ou-morte-autarcas-exigem-calendario\/","og_site_name":"Portal Tela Portugal","article_published_time":"2026-03-25T16:36:00+00:00","author":"Telinha","twitter_card":"summary_large_image","twitter_misc":{"Escrito por":"Telinha","Tempo estimado de leitura":"1 minuto"},"schema":{"@context":"https:\/\/schema.org","@graph":[{"@type":"Article","@id":"https:\/\/portaltela.pt\/noticias\/2026\/03\/25\/ponte-no-marco-de-canaveses-e-vida-ou-morte-autarcas-exigem-calendario\/#article","isPartOf":{"@id":"https:\/\/portaltela.pt\/noticias\/2026\/03\/25\/ponte-no-marco-de-canaveses-e-vida-ou-morte-autarcas-exigem-calendario\/"},"author":{"name":"Telinha","@id":"https:\/\/portaltela.pt\/#\/schema\/person\/c4278d4a6028830caff9ee44b42d32ed"},"headline":"Ponte no Marco de Canaveses \u00e9 vida ou morte; autarcas exigem calend\u00e1rio","datePublished":"2026-03-25T16:36:00+00:00","mainEntityOfPage":{"@id":"https:\/\/portaltela.pt\/noticias\/2026\/03\/25\/ponte-no-marco-de-canaveses-e-vida-ou-morte-autarcas-exigem-calendario\/"},"wordCount":191,"image":{"@id":"https:\/\/portaltela.pt\/noticias\/2026\/03\/25\/ponte-no-marco-de-canaveses-e-vida-ou-morte-autarcas-exigem-calendario\/#primaryimage"},"thumbnailUrl":"https:\/\/portaltela.pt\/s.01k8rhncp4jt1\/2026\/03\/image-117.webp","keywords":["emerg\u00eancias","infraestrutura","Marco de Canaveses","mobilidade","transporte"],"articleSection":["Not\u00edcias","Pol\u00edtica"],"inLanguage":"pt-PT"},{"@type":"WebPage","@id":"https:\/\/portaltela.pt\/noticias\/2026\/03\/25\/ponte-no-marco-de-canaveses-e-vida-ou-morte-autarcas-exigem-calendario\/","url":"https:\/\/portaltela.pt\/noticias\/2026\/03\/25\/ponte-no-marco-de-canaveses-e-vida-ou-morte-autarcas-exigem-calendario\/","name":"Ponte no Marco de Canaveses \u00e9 vida ou morte; autarcas exigem calend\u00e1rio - Portal Tela Portugal","isPartOf":{"@id":"https:\/\/portaltela.pt\/#website"},"primaryImageOfPage":{"@id":"https:\/\/portaltela.pt\/noticias\/2026\/03\/25\/ponte-no-marco-de-canaveses-e-vida-ou-morte-autarcas-exigem-calendario\/#primaryimage"},"image":{"@id":"https:\/\/portaltela.pt\/noticias\/2026\/03\/25\/ponte-no-marco-de-canaveses-e-vida-ou-morte-autarcas-exigem-calendario\/#primaryimage"},"thumbnailUrl":"https:\/\/portaltela.pt\/s.01k8rhncp4jt1\/2026\/03\/image-117.webp","datePublished":"2026-03-25T16:36:00+00:00","author":{"@id":"https:\/\/portaltela.pt\/#\/schema\/person\/c4278d4a6028830caff9ee44b42d32ed"},"breadcrumb":{"@id":"https:\/\/portaltela.pt\/noticias\/2026\/03\/25\/ponte-no-marco-de-canaveses-e-vida-ou-morte-autarcas-exigem-calendario\/#breadcrumb"},"inLanguage":"pt-PT","potentialAction":[{"@type":"ReadAction","target":["https:\/\/portaltela.pt\/noticias\/2026\/03\/25\/ponte-no-marco-de-canaveses-e-vida-ou-morte-autarcas-exigem-calendario\/"]}]},{"@type":"ImageObject","inLanguage":"pt-PT","@id":"https:\/\/portaltela.pt\/noticias\/2026\/03\/25\/ponte-no-marco-de-canaveses-e-vida-ou-morte-autarcas-exigem-calendario\/#primaryimage","url":"https:\/\/portaltela.pt\/s.01k8rhncp4jt1\/2026\/03\/image-117.webp","contentUrl":"https:\/\/portaltela.pt\/s.01k8rhncp4jt1\/2026\/03\/image-117.webp","width":1200,"height":900,"caption":"Ponte atual do Marco de Canaveses est\u00e1 completamente saturada"},{"@type":"BreadcrumbList","@id":"https:\/\/portaltela.pt\/noticias\/2026\/03\/25\/ponte-no-marco-de-canaveses-e-vida-ou-morte-autarcas-exigem-calendario\/#breadcrumb","itemListElement":[{"@type":"ListItem","position":1,"name":"In\u00edcio","item":"https:\/\/portaltela.pt\/"},{"@type":"ListItem","position":2,"name":"Ponte no Marco de Canaveses \u00e9 vida ou morte; autarcas exigem calend\u00e1rio"}]},{"@type":"WebSite","@id":"https:\/\/portaltela.pt\/#website","url":"https:\/\/portaltela.pt\/","name":"Portal Tela Portugal","description":"","potentialAction":[{"@type":"SearchAction","target":{"@type":"EntryPoint","urlTemplate":"https:\/\/portaltela.pt\/?s={search_term_string}"},"query-input":{"@type":"PropertyValueSpecification","valueRequired":true,"valueName":"search_term_string"}}],"inLanguage":"pt-PT"},{"@type":"Person","@id":"https:\/\/portaltela.pt\/#\/schema\/person\/c4278d4a6028830caff9ee44b42d32ed","name":"Telinha","image":{"@type":"ImageObject","inLanguage":"pt-PT","@id":"https:\/\/portaltela.pt\/s.01k8rhncp4jt1\/2025\/11\/talking-bot-125x125.png","url":"https:\/\/portaltela.pt\/s.01k8rhncp4jt1\/2025\/11\/talking-bot-125x125.png","contentUrl":"https:\/\/portaltela.pt\/s.01k8rhncp4jt1\/2025\/11\/talking-bot-125x125.png","caption":"Telinha"},"sameAs":["https:\/\/portaltela.pt\/"],"url":"https:\/\/portaltela.pt\/por\/367410592786\/"}]}},"_links":{"self":[{"href":"https:\/\/portaltela.pt\/api\/wp\/v2\/posts\/421118","targetHints":{"allow":["GET"]}}],"collection":[{"href":"https:\/\/portaltela.pt\/api\/wp\/v2\/posts"}],"about":[{"href":"https:\/\/portaltela.pt\/api\/wp\/v2\/types\/post"}],"author":[{"embeddable":true,"href":"https:\/\/portaltela.pt\/api\/wp\/v2\/users\/2"}],"replies":[{"embeddable":true,"href":"https:\/\/portaltela.pt\/api\/wp\/v2\/comments?post=421118"}],"version-history":[{"count":0,"href":"https:\/\/portaltela.pt\/api\/wp\/v2\/posts\/421118\/revisions"}],"wp:featuredmedia":[{"embeddable":true,"href":"https:\/\/portaltela.pt\/api\/wp\/v2\/media\/421120"}],"wp:attachment":[{"href":"https:\/\/portaltela.pt\/api\/wp\/v2\/media?parent=421118"}],"wp:term":[{"taxonomy":"category","embeddable":true,"href":"https:\/\/portaltela.pt\/api\/wp\/v2\/categories?post=421118"},{"taxonomy":"post_tag","embeddable":true,"href":"https:\/\/portaltela.pt\/api\/wp\/v2\/tags?post=421118"}],"curies":[{"name":"wp","href":"https:\/\/api.w.org\/{rel}","templated":true}]}}