{"id":421117,"date":"2026-03-25T13:34:00","date_gmt":"2026-03-25T16:34:00","guid":{"rendered":"https:\/\/portaltela.pt\/noticias\/2026\/03\/25\/tiago-bonito-regressa-as-estrelas-michelin-com-postal-da-portugalidade\/"},"modified":"2026-03-25T13:34:00","modified_gmt":"2026-03-25T16:34:00","slug":"tiago-bonito-regressa-as-estrelas-michelin-com-postal-da-portugalidade","status":"publish","type":"post","link":"https:\/\/portaltela.pt\/noticias\/2026\/03\/25\/tiago-bonito-regressa-as-estrelas-michelin-com-postal-da-portugalidade\/","title":{"rendered":"Tiago Bonito regressa \u00e0s estrelas Michelin com postal da portugalidade"},"content":{"rendered":"<p>O chef Tiago Bonito voltou a entrar na lista Michelin, desta vez com o \u00c9on, o restaurante de fine dining criado por ele no Palacete Severo, no Porto. A casa celebra uma viagem de mem\u00f3rias de Portugal servida \u00e0 mesa.<\/p>\n<p>Tr\u00eas anos depois de deixar a cozinha da Casa da Cal\u00e7ada, em Amarante, Bonito refor\u00e7a a sua liga\u00e7\u00e3o ao certame ao conquistar novamente uma estrela Michelin com o \u00c9on. A iniciativa marca a consolida\u00e7\u00e3o de um projeto gastron\u00f3mico iniciado a partir do zero.<\/p>\n<p>O reconhecimento envolve a equipa que o acompanha e o desafio de criar um restaurante de raiz, com uma identidade que atravessa mem\u00f3rias nacionais. Bonito define o feito como o resultado do esfor\u00e7o coletivo e da dedica\u00e7\u00e3o demonstrada ao longo do percurso.<\/p>\n<h3>Regresso \u00e0 Michelin<\/h3>\n<p>Em declara\u00e7\u00f5es, o chef destacou o trabalho da equipa que o acompanha e a ambi\u00e7\u00e3o de manter a qualidade apresentada desde a inaugura\u00e7\u00e3o do espa\u00e7o. A entrega do galard\u00e3o confirma o peso da proposta do \u00c9on no cen\u00e1rio gastron\u00f3mico portugu\u00eas.<\/p>\n<p>O Palacete Severo, j\u00e1 conhecido pela sua vota\u00e7\u00e3o de alto n\u00edvel, passa assim a integrar a lista de estabelecimentos reconhecidos pela Michelin, solidificando a presen\u00e7a de Tiago Bonito no panorama da cozinha de autor em Portugal.<\/p>\n","protected":false},"excerpt":{"rendered":"<ul>\n<li>O chef Tiago Bonito voltou \u00e0 Michelin com o restaurante \u00c9on, no Palacete Severo, no Porto.<\/li>\n<li>O \u00c9on fica definido como um espa\u00e7o de fine dining que traduz mem\u00f3rias de Portugal na mesa.<\/li>\n<li>Bonito deixou h\u00e1 tr\u00eas anos a cozinha da Casa da Cal\u00e7ada, em Amarante, onde conquistou a primeira estrela Michelin.<\/li>\n<li>O chef destaca o reconhecimento da equipa pelo esfor\u00e7o e sacrif\u00edcio na cria\u00e7\u00e3o de um projeto gastron\u00f3mico do zero.<\/li>\n<\/ul>\n","protected":false},"author":2,"featured_media":421119,"comment_status":"closed","ping_status":"closed","sticky":false,"template":"","format":"standard","meta":{"footnotes":""},"categories":[7369,1],"tags":[6117,219,982,1014,1931,2683],"class_list":["post-421117","post","type-post","status-publish","format-standard","has-post-thumbnail","hentry","category-gastronomia","category-noticias","tag-cozinha","tag-gastronomia","tag-porto","tag-portugal","tag-restaurantes","tag-tiago"],"yoast_head":"<!-- This site is optimized with the Yoast SEO plugin v27.2 - https:\/\/yoast.com\/product\/yoast-seo-wordpress\/ -->\n<title>Tiago Bonito regressa \u00e0s estrelas Michelin com postal da portugalidade - Portal Tela Portugal<\/title>\n<meta name=\"robots\" content=\"index, follow, max-snippet:-1, max-image-preview:large, max-video-preview:-1\" \/>\n<meta property=\"og:locale\" content=\"pt_PT\" \/>\n<meta property=\"og:type\" content=\"article\" \/>\n<meta property=\"og:title\" content=\"Tiago Bonito regressa \u00e0s estrelas Michelin com postal da portugalidade - Portal Tela Portugal\" \/>\n<meta property=\"og:description\" content=\"O chef Tiago Bonito voltou \u00e0 Michelin com o restaurante \u00c9on, no Palacete Severo, no Porto. O \u00c9on fica definido como um espa\u00e7o de fine dining que traduz mem\u00f3rias de Portugal na mesa. Bonito deixou h\u00e1 tr\u00eas anos a cozinha da Casa da Cal\u00e7ada, em Amarante, onde conquistou a primeira estrela Michelin. O chef destaca o reconhecimento da equipa pelo esfor\u00e7o e sacrif\u00edcio na cria\u00e7\u00e3o de um projeto gastron\u00f3mico do zero.\" \/>\n<meta property=\"og:url\" content=\"https:\/\/portaltela.pt\/noticias\/2026\/03\/25\/tiago-bonito-regressa-as-estrelas-michelin-com-postal-da-portugalidade\/\" \/>\n<meta property=\"og:site_name\" content=\"Portal Tela Portugal\" \/>\n<meta property=\"article:published_time\" content=\"2026-03-25T16:34:00+00:00\" \/>\n<meta name=\"author\" content=\"Telinha\" \/>\n<meta name=\"twitter:card\" content=\"summary_large_image\" \/>\n<meta name=\"twitter:label1\" content=\"Escrito por\" \/>\n\t<meta name=\"twitter:data1\" content=\"Telinha\" \/>\n\t<meta name=\"twitter:label2\" content=\"Tempo estimado de leitura\" \/>\n\t<meta name=\"twitter:data2\" content=\"1 minuto\" \/>\n<script type=\"application\/ld+json\" class=\"yoast-schema-graph\">{\"@context\":\"https:\/\/schema.org\",\"@graph\":[{\"@type\":\"Article\",\"@id\":\"https:\/\/portaltela.pt\/noticias\/2026\/03\/25\/tiago-bonito-regressa-as-estrelas-michelin-com-postal-da-portugalidade\/#article\",\"isPartOf\":{\"@id\":\"https:\/\/portaltela.pt\/noticias\/2026\/03\/25\/tiago-bonito-regressa-as-estrelas-michelin-com-postal-da-portugalidade\/\"},\"author\":{\"name\":\"Telinha\",\"@id\":\"https:\/\/portaltela.pt\/#\/schema\/person\/c4278d4a6028830caff9ee44b42d32ed\"},\"headline\":\"Tiago Bonito regressa \u00e0s estrelas Michelin com postal da portugalidade\",\"datePublished\":\"2026-03-25T16:34:00+00:00\",\"mainEntityOfPage\":{\"@id\":\"https:\/\/portaltela.pt\/noticias\/2026\/03\/25\/tiago-bonito-regressa-as-estrelas-michelin-com-postal-da-portugalidade\/\"},\"wordCount\":233,\"image\":{\"@id\":\"https:\/\/portaltela.pt\/noticias\/2026\/03\/25\/tiago-bonito-regressa-as-estrelas-michelin-com-postal-da-portugalidade\/#primaryimage\"},\"thumbnailUrl\":\"https:\/\/portaltela.pt\/s.01k8rhncp4jt1\/2026\/03\/image-116.webp\",\"keywords\":[\"cozinha\",\"gastronomia\",\"Porto\",\"Portugal\",\"restaurantes\",\"Tiago\"],\"articleSection\":[\"Gastronomia\",\"Not\u00edcias\"],\"inLanguage\":\"pt-PT\"},{\"@type\":\"WebPage\",\"@id\":\"https:\/\/portaltela.pt\/noticias\/2026\/03\/25\/tiago-bonito-regressa-as-estrelas-michelin-com-postal-da-portugalidade\/\",\"url\":\"https:\/\/portaltela.pt\/noticias\/2026\/03\/25\/tiago-bonito-regressa-as-estrelas-michelin-com-postal-da-portugalidade\/\",\"name\":\"Tiago Bonito regressa \u00e0s estrelas Michelin com postal da portugalidade - Portal Tela Portugal\",\"isPartOf\":{\"@id\":\"https:\/\/portaltela.pt\/#website\"},\"primaryImageOfPage\":{\"@id\":\"https:\/\/portaltela.pt\/noticias\/2026\/03\/25\/tiago-bonito-regressa-as-estrelas-michelin-com-postal-da-portugalidade\/#primaryimage\"},\"image\":{\"@id\":\"https:\/\/portaltela.pt\/noticias\/2026\/03\/25\/tiago-bonito-regressa-as-estrelas-michelin-com-postal-da-portugalidade\/#primaryimage\"},\"thumbnailUrl\":\"https:\/\/portaltela.pt\/s.01k8rhncp4jt1\/2026\/03\/image-116.webp\",\"datePublished\":\"2026-03-25T16:34:00+00:00\",\"author\":{\"@id\":\"https:\/\/portaltela.pt\/#\/schema\/person\/c4278d4a6028830caff9ee44b42d32ed\"},\"breadcrumb\":{\"@id\":\"https:\/\/portaltela.pt\/noticias\/2026\/03\/25\/tiago-bonito-regressa-as-estrelas-michelin-com-postal-da-portugalidade\/#breadcrumb\"},\"inLanguage\":\"pt-PT\",\"potentialAction\":[{\"@type\":\"ReadAction\",\"target\":[\"https:\/\/portaltela.pt\/noticias\/2026\/03\/25\/tiago-bonito-regressa-as-estrelas-michelin-com-postal-da-portugalidade\/\"]}]},{\"@type\":\"ImageObject\",\"inLanguage\":\"pt-PT\",\"@id\":\"https:\/\/portaltela.pt\/noticias\/2026\/03\/25\/tiago-bonito-regressa-as-estrelas-michelin-com-postal-da-portugalidade\/#primaryimage\",\"url\":\"https:\/\/portaltela.pt\/s.01k8rhncp4jt1\/2026\/03\/image-116.webp\",\"contentUrl\":\"https:\/\/portaltela.pt\/s.01k8rhncp4jt1\/2026\/03\/image-116.webp\",\"width\":1200,\"height\":799,\"caption\":\"\u00c9on\"},{\"@type\":\"BreadcrumbList\",\"@id\":\"https:\/\/portaltela.pt\/noticias\/2026\/03\/25\/tiago-bonito-regressa-as-estrelas-michelin-com-postal-da-portugalidade\/#breadcrumb\",\"itemListElement\":[{\"@type\":\"ListItem\",\"position\":1,\"name\":\"In\u00edcio\",\"item\":\"https:\/\/portaltela.pt\/\"},{\"@type\":\"ListItem\",\"position\":2,\"name\":\"Tiago Bonito regressa \u00e0s estrelas Michelin com postal da portugalidade\"}]},{\"@type\":\"WebSite\",\"@id\":\"https:\/\/portaltela.pt\/#website\",\"url\":\"https:\/\/portaltela.pt\/\",\"name\":\"Portal Tela Portugal\",\"description\":\"\",\"potentialAction\":[{\"@type\":\"SearchAction\",\"target\":{\"@type\":\"EntryPoint\",\"urlTemplate\":\"https:\/\/portaltela.pt\/?s={search_term_string}\"},\"query-input\":{\"@type\":\"PropertyValueSpecification\",\"valueRequired\":true,\"valueName\":\"search_term_string\"}}],\"inLanguage\":\"pt-PT\"},{\"@type\":\"Person\",\"@id\":\"https:\/\/portaltela.pt\/#\/schema\/person\/c4278d4a6028830caff9ee44b42d32ed\",\"name\":\"Telinha\",\"image\":{\"@type\":\"ImageObject\",\"inLanguage\":\"pt-PT\",\"@id\":\"https:\/\/portaltela.pt\/s.01k8rhncp4jt1\/2025\/11\/talking-bot-125x125.png\",\"url\":\"https:\/\/portaltela.pt\/s.01k8rhncp4jt1\/2025\/11\/talking-bot-125x125.png\",\"contentUrl\":\"https:\/\/portaltela.pt\/s.01k8rhncp4jt1\/2025\/11\/talking-bot-125x125.png\",\"caption\":\"Telinha\"},\"sameAs\":[\"https:\/\/portaltela.pt\/\"],\"url\":\"https:\/\/portaltela.pt\/por\/367410592786\/\"}]}<\/script>\n<!-- \/ Yoast SEO plugin. -->","yoast_head_json":{"title":"Tiago Bonito regressa \u00e0s estrelas Michelin com postal da portugalidade - Portal Tela Portugal","robots":{"index":"index","follow":"follow","max-snippet":"max-snippet:-1","max-image-preview":"max-image-preview:large","max-video-preview":"max-video-preview:-1"},"og_locale":"pt_PT","og_type":"article","og_title":"Tiago Bonito regressa \u00e0s estrelas Michelin com postal da portugalidade - Portal Tela Portugal","og_description":"O chef Tiago Bonito voltou \u00e0 Michelin com o restaurante \u00c9on, no Palacete Severo, no Porto. O \u00c9on fica definido como um espa\u00e7o de fine dining que traduz mem\u00f3rias de Portugal na mesa. Bonito deixou h\u00e1 tr\u00eas anos a cozinha da Casa da Cal\u00e7ada, em Amarante, onde conquistou a primeira estrela Michelin. O chef destaca o reconhecimento da equipa pelo esfor\u00e7o e sacrif\u00edcio na cria\u00e7\u00e3o de um projeto gastron\u00f3mico do zero.","og_url":"https:\/\/portaltela.pt\/noticias\/2026\/03\/25\/tiago-bonito-regressa-as-estrelas-michelin-com-postal-da-portugalidade\/","og_site_name":"Portal Tela Portugal","article_published_time":"2026-03-25T16:34:00+00:00","author":"Telinha","twitter_card":"summary_large_image","twitter_misc":{"Escrito por":"Telinha","Tempo estimado de leitura":"1 minuto"},"schema":{"@context":"https:\/\/schema.org","@graph":[{"@type":"Article","@id":"https:\/\/portaltela.pt\/noticias\/2026\/03\/25\/tiago-bonito-regressa-as-estrelas-michelin-com-postal-da-portugalidade\/#article","isPartOf":{"@id":"https:\/\/portaltela.pt\/noticias\/2026\/03\/25\/tiago-bonito-regressa-as-estrelas-michelin-com-postal-da-portugalidade\/"},"author":{"name":"Telinha","@id":"https:\/\/portaltela.pt\/#\/schema\/person\/c4278d4a6028830caff9ee44b42d32ed"},"headline":"Tiago Bonito regressa \u00e0s estrelas Michelin com postal da portugalidade","datePublished":"2026-03-25T16:34:00+00:00","mainEntityOfPage":{"@id":"https:\/\/portaltela.pt\/noticias\/2026\/03\/25\/tiago-bonito-regressa-as-estrelas-michelin-com-postal-da-portugalidade\/"},"wordCount":233,"image":{"@id":"https:\/\/portaltela.pt\/noticias\/2026\/03\/25\/tiago-bonito-regressa-as-estrelas-michelin-com-postal-da-portugalidade\/#primaryimage"},"thumbnailUrl":"https:\/\/portaltela.pt\/s.01k8rhncp4jt1\/2026\/03\/image-116.webp","keywords":["cozinha","gastronomia","Porto","Portugal","restaurantes","Tiago"],"articleSection":["Gastronomia","Not\u00edcias"],"inLanguage":"pt-PT"},{"@type":"WebPage","@id":"https:\/\/portaltela.pt\/noticias\/2026\/03\/25\/tiago-bonito-regressa-as-estrelas-michelin-com-postal-da-portugalidade\/","url":"https:\/\/portaltela.pt\/noticias\/2026\/03\/25\/tiago-bonito-regressa-as-estrelas-michelin-com-postal-da-portugalidade\/","name":"Tiago Bonito regressa \u00e0s estrelas Michelin com postal da portugalidade - Portal Tela Portugal","isPartOf":{"@id":"https:\/\/portaltela.pt\/#website"},"primaryImageOfPage":{"@id":"https:\/\/portaltela.pt\/noticias\/2026\/03\/25\/tiago-bonito-regressa-as-estrelas-michelin-com-postal-da-portugalidade\/#primaryimage"},"image":{"@id":"https:\/\/portaltela.pt\/noticias\/2026\/03\/25\/tiago-bonito-regressa-as-estrelas-michelin-com-postal-da-portugalidade\/#primaryimage"},"thumbnailUrl":"https:\/\/portaltela.pt\/s.01k8rhncp4jt1\/2026\/03\/image-116.webp","datePublished":"2026-03-25T16:34:00+00:00","author":{"@id":"https:\/\/portaltela.pt\/#\/schema\/person\/c4278d4a6028830caff9ee44b42d32ed"},"breadcrumb":{"@id":"https:\/\/portaltela.pt\/noticias\/2026\/03\/25\/tiago-bonito-regressa-as-estrelas-michelin-com-postal-da-portugalidade\/#breadcrumb"},"inLanguage":"pt-PT","potentialAction":[{"@type":"ReadAction","target":["https:\/\/portaltela.pt\/noticias\/2026\/03\/25\/tiago-bonito-regressa-as-estrelas-michelin-com-postal-da-portugalidade\/"]}]},{"@type":"ImageObject","inLanguage":"pt-PT","@id":"https:\/\/portaltela.pt\/noticias\/2026\/03\/25\/tiago-bonito-regressa-as-estrelas-michelin-com-postal-da-portugalidade\/#primaryimage","url":"https:\/\/portaltela.pt\/s.01k8rhncp4jt1\/2026\/03\/image-116.webp","contentUrl":"https:\/\/portaltela.pt\/s.01k8rhncp4jt1\/2026\/03\/image-116.webp","width":1200,"height":799,"caption":"\u00c9on"},{"@type":"BreadcrumbList","@id":"https:\/\/portaltela.pt\/noticias\/2026\/03\/25\/tiago-bonito-regressa-as-estrelas-michelin-com-postal-da-portugalidade\/#breadcrumb","itemListElement":[{"@type":"ListItem","position":1,"name":"In\u00edcio","item":"https:\/\/portaltela.pt\/"},{"@type":"ListItem","position":2,"name":"Tiago Bonito regressa \u00e0s estrelas Michelin com postal da portugalidade"}]},{"@type":"WebSite","@id":"https:\/\/portaltela.pt\/#website","url":"https:\/\/portaltela.pt\/","name":"Portal Tela Portugal","description":"","potentialAction":[{"@type":"SearchAction","target":{"@type":"EntryPoint","urlTemplate":"https:\/\/portaltela.pt\/?s={search_term_string}"},"query-input":{"@type":"PropertyValueSpecification","valueRequired":true,"valueName":"search_term_string"}}],"inLanguage":"pt-PT"},{"@type":"Person","@id":"https:\/\/portaltela.pt\/#\/schema\/person\/c4278d4a6028830caff9ee44b42d32ed","name":"Telinha","image":{"@type":"ImageObject","inLanguage":"pt-PT","@id":"https:\/\/portaltela.pt\/s.01k8rhncp4jt1\/2025\/11\/talking-bot-125x125.png","url":"https:\/\/portaltela.pt\/s.01k8rhncp4jt1\/2025\/11\/talking-bot-125x125.png","contentUrl":"https:\/\/portaltela.pt\/s.01k8rhncp4jt1\/2025\/11\/talking-bot-125x125.png","caption":"Telinha"},"sameAs":["https:\/\/portaltela.pt\/"],"url":"https:\/\/portaltela.pt\/por\/367410592786\/"}]}},"_links":{"self":[{"href":"https:\/\/portaltela.pt\/api\/wp\/v2\/posts\/421117","targetHints":{"allow":["GET"]}}],"collection":[{"href":"https:\/\/portaltela.pt\/api\/wp\/v2\/posts"}],"about":[{"href":"https:\/\/portaltela.pt\/api\/wp\/v2\/types\/post"}],"author":[{"embeddable":true,"href":"https:\/\/portaltela.pt\/api\/wp\/v2\/users\/2"}],"replies":[{"embeddable":true,"href":"https:\/\/portaltela.pt\/api\/wp\/v2\/comments?post=421117"}],"version-history":[{"count":0,"href":"https:\/\/portaltela.pt\/api\/wp\/v2\/posts\/421117\/revisions"}],"wp:featuredmedia":[{"embeddable":true,"href":"https:\/\/portaltela.pt\/api\/wp\/v2\/media\/421119"}],"wp:attachment":[{"href":"https:\/\/portaltela.pt\/api\/wp\/v2\/media?parent=421117"}],"wp:term":[{"taxonomy":"category","embeddable":true,"href":"https:\/\/portaltela.pt\/api\/wp\/v2\/categories?post=421117"},{"taxonomy":"post_tag","embeddable":true,"href":"https:\/\/portaltela.pt\/api\/wp\/v2\/tags?post=421117"}],"curies":[{"name":"wp","href":"https:\/\/api.w.org\/{rel}","templated":true}]}}