{"id":421110,"date":"2026-03-25T13:16:34","date_gmt":"2026-03-25T16:16:34","guid":{"rendered":"https:\/\/portaltela.pt\/noticias\/2026\/03\/25\/selecionador-da-polonia-afirma-que-pietuszewski-esta-feliz\/"},"modified":"2026-03-25T13:16:34","modified_gmt":"2026-03-25T16:16:34","slug":"selecionador-da-polonia-afirma-que-pietuszewski-esta-feliz","status":"publish","type":"post","link":"https:\/\/portaltela.pt\/desporto\/futebol\/2026\/03\/25\/selecionador-da-polonia-afirma-que-pietuszewski-esta-feliz\/","title":{"rendered":"Selecionador da Pol\u00f3nia afirma que Pietuszewski est\u00e1 feliz"},"content":{"rendered":"<p>O selecionador da Pol\u00f3nia, Jan Urban, v\u00ea em Oskar Pietuszewski quem est\u00e1 contente com a vida. O t\u00e9cnico avaliou os primeiros dias do extremo do FC Porto na sele\u00e7\u00e3o principal, durante a prepara\u00e7\u00e3o da equipa.<\/p>\n<p>Urban disse que n\u00e3o houve contato pr\u00e9vio com o jogador; encontrou-o apenas na concentra\u00e7\u00e3o. O veredicto \u00e9 de confian\u00e7a, comportamento normal e alegria com o que se passa \u00e0 volta dele.<\/p>\n<p>O treinador destacou ainda a semelhan\u00e7a entre Pietuszewski e Filip R\u00f3zga, ambos com caracter\u00edsticas parecidas a atuar pela esquerda. A dupla tem trabalhado bem, o que desperta curiosidade para o desempenho na sele\u00e7\u00e3o.<\/p>\n<h3>Perspetiva de estreia e decis\u00e3o<\/h3>\n<p>Sobre a possibilidade de Pietuszewski estrear-se j\u00e1 na primeira partida, Urban n\u00e3o adiantou tudo: houve uma conclus\u00e3o, mas s\u00f3 amanh\u00e3 ficar\u00e1 claro se ser\u00e1 titular ou suplente.<\/p>\n<h3>Liga\u00e7\u00f5es com o jogo frente \u00e0 Alb\u00e2nia<\/h3>\n<p>A Pol\u00f3nia enfrenta a Alb\u00e2nia, na quinta-feira, no primeiro playoff para o Mundial 2026. O vencedor avan\u00e7ar\u00e1 para enfrentar Ucr\u00e2nia ou Su\u00e9cia na fase seguinte, na ter\u00e7a-feira seguinte.<\/p>\n","protected":false},"excerpt":{"rendered":"<ul>\n<li>O selecionador da Pol\u00f3nia, Jan Urban, disse que Pietuszewski est\u00e1 de bem com a vida e que o comportamento dele fora de campo corresponde ao que mostra dentro dele.<\/li>\n<li>Pietuszewski, extremo do FC Porto, pode tornar-se o sexto jogador polaco mais jovem a jogar pela sele\u00e7\u00e3o principal, ap\u00f3s j\u00e1 ter feito a estreia.<\/li>\n<li>Urban n\u00e3o o viu antes da concentra\u00e7\u00e3o; encontrou-o na prepara\u00e7\u00e3o e elogiou a confian\u00e7a dele.<\/li>\n<li>Existe decis\u00e3o pendente sobre se Pietuszewski ser\u00e1 titular j\u00e1 na primeira partida; se for titular, ser\u00e1; se tiver que entrar, ser\u00e1 como suplente.<\/li>\n<li>A Pol\u00f3nia defronta a Alb\u00e2nia no primeiro playoff de apuramento para o Mundial de 2026; o vencedor enfrenta Ucr\u00e2nia ou Su\u00e9cia na pr\u00f3xima ter\u00e7a-feira.<\/li>\n<\/ul>\n","protected":false},"author":2,"featured_media":421114,"comment_status":"closed","ping_status":"closed","sticky":false,"template":"","format":"standard","meta":{"footnotes":""},"categories":[21,24],"tags":[6367,2534,32,3752,1488,2057],"class_list":["post-421110","post","type-post","status-publish","format-standard","has-post-thumbnail","hentry","category-desporto","category-futebol","tag-copa2026","tag-albania","tag-futebol","tag-pietuszewski","tag-polonia","tag-selecao-nacional"],"yoast_head":"<!-- This site is optimized with the Yoast SEO plugin v27.2 - https:\/\/yoast.com\/product\/yoast-seo-wordpress\/ -->\n<title>Selecionador da Pol\u00f3nia afirma que Pietuszewski est\u00e1 feliz - Portal Tela Portugal<\/title>\n<meta name=\"robots\" content=\"index, follow, max-snippet:-1, max-image-preview:large, max-video-preview:-1\" \/>\n<meta property=\"og:locale\" content=\"pt_PT\" \/>\n<meta property=\"og:type\" content=\"article\" \/>\n<meta property=\"og:title\" content=\"Selecionador da Pol\u00f3nia afirma que Pietuszewski est\u00e1 feliz - Portal Tela Portugal\" \/>\n<meta property=\"og:description\" content=\"O selecionador da Pol\u00f3nia, Jan Urban, disse que Pietuszewski est\u00e1 de bem com a vida e que o comportamento dele fora de campo corresponde ao que mostra dentro dele. Pietuszewski, extremo do FC Porto, pode tornar-se o sexto jogador polaco mais jovem a jogar pela sele\u00e7\u00e3o principal, ap\u00f3s j\u00e1 ter feito a estreia. Urban n\u00e3o o viu antes da concentra\u00e7\u00e3o; encontrou-o na prepara\u00e7\u00e3o e elogiou a confian\u00e7a dele. Existe decis\u00e3o pendente sobre se Pietuszewski ser\u00e1 titular j\u00e1 na primeira partida; se for titular, ser\u00e1; se tiver que entrar, ser\u00e1 como suplente. A Pol\u00f3nia defronta a Alb\u00e2nia no primeiro playoff de apuramento para o Mundial de 2026; o vencedor enfrenta Ucr\u00e2nia ou Su\u00e9cia na pr\u00f3xima ter\u00e7a-feira.\" \/>\n<meta property=\"og:url\" content=\"https:\/\/portaltela.pt\/noticias\/2026\/03\/25\/selecionador-da-polonia-afirma-que-pietuszewski-esta-feliz\/\" \/>\n<meta property=\"og:site_name\" content=\"Portal Tela Portugal\" \/>\n<meta property=\"article:published_time\" content=\"2026-03-25T16:16:34+00:00\" \/>\n<meta name=\"author\" content=\"Telinha\" \/>\n<meta name=\"twitter:card\" content=\"summary_large_image\" \/>\n<meta name=\"twitter:label1\" content=\"Escrito por\" \/>\n\t<meta name=\"twitter:data1\" content=\"Telinha\" \/>\n\t<meta name=\"twitter:label2\" content=\"Tempo estimado de leitura\" \/>\n\t<meta name=\"twitter:data2\" content=\"1 minuto\" \/>\n<script type=\"application\/ld+json\" class=\"yoast-schema-graph\">{\"@context\":\"https:\/\/schema.org\",\"@graph\":[{\"@type\":\"Article\",\"@id\":\"https:\/\/portaltela.pt\/noticias\/2026\/03\/25\/selecionador-da-polonia-afirma-que-pietuszewski-esta-feliz\/#article\",\"isPartOf\":{\"@id\":\"https:\/\/portaltela.pt\/noticias\/2026\/03\/25\/selecionador-da-polonia-afirma-que-pietuszewski-esta-feliz\/\"},\"author\":{\"name\":\"Telinha\",\"@id\":\"https:\/\/portaltela.pt\/#\/schema\/person\/c4278d4a6028830caff9ee44b42d32ed\"},\"headline\":\"Selecionador da Pol\u00f3nia afirma que Pietuszewski est\u00e1 feliz\",\"datePublished\":\"2026-03-25T16:16:34+00:00\",\"mainEntityOfPage\":{\"@id\":\"https:\/\/portaltela.pt\/noticias\/2026\/03\/25\/selecionador-da-polonia-afirma-que-pietuszewski-esta-feliz\/\"},\"wordCount\":194,\"image\":{\"@id\":\"https:\/\/portaltela.pt\/noticias\/2026\/03\/25\/selecionador-da-polonia-afirma-que-pietuszewski-esta-feliz\/#primaryimage\"},\"thumbnailUrl\":\"https:\/\/portaltela.pt\/s.01k8rhncp4jt1\/2026\/03\/img_920x518uu2026-03-25-16-11-28-2429320-im-639100519539867252.jpg\",\"keywords\":[\"#copa2026\",\"Alb\u00e2nia\",\"futebol\",\"Pietuszewski\",\"Pol\u00f3nia\",\"Sele\u00e7\u00e3o Nacional\"],\"articleSection\":[\"Desporto\",\"Futebol\"],\"inLanguage\":\"pt-PT\"},{\"@type\":\"WebPage\",\"@id\":\"https:\/\/portaltela.pt\/noticias\/2026\/03\/25\/selecionador-da-polonia-afirma-que-pietuszewski-esta-feliz\/\",\"url\":\"https:\/\/portaltela.pt\/noticias\/2026\/03\/25\/selecionador-da-polonia-afirma-que-pietuszewski-esta-feliz\/\",\"name\":\"Selecionador da Pol\u00f3nia afirma que Pietuszewski est\u00e1 feliz - Portal Tela Portugal\",\"isPartOf\":{\"@id\":\"https:\/\/portaltela.pt\/#website\"},\"primaryImageOfPage\":{\"@id\":\"https:\/\/portaltela.pt\/noticias\/2026\/03\/25\/selecionador-da-polonia-afirma-que-pietuszewski-esta-feliz\/#primaryimage\"},\"image\":{\"@id\":\"https:\/\/portaltela.pt\/noticias\/2026\/03\/25\/selecionador-da-polonia-afirma-que-pietuszewski-esta-feliz\/#primaryimage\"},\"thumbnailUrl\":\"https:\/\/portaltela.pt\/s.01k8rhncp4jt1\/2026\/03\/img_920x518uu2026-03-25-16-11-28-2429320-im-639100519539867252.jpg\",\"datePublished\":\"2026-03-25T16:16:34+00:00\",\"author\":{\"@id\":\"https:\/\/portaltela.pt\/#\/schema\/person\/c4278d4a6028830caff9ee44b42d32ed\"},\"breadcrumb\":{\"@id\":\"https:\/\/portaltela.pt\/noticias\/2026\/03\/25\/selecionador-da-polonia-afirma-que-pietuszewski-esta-feliz\/#breadcrumb\"},\"inLanguage\":\"pt-PT\",\"potentialAction\":[{\"@type\":\"ReadAction\",\"target\":[\"https:\/\/portaltela.pt\/noticias\/2026\/03\/25\/selecionador-da-polonia-afirma-que-pietuszewski-esta-feliz\/\"]}]},{\"@type\":\"ImageObject\",\"inLanguage\":\"pt-PT\",\"@id\":\"https:\/\/portaltela.pt\/noticias\/2026\/03\/25\/selecionador-da-polonia-afirma-que-pietuszewski-esta-feliz\/#primaryimage\",\"url\":\"https:\/\/portaltela.pt\/s.01k8rhncp4jt1\/2026\/03\/img_920x518uu2026-03-25-16-11-28-2429320-im-639100519539867252.jpg\",\"contentUrl\":\"https:\/\/portaltela.pt\/s.01k8rhncp4jt1\/2026\/03\/img_920x518uu2026-03-25-16-11-28-2429320-im-639100519539867252.jpg\",\"width\":920,\"height\":518,\"caption\":\"Pietuszewski pode ser o 6.\u00ba jogador mais jovem a jogar pela Pol\u00f3nia\"},{\"@type\":\"BreadcrumbList\",\"@id\":\"https:\/\/portaltela.pt\/noticias\/2026\/03\/25\/selecionador-da-polonia-afirma-que-pietuszewski-esta-feliz\/#breadcrumb\",\"itemListElement\":[{\"@type\":\"ListItem\",\"position\":1,\"name\":\"In\u00edcio\",\"item\":\"https:\/\/portaltela.pt\/\"},{\"@type\":\"ListItem\",\"position\":2,\"name\":\"Selecionador da Pol\u00f3nia afirma que Pietuszewski est\u00e1 feliz\"}]},{\"@type\":\"WebSite\",\"@id\":\"https:\/\/portaltela.pt\/#website\",\"url\":\"https:\/\/portaltela.pt\/\",\"name\":\"Portal Tela Portugal\",\"description\":\"\",\"potentialAction\":[{\"@type\":\"SearchAction\",\"target\":{\"@type\":\"EntryPoint\",\"urlTemplate\":\"https:\/\/portaltela.pt\/?s={search_term_string}\"},\"query-input\":{\"@type\":\"PropertyValueSpecification\",\"valueRequired\":true,\"valueName\":\"search_term_string\"}}],\"inLanguage\":\"pt-PT\"},{\"@type\":\"Person\",\"@id\":\"https:\/\/portaltela.pt\/#\/schema\/person\/c4278d4a6028830caff9ee44b42d32ed\",\"name\":\"Telinha\",\"image\":{\"@type\":\"ImageObject\",\"inLanguage\":\"pt-PT\",\"@id\":\"https:\/\/portaltela.pt\/s.01k8rhncp4jt1\/2025\/11\/talking-bot-125x125.png\",\"url\":\"https:\/\/portaltela.pt\/s.01k8rhncp4jt1\/2025\/11\/talking-bot-125x125.png\",\"contentUrl\":\"https:\/\/portaltela.pt\/s.01k8rhncp4jt1\/2025\/11\/talking-bot-125x125.png\",\"caption\":\"Telinha\"},\"sameAs\":[\"https:\/\/portaltela.pt\/\"],\"url\":\"https:\/\/portaltela.pt\/por\/367410592786\/\"}]}<\/script>\n<!-- \/ Yoast SEO plugin. -->","yoast_head_json":{"title":"Selecionador da Pol\u00f3nia afirma que Pietuszewski est\u00e1 feliz - Portal Tela Portugal","robots":{"index":"index","follow":"follow","max-snippet":"max-snippet:-1","max-image-preview":"max-image-preview:large","max-video-preview":"max-video-preview:-1"},"og_locale":"pt_PT","og_type":"article","og_title":"Selecionador da Pol\u00f3nia afirma que Pietuszewski est\u00e1 feliz - Portal Tela Portugal","og_description":"O selecionador da Pol\u00f3nia, Jan Urban, disse que Pietuszewski est\u00e1 de bem com a vida e que o comportamento dele fora de campo corresponde ao que mostra dentro dele. Pietuszewski, extremo do FC Porto, pode tornar-se o sexto jogador polaco mais jovem a jogar pela sele\u00e7\u00e3o principal, ap\u00f3s j\u00e1 ter feito a estreia. Urban n\u00e3o o viu antes da concentra\u00e7\u00e3o; encontrou-o na prepara\u00e7\u00e3o e elogiou a confian\u00e7a dele. Existe decis\u00e3o pendente sobre se Pietuszewski ser\u00e1 titular j\u00e1 na primeira partida; se for titular, ser\u00e1; se tiver que entrar, ser\u00e1 como suplente. A Pol\u00f3nia defronta a Alb\u00e2nia no primeiro playoff de apuramento para o Mundial de 2026; o vencedor enfrenta Ucr\u00e2nia ou Su\u00e9cia na pr\u00f3xima ter\u00e7a-feira.","og_url":"https:\/\/portaltela.pt\/noticias\/2026\/03\/25\/selecionador-da-polonia-afirma-que-pietuszewski-esta-feliz\/","og_site_name":"Portal Tela Portugal","article_published_time":"2026-03-25T16:16:34+00:00","author":"Telinha","twitter_card":"summary_large_image","twitter_misc":{"Escrito por":"Telinha","Tempo estimado de leitura":"1 minuto"},"schema":{"@context":"https:\/\/schema.org","@graph":[{"@type":"Article","@id":"https:\/\/portaltela.pt\/noticias\/2026\/03\/25\/selecionador-da-polonia-afirma-que-pietuszewski-esta-feliz\/#article","isPartOf":{"@id":"https:\/\/portaltela.pt\/noticias\/2026\/03\/25\/selecionador-da-polonia-afirma-que-pietuszewski-esta-feliz\/"},"author":{"name":"Telinha","@id":"https:\/\/portaltela.pt\/#\/schema\/person\/c4278d4a6028830caff9ee44b42d32ed"},"headline":"Selecionador da Pol\u00f3nia afirma que Pietuszewski est\u00e1 feliz","datePublished":"2026-03-25T16:16:34+00:00","mainEntityOfPage":{"@id":"https:\/\/portaltela.pt\/noticias\/2026\/03\/25\/selecionador-da-polonia-afirma-que-pietuszewski-esta-feliz\/"},"wordCount":194,"image":{"@id":"https:\/\/portaltela.pt\/noticias\/2026\/03\/25\/selecionador-da-polonia-afirma-que-pietuszewski-esta-feliz\/#primaryimage"},"thumbnailUrl":"https:\/\/portaltela.pt\/s.01k8rhncp4jt1\/2026\/03\/img_920x518uu2026-03-25-16-11-28-2429320-im-639100519539867252.jpg","keywords":["#copa2026","Alb\u00e2nia","futebol","Pietuszewski","Pol\u00f3nia","Sele\u00e7\u00e3o Nacional"],"articleSection":["Desporto","Futebol"],"inLanguage":"pt-PT"},{"@type":"WebPage","@id":"https:\/\/portaltela.pt\/noticias\/2026\/03\/25\/selecionador-da-polonia-afirma-que-pietuszewski-esta-feliz\/","url":"https:\/\/portaltela.pt\/noticias\/2026\/03\/25\/selecionador-da-polonia-afirma-que-pietuszewski-esta-feliz\/","name":"Selecionador da Pol\u00f3nia afirma que Pietuszewski est\u00e1 feliz - Portal Tela Portugal","isPartOf":{"@id":"https:\/\/portaltela.pt\/#website"},"primaryImageOfPage":{"@id":"https:\/\/portaltela.pt\/noticias\/2026\/03\/25\/selecionador-da-polonia-afirma-que-pietuszewski-esta-feliz\/#primaryimage"},"image":{"@id":"https:\/\/portaltela.pt\/noticias\/2026\/03\/25\/selecionador-da-polonia-afirma-que-pietuszewski-esta-feliz\/#primaryimage"},"thumbnailUrl":"https:\/\/portaltela.pt\/s.01k8rhncp4jt1\/2026\/03\/img_920x518uu2026-03-25-16-11-28-2429320-im-639100519539867252.jpg","datePublished":"2026-03-25T16:16:34+00:00","author":{"@id":"https:\/\/portaltela.pt\/#\/schema\/person\/c4278d4a6028830caff9ee44b42d32ed"},"breadcrumb":{"@id":"https:\/\/portaltela.pt\/noticias\/2026\/03\/25\/selecionador-da-polonia-afirma-que-pietuszewski-esta-feliz\/#breadcrumb"},"inLanguage":"pt-PT","potentialAction":[{"@type":"ReadAction","target":["https:\/\/portaltela.pt\/noticias\/2026\/03\/25\/selecionador-da-polonia-afirma-que-pietuszewski-esta-feliz\/"]}]},{"@type":"ImageObject","inLanguage":"pt-PT","@id":"https:\/\/portaltela.pt\/noticias\/2026\/03\/25\/selecionador-da-polonia-afirma-que-pietuszewski-esta-feliz\/#primaryimage","url":"https:\/\/portaltela.pt\/s.01k8rhncp4jt1\/2026\/03\/img_920x518uu2026-03-25-16-11-28-2429320-im-639100519539867252.jpg","contentUrl":"https:\/\/portaltela.pt\/s.01k8rhncp4jt1\/2026\/03\/img_920x518uu2026-03-25-16-11-28-2429320-im-639100519539867252.jpg","width":920,"height":518,"caption":"Pietuszewski pode ser o 6.\u00ba jogador mais jovem a jogar pela Pol\u00f3nia"},{"@type":"BreadcrumbList","@id":"https:\/\/portaltela.pt\/noticias\/2026\/03\/25\/selecionador-da-polonia-afirma-que-pietuszewski-esta-feliz\/#breadcrumb","itemListElement":[{"@type":"ListItem","position":1,"name":"In\u00edcio","item":"https:\/\/portaltela.pt\/"},{"@type":"ListItem","position":2,"name":"Selecionador da Pol\u00f3nia afirma que Pietuszewski est\u00e1 feliz"}]},{"@type":"WebSite","@id":"https:\/\/portaltela.pt\/#website","url":"https:\/\/portaltela.pt\/","name":"Portal Tela Portugal","description":"","potentialAction":[{"@type":"SearchAction","target":{"@type":"EntryPoint","urlTemplate":"https:\/\/portaltela.pt\/?s={search_term_string}"},"query-input":{"@type":"PropertyValueSpecification","valueRequired":true,"valueName":"search_term_string"}}],"inLanguage":"pt-PT"},{"@type":"Person","@id":"https:\/\/portaltela.pt\/#\/schema\/person\/c4278d4a6028830caff9ee44b42d32ed","name":"Telinha","image":{"@type":"ImageObject","inLanguage":"pt-PT","@id":"https:\/\/portaltela.pt\/s.01k8rhncp4jt1\/2025\/11\/talking-bot-125x125.png","url":"https:\/\/portaltela.pt\/s.01k8rhncp4jt1\/2025\/11\/talking-bot-125x125.png","contentUrl":"https:\/\/portaltela.pt\/s.01k8rhncp4jt1\/2025\/11\/talking-bot-125x125.png","caption":"Telinha"},"sameAs":["https:\/\/portaltela.pt\/"],"url":"https:\/\/portaltela.pt\/por\/367410592786\/"}]}},"_links":{"self":[{"href":"https:\/\/portaltela.pt\/api\/wp\/v2\/posts\/421110","targetHints":{"allow":["GET"]}}],"collection":[{"href":"https:\/\/portaltela.pt\/api\/wp\/v2\/posts"}],"about":[{"href":"https:\/\/portaltela.pt\/api\/wp\/v2\/types\/post"}],"author":[{"embeddable":true,"href":"https:\/\/portaltela.pt\/api\/wp\/v2\/users\/2"}],"replies":[{"embeddable":true,"href":"https:\/\/portaltela.pt\/api\/wp\/v2\/comments?post=421110"}],"version-history":[{"count":0,"href":"https:\/\/portaltela.pt\/api\/wp\/v2\/posts\/421110\/revisions"}],"wp:featuredmedia":[{"embeddable":true,"href":"https:\/\/portaltela.pt\/api\/wp\/v2\/media\/421114"}],"wp:attachment":[{"href":"https:\/\/portaltela.pt\/api\/wp\/v2\/media?parent=421110"}],"wp:term":[{"taxonomy":"category","embeddable":true,"href":"https:\/\/portaltela.pt\/api\/wp\/v2\/categories?post=421110"},{"taxonomy":"post_tag","embeddable":true,"href":"https:\/\/portaltela.pt\/api\/wp\/v2\/tags?post=421110"}],"curies":[{"name":"wp","href":"https:\/\/api.w.org\/{rel}","templated":true}]}}