{"id":421091,"date":"2026-03-25T13:26:00","date_gmt":"2026-03-25T16:26:00","guid":{"rendered":"https:\/\/portaltela.pt\/noticias\/2026\/03\/25\/madalena-costa-17-combina-patinagem-com-o-objetivo-de-ser-psicologa\/"},"modified":"2026-03-25T13:26:00","modified_gmt":"2026-03-25T16:26:00","slug":"madalena-costa-17-combina-patinagem-com-o-objetivo-de-ser-psicologa","status":"publish","type":"post","link":"https:\/\/portaltela.pt\/desporto\/futebol\/2026\/03\/25\/madalena-costa-17-combina-patinagem-com-o-objetivo-de-ser-psicologa\/","title":{"rendered":"Madalena Costa, 17, combina patinagem com o objetivo de ser psic\u00f3loga"},"content":{"rendered":"<p>Madalena Costa, 17 anos, tornou-se uma refer\u00eancia do desporto portugu\u00eas. A patinadora madeirense sagrou-se em 2025 campe\u00e3 mundial s\u00e9nior de patinagem livre, o primeiro t\u00edtulo desta modalidade no pa\u00eds. Tamb\u00e9m det\u00e9m o t\u00edtulo europeu.<\/p>\n<p>A jovem esteve na reda\u00e7\u00e3o da Medialivre, ve\u00edculo que integra o nosso jornal, para uma entrevista ap\u00f3s ter recebido o Record de Ouro. Seguiu-se um momento em que cal\u00e7ou os patins e mostrou exerc\u00edcios que a sustentam como l\u00edder mundial.<\/p>\n<h3>Campeonatos e visitas<\/h3>\n<p>Costa destacou que o segredo do sucesso passou pela combina\u00e7\u00e3o entre treino intenso e foco mental. Refere que o percurso inclui viagens, competi\u00e7\u00f5es e prepara\u00e7\u00e3o psicol\u00f3gica para lidar com a press\u00e3o.<\/p>\n<p>Segundo a atleta, o objetivo atual \u00e9 manter o n\u00edvel competitivo e inspirar jovens atletas. A patinadora lembra ainda que o apoio de treinadores e fam\u00edlia tem sido determinante para alcan\u00e7ar estes resultados.<\/p>\n","protected":false},"excerpt":{"rendered":"<ul>\n<li>Madalena Costa tem 17 anos e \u00e9 natural da Madeira.<\/li>\n<li>Em 2025 tornou\u2011se campe\u00e3 mundial s\u00e9nior de patinagem livre, a primeira vez na modalidade em Portugal.<\/li>\n<li>\u00c9 tamb\u00e9m detentora do t\u00edtulo europeu.<\/li>\n<li>Visitou a reda\u00e7\u00e3o da Medialivre e recebeu o Record de Ouro.<\/li>\n<li>Mostrou alguns exerc\u00edcios que a ajudam a manter o n\u00edvel de campe\u00e3 mundial.<\/li>\n<\/ul>\n","protected":false},"author":2,"featured_media":421095,"comment_status":"closed","ping_status":"closed","sticky":false,"template":"","format":"standard","meta":{"footnotes":""},"categories":[21,24],"tags":[152,2844,859,1864,2249,2477],"class_list":["post-421091","post","type-post","status-publish","format-standard","has-post-thumbnail","hentry","category-desporto","category-futebol","tag-desporto","tag-jovens","tag-madeira","tag-patinagem","tag-psicologia","tag-treinadores"],"yoast_head":"<!-- This site is optimized with the Yoast SEO plugin v27.2 - https:\/\/yoast.com\/product\/yoast-seo-wordpress\/ -->\n<title>Madalena Costa, 17, combina patinagem com o objetivo de ser psic\u00f3loga - Portal Tela Portugal<\/title>\n<meta name=\"robots\" content=\"index, follow, max-snippet:-1, max-image-preview:large, max-video-preview:-1\" \/>\n<meta property=\"og:locale\" content=\"pt_PT\" \/>\n<meta property=\"og:type\" content=\"article\" \/>\n<meta property=\"og:title\" content=\"Madalena Costa, 17, combina patinagem com o objetivo de ser psic\u00f3loga - Portal Tela Portugal\" \/>\n<meta property=\"og:description\" content=\"Madalena Costa tem 17 anos e \u00e9 natural da Madeira. Em 2025 tornou\u2011se campe\u00e3 mundial s\u00e9nior de patinagem livre, a primeira vez na modalidade em Portugal. \u00c9 tamb\u00e9m detentora do t\u00edtulo europeu. Visitou a reda\u00e7\u00e3o da Medialivre e recebeu o Record de Ouro. Mostrou alguns exerc\u00edcios que a ajudam a manter o n\u00edvel de campe\u00e3 mundial.\" \/>\n<meta property=\"og:url\" content=\"https:\/\/portaltela.pt\/noticias\/2026\/03\/25\/madalena-costa-17-combina-patinagem-com-o-objetivo-de-ser-psicologa\/\" \/>\n<meta property=\"og:site_name\" content=\"Portal Tela Portugal\" \/>\n<meta property=\"article:published_time\" content=\"2026-03-25T16:26:00+00:00\" \/>\n<meta name=\"author\" content=\"Telinha\" \/>\n<meta name=\"twitter:card\" content=\"summary_large_image\" \/>\n<meta name=\"twitter:label1\" content=\"Escrito por\" \/>\n\t<meta name=\"twitter:data1\" content=\"Telinha\" \/>\n\t<meta name=\"twitter:label2\" content=\"Tempo estimado de leitura\" \/>\n\t<meta name=\"twitter:data2\" content=\"1 minuto\" \/>\n<script type=\"application\/ld+json\" class=\"yoast-schema-graph\">{\"@context\":\"https:\/\/schema.org\",\"@graph\":[{\"@type\":\"Article\",\"@id\":\"https:\/\/portaltela.pt\/noticias\/2026\/03\/25\/madalena-costa-17-combina-patinagem-com-o-objetivo-de-ser-psicologa\/#article\",\"isPartOf\":{\"@id\":\"https:\/\/portaltela.pt\/noticias\/2026\/03\/25\/madalena-costa-17-combina-patinagem-com-o-objetivo-de-ser-psicologa\/\"},\"author\":{\"name\":\"Telinha\",\"@id\":\"https:\/\/portaltela.pt\/#\/schema\/person\/c4278d4a6028830caff9ee44b42d32ed\"},\"headline\":\"Madalena Costa, 17, combina patinagem com o objetivo de ser psic\u00f3loga\",\"datePublished\":\"2026-03-25T16:26:00+00:00\",\"mainEntityOfPage\":{\"@id\":\"https:\/\/portaltela.pt\/noticias\/2026\/03\/25\/madalena-costa-17-combina-patinagem-com-o-objetivo-de-ser-psicologa\/\"},\"wordCount\":171,\"image\":{\"@id\":\"https:\/\/portaltela.pt\/noticias\/2026\/03\/25\/madalena-costa-17-combina-patinagem-com-o-objetivo-de-ser-psicologa\/#primaryimage\"},\"thumbnailUrl\":\"https:\/\/portaltela.pt\/s.01k8rhncp4jt1\/2026\/03\/img_1200x721uu2026-03-25-13-45-00-2429304.jpg\",\"keywords\":[\"desporto\",\"jovens\",\"Madeira\",\"patinagem\",\"psicologia\",\"treinadores\"],\"articleSection\":[\"Desporto\",\"Futebol\"],\"inLanguage\":\"pt-PT\"},{\"@type\":\"WebPage\",\"@id\":\"https:\/\/portaltela.pt\/noticias\/2026\/03\/25\/madalena-costa-17-combina-patinagem-com-o-objetivo-de-ser-psicologa\/\",\"url\":\"https:\/\/portaltela.pt\/noticias\/2026\/03\/25\/madalena-costa-17-combina-patinagem-com-o-objetivo-de-ser-psicologa\/\",\"name\":\"Madalena Costa, 17, combina patinagem com o objetivo de ser psic\u00f3loga - Portal Tela Portugal\",\"isPartOf\":{\"@id\":\"https:\/\/portaltela.pt\/#website\"},\"primaryImageOfPage\":{\"@id\":\"https:\/\/portaltela.pt\/noticias\/2026\/03\/25\/madalena-costa-17-combina-patinagem-com-o-objetivo-de-ser-psicologa\/#primaryimage\"},\"image\":{\"@id\":\"https:\/\/portaltela.pt\/noticias\/2026\/03\/25\/madalena-costa-17-combina-patinagem-com-o-objetivo-de-ser-psicologa\/#primaryimage\"},\"thumbnailUrl\":\"https:\/\/portaltela.pt\/s.01k8rhncp4jt1\/2026\/03\/img_1200x721uu2026-03-25-13-45-00-2429304.jpg\",\"datePublished\":\"2026-03-25T16:26:00+00:00\",\"author\":{\"@id\":\"https:\/\/portaltela.pt\/#\/schema\/person\/c4278d4a6028830caff9ee44b42d32ed\"},\"breadcrumb\":{\"@id\":\"https:\/\/portaltela.pt\/noticias\/2026\/03\/25\/madalena-costa-17-combina-patinagem-com-o-objetivo-de-ser-psicologa\/#breadcrumb\"},\"inLanguage\":\"pt-PT\",\"potentialAction\":[{\"@type\":\"ReadAction\",\"target\":[\"https:\/\/portaltela.pt\/noticias\/2026\/03\/25\/madalena-costa-17-combina-patinagem-com-o-objetivo-de-ser-psicologa\/\"]}]},{\"@type\":\"ImageObject\",\"inLanguage\":\"pt-PT\",\"@id\":\"https:\/\/portaltela.pt\/noticias\/2026\/03\/25\/madalena-costa-17-combina-patinagem-com-o-objetivo-de-ser-psicologa\/#primaryimage\",\"url\":\"https:\/\/portaltela.pt\/s.01k8rhncp4jt1\/2026\/03\/img_1200x721uu2026-03-25-13-45-00-2429304.jpg\",\"contentUrl\":\"https:\/\/portaltela.pt\/s.01k8rhncp4jt1\/2026\/03\/img_1200x721uu2026-03-25-13-45-00-2429304.jpg\",\"width\":1200,\"height\":721,\"caption\":\"Madalena Costa s\u00f3 tem 17 anos, mas j\u00e1 faz hist\u00f3ria no desporto portugu\u00eas. A madeirense sagrou-se, em 2025, campe\u00e3 mundial s\u00e9nior em patinagem livre, feito que acontece pela primeira vez na modalidade no nosso pa\u00eds. \u00c9 tamb\u00e9m detentora do t\u00edtulo europeu. Esteve de visita \u00e0 reda\u00e7\u00e3o da Medialivre, onde se inclui o nosso jornal, e depois de receber o Record de Ouro, cal\u00e7ou os patins e mostrou alguns dos exerc\u00edcios que fazem dela a melhor do Mundo.\"},{\"@type\":\"BreadcrumbList\",\"@id\":\"https:\/\/portaltela.pt\/noticias\/2026\/03\/25\/madalena-costa-17-combina-patinagem-com-o-objetivo-de-ser-psicologa\/#breadcrumb\",\"itemListElement\":[{\"@type\":\"ListItem\",\"position\":1,\"name\":\"In\u00edcio\",\"item\":\"https:\/\/portaltela.pt\/\"},{\"@type\":\"ListItem\",\"position\":2,\"name\":\"Madalena Costa, 17, combina patinagem com o objetivo de ser psic\u00f3loga\"}]},{\"@type\":\"WebSite\",\"@id\":\"https:\/\/portaltela.pt\/#website\",\"url\":\"https:\/\/portaltela.pt\/\",\"name\":\"Portal Tela Portugal\",\"description\":\"\",\"potentialAction\":[{\"@type\":\"SearchAction\",\"target\":{\"@type\":\"EntryPoint\",\"urlTemplate\":\"https:\/\/portaltela.pt\/?s={search_term_string}\"},\"query-input\":{\"@type\":\"PropertyValueSpecification\",\"valueRequired\":true,\"valueName\":\"search_term_string\"}}],\"inLanguage\":\"pt-PT\"},{\"@type\":\"Person\",\"@id\":\"https:\/\/portaltela.pt\/#\/schema\/person\/c4278d4a6028830caff9ee44b42d32ed\",\"name\":\"Telinha\",\"image\":{\"@type\":\"ImageObject\",\"inLanguage\":\"pt-PT\",\"@id\":\"https:\/\/portaltela.pt\/s.01k8rhncp4jt1\/2025\/11\/talking-bot-125x125.png\",\"url\":\"https:\/\/portaltela.pt\/s.01k8rhncp4jt1\/2025\/11\/talking-bot-125x125.png\",\"contentUrl\":\"https:\/\/portaltela.pt\/s.01k8rhncp4jt1\/2025\/11\/talking-bot-125x125.png\",\"caption\":\"Telinha\"},\"sameAs\":[\"https:\/\/portaltela.pt\/\"],\"url\":\"https:\/\/portaltela.pt\/por\/367410592786\/\"}]}<\/script>\n<!-- \/ Yoast SEO plugin. -->","yoast_head_json":{"title":"Madalena Costa, 17, combina patinagem com o objetivo de ser psic\u00f3loga - Portal Tela Portugal","robots":{"index":"index","follow":"follow","max-snippet":"max-snippet:-1","max-image-preview":"max-image-preview:large","max-video-preview":"max-video-preview:-1"},"og_locale":"pt_PT","og_type":"article","og_title":"Madalena Costa, 17, combina patinagem com o objetivo de ser psic\u00f3loga - Portal Tela Portugal","og_description":"Madalena Costa tem 17 anos e \u00e9 natural da Madeira. Em 2025 tornou\u2011se campe\u00e3 mundial s\u00e9nior de patinagem livre, a primeira vez na modalidade em Portugal. \u00c9 tamb\u00e9m detentora do t\u00edtulo europeu. Visitou a reda\u00e7\u00e3o da Medialivre e recebeu o Record de Ouro. Mostrou alguns exerc\u00edcios que a ajudam a manter o n\u00edvel de campe\u00e3 mundial.","og_url":"https:\/\/portaltela.pt\/noticias\/2026\/03\/25\/madalena-costa-17-combina-patinagem-com-o-objetivo-de-ser-psicologa\/","og_site_name":"Portal Tela Portugal","article_published_time":"2026-03-25T16:26:00+00:00","author":"Telinha","twitter_card":"summary_large_image","twitter_misc":{"Escrito por":"Telinha","Tempo estimado de leitura":"1 minuto"},"schema":{"@context":"https:\/\/schema.org","@graph":[{"@type":"Article","@id":"https:\/\/portaltela.pt\/noticias\/2026\/03\/25\/madalena-costa-17-combina-patinagem-com-o-objetivo-de-ser-psicologa\/#article","isPartOf":{"@id":"https:\/\/portaltela.pt\/noticias\/2026\/03\/25\/madalena-costa-17-combina-patinagem-com-o-objetivo-de-ser-psicologa\/"},"author":{"name":"Telinha","@id":"https:\/\/portaltela.pt\/#\/schema\/person\/c4278d4a6028830caff9ee44b42d32ed"},"headline":"Madalena Costa, 17, combina patinagem com o objetivo de ser psic\u00f3loga","datePublished":"2026-03-25T16:26:00+00:00","mainEntityOfPage":{"@id":"https:\/\/portaltela.pt\/noticias\/2026\/03\/25\/madalena-costa-17-combina-patinagem-com-o-objetivo-de-ser-psicologa\/"},"wordCount":171,"image":{"@id":"https:\/\/portaltela.pt\/noticias\/2026\/03\/25\/madalena-costa-17-combina-patinagem-com-o-objetivo-de-ser-psicologa\/#primaryimage"},"thumbnailUrl":"https:\/\/portaltela.pt\/s.01k8rhncp4jt1\/2026\/03\/img_1200x721uu2026-03-25-13-45-00-2429304.jpg","keywords":["desporto","jovens","Madeira","patinagem","psicologia","treinadores"],"articleSection":["Desporto","Futebol"],"inLanguage":"pt-PT"},{"@type":"WebPage","@id":"https:\/\/portaltela.pt\/noticias\/2026\/03\/25\/madalena-costa-17-combina-patinagem-com-o-objetivo-de-ser-psicologa\/","url":"https:\/\/portaltela.pt\/noticias\/2026\/03\/25\/madalena-costa-17-combina-patinagem-com-o-objetivo-de-ser-psicologa\/","name":"Madalena Costa, 17, combina patinagem com o objetivo de ser psic\u00f3loga - Portal Tela Portugal","isPartOf":{"@id":"https:\/\/portaltela.pt\/#website"},"primaryImageOfPage":{"@id":"https:\/\/portaltela.pt\/noticias\/2026\/03\/25\/madalena-costa-17-combina-patinagem-com-o-objetivo-de-ser-psicologa\/#primaryimage"},"image":{"@id":"https:\/\/portaltela.pt\/noticias\/2026\/03\/25\/madalena-costa-17-combina-patinagem-com-o-objetivo-de-ser-psicologa\/#primaryimage"},"thumbnailUrl":"https:\/\/portaltela.pt\/s.01k8rhncp4jt1\/2026\/03\/img_1200x721uu2026-03-25-13-45-00-2429304.jpg","datePublished":"2026-03-25T16:26:00+00:00","author":{"@id":"https:\/\/portaltela.pt\/#\/schema\/person\/c4278d4a6028830caff9ee44b42d32ed"},"breadcrumb":{"@id":"https:\/\/portaltela.pt\/noticias\/2026\/03\/25\/madalena-costa-17-combina-patinagem-com-o-objetivo-de-ser-psicologa\/#breadcrumb"},"inLanguage":"pt-PT","potentialAction":[{"@type":"ReadAction","target":["https:\/\/portaltela.pt\/noticias\/2026\/03\/25\/madalena-costa-17-combina-patinagem-com-o-objetivo-de-ser-psicologa\/"]}]},{"@type":"ImageObject","inLanguage":"pt-PT","@id":"https:\/\/portaltela.pt\/noticias\/2026\/03\/25\/madalena-costa-17-combina-patinagem-com-o-objetivo-de-ser-psicologa\/#primaryimage","url":"https:\/\/portaltela.pt\/s.01k8rhncp4jt1\/2026\/03\/img_1200x721uu2026-03-25-13-45-00-2429304.jpg","contentUrl":"https:\/\/portaltela.pt\/s.01k8rhncp4jt1\/2026\/03\/img_1200x721uu2026-03-25-13-45-00-2429304.jpg","width":1200,"height":721,"caption":"Madalena Costa s\u00f3 tem 17 anos, mas j\u00e1 faz hist\u00f3ria no desporto portugu\u00eas. A madeirense sagrou-se, em 2025, campe\u00e3 mundial s\u00e9nior em patinagem livre, feito que acontece pela primeira vez na modalidade no nosso pa\u00eds. \u00c9 tamb\u00e9m detentora do t\u00edtulo europeu. Esteve de visita \u00e0 reda\u00e7\u00e3o da Medialivre, onde se inclui o nosso jornal, e depois de receber o Record de Ouro, cal\u00e7ou os patins e mostrou alguns dos exerc\u00edcios que fazem dela a melhor do Mundo."},{"@type":"BreadcrumbList","@id":"https:\/\/portaltela.pt\/noticias\/2026\/03\/25\/madalena-costa-17-combina-patinagem-com-o-objetivo-de-ser-psicologa\/#breadcrumb","itemListElement":[{"@type":"ListItem","position":1,"name":"In\u00edcio","item":"https:\/\/portaltela.pt\/"},{"@type":"ListItem","position":2,"name":"Madalena Costa, 17, combina patinagem com o objetivo de ser psic\u00f3loga"}]},{"@type":"WebSite","@id":"https:\/\/portaltela.pt\/#website","url":"https:\/\/portaltela.pt\/","name":"Portal Tela Portugal","description":"","potentialAction":[{"@type":"SearchAction","target":{"@type":"EntryPoint","urlTemplate":"https:\/\/portaltela.pt\/?s={search_term_string}"},"query-input":{"@type":"PropertyValueSpecification","valueRequired":true,"valueName":"search_term_string"}}],"inLanguage":"pt-PT"},{"@type":"Person","@id":"https:\/\/portaltela.pt\/#\/schema\/person\/c4278d4a6028830caff9ee44b42d32ed","name":"Telinha","image":{"@type":"ImageObject","inLanguage":"pt-PT","@id":"https:\/\/portaltela.pt\/s.01k8rhncp4jt1\/2025\/11\/talking-bot-125x125.png","url":"https:\/\/portaltela.pt\/s.01k8rhncp4jt1\/2025\/11\/talking-bot-125x125.png","contentUrl":"https:\/\/portaltela.pt\/s.01k8rhncp4jt1\/2025\/11\/talking-bot-125x125.png","caption":"Telinha"},"sameAs":["https:\/\/portaltela.pt\/"],"url":"https:\/\/portaltela.pt\/por\/367410592786\/"}]}},"_links":{"self":[{"href":"https:\/\/portaltela.pt\/api\/wp\/v2\/posts\/421091","targetHints":{"allow":["GET"]}}],"collection":[{"href":"https:\/\/portaltela.pt\/api\/wp\/v2\/posts"}],"about":[{"href":"https:\/\/portaltela.pt\/api\/wp\/v2\/types\/post"}],"author":[{"embeddable":true,"href":"https:\/\/portaltela.pt\/api\/wp\/v2\/users\/2"}],"replies":[{"embeddable":true,"href":"https:\/\/portaltela.pt\/api\/wp\/v2\/comments?post=421091"}],"version-history":[{"count":0,"href":"https:\/\/portaltela.pt\/api\/wp\/v2\/posts\/421091\/revisions"}],"wp:featuredmedia":[{"embeddable":true,"href":"https:\/\/portaltela.pt\/api\/wp\/v2\/media\/421095"}],"wp:attachment":[{"href":"https:\/\/portaltela.pt\/api\/wp\/v2\/media?parent=421091"}],"wp:term":[{"taxonomy":"category","embeddable":true,"href":"https:\/\/portaltela.pt\/api\/wp\/v2\/categories?post=421091"},{"taxonomy":"post_tag","embeddable":true,"href":"https:\/\/portaltela.pt\/api\/wp\/v2\/tags?post=421091"}],"curies":[{"name":"wp","href":"https:\/\/api.w.org\/{rel}","templated":true}]}}