{"id":421089,"date":"2026-03-25T13:06:00","date_gmt":"2026-03-25T16:06:00","guid":{"rendered":"https:\/\/portaltela.pt\/noticias\/2026\/03\/25\/aumento-de-2-c-pode-provocar-impactos-extremos-maiores-que-3-4-c\/"},"modified":"2026-03-25T13:06:00","modified_gmt":"2026-03-25T16:06:00","slug":"aumento-de-2-c-pode-provocar-impactos-extremos-maiores-que-3-4-c","status":"publish","type":"post","link":"https:\/\/portaltela.pt\/noticias\/2026\/03\/25\/aumento-de-2-c-pode-provocar-impactos-extremos-maiores-que-3-4-c\/","title":{"rendered":"Aumento de 2\u00b0C pode provocar impactos extremos maiores que 3\u20134\u00b0C"},"content":{"rendered":"<p>Um estudo internacional liderado pelo Centro Helmholtz de Investiga\u00e7\u00e3o Ambiental (UFZ) sustenta que um aquecimento de apenas 2\u00b0C pode gerar impactos clim\u00e1ticos extremos superiores aos previstos para cen\u00e1rios de 3\u00b0C ou 4\u00b0C. As conclus\u00f5es destacam riscos de secas, cheias, precipita\u00e7\u00e3o intensa e inc\u00eandios em v\u00e1rios setores. O autor principal, Emanuele Bevacqua, alerta para a confian\u00e7a excessiva nas m\u00e9dias das projec\u00e7\u00f5es.<\/p>\n<p>A equipa testou milhares de simula\u00e7\u00f5es CMIP6 para avaliar cen\u00e1rios at\u00e9 2050 e al\u00e9m. O objetivo foi identificar quais previs\u00f5es dependem menos de o que acontece, por exemplo, na agricultura, florestas e \u00e1reas urbanas densas, onde os efeitos podem ser mais agudos do que o esperado. Os resultados aparecem na revista Nature.<\/p>\n<h3>Risco global e regional<\/h3>\n<p>Os investigadores analisaram tr\u00eas dom\u00ednios de risco: precipita\u00e7\u00e3o extrema em \u00e1reas populosas, secas em zonas agr\u00edcolas chave e condi\u00e7\u00f5es favor\u00e1veis a inc\u00eandios florestais. Em todos, alguns modelos indicam impactos muito mais intensos a 2\u00b0C do que a m\u00e9dia de cen\u00e1rios a 3\u00b0C ou 4\u00b0C.<\/p>\n<p>A leitura local para a Pen\u00ednsula Ib\u00e9rica aponta que, mesmo com 2\u00b0C, h\u00e1 possibilidade de fen\u00f3menos extremos de chuva e seca superiores aos cen\u00e1rios com aquecimento maior. Em zonas densamente povoadas, a precipita\u00e7\u00e3o extrema pode intensificar-se mais do que o esperado em mundos a 3\u00b0C ou 4\u00b0C.<\/p>\n<h3>Implica\u00e7\u00f5es e comunica\u00e7\u00e3o de risco<\/h3>\n<p>Os autores sublinham que comunicar apenas as m\u00e9dias subestima a amplitude real de eventos plaus\u00edveis. Parte da varia\u00e7\u00e3o entre simula\u00e7\u00f5es mostra que cen\u00e1rios extremos podem ocorrer sob 2\u00b0C, especialmente em setores sens\u00edveis \u00e0 \u00e1gua e aos inc\u00eandios.<\/p>\n<p>O estudo ressalva que n\u00e3o se trata de minimizar a import\u00e2ncia de reduzir o aquecimento, mas de reconhecer que o pior cen\u00e1rio poss\u00edvel pode emergir antes do limite de 2\u00b0C. A pesquisa sugere planeamento que inclua tamb\u00e9m cen\u00e1rios de baixa probabilidade, por\u00e9m de alto impacto.<\/p>\n<h3>Caminhos para adapta\u00e7\u00e3o<\/h3>\n<p>A investiga\u00e7\u00e3o refor\u00e7a a necessidade de estrat\u00e9gias de adapta\u00e7\u00e3o mais robustas e de avalia\u00e7\u00e3o de riscos amplos. Ainda que o objetivo de manter o aquecimento pr\u00f3ximo de 2\u00b0C seja crucial, h\u00e1 que preparar sistemas agr\u00edcolas, urbanos e ecossistemas para eventos extremos.<\/p>\n<p>Especialistas associam as descobertas \u00e0 urg\u00eancia de pol\u00edticas clim\u00e1ticas mais abrangentes, com foco n\u00e3o apenas no cen\u00e1rio prov\u00e1vel, mas tamb\u00e9m nos impactos menos prov\u00e1veis, por\u00e9m relevantes, que podem ocorrer.<\/p>\n","protected":false},"excerpt":{"rendered":"<ul>\n<li>Um estudo do Centro Helmholtz de Investiga\u00e7\u00e3o Ambiental (UFZ) indica que dois graus Celsius de aquecimento global podem provocar impactos clim\u00e1ticos extremos superiores aos previstos para cen\u00e1rios de tr\u00eas ou quatro graus, em v\u00e1rios setores.<\/li>\n<li>Os investigadores analisaram milhares de simula\u00e7\u00f5es CMIP6 e identificaram tr\u00eas dom\u00ednios de risco: precipita\u00e7\u00e3o extrema em \u00e1reas densamente povoadas, secas em regi\u00f5es agr\u00edcolas-chave e condi\u00e7\u00f5es favor\u00e1veis a inc\u00eandios florestais.<\/li>\n<li>Em v\u00e1rias an\u00e1lises, alguns cen\u00e1rios a dois graus mostram impactos muito mais severos do que a m\u00e9dia dos modelos para quatro graus, destacando que o pior pode ocorrer mesmo com aquecimento moderado.<\/li>\n<li>Na Pen\u00ednsula Ib\u00e9rica, alguns modelos apontam aumento de secas acima da m\u00e9dia global a dois graus e intensifica\u00e7\u00e3o de eventos de chuva intensa em zonas densamente povoadas, potencialmente mais graves do que com tr\u00eas ou quatro graus.<\/li>\n<li>Os autores ressaltam a necessidade de comunicar melhor os riscos extremos, n\u00e3o apenas as m\u00e9dias, para preparar pol\u00edticas de mitiga\u00e7\u00e3o e adapta\u00e7\u00e3o sem confundir com cen\u00e1rios mais severos.<\/li>\n<\/ul>\n","protected":false},"author":2,"featured_media":421090,"comment_status":"closed","ping_status":"closed","sticky":false,"template":"","format":"standard","meta":{"footnotes":""},"categories":[7380,1],"tags":[1272,2665,1992,5224,215,45],"class_list":["post-421089","post","type-post","status-publish","format-standard","has-post-thumbnail","hentry","category-clima","category-noticias","tag-adaptacao-climatica","tag-alteracoes-climaticas","tag-ciencia","tag-clima","tag-investigacao","tag-meio-ambiente"],"yoast_head":"<!-- This site is optimized with the Yoast SEO plugin v27.2 - https:\/\/yoast.com\/product\/yoast-seo-wordpress\/ -->\n<title>Aumento de 2\u00b0C pode provocar impactos extremos maiores que 3\u20134\u00b0C - Portal Tela Portugal<\/title>\n<meta name=\"robots\" content=\"index, follow, max-snippet:-1, max-image-preview:large, max-video-preview:-1\" \/>\n<meta property=\"og:locale\" content=\"pt_PT\" \/>\n<meta property=\"og:type\" content=\"article\" \/>\n<meta property=\"og:title\" content=\"Aumento de 2\u00b0C pode provocar impactos extremos maiores que 3\u20134\u00b0C - Portal Tela Portugal\" \/>\n<meta property=\"og:description\" content=\"Um estudo do Centro Helmholtz de Investiga\u00e7\u00e3o Ambiental (UFZ) indica que dois graus Celsius de aquecimento global podem provocar impactos clim\u00e1ticos extremos superiores aos previstos para cen\u00e1rios de tr\u00eas ou quatro graus, em v\u00e1rios setores. Os investigadores analisaram milhares de simula\u00e7\u00f5es CMIP6 e identificaram tr\u00eas dom\u00ednios de risco: precipita\u00e7\u00e3o extrema em \u00e1reas densamente povoadas, secas em regi\u00f5es agr\u00edcolas-chave e condi\u00e7\u00f5es favor\u00e1veis a inc\u00eandios florestais. Em v\u00e1rias an\u00e1lises, alguns cen\u00e1rios a dois graus mostram impactos muito mais severos do que a m\u00e9dia dos modelos para quatro graus, destacando que o pior pode ocorrer mesmo com aquecimento moderado. Na Pen\u00ednsula Ib\u00e9rica, alguns modelos apontam aumento de secas acima da m\u00e9dia global a dois graus e intensifica\u00e7\u00e3o de eventos de chuva intensa em zonas densamente povoadas, potencialmente mais graves do que com tr\u00eas ou quatro graus. Os autores ressaltam a necessidade de comunicar melhor os riscos extremos, n\u00e3o apenas as m\u00e9dias, para preparar pol\u00edticas de mitiga\u00e7\u00e3o e adapta\u00e7\u00e3o sem confundir com cen\u00e1rios mais severos.\" \/>\n<meta property=\"og:url\" content=\"https:\/\/portaltela.pt\/noticias\/2026\/03\/25\/aumento-de-2-c-pode-provocar-impactos-extremos-maiores-que-3-4-c\/\" \/>\n<meta property=\"og:site_name\" content=\"Portal Tela Portugal\" \/>\n<meta property=\"article:published_time\" content=\"2026-03-25T16:06:00+00:00\" \/>\n<meta name=\"author\" content=\"Telinha\" \/>\n<meta name=\"twitter:card\" content=\"summary_large_image\" \/>\n<meta name=\"twitter:label1\" content=\"Escrito por\" \/>\n\t<meta name=\"twitter:data1\" content=\"Telinha\" \/>\n\t<meta name=\"twitter:label2\" content=\"Tempo estimado de leitura\" \/>\n\t<meta name=\"twitter:data2\" content=\"2 minutos\" \/>\n<script type=\"application\/ld+json\" class=\"yoast-schema-graph\">{\"@context\":\"https:\/\/schema.org\",\"@graph\":[{\"@type\":\"Article\",\"@id\":\"https:\/\/portaltela.pt\/noticias\/2026\/03\/25\/aumento-de-2-c-pode-provocar-impactos-extremos-maiores-que-3-4-c\/#article\",\"isPartOf\":{\"@id\":\"https:\/\/portaltela.pt\/noticias\/2026\/03\/25\/aumento-de-2-c-pode-provocar-impactos-extremos-maiores-que-3-4-c\/\"},\"author\":{\"name\":\"Telinha\",\"@id\":\"https:\/\/portaltela.pt\/#\/schema\/person\/c4278d4a6028830caff9ee44b42d32ed\"},\"headline\":\"Aumento de 2\u00b0C pode provocar impactos extremos maiores que 3\u20134\u00b0C\",\"datePublished\":\"2026-03-25T16:06:00+00:00\",\"mainEntityOfPage\":{\"@id\":\"https:\/\/portaltela.pt\/noticias\/2026\/03\/25\/aumento-de-2-c-pode-provocar-impactos-extremos-maiores-que-3-4-c\/\"},\"wordCount\":435,\"image\":{\"@id\":\"https:\/\/portaltela.pt\/noticias\/2026\/03\/25\/aumento-de-2-c-pode-provocar-impactos-extremos-maiores-que-3-4-c\/#primaryimage\"},\"thumbnailUrl\":\"https:\/\/portaltela.pt\/s.01k8rhncp4jt1\/2026\/03\/tpUHdbIMAGENStypeJPGshare1oBarraFacebook_Azul-5.jpg\",\"keywords\":[\"adapta\u00e7\u00e3o clim\u00e1tica\",\"Altera\u00e7\u00f5es Clim\u00e1ticas\",\"ci\u00eancia\",\"clima\",\"investiga\u00e7\u00e3o\",\"meio-ambiente\"],\"articleSection\":[\"Clima\",\"Not\u00edcias\"],\"inLanguage\":\"pt-PT\"},{\"@type\":\"WebPage\",\"@id\":\"https:\/\/portaltela.pt\/noticias\/2026\/03\/25\/aumento-de-2-c-pode-provocar-impactos-extremos-maiores-que-3-4-c\/\",\"url\":\"https:\/\/portaltela.pt\/noticias\/2026\/03\/25\/aumento-de-2-c-pode-provocar-impactos-extremos-maiores-que-3-4-c\/\",\"name\":\"Aumento de 2\u00b0C pode provocar impactos extremos maiores que 3\u20134\u00b0C - Portal Tela Portugal\",\"isPartOf\":{\"@id\":\"https:\/\/portaltela.pt\/#website\"},\"primaryImageOfPage\":{\"@id\":\"https:\/\/portaltela.pt\/noticias\/2026\/03\/25\/aumento-de-2-c-pode-provocar-impactos-extremos-maiores-que-3-4-c\/#primaryimage\"},\"image\":{\"@id\":\"https:\/\/portaltela.pt\/noticias\/2026\/03\/25\/aumento-de-2-c-pode-provocar-impactos-extremos-maiores-que-3-4-c\/#primaryimage\"},\"thumbnailUrl\":\"https:\/\/portaltela.pt\/s.01k8rhncp4jt1\/2026\/03\/tpUHdbIMAGENStypeJPGshare1oBarraFacebook_Azul-5.jpg\",\"datePublished\":\"2026-03-25T16:06:00+00:00\",\"author\":{\"@id\":\"https:\/\/portaltela.pt\/#\/schema\/person\/c4278d4a6028830caff9ee44b42d32ed\"},\"breadcrumb\":{\"@id\":\"https:\/\/portaltela.pt\/noticias\/2026\/03\/25\/aumento-de-2-c-pode-provocar-impactos-extremos-maiores-que-3-4-c\/#breadcrumb\"},\"inLanguage\":\"pt-PT\",\"potentialAction\":[{\"@type\":\"ReadAction\",\"target\":[\"https:\/\/portaltela.pt\/noticias\/2026\/03\/25\/aumento-de-2-c-pode-provocar-impactos-extremos-maiores-que-3-4-c\/\"]}]},{\"@type\":\"ImageObject\",\"inLanguage\":\"pt-PT\",\"@id\":\"https:\/\/portaltela.pt\/noticias\/2026\/03\/25\/aumento-de-2-c-pode-provocar-impactos-extremos-maiores-que-3-4-c\/#primaryimage\",\"url\":\"https:\/\/portaltela.pt\/s.01k8rhncp4jt1\/2026\/03\/tpUHdbIMAGENStypeJPGshare1oBarraFacebook_Azul-5.jpg\",\"contentUrl\":\"https:\/\/portaltela.pt\/s.01k8rhncp4jt1\/2026\/03\/tpUHdbIMAGENStypeJPGshare1oBarraFacebook_Azul-5.jpg\",\"width\":1200,\"height\":630,\"caption\":\"Estudo olhou para tr\u00eas grandes dom\u00ednios de risco: precipita\u00e7\u00e3o extrema em \u00e1reas densamente povoadas, secas simult\u00e2neas em regi\u00f5es agr\u00edcolas essenciais e condi\u00e7\u00f5es meteorol\u00f3gicas favor\u00e1veis a inc\u00eandios florestais\"},{\"@type\":\"BreadcrumbList\",\"@id\":\"https:\/\/portaltela.pt\/noticias\/2026\/03\/25\/aumento-de-2-c-pode-provocar-impactos-extremos-maiores-que-3-4-c\/#breadcrumb\",\"itemListElement\":[{\"@type\":\"ListItem\",\"position\":1,\"name\":\"In\u00edcio\",\"item\":\"https:\/\/portaltela.pt\/\"},{\"@type\":\"ListItem\",\"position\":2,\"name\":\"Aumento de 2\u00b0C pode provocar impactos extremos maiores que 3\u20134\u00b0C\"}]},{\"@type\":\"WebSite\",\"@id\":\"https:\/\/portaltela.pt\/#website\",\"url\":\"https:\/\/portaltela.pt\/\",\"name\":\"Portal Tela Portugal\",\"description\":\"\",\"potentialAction\":[{\"@type\":\"SearchAction\",\"target\":{\"@type\":\"EntryPoint\",\"urlTemplate\":\"https:\/\/portaltela.pt\/?s={search_term_string}\"},\"query-input\":{\"@type\":\"PropertyValueSpecification\",\"valueRequired\":true,\"valueName\":\"search_term_string\"}}],\"inLanguage\":\"pt-PT\"},{\"@type\":\"Person\",\"@id\":\"https:\/\/portaltela.pt\/#\/schema\/person\/c4278d4a6028830caff9ee44b42d32ed\",\"name\":\"Telinha\",\"image\":{\"@type\":\"ImageObject\",\"inLanguage\":\"pt-PT\",\"@id\":\"https:\/\/portaltela.pt\/s.01k8rhncp4jt1\/2025\/11\/talking-bot-125x125.png\",\"url\":\"https:\/\/portaltela.pt\/s.01k8rhncp4jt1\/2025\/11\/talking-bot-125x125.png\",\"contentUrl\":\"https:\/\/portaltela.pt\/s.01k8rhncp4jt1\/2025\/11\/talking-bot-125x125.png\",\"caption\":\"Telinha\"},\"sameAs\":[\"https:\/\/portaltela.pt\/\"],\"url\":\"https:\/\/portaltela.pt\/por\/367410592786\/\"}]}<\/script>\n<!-- \/ Yoast SEO plugin. -->","yoast_head_json":{"title":"Aumento de 2\u00b0C pode provocar impactos extremos maiores que 3\u20134\u00b0C - Portal Tela Portugal","robots":{"index":"index","follow":"follow","max-snippet":"max-snippet:-1","max-image-preview":"max-image-preview:large","max-video-preview":"max-video-preview:-1"},"og_locale":"pt_PT","og_type":"article","og_title":"Aumento de 2\u00b0C pode provocar impactos extremos maiores que 3\u20134\u00b0C - Portal Tela Portugal","og_description":"Um estudo do Centro Helmholtz de Investiga\u00e7\u00e3o Ambiental (UFZ) indica que dois graus Celsius de aquecimento global podem provocar impactos clim\u00e1ticos extremos superiores aos previstos para cen\u00e1rios de tr\u00eas ou quatro graus, em v\u00e1rios setores. Os investigadores analisaram milhares de simula\u00e7\u00f5es CMIP6 e identificaram tr\u00eas dom\u00ednios de risco: precipita\u00e7\u00e3o extrema em \u00e1reas densamente povoadas, secas em regi\u00f5es agr\u00edcolas-chave e condi\u00e7\u00f5es favor\u00e1veis a inc\u00eandios florestais. Em v\u00e1rias an\u00e1lises, alguns cen\u00e1rios a dois graus mostram impactos muito mais severos do que a m\u00e9dia dos modelos para quatro graus, destacando que o pior pode ocorrer mesmo com aquecimento moderado. Na Pen\u00ednsula Ib\u00e9rica, alguns modelos apontam aumento de secas acima da m\u00e9dia global a dois graus e intensifica\u00e7\u00e3o de eventos de chuva intensa em zonas densamente povoadas, potencialmente mais graves do que com tr\u00eas ou quatro graus. Os autores ressaltam a necessidade de comunicar melhor os riscos extremos, n\u00e3o apenas as m\u00e9dias, para preparar pol\u00edticas de mitiga\u00e7\u00e3o e adapta\u00e7\u00e3o sem confundir com cen\u00e1rios mais severos.","og_url":"https:\/\/portaltela.pt\/noticias\/2026\/03\/25\/aumento-de-2-c-pode-provocar-impactos-extremos-maiores-que-3-4-c\/","og_site_name":"Portal Tela Portugal","article_published_time":"2026-03-25T16:06:00+00:00","author":"Telinha","twitter_card":"summary_large_image","twitter_misc":{"Escrito por":"Telinha","Tempo estimado de leitura":"2 minutos"},"schema":{"@context":"https:\/\/schema.org","@graph":[{"@type":"Article","@id":"https:\/\/portaltela.pt\/noticias\/2026\/03\/25\/aumento-de-2-c-pode-provocar-impactos-extremos-maiores-que-3-4-c\/#article","isPartOf":{"@id":"https:\/\/portaltela.pt\/noticias\/2026\/03\/25\/aumento-de-2-c-pode-provocar-impactos-extremos-maiores-que-3-4-c\/"},"author":{"name":"Telinha","@id":"https:\/\/portaltela.pt\/#\/schema\/person\/c4278d4a6028830caff9ee44b42d32ed"},"headline":"Aumento de 2\u00b0C pode provocar impactos extremos maiores que 3\u20134\u00b0C","datePublished":"2026-03-25T16:06:00+00:00","mainEntityOfPage":{"@id":"https:\/\/portaltela.pt\/noticias\/2026\/03\/25\/aumento-de-2-c-pode-provocar-impactos-extremos-maiores-que-3-4-c\/"},"wordCount":435,"image":{"@id":"https:\/\/portaltela.pt\/noticias\/2026\/03\/25\/aumento-de-2-c-pode-provocar-impactos-extremos-maiores-que-3-4-c\/#primaryimage"},"thumbnailUrl":"https:\/\/portaltela.pt\/s.01k8rhncp4jt1\/2026\/03\/tpUHdbIMAGENStypeJPGshare1oBarraFacebook_Azul-5.jpg","keywords":["adapta\u00e7\u00e3o clim\u00e1tica","Altera\u00e7\u00f5es Clim\u00e1ticas","ci\u00eancia","clima","investiga\u00e7\u00e3o","meio-ambiente"],"articleSection":["Clima","Not\u00edcias"],"inLanguage":"pt-PT"},{"@type":"WebPage","@id":"https:\/\/portaltela.pt\/noticias\/2026\/03\/25\/aumento-de-2-c-pode-provocar-impactos-extremos-maiores-que-3-4-c\/","url":"https:\/\/portaltela.pt\/noticias\/2026\/03\/25\/aumento-de-2-c-pode-provocar-impactos-extremos-maiores-que-3-4-c\/","name":"Aumento de 2\u00b0C pode provocar impactos extremos maiores que 3\u20134\u00b0C - Portal Tela Portugal","isPartOf":{"@id":"https:\/\/portaltela.pt\/#website"},"primaryImageOfPage":{"@id":"https:\/\/portaltela.pt\/noticias\/2026\/03\/25\/aumento-de-2-c-pode-provocar-impactos-extremos-maiores-que-3-4-c\/#primaryimage"},"image":{"@id":"https:\/\/portaltela.pt\/noticias\/2026\/03\/25\/aumento-de-2-c-pode-provocar-impactos-extremos-maiores-que-3-4-c\/#primaryimage"},"thumbnailUrl":"https:\/\/portaltela.pt\/s.01k8rhncp4jt1\/2026\/03\/tpUHdbIMAGENStypeJPGshare1oBarraFacebook_Azul-5.jpg","datePublished":"2026-03-25T16:06:00+00:00","author":{"@id":"https:\/\/portaltela.pt\/#\/schema\/person\/c4278d4a6028830caff9ee44b42d32ed"},"breadcrumb":{"@id":"https:\/\/portaltela.pt\/noticias\/2026\/03\/25\/aumento-de-2-c-pode-provocar-impactos-extremos-maiores-que-3-4-c\/#breadcrumb"},"inLanguage":"pt-PT","potentialAction":[{"@type":"ReadAction","target":["https:\/\/portaltela.pt\/noticias\/2026\/03\/25\/aumento-de-2-c-pode-provocar-impactos-extremos-maiores-que-3-4-c\/"]}]},{"@type":"ImageObject","inLanguage":"pt-PT","@id":"https:\/\/portaltela.pt\/noticias\/2026\/03\/25\/aumento-de-2-c-pode-provocar-impactos-extremos-maiores-que-3-4-c\/#primaryimage","url":"https:\/\/portaltela.pt\/s.01k8rhncp4jt1\/2026\/03\/tpUHdbIMAGENStypeJPGshare1oBarraFacebook_Azul-5.jpg","contentUrl":"https:\/\/portaltela.pt\/s.01k8rhncp4jt1\/2026\/03\/tpUHdbIMAGENStypeJPGshare1oBarraFacebook_Azul-5.jpg","width":1200,"height":630,"caption":"Estudo olhou para tr\u00eas grandes dom\u00ednios de risco: precipita\u00e7\u00e3o extrema em \u00e1reas densamente povoadas, secas simult\u00e2neas em regi\u00f5es agr\u00edcolas essenciais e condi\u00e7\u00f5es meteorol\u00f3gicas favor\u00e1veis a inc\u00eandios florestais"},{"@type":"BreadcrumbList","@id":"https:\/\/portaltela.pt\/noticias\/2026\/03\/25\/aumento-de-2-c-pode-provocar-impactos-extremos-maiores-que-3-4-c\/#breadcrumb","itemListElement":[{"@type":"ListItem","position":1,"name":"In\u00edcio","item":"https:\/\/portaltela.pt\/"},{"@type":"ListItem","position":2,"name":"Aumento de 2\u00b0C pode provocar impactos extremos maiores que 3\u20134\u00b0C"}]},{"@type":"WebSite","@id":"https:\/\/portaltela.pt\/#website","url":"https:\/\/portaltela.pt\/","name":"Portal Tela Portugal","description":"","potentialAction":[{"@type":"SearchAction","target":{"@type":"EntryPoint","urlTemplate":"https:\/\/portaltela.pt\/?s={search_term_string}"},"query-input":{"@type":"PropertyValueSpecification","valueRequired":true,"valueName":"search_term_string"}}],"inLanguage":"pt-PT"},{"@type":"Person","@id":"https:\/\/portaltela.pt\/#\/schema\/person\/c4278d4a6028830caff9ee44b42d32ed","name":"Telinha","image":{"@type":"ImageObject","inLanguage":"pt-PT","@id":"https:\/\/portaltela.pt\/s.01k8rhncp4jt1\/2025\/11\/talking-bot-125x125.png","url":"https:\/\/portaltela.pt\/s.01k8rhncp4jt1\/2025\/11\/talking-bot-125x125.png","contentUrl":"https:\/\/portaltela.pt\/s.01k8rhncp4jt1\/2025\/11\/talking-bot-125x125.png","caption":"Telinha"},"sameAs":["https:\/\/portaltela.pt\/"],"url":"https:\/\/portaltela.pt\/por\/367410592786\/"}]}},"_links":{"self":[{"href":"https:\/\/portaltela.pt\/api\/wp\/v2\/posts\/421089","targetHints":{"allow":["GET"]}}],"collection":[{"href":"https:\/\/portaltela.pt\/api\/wp\/v2\/posts"}],"about":[{"href":"https:\/\/portaltela.pt\/api\/wp\/v2\/types\/post"}],"author":[{"embeddable":true,"href":"https:\/\/portaltela.pt\/api\/wp\/v2\/users\/2"}],"replies":[{"embeddable":true,"href":"https:\/\/portaltela.pt\/api\/wp\/v2\/comments?post=421089"}],"version-history":[{"count":0,"href":"https:\/\/portaltela.pt\/api\/wp\/v2\/posts\/421089\/revisions"}],"wp:featuredmedia":[{"embeddable":true,"href":"https:\/\/portaltela.pt\/api\/wp\/v2\/media\/421090"}],"wp:attachment":[{"href":"https:\/\/portaltela.pt\/api\/wp\/v2\/media?parent=421089"}],"wp:term":[{"taxonomy":"category","embeddable":true,"href":"https:\/\/portaltela.pt\/api\/wp\/v2\/categories?post=421089"},{"taxonomy":"post_tag","embeddable":true,"href":"https:\/\/portaltela.pt\/api\/wp\/v2\/tags?post=421089"}],"curies":[{"name":"wp","href":"https:\/\/api.w.org\/{rel}","templated":true}]}}