{"id":421075,"date":"2026-03-25T12:59:00","date_gmt":"2026-03-25T15:59:00","guid":{"rendered":"https:\/\/portaltela.pt\/noticias\/2026\/03\/25\/detidos-em-lisboa-carteiristas-violentos-causaram-10-mil-euros-de-prejuizo\/"},"modified":"2026-03-25T12:59:00","modified_gmt":"2026-03-25T15:59:00","slug":"detidos-em-lisboa-carteiristas-violentos-causaram-10-mil-euros-de-prejuizo","status":"publish","type":"post","link":"https:\/\/portaltela.pt\/noticias\/2026\/03\/25\/detidos-em-lisboa-carteiristas-violentos-causaram-10-mil-euros-de-prejuizo\/","title":{"rendered":"Detidos em Lisboa, carteiristas violentos causaram 10 mil euros de preju\u00edzo"},"content":{"rendered":"<p>Dois homens, de 26 e 31 anos, foram detidos pela PSP, em flagrante delito, por suspeita de v\u00e1rios furtos em Lisboa. Ambos ficaram em pris\u00e3o preventiva, depois de serem interceptados a seguir a mais um furto.<\/p>\n<p>Os suspeitos s\u00e3o conhecidos pelas autoridades do Porto, com hist\u00f3rico criminal relevante. A investiga\u00e7\u00e3o aponta que se tinham fixado em Lisboa desde novembro de 2025 para manter a atividade criminosa na capital.<\/p>\n<h3>Deten\u00e7\u00e3o e enquadramento<\/h3>\n<p>Segundo a PSP, operavam em conjunto, em zonas de elevada circula\u00e7\u00e3o, especialmente \u00e1reas de restaura\u00e7\u00e3o. Seleccionavam v\u00edtimas e, ap\u00f3s se apoderarem dos bens, utilizavam os cart\u00f5es furtados para compras.<\/p>\n<h3>Modus operandi e preju\u00edzos<\/h3>\n<p>As autoridades indicam que, em v\u00e1rias ocasi\u00f5es, recorreram \u00e0 for\u00e7a f\u00edsica e a armas brancas para evitar a recupera\u00e7\u00e3o dos bens. Em concreto, foram intercetados pouco depois de furtarem uma turista, tendo os objetos sido recuperados.<\/p>\n<h3>Investiga\u00e7\u00e3o e alcance<\/h3>\n<p>A PSP atribui aos detidos a pr\u00e1tica de roubo, furto e abuso de cart\u00f5es de pagamento, com preju\u00edzos que j\u00e1 excedem os 10 mil euros. A investiga\u00e7\u00e3o remonta a atividades ocorridas na capital, com liga\u00e7\u00f5es ao historial anterior dos suspeitos.<\/p>\n","protected":false},"excerpt":{"rendered":"<ul>\n<li>Dois homens de 26 e 31 anos foram detidos pela PSP em Lisboa em flagrante por furto, ficando em pris\u00e3o preventiva.<\/li>\n<li>T\u00eam longo historial criminal no Porto e teriam-se instalado na capital desde novembro de 2025 para prosseguir a atividade criminosa.<\/li>\n<li>Atuavam em conjunto, percorriam zonas movimentadas, sobretudo espa\u00e7os de restaura\u00e7\u00e3o, e selecionavam as v\u00edtimas para furtar bens e usar os cart\u00f5es furtados em estabelecimentos.<\/li>\n<li>Em v\u00e1rias ocasi\u00f5es recorreram \u00e0 for\u00e7a f\u00edsica e a amea\u00e7as com armas brancas para impedir a recupera\u00e7\u00e3o dos bens.<\/li>\n<li>Foram intercetados ap\u00f3s furtarem uma turista, com os objetos subtra\u00eddos recuperados; a PSP aponta para roubo, furto e abuso de cart\u00f5es de pagamento, com preju\u00edzos superiores a dez mil euros.<\/li>\n<\/ul>\n","protected":false},"author":2,"featured_media":421080,"comment_status":"closed","ping_status":"closed","sticky":false,"template":"","format":"standard","meta":{"footnotes":""},"categories":[6907,1],"tags":[2623,424,981,1381,203,250],"class_list":["post-421075","post","type-post","status-publish","format-standard","has-post-thumbnail","hentry","category-crime","category-noticias","tag-abuso-de-cartao","tag-furto","tag-lisboa","tag-psp","tag-roubo","tag-seguranca-publica"],"yoast_head":"<!-- This site is optimized with the Yoast SEO plugin v27.2 - https:\/\/yoast.com\/product\/yoast-seo-wordpress\/ -->\n<title>Detidos em Lisboa, carteiristas violentos causaram 10 mil euros de preju\u00edzo - Portal Tela Portugal<\/title>\n<meta name=\"robots\" content=\"index, follow, max-snippet:-1, max-image-preview:large, max-video-preview:-1\" \/>\n<meta property=\"og:locale\" content=\"pt_PT\" \/>\n<meta property=\"og:type\" content=\"article\" \/>\n<meta property=\"og:title\" content=\"Detidos em Lisboa, carteiristas violentos causaram 10 mil euros de preju\u00edzo - Portal Tela Portugal\" \/>\n<meta property=\"og:description\" content=\"Dois homens de 26 e 31 anos foram detidos pela PSP em Lisboa em flagrante por furto, ficando em pris\u00e3o preventiva. T\u00eam longo historial criminal no Porto e teriam-se instalado na capital desde novembro de 2025 para prosseguir a atividade criminosa. Atuavam em conjunto, percorriam zonas movimentadas, sobretudo espa\u00e7os de restaura\u00e7\u00e3o, e selecionavam as v\u00edtimas para furtar bens e usar os cart\u00f5es furtados em estabelecimentos. Em v\u00e1rias ocasi\u00f5es recorreram \u00e0 for\u00e7a f\u00edsica e a amea\u00e7as com armas brancas para impedir a recupera\u00e7\u00e3o dos bens. Foram intercetados ap\u00f3s furtarem uma turista, com os objetos subtra\u00eddos recuperados; a PSP aponta para roubo, furto e abuso de cart\u00f5es de pagamento, com preju\u00edzos superiores a dez mil euros.\" \/>\n<meta property=\"og:url\" content=\"https:\/\/portaltela.pt\/noticias\/2026\/03\/25\/detidos-em-lisboa-carteiristas-violentos-causaram-10-mil-euros-de-prejuizo\/\" \/>\n<meta property=\"og:site_name\" content=\"Portal Tela Portugal\" \/>\n<meta property=\"article:published_time\" content=\"2026-03-25T15:59:00+00:00\" \/>\n<meta name=\"author\" content=\"Telinha\" \/>\n<meta name=\"twitter:card\" content=\"summary_large_image\" \/>\n<meta name=\"twitter:label1\" content=\"Escrito por\" \/>\n\t<meta name=\"twitter:data1\" content=\"Telinha\" \/>\n\t<meta name=\"twitter:label2\" content=\"Tempo estimado de leitura\" \/>\n\t<meta name=\"twitter:data2\" content=\"1 minuto\" \/>\n<script type=\"application\/ld+json\" class=\"yoast-schema-graph\">{\"@context\":\"https:\/\/schema.org\",\"@graph\":[{\"@type\":\"Article\",\"@id\":\"https:\/\/portaltela.pt\/noticias\/2026\/03\/25\/detidos-em-lisboa-carteiristas-violentos-causaram-10-mil-euros-de-prejuizo\/#article\",\"isPartOf\":{\"@id\":\"https:\/\/portaltela.pt\/noticias\/2026\/03\/25\/detidos-em-lisboa-carteiristas-violentos-causaram-10-mil-euros-de-prejuizo\/\"},\"author\":{\"name\":\"Telinha\",\"@id\":\"https:\/\/portaltela.pt\/#\/schema\/person\/c4278d4a6028830caff9ee44b42d32ed\"},\"headline\":\"Detidos em Lisboa, carteiristas violentos causaram 10 mil euros de preju\u00edzo\",\"datePublished\":\"2026-03-25T15:59:00+00:00\",\"mainEntityOfPage\":{\"@id\":\"https:\/\/portaltela.pt\/noticias\/2026\/03\/25\/detidos-em-lisboa-carteiristas-violentos-causaram-10-mil-euros-de-prejuizo\/\"},\"wordCount\":212,\"image\":{\"@id\":\"https:\/\/portaltela.pt\/noticias\/2026\/03\/25\/detidos-em-lisboa-carteiristas-violentos-causaram-10-mil-euros-de-prejuizo\/#primaryimage\"},\"thumbnailUrl\":\"https:\/\/portaltela.pt\/s.01k8rhncp4jt1\/2026\/03\/image-114.webp\",\"keywords\":[\"abuso de cart\u00e3o\",\"furto\",\"Lisboa\",\"PSP\",\"roubo\",\"seguran\u00e7a p\u00fablica\"],\"articleSection\":[\"Crime\",\"Not\u00edcias\"],\"inLanguage\":\"pt-PT\"},{\"@type\":\"WebPage\",\"@id\":\"https:\/\/portaltela.pt\/noticias\/2026\/03\/25\/detidos-em-lisboa-carteiristas-violentos-causaram-10-mil-euros-de-prejuizo\/\",\"url\":\"https:\/\/portaltela.pt\/noticias\/2026\/03\/25\/detidos-em-lisboa-carteiristas-violentos-causaram-10-mil-euros-de-prejuizo\/\",\"name\":\"Detidos em Lisboa, carteiristas violentos causaram 10 mil euros de preju\u00edzo - Portal Tela Portugal\",\"isPartOf\":{\"@id\":\"https:\/\/portaltela.pt\/#website\"},\"primaryImageOfPage\":{\"@id\":\"https:\/\/portaltela.pt\/noticias\/2026\/03\/25\/detidos-em-lisboa-carteiristas-violentos-causaram-10-mil-euros-de-prejuizo\/#primaryimage\"},\"image\":{\"@id\":\"https:\/\/portaltela.pt\/noticias\/2026\/03\/25\/detidos-em-lisboa-carteiristas-violentos-causaram-10-mil-euros-de-prejuizo\/#primaryimage\"},\"thumbnailUrl\":\"https:\/\/portaltela.pt\/s.01k8rhncp4jt1\/2026\/03\/image-114.webp\",\"datePublished\":\"2026-03-25T15:59:00+00:00\",\"author\":{\"@id\":\"https:\/\/portaltela.pt\/#\/schema\/person\/c4278d4a6028830caff9ee44b42d32ed\"},\"breadcrumb\":{\"@id\":\"https:\/\/portaltela.pt\/noticias\/2026\/03\/25\/detidos-em-lisboa-carteiristas-violentos-causaram-10-mil-euros-de-prejuizo\/#breadcrumb\"},\"inLanguage\":\"pt-PT\",\"potentialAction\":[{\"@type\":\"ReadAction\",\"target\":[\"https:\/\/portaltela.pt\/noticias\/2026\/03\/25\/detidos-em-lisboa-carteiristas-violentos-causaram-10-mil-euros-de-prejuizo\/\"]}]},{\"@type\":\"ImageObject\",\"inLanguage\":\"pt-PT\",\"@id\":\"https:\/\/portaltela.pt\/noticias\/2026\/03\/25\/detidos-em-lisboa-carteiristas-violentos-causaram-10-mil-euros-de-prejuizo\/#primaryimage\",\"url\":\"https:\/\/portaltela.pt\/s.01k8rhncp4jt1\/2026\/03\/image-114.webp\",\"contentUrl\":\"https:\/\/portaltela.pt\/s.01k8rhncp4jt1\/2026\/03\/image-114.webp\",\"width\":1200,\"height\":799,\"caption\":\"PSP deteve carteiristas em Lisboa\"},{\"@type\":\"BreadcrumbList\",\"@id\":\"https:\/\/portaltela.pt\/noticias\/2026\/03\/25\/detidos-em-lisboa-carteiristas-violentos-causaram-10-mil-euros-de-prejuizo\/#breadcrumb\",\"itemListElement\":[{\"@type\":\"ListItem\",\"position\":1,\"name\":\"In\u00edcio\",\"item\":\"https:\/\/portaltela.pt\/\"},{\"@type\":\"ListItem\",\"position\":2,\"name\":\"Detidos em Lisboa, carteiristas violentos causaram 10 mil euros de preju\u00edzo\"}]},{\"@type\":\"WebSite\",\"@id\":\"https:\/\/portaltela.pt\/#website\",\"url\":\"https:\/\/portaltela.pt\/\",\"name\":\"Portal Tela Portugal\",\"description\":\"\",\"potentialAction\":[{\"@type\":\"SearchAction\",\"target\":{\"@type\":\"EntryPoint\",\"urlTemplate\":\"https:\/\/portaltela.pt\/?s={search_term_string}\"},\"query-input\":{\"@type\":\"PropertyValueSpecification\",\"valueRequired\":true,\"valueName\":\"search_term_string\"}}],\"inLanguage\":\"pt-PT\"},{\"@type\":\"Person\",\"@id\":\"https:\/\/portaltela.pt\/#\/schema\/person\/c4278d4a6028830caff9ee44b42d32ed\",\"name\":\"Telinha\",\"image\":{\"@type\":\"ImageObject\",\"inLanguage\":\"pt-PT\",\"@id\":\"https:\/\/portaltela.pt\/s.01k8rhncp4jt1\/2025\/11\/talking-bot-125x125.png\",\"url\":\"https:\/\/portaltela.pt\/s.01k8rhncp4jt1\/2025\/11\/talking-bot-125x125.png\",\"contentUrl\":\"https:\/\/portaltela.pt\/s.01k8rhncp4jt1\/2025\/11\/talking-bot-125x125.png\",\"caption\":\"Telinha\"},\"sameAs\":[\"https:\/\/portaltela.pt\/\"],\"url\":\"https:\/\/portaltela.pt\/por\/367410592786\/\"}]}<\/script>\n<!-- \/ Yoast SEO plugin. -->","yoast_head_json":{"title":"Detidos em Lisboa, carteiristas violentos causaram 10 mil euros de preju\u00edzo - Portal Tela Portugal","robots":{"index":"index","follow":"follow","max-snippet":"max-snippet:-1","max-image-preview":"max-image-preview:large","max-video-preview":"max-video-preview:-1"},"og_locale":"pt_PT","og_type":"article","og_title":"Detidos em Lisboa, carteiristas violentos causaram 10 mil euros de preju\u00edzo - Portal Tela Portugal","og_description":"Dois homens de 26 e 31 anos foram detidos pela PSP em Lisboa em flagrante por furto, ficando em pris\u00e3o preventiva. T\u00eam longo historial criminal no Porto e teriam-se instalado na capital desde novembro de 2025 para prosseguir a atividade criminosa. Atuavam em conjunto, percorriam zonas movimentadas, sobretudo espa\u00e7os de restaura\u00e7\u00e3o, e selecionavam as v\u00edtimas para furtar bens e usar os cart\u00f5es furtados em estabelecimentos. Em v\u00e1rias ocasi\u00f5es recorreram \u00e0 for\u00e7a f\u00edsica e a amea\u00e7as com armas brancas para impedir a recupera\u00e7\u00e3o dos bens. Foram intercetados ap\u00f3s furtarem uma turista, com os objetos subtra\u00eddos recuperados; a PSP aponta para roubo, furto e abuso de cart\u00f5es de pagamento, com preju\u00edzos superiores a dez mil euros.","og_url":"https:\/\/portaltela.pt\/noticias\/2026\/03\/25\/detidos-em-lisboa-carteiristas-violentos-causaram-10-mil-euros-de-prejuizo\/","og_site_name":"Portal Tela Portugal","article_published_time":"2026-03-25T15:59:00+00:00","author":"Telinha","twitter_card":"summary_large_image","twitter_misc":{"Escrito por":"Telinha","Tempo estimado de leitura":"1 minuto"},"schema":{"@context":"https:\/\/schema.org","@graph":[{"@type":"Article","@id":"https:\/\/portaltela.pt\/noticias\/2026\/03\/25\/detidos-em-lisboa-carteiristas-violentos-causaram-10-mil-euros-de-prejuizo\/#article","isPartOf":{"@id":"https:\/\/portaltela.pt\/noticias\/2026\/03\/25\/detidos-em-lisboa-carteiristas-violentos-causaram-10-mil-euros-de-prejuizo\/"},"author":{"name":"Telinha","@id":"https:\/\/portaltela.pt\/#\/schema\/person\/c4278d4a6028830caff9ee44b42d32ed"},"headline":"Detidos em Lisboa, carteiristas violentos causaram 10 mil euros de preju\u00edzo","datePublished":"2026-03-25T15:59:00+00:00","mainEntityOfPage":{"@id":"https:\/\/portaltela.pt\/noticias\/2026\/03\/25\/detidos-em-lisboa-carteiristas-violentos-causaram-10-mil-euros-de-prejuizo\/"},"wordCount":212,"image":{"@id":"https:\/\/portaltela.pt\/noticias\/2026\/03\/25\/detidos-em-lisboa-carteiristas-violentos-causaram-10-mil-euros-de-prejuizo\/#primaryimage"},"thumbnailUrl":"https:\/\/portaltela.pt\/s.01k8rhncp4jt1\/2026\/03\/image-114.webp","keywords":["abuso de cart\u00e3o","furto","Lisboa","PSP","roubo","seguran\u00e7a p\u00fablica"],"articleSection":["Crime","Not\u00edcias"],"inLanguage":"pt-PT"},{"@type":"WebPage","@id":"https:\/\/portaltela.pt\/noticias\/2026\/03\/25\/detidos-em-lisboa-carteiristas-violentos-causaram-10-mil-euros-de-prejuizo\/","url":"https:\/\/portaltela.pt\/noticias\/2026\/03\/25\/detidos-em-lisboa-carteiristas-violentos-causaram-10-mil-euros-de-prejuizo\/","name":"Detidos em Lisboa, carteiristas violentos causaram 10 mil euros de preju\u00edzo - Portal Tela Portugal","isPartOf":{"@id":"https:\/\/portaltela.pt\/#website"},"primaryImageOfPage":{"@id":"https:\/\/portaltela.pt\/noticias\/2026\/03\/25\/detidos-em-lisboa-carteiristas-violentos-causaram-10-mil-euros-de-prejuizo\/#primaryimage"},"image":{"@id":"https:\/\/portaltela.pt\/noticias\/2026\/03\/25\/detidos-em-lisboa-carteiristas-violentos-causaram-10-mil-euros-de-prejuizo\/#primaryimage"},"thumbnailUrl":"https:\/\/portaltela.pt\/s.01k8rhncp4jt1\/2026\/03\/image-114.webp","datePublished":"2026-03-25T15:59:00+00:00","author":{"@id":"https:\/\/portaltela.pt\/#\/schema\/person\/c4278d4a6028830caff9ee44b42d32ed"},"breadcrumb":{"@id":"https:\/\/portaltela.pt\/noticias\/2026\/03\/25\/detidos-em-lisboa-carteiristas-violentos-causaram-10-mil-euros-de-prejuizo\/#breadcrumb"},"inLanguage":"pt-PT","potentialAction":[{"@type":"ReadAction","target":["https:\/\/portaltela.pt\/noticias\/2026\/03\/25\/detidos-em-lisboa-carteiristas-violentos-causaram-10-mil-euros-de-prejuizo\/"]}]},{"@type":"ImageObject","inLanguage":"pt-PT","@id":"https:\/\/portaltela.pt\/noticias\/2026\/03\/25\/detidos-em-lisboa-carteiristas-violentos-causaram-10-mil-euros-de-prejuizo\/#primaryimage","url":"https:\/\/portaltela.pt\/s.01k8rhncp4jt1\/2026\/03\/image-114.webp","contentUrl":"https:\/\/portaltela.pt\/s.01k8rhncp4jt1\/2026\/03\/image-114.webp","width":1200,"height":799,"caption":"PSP deteve carteiristas em Lisboa"},{"@type":"BreadcrumbList","@id":"https:\/\/portaltela.pt\/noticias\/2026\/03\/25\/detidos-em-lisboa-carteiristas-violentos-causaram-10-mil-euros-de-prejuizo\/#breadcrumb","itemListElement":[{"@type":"ListItem","position":1,"name":"In\u00edcio","item":"https:\/\/portaltela.pt\/"},{"@type":"ListItem","position":2,"name":"Detidos em Lisboa, carteiristas violentos causaram 10 mil euros de preju\u00edzo"}]},{"@type":"WebSite","@id":"https:\/\/portaltela.pt\/#website","url":"https:\/\/portaltela.pt\/","name":"Portal Tela Portugal","description":"","potentialAction":[{"@type":"SearchAction","target":{"@type":"EntryPoint","urlTemplate":"https:\/\/portaltela.pt\/?s={search_term_string}"},"query-input":{"@type":"PropertyValueSpecification","valueRequired":true,"valueName":"search_term_string"}}],"inLanguage":"pt-PT"},{"@type":"Person","@id":"https:\/\/portaltela.pt\/#\/schema\/person\/c4278d4a6028830caff9ee44b42d32ed","name":"Telinha","image":{"@type":"ImageObject","inLanguage":"pt-PT","@id":"https:\/\/portaltela.pt\/s.01k8rhncp4jt1\/2025\/11\/talking-bot-125x125.png","url":"https:\/\/portaltela.pt\/s.01k8rhncp4jt1\/2025\/11\/talking-bot-125x125.png","contentUrl":"https:\/\/portaltela.pt\/s.01k8rhncp4jt1\/2025\/11\/talking-bot-125x125.png","caption":"Telinha"},"sameAs":["https:\/\/portaltela.pt\/"],"url":"https:\/\/portaltela.pt\/por\/367410592786\/"}]}},"_links":{"self":[{"href":"https:\/\/portaltela.pt\/api\/wp\/v2\/posts\/421075","targetHints":{"allow":["GET"]}}],"collection":[{"href":"https:\/\/portaltela.pt\/api\/wp\/v2\/posts"}],"about":[{"href":"https:\/\/portaltela.pt\/api\/wp\/v2\/types\/post"}],"author":[{"embeddable":true,"href":"https:\/\/portaltela.pt\/api\/wp\/v2\/users\/2"}],"replies":[{"embeddable":true,"href":"https:\/\/portaltela.pt\/api\/wp\/v2\/comments?post=421075"}],"version-history":[{"count":0,"href":"https:\/\/portaltela.pt\/api\/wp\/v2\/posts\/421075\/revisions"}],"wp:featuredmedia":[{"embeddable":true,"href":"https:\/\/portaltela.pt\/api\/wp\/v2\/media\/421080"}],"wp:attachment":[{"href":"https:\/\/portaltela.pt\/api\/wp\/v2\/media?parent=421075"}],"wp:term":[{"taxonomy":"category","embeddable":true,"href":"https:\/\/portaltela.pt\/api\/wp\/v2\/categories?post=421075"},{"taxonomy":"post_tag","embeddable":true,"href":"https:\/\/portaltela.pt\/api\/wp\/v2\/tags?post=421075"}],"curies":[{"name":"wp","href":"https:\/\/api.w.org\/{rel}","templated":true}]}}