{"id":421072,"date":"2026-03-25T13:11:54","date_gmt":"2026-03-25T16:11:54","guid":{"rendered":"https:\/\/portaltela.pt\/noticias\/2026\/03\/25\/princesa-eugenie-deixa-de-representar-as-vozes-das-vitimas\/"},"modified":"2026-03-25T13:11:54","modified_gmt":"2026-03-25T16:11:54","slug":"princesa-eugenie-deixa-de-representar-as-vozes-das-vitimas","status":"publish","type":"post","link":"https:\/\/portaltela.pt\/sociedade\/2026\/03\/25\/princesa-eugenie-deixa-de-representar-as-vozes-das-vitimas\/","title":{"rendered":"Princesa Eugenie deixa de representar as vozes das v\u00edtimas"},"content":{"rendered":"<p>A princesa Eugenie, filha mais nova de Andrew Mountbatten-Windsor, deixou de ser patrona da sede brit\u00e2nica da Associa\u00e7\u00e3o Internacional Anti-Escravatura. A movida surge no \u00e2mbito das repercuss\u00f5es do caso Jeffrey Epstein e visa afastar o nome da associa\u00e7\u00e3o das liga\u00e7\u00f5es ao pai.<\/p>\n<p>A retirada ocorre em meio a um contexto de tens\u00f5es familiares que incluem pedidos de discri\u00e7\u00e3o em presen\u00e7a p\u00fablica. Fontes pr\u00f3ximas mencionaram tamb\u00e9m que a fam\u00edlia n\u00e3o pretende fotografias p\u00fablicas com Eugenie e Beatrice at\u00e9 ao menos ao fim do ano.<\/p>\n<p>Para al\u00e9m disso, Eugenie tem sido conhecida como porta-voz da luta contra o tr\u00e1fico de seres humanos, enfatizando a defesa dos direitos das v\u00edtimas. O cen\u00e1rio contrasta com as liga\u00e7\u00f5es controversas associadas ao pai no \u00e2mbito do caso Epstein.<\/p>\n<h3>Contexto e impacto<\/h3>\n<p>A decis\u00e3o de deixar de ser patrona \u00e9 apresentada como uma medida de alinhamento institucional com a imagem da organiza\u00e7\u00e3o. A associa\u00e7\u00e3o j\u00e1 havia indicado o desejo de manter dist\u00e2ncia de controv\u00e9rsias envolvendo membros da fam\u00edlia real.<\/p>\n<p>A situa\u00e7\u00e3o ressalta as dificuldades vividas pela fam\u00edlia em face de esc\u00e2ndalos p\u00fablicos e o escrut\u00ednio medi\u00e1tico. N\u00e3o foram anunciadas novas fun\u00e7\u00f5es oficiais para Eugenie no seio da coroa.<\/p>\n","protected":false},"excerpt":{"rendered":"<ul>\n<li>A princesa Eugenie deixou de ser patrona da sede brit\u00e2nica da Associa\u00e7\u00e3o Internacional Anti-Escravatura, no contexto do esc\u00e2ndalo Epstein.<\/li>\n<li>A entidade n\u00e3o quer associar o seu nome ao de Andr\u00e9 Mountbatten-Windsor, pai de Eugenie, que enfrenta as cr\u00edticas do caso.<\/li>\n<li>Al\u00e9m disso, Eugenie soube recentemente que n\u00e3o poder\u00e1 ir \u00e0s corridas reais de Ascot, e ficou conhecido que o primo futuro rei, William, pediu aos membros da fam\u00edlia para evitar fotografias junto dela e da irm\u00e3 Beatrice, pelo menos at\u00e9 ao fim do ano.<\/li>\n<li>\u00c0 frente de campanhas contra o tr\u00e1fico de seres humanos, Eugenie tem visto o peso do passado do pai afectar a sua imagem p\u00fablica.<\/li>\n<li>Beatrice e Eugenie enfrentam repercuss\u00f5es p\u00fablicas associadas ao hist\u00f3rico do pai, com impacto nas suas atividades e na perce\u00e7\u00e3o medi\u00e1tica.<\/li>\n<\/ul>\n","protected":false},"author":2,"featured_media":421077,"comment_status":"closed","ping_status":"closed","sticky":false,"template":"","format":"standard","meta":{"footnotes":""},"categories":[7384,6871],"tags":[2633,64,136,5661,5698,3475],"class_list":["post-421072","post","type-post","status-publish","format-standard","has-post-thumbnail","hentry","category-curiosidades","category-sociedade","tag-direitos-humanos","tag-familia","tag-organizacoes","tag-pessoas-publicas","tag-politica-internacional","tag-trafico-de-seres-humanos"],"yoast_head":"<!-- This site is optimized with the Yoast SEO plugin v27.2 - https:\/\/yoast.com\/product\/yoast-seo-wordpress\/ -->\n<title>Princesa Eugenie deixa de representar as vozes das v\u00edtimas - Portal Tela Portugal<\/title>\n<meta name=\"robots\" content=\"index, follow, max-snippet:-1, max-image-preview:large, max-video-preview:-1\" \/>\n<meta property=\"og:locale\" content=\"pt_PT\" \/>\n<meta property=\"og:type\" content=\"article\" \/>\n<meta property=\"og:title\" content=\"Princesa Eugenie deixa de representar as vozes das v\u00edtimas - Portal Tela Portugal\" \/>\n<meta property=\"og:description\" content=\"A princesa Eugenie deixou de ser patrona da sede brit\u00e2nica da Associa\u00e7\u00e3o Internacional Anti-Escravatura, no contexto do esc\u00e2ndalo Epstein. A entidade n\u00e3o quer associar o seu nome ao de Andr\u00e9 Mountbatten-Windsor, pai de Eugenie, que enfrenta as cr\u00edticas do caso. Al\u00e9m disso, Eugenie soube recentemente que n\u00e3o poder\u00e1 ir \u00e0s corridas reais de Ascot, e ficou conhecido que o primo futuro rei, William, pediu aos membros da fam\u00edlia para evitar fotografias junto dela e da irm\u00e3 Beatrice, pelo menos at\u00e9 ao fim do ano. \u00c0 frente de campanhas contra o tr\u00e1fico de seres humanos, Eugenie tem visto o peso do passado do pai afectar a sua imagem p\u00fablica. Beatrice e Eugenie enfrentam repercuss\u00f5es p\u00fablicas associadas ao hist\u00f3rico do pai, com impacto nas suas atividades e na perce\u00e7\u00e3o medi\u00e1tica.\" \/>\n<meta property=\"og:url\" content=\"https:\/\/portaltela.pt\/noticias\/2026\/03\/25\/princesa-eugenie-deixa-de-representar-as-vozes-das-vitimas\/\" \/>\n<meta property=\"og:site_name\" content=\"Portal Tela Portugal\" \/>\n<meta property=\"article:published_time\" content=\"2026-03-25T16:11:54+00:00\" \/>\n<meta name=\"author\" content=\"Telinha\" \/>\n<meta name=\"twitter:card\" content=\"summary_large_image\" \/>\n<meta name=\"twitter:label1\" content=\"Escrito por\" \/>\n\t<meta name=\"twitter:data1\" content=\"Telinha\" \/>\n\t<meta name=\"twitter:label2\" content=\"Tempo estimado de leitura\" \/>\n\t<meta name=\"twitter:data2\" content=\"1 minuto\" \/>\n<script type=\"application\/ld+json\" class=\"yoast-schema-graph\">{\"@context\":\"https:\/\/schema.org\",\"@graph\":[{\"@type\":\"Article\",\"@id\":\"https:\/\/portaltela.pt\/noticias\/2026\/03\/25\/princesa-eugenie-deixa-de-representar-as-vozes-das-vitimas\/#article\",\"isPartOf\":{\"@id\":\"https:\/\/portaltela.pt\/noticias\/2026\/03\/25\/princesa-eugenie-deixa-de-representar-as-vozes-das-vitimas\/\"},\"author\":{\"name\":\"Telinha\",\"@id\":\"https:\/\/portaltela.pt\/#\/schema\/person\/c4278d4a6028830caff9ee44b42d32ed\"},\"headline\":\"Princesa Eugenie deixa de representar as vozes das v\u00edtimas\",\"datePublished\":\"2026-03-25T16:11:54+00:00\",\"mainEntityOfPage\":{\"@id\":\"https:\/\/portaltela.pt\/noticias\/2026\/03\/25\/princesa-eugenie-deixa-de-representar-as-vozes-das-vitimas\/\"},\"wordCount\":233,\"image\":{\"@id\":\"https:\/\/portaltela.pt\/noticias\/2026\/03\/25\/princesa-eugenie-deixa-de-representar-as-vozes-das-vitimas\/#primaryimage\"},\"thumbnailUrl\":\"https:\/\/portaltela.pt\/s.01k8rhncp4jt1\/2026\/03\/img_1280x718uu2026-03-10-17-16-25-2271588-im-639087666476975454.jpg\",\"keywords\":[\"direitos humanos\",\"fam\u00edlia\",\"organiza\u00e7\u00f5es\",\"pessoas p\u00fablicas\",\"pol\u00edtica internacional\",\"tr\u00e1fico de seres humanos\"],\"articleSection\":[\"Curiosidades\",\"Sociedade\"],\"inLanguage\":\"pt-PT\"},{\"@type\":\"WebPage\",\"@id\":\"https:\/\/portaltela.pt\/noticias\/2026\/03\/25\/princesa-eugenie-deixa-de-representar-as-vozes-das-vitimas\/\",\"url\":\"https:\/\/portaltela.pt\/noticias\/2026\/03\/25\/princesa-eugenie-deixa-de-representar-as-vozes-das-vitimas\/\",\"name\":\"Princesa Eugenie deixa de representar as vozes das v\u00edtimas - Portal Tela Portugal\",\"isPartOf\":{\"@id\":\"https:\/\/portaltela.pt\/#website\"},\"primaryImageOfPage\":{\"@id\":\"https:\/\/portaltela.pt\/noticias\/2026\/03\/25\/princesa-eugenie-deixa-de-representar-as-vozes-das-vitimas\/#primaryimage\"},\"image\":{\"@id\":\"https:\/\/portaltela.pt\/noticias\/2026\/03\/25\/princesa-eugenie-deixa-de-representar-as-vozes-das-vitimas\/#primaryimage\"},\"thumbnailUrl\":\"https:\/\/portaltela.pt\/s.01k8rhncp4jt1\/2026\/03\/img_1280x718uu2026-03-10-17-16-25-2271588-im-639087666476975454.jpg\",\"datePublished\":\"2026-03-25T16:11:54+00:00\",\"author\":{\"@id\":\"https:\/\/portaltela.pt\/#\/schema\/person\/c4278d4a6028830caff9ee44b42d32ed\"},\"breadcrumb\":{\"@id\":\"https:\/\/portaltela.pt\/noticias\/2026\/03\/25\/princesa-eugenie-deixa-de-representar-as-vozes-das-vitimas\/#breadcrumb\"},\"inLanguage\":\"pt-PT\",\"potentialAction\":[{\"@type\":\"ReadAction\",\"target\":[\"https:\/\/portaltela.pt\/noticias\/2026\/03\/25\/princesa-eugenie-deixa-de-representar-as-vozes-das-vitimas\/\"]}]},{\"@type\":\"ImageObject\",\"inLanguage\":\"pt-PT\",\"@id\":\"https:\/\/portaltela.pt\/noticias\/2026\/03\/25\/princesa-eugenie-deixa-de-representar-as-vozes-das-vitimas\/#primaryimage\",\"url\":\"https:\/\/portaltela.pt\/s.01k8rhncp4jt1\/2026\/03\/img_1280x718uu2026-03-10-17-16-25-2271588-im-639087666476975454.jpg\",\"contentUrl\":\"https:\/\/portaltela.pt\/s.01k8rhncp4jt1\/2026\/03\/img_1280x718uu2026-03-10-17-16-25-2271588-im-639087666476975454.jpg\",\"width\":1280,\"height\":718,\"caption\":\"Eugenie, da realeza brit\u00e2nica, posa para a c\u00e2mara com um blazer bege elegante\"},{\"@type\":\"BreadcrumbList\",\"@id\":\"https:\/\/portaltela.pt\/noticias\/2026\/03\/25\/princesa-eugenie-deixa-de-representar-as-vozes-das-vitimas\/#breadcrumb\",\"itemListElement\":[{\"@type\":\"ListItem\",\"position\":1,\"name\":\"In\u00edcio\",\"item\":\"https:\/\/portaltela.pt\/\"},{\"@type\":\"ListItem\",\"position\":2,\"name\":\"Princesa Eugenie deixa de representar as vozes das v\u00edtimas\"}]},{\"@type\":\"WebSite\",\"@id\":\"https:\/\/portaltela.pt\/#website\",\"url\":\"https:\/\/portaltela.pt\/\",\"name\":\"Portal Tela Portugal\",\"description\":\"\",\"potentialAction\":[{\"@type\":\"SearchAction\",\"target\":{\"@type\":\"EntryPoint\",\"urlTemplate\":\"https:\/\/portaltela.pt\/?s={search_term_string}\"},\"query-input\":{\"@type\":\"PropertyValueSpecification\",\"valueRequired\":true,\"valueName\":\"search_term_string\"}}],\"inLanguage\":\"pt-PT\"},{\"@type\":\"Person\",\"@id\":\"https:\/\/portaltela.pt\/#\/schema\/person\/c4278d4a6028830caff9ee44b42d32ed\",\"name\":\"Telinha\",\"image\":{\"@type\":\"ImageObject\",\"inLanguage\":\"pt-PT\",\"@id\":\"https:\/\/portaltela.pt\/s.01k8rhncp4jt1\/2025\/11\/talking-bot-125x125.png\",\"url\":\"https:\/\/portaltela.pt\/s.01k8rhncp4jt1\/2025\/11\/talking-bot-125x125.png\",\"contentUrl\":\"https:\/\/portaltela.pt\/s.01k8rhncp4jt1\/2025\/11\/talking-bot-125x125.png\",\"caption\":\"Telinha\"},\"sameAs\":[\"https:\/\/portaltela.pt\/\"],\"url\":\"https:\/\/portaltela.pt\/por\/367410592786\/\"}]}<\/script>\n<!-- \/ Yoast SEO plugin. -->","yoast_head_json":{"title":"Princesa Eugenie deixa de representar as vozes das v\u00edtimas - Portal Tela Portugal","robots":{"index":"index","follow":"follow","max-snippet":"max-snippet:-1","max-image-preview":"max-image-preview:large","max-video-preview":"max-video-preview:-1"},"og_locale":"pt_PT","og_type":"article","og_title":"Princesa Eugenie deixa de representar as vozes das v\u00edtimas - Portal Tela Portugal","og_description":"A princesa Eugenie deixou de ser patrona da sede brit\u00e2nica da Associa\u00e7\u00e3o Internacional Anti-Escravatura, no contexto do esc\u00e2ndalo Epstein. A entidade n\u00e3o quer associar o seu nome ao de Andr\u00e9 Mountbatten-Windsor, pai de Eugenie, que enfrenta as cr\u00edticas do caso. Al\u00e9m disso, Eugenie soube recentemente que n\u00e3o poder\u00e1 ir \u00e0s corridas reais de Ascot, e ficou conhecido que o primo futuro rei, William, pediu aos membros da fam\u00edlia para evitar fotografias junto dela e da irm\u00e3 Beatrice, pelo menos at\u00e9 ao fim do ano. \u00c0 frente de campanhas contra o tr\u00e1fico de seres humanos, Eugenie tem visto o peso do passado do pai afectar a sua imagem p\u00fablica. Beatrice e Eugenie enfrentam repercuss\u00f5es p\u00fablicas associadas ao hist\u00f3rico do pai, com impacto nas suas atividades e na perce\u00e7\u00e3o medi\u00e1tica.","og_url":"https:\/\/portaltela.pt\/noticias\/2026\/03\/25\/princesa-eugenie-deixa-de-representar-as-vozes-das-vitimas\/","og_site_name":"Portal Tela Portugal","article_published_time":"2026-03-25T16:11:54+00:00","author":"Telinha","twitter_card":"summary_large_image","twitter_misc":{"Escrito por":"Telinha","Tempo estimado de leitura":"1 minuto"},"schema":{"@context":"https:\/\/schema.org","@graph":[{"@type":"Article","@id":"https:\/\/portaltela.pt\/noticias\/2026\/03\/25\/princesa-eugenie-deixa-de-representar-as-vozes-das-vitimas\/#article","isPartOf":{"@id":"https:\/\/portaltela.pt\/noticias\/2026\/03\/25\/princesa-eugenie-deixa-de-representar-as-vozes-das-vitimas\/"},"author":{"name":"Telinha","@id":"https:\/\/portaltela.pt\/#\/schema\/person\/c4278d4a6028830caff9ee44b42d32ed"},"headline":"Princesa Eugenie deixa de representar as vozes das v\u00edtimas","datePublished":"2026-03-25T16:11:54+00:00","mainEntityOfPage":{"@id":"https:\/\/portaltela.pt\/noticias\/2026\/03\/25\/princesa-eugenie-deixa-de-representar-as-vozes-das-vitimas\/"},"wordCount":233,"image":{"@id":"https:\/\/portaltela.pt\/noticias\/2026\/03\/25\/princesa-eugenie-deixa-de-representar-as-vozes-das-vitimas\/#primaryimage"},"thumbnailUrl":"https:\/\/portaltela.pt\/s.01k8rhncp4jt1\/2026\/03\/img_1280x718uu2026-03-10-17-16-25-2271588-im-639087666476975454.jpg","keywords":["direitos humanos","fam\u00edlia","organiza\u00e7\u00f5es","pessoas p\u00fablicas","pol\u00edtica internacional","tr\u00e1fico de seres humanos"],"articleSection":["Curiosidades","Sociedade"],"inLanguage":"pt-PT"},{"@type":"WebPage","@id":"https:\/\/portaltela.pt\/noticias\/2026\/03\/25\/princesa-eugenie-deixa-de-representar-as-vozes-das-vitimas\/","url":"https:\/\/portaltela.pt\/noticias\/2026\/03\/25\/princesa-eugenie-deixa-de-representar-as-vozes-das-vitimas\/","name":"Princesa Eugenie deixa de representar as vozes das v\u00edtimas - Portal Tela Portugal","isPartOf":{"@id":"https:\/\/portaltela.pt\/#website"},"primaryImageOfPage":{"@id":"https:\/\/portaltela.pt\/noticias\/2026\/03\/25\/princesa-eugenie-deixa-de-representar-as-vozes-das-vitimas\/#primaryimage"},"image":{"@id":"https:\/\/portaltela.pt\/noticias\/2026\/03\/25\/princesa-eugenie-deixa-de-representar-as-vozes-das-vitimas\/#primaryimage"},"thumbnailUrl":"https:\/\/portaltela.pt\/s.01k8rhncp4jt1\/2026\/03\/img_1280x718uu2026-03-10-17-16-25-2271588-im-639087666476975454.jpg","datePublished":"2026-03-25T16:11:54+00:00","author":{"@id":"https:\/\/portaltela.pt\/#\/schema\/person\/c4278d4a6028830caff9ee44b42d32ed"},"breadcrumb":{"@id":"https:\/\/portaltela.pt\/noticias\/2026\/03\/25\/princesa-eugenie-deixa-de-representar-as-vozes-das-vitimas\/#breadcrumb"},"inLanguage":"pt-PT","potentialAction":[{"@type":"ReadAction","target":["https:\/\/portaltela.pt\/noticias\/2026\/03\/25\/princesa-eugenie-deixa-de-representar-as-vozes-das-vitimas\/"]}]},{"@type":"ImageObject","inLanguage":"pt-PT","@id":"https:\/\/portaltela.pt\/noticias\/2026\/03\/25\/princesa-eugenie-deixa-de-representar-as-vozes-das-vitimas\/#primaryimage","url":"https:\/\/portaltela.pt\/s.01k8rhncp4jt1\/2026\/03\/img_1280x718uu2026-03-10-17-16-25-2271588-im-639087666476975454.jpg","contentUrl":"https:\/\/portaltela.pt\/s.01k8rhncp4jt1\/2026\/03\/img_1280x718uu2026-03-10-17-16-25-2271588-im-639087666476975454.jpg","width":1280,"height":718,"caption":"Eugenie, da realeza brit\u00e2nica, posa para a c\u00e2mara com um blazer bege elegante"},{"@type":"BreadcrumbList","@id":"https:\/\/portaltela.pt\/noticias\/2026\/03\/25\/princesa-eugenie-deixa-de-representar-as-vozes-das-vitimas\/#breadcrumb","itemListElement":[{"@type":"ListItem","position":1,"name":"In\u00edcio","item":"https:\/\/portaltela.pt\/"},{"@type":"ListItem","position":2,"name":"Princesa Eugenie deixa de representar as vozes das v\u00edtimas"}]},{"@type":"WebSite","@id":"https:\/\/portaltela.pt\/#website","url":"https:\/\/portaltela.pt\/","name":"Portal Tela Portugal","description":"","potentialAction":[{"@type":"SearchAction","target":{"@type":"EntryPoint","urlTemplate":"https:\/\/portaltela.pt\/?s={search_term_string}"},"query-input":{"@type":"PropertyValueSpecification","valueRequired":true,"valueName":"search_term_string"}}],"inLanguage":"pt-PT"},{"@type":"Person","@id":"https:\/\/portaltela.pt\/#\/schema\/person\/c4278d4a6028830caff9ee44b42d32ed","name":"Telinha","image":{"@type":"ImageObject","inLanguage":"pt-PT","@id":"https:\/\/portaltela.pt\/s.01k8rhncp4jt1\/2025\/11\/talking-bot-125x125.png","url":"https:\/\/portaltela.pt\/s.01k8rhncp4jt1\/2025\/11\/talking-bot-125x125.png","contentUrl":"https:\/\/portaltela.pt\/s.01k8rhncp4jt1\/2025\/11\/talking-bot-125x125.png","caption":"Telinha"},"sameAs":["https:\/\/portaltela.pt\/"],"url":"https:\/\/portaltela.pt\/por\/367410592786\/"}]}},"_links":{"self":[{"href":"https:\/\/portaltela.pt\/api\/wp\/v2\/posts\/421072","targetHints":{"allow":["GET"]}}],"collection":[{"href":"https:\/\/portaltela.pt\/api\/wp\/v2\/posts"}],"about":[{"href":"https:\/\/portaltela.pt\/api\/wp\/v2\/types\/post"}],"author":[{"embeddable":true,"href":"https:\/\/portaltela.pt\/api\/wp\/v2\/users\/2"}],"replies":[{"embeddable":true,"href":"https:\/\/portaltela.pt\/api\/wp\/v2\/comments?post=421072"}],"version-history":[{"count":0,"href":"https:\/\/portaltela.pt\/api\/wp\/v2\/posts\/421072\/revisions"}],"wp:featuredmedia":[{"embeddable":true,"href":"https:\/\/portaltela.pt\/api\/wp\/v2\/media\/421077"}],"wp:attachment":[{"href":"https:\/\/portaltela.pt\/api\/wp\/v2\/media?parent=421072"}],"wp:term":[{"taxonomy":"category","embeddable":true,"href":"https:\/\/portaltela.pt\/api\/wp\/v2\/categories?post=421072"},{"taxonomy":"post_tag","embeddable":true,"href":"https:\/\/portaltela.pt\/api\/wp\/v2\/tags?post=421072"}],"curies":[{"name":"wp","href":"https:\/\/api.w.org\/{rel}","templated":true}]}}