{"id":421055,"date":"2026-03-25T13:02:27","date_gmt":"2026-03-25T16:02:27","guid":{"rendered":"https:\/\/portaltela.pt\/noticias\/2026\/03\/25\/irao-rejeita-plano-de-15-pontos-dos-eua-e-aumenta-ataques-a-israel-e-no-golfo\/"},"modified":"2026-03-25T13:02:27","modified_gmt":"2026-03-25T16:02:27","slug":"irao-rejeita-plano-de-15-pontos-dos-eua-e-aumenta-ataques-a-israel-e-no-golfo","status":"publish","type":"post","link":"https:\/\/portaltela.pt\/noticias\/politica\/2026\/03\/25\/irao-rejeita-plano-de-15-pontos-dos-eua-e-aumenta-ataques-a-israel-e-no-golfo\/","title":{"rendered":"Ir\u00e3o rejeita plano de 15 pontos dos EUA e aumenta ataques a Israel e no Golfo"},"content":{"rendered":"<p>O Ir\u00e3o rejeitou na quarta-feira um plano de cessar-fogo dos EUA, anunciando que n\u00e3o aceita os 15 pontos propostos e mantendo a ofensiva contra Israel e o Golfo. Teer\u00e3o afirmou que s\u00f3 terminar\u00e1 a guerra quando assim o decidir, n\u00e3o segundo previs\u00f5es de Washington.<\/p>\n<p>O ministro dos Neg\u00f3cios Estrangeiros iraniano e a ag\u00eancia oficial de televis\u00e3o sinalizaram a rejei\u00e7\u00e3o, descrevendo o plano como insuficiente para p\u00f4r fim \u00e0 guerra e afirmando que o Ir\u00e3o define as condi\u00e7\u00f5es de desfecho. N\u00e3o houve confirma\u00e7\u00e3o de abertura para negocia\u00e7\u00f5es diretas.<\/p>\n<p>Paralelamente, o Ir\u00e3o intensificou os ataques contra Israel e pa\u00edses do Golfo, num contexto de tens\u00e3o regional elevada. Um dos ataques provocou um grande inc\u00eandio no Aeroporto Internacional de Kuwait, relatam fontes locais.<\/p>\n<h3>Desdobramentos e contexto<\/h3>\n<p>O jornalismo de fontes internacionais descreve que o plano discutido inclu\u00eda al\u00edvios de san\u00e7\u00f5es, limites aos m\u00edsseis, redu\u00e7\u00f5es no programa nuclear e a reabertura do Estreito de Ormuz. Paquist\u00e3o e Egipto citaram pontos que envolviam condi\u00e7\u00f5es para retomar negocia\u00e7\u00f5es diplom\u00e1ticas.<\/p>\n<p>Autoridades eg\u00edpcias e paquistanesas indicam que pode haver negocia\u00e7\u00f5es presenciais entre o Ir\u00e3o e os EUA, possivelmente j\u00e1 em Paquist\u00e3o. O governo dos EUA mencionou que as conversa\u00e7\u00f5es estavam em curso, sem indicar interlocutores iranianos.<\/p>\n<p>O porta-voz iraniano afirmou que o Ir\u00e3o mant\u00e9m cautela em rela\u00e7\u00e3o aos EUA, recordando epis\u00f3dios de confrontos diplom\u00e1ticos anteriores. N\u00e3o foram detalhadas as figuras com autoridade para negociar ou quem aceitaria dialogar no regime iraniano.<\/p>\n","protected":false},"excerpt":{"rendered":"<ul>\n<li>O Ir\u00e3o rejeitou na quarta-feira o plano americano de cessar-fogo de 15 pontos e n\u00e3o aceitou as condi\u00e7\u00f5es propostas pelos EUA.<\/li>\n<li>Teer\u00e3o afirmou que o fim da guerra ocorrer\u00e1 quando o Ir\u00e3o decidir, n\u00e3o conforme o que Trump prev\u00ea.<\/li>\n<li>O plano inclu\u00eda al\u00edvio de san\u00e7\u00f5es, retrocesso do programa nuclear, limites aos m\u00edsseis e a reabertura do Estreito de Ormuz.<\/li>\n<li>O Ir\u00e3o intensificou ataques contra Israel e Estados do Golfo, incluindo um inc\u00eandio no Aeroporto Internacional do Kuwait.<\/li>\n<li>Mediadores, em conjunto com Paquist\u00e3o e Egito, consideram poss\u00edveis conversa\u00e7\u00f5es presenciais entre as partes, com EUA mencionando participantes como Steve Witkoff, Jared Kushner, Marco Rubio e JD Vance; n\u00e3o est\u00e1 claro quem no Ir\u00e3o negociaria.<\/li>\n<\/ul>\n","protected":false},"author":2,"featured_media":421063,"comment_status":"closed","ping_status":"closed","sticky":false,"template":"","format":"standard","meta":{"footnotes":""},"categories":[6814,5],"tags":[3302,5267,62,3153,3708,6607],"class_list":["post-421055","post","type-post","status-publish","format-standard","has-post-thumbnail","hentry","category-geopolitica","category-politica","tag-aeroportos","tag-ataques","tag-guerra","tag-ira","tag-israel","tag-kuwait"],"yoast_head":"<!-- This site is optimized with the Yoast SEO plugin v27.2 - https:\/\/yoast.com\/product\/yoast-seo-wordpress\/ -->\n<title>Ir\u00e3o rejeita plano de 15 pontos dos EUA e aumenta ataques a Israel e no Golfo - Portal Tela Portugal<\/title>\n<meta name=\"robots\" content=\"index, follow, max-snippet:-1, max-image-preview:large, max-video-preview:-1\" \/>\n<meta property=\"og:locale\" content=\"pt_PT\" \/>\n<meta property=\"og:type\" content=\"article\" \/>\n<meta property=\"og:title\" content=\"Ir\u00e3o rejeita plano de 15 pontos dos EUA e aumenta ataques a Israel e no Golfo - Portal Tela Portugal\" \/>\n<meta property=\"og:description\" content=\"O Ir\u00e3o rejeitou na quarta-feira o plano americano de cessar-fogo de 15 pontos e n\u00e3o aceitou as condi\u00e7\u00f5es propostas pelos EUA. Teer\u00e3o afirmou que o fim da guerra ocorrer\u00e1 quando o Ir\u00e3o decidir, n\u00e3o conforme o que Trump prev\u00ea. O plano inclu\u00eda al\u00edvio de san\u00e7\u00f5es, retrocesso do programa nuclear, limites aos m\u00edsseis e a reabertura do Estreito de Ormuz. O Ir\u00e3o intensificou ataques contra Israel e Estados do Golfo, incluindo um inc\u00eandio no Aeroporto Internacional do Kuwait. Mediadores, em conjunto com Paquist\u00e3o e Egito, consideram poss\u00edveis conversa\u00e7\u00f5es presenciais entre as partes, com EUA mencionando participantes como Steve Witkoff, Jared Kushner, Marco Rubio e JD Vance; n\u00e3o est\u00e1 claro quem no Ir\u00e3o negociaria.\" \/>\n<meta property=\"og:url\" content=\"https:\/\/portaltela.pt\/noticias\/2026\/03\/25\/irao-rejeita-plano-de-15-pontos-dos-eua-e-aumenta-ataques-a-israel-e-no-golfo\/\" \/>\n<meta property=\"og:site_name\" content=\"Portal Tela Portugal\" \/>\n<meta property=\"article:published_time\" content=\"2026-03-25T16:02:27+00:00\" \/>\n<meta name=\"author\" content=\"Telinha\" \/>\n<meta name=\"twitter:card\" content=\"summary_large_image\" \/>\n<meta name=\"twitter:label1\" content=\"Escrito por\" \/>\n\t<meta name=\"twitter:data1\" content=\"Telinha\" \/>\n\t<meta name=\"twitter:label2\" content=\"Tempo estimado de leitura\" \/>\n\t<meta name=\"twitter:data2\" content=\"1 minuto\" \/>\n<script type=\"application\/ld+json\" class=\"yoast-schema-graph\">{\"@context\":\"https:\/\/schema.org\",\"@graph\":[{\"@type\":\"Article\",\"@id\":\"https:\/\/portaltela.pt\/noticias\/2026\/03\/25\/irao-rejeita-plano-de-15-pontos-dos-eua-e-aumenta-ataques-a-israel-e-no-golfo\/#article\",\"isPartOf\":{\"@id\":\"https:\/\/portaltela.pt\/noticias\/2026\/03\/25\/irao-rejeita-plano-de-15-pontos-dos-eua-e-aumenta-ataques-a-israel-e-no-golfo\/\"},\"author\":{\"name\":\"Telinha\",\"@id\":\"https:\/\/portaltela.pt\/#\/schema\/person\/c4278d4a6028830caff9ee44b42d32ed\"},\"headline\":\"Ir\u00e3o rejeita plano de 15 pontos dos EUA e aumenta ataques a Israel e no Golfo\",\"datePublished\":\"2026-03-25T16:02:27+00:00\",\"mainEntityOfPage\":{\"@id\":\"https:\/\/portaltela.pt\/noticias\/2026\/03\/25\/irao-rejeita-plano-de-15-pontos-dos-eua-e-aumenta-ataques-a-israel-e-no-golfo\/\"},\"wordCount\":286,\"image\":{\"@id\":\"https:\/\/portaltela.pt\/noticias\/2026\/03\/25\/irao-rejeita-plano-de-15-pontos-dos-eua-e-aumenta-ataques-a-israel-e-no-golfo\/#primaryimage\"},\"thumbnailUrl\":\"https:\/\/portaltela.pt\/s.01k8rhncp4jt1\/2026\/03\/1536x864_cmsv2_1968322e-c9a8-5f7f-8835-bd2ca6c9a051-9695407.jpg\",\"keywords\":[\"aeroportos\",\"ataques\",\"guerra\",\"Ir\u00e3\",\"Israel\",\"Kuwait\"],\"articleSection\":[\"Geopol\u00edtica\",\"Pol\u00edtica\"],\"inLanguage\":\"pt-PT\"},{\"@type\":\"WebPage\",\"@id\":\"https:\/\/portaltela.pt\/noticias\/2026\/03\/25\/irao-rejeita-plano-de-15-pontos-dos-eua-e-aumenta-ataques-a-israel-e-no-golfo\/\",\"url\":\"https:\/\/portaltela.pt\/noticias\/2026\/03\/25\/irao-rejeita-plano-de-15-pontos-dos-eua-e-aumenta-ataques-a-israel-e-no-golfo\/\",\"name\":\"Ir\u00e3o rejeita plano de 15 pontos dos EUA e aumenta ataques a Israel e no Golfo - Portal Tela Portugal\",\"isPartOf\":{\"@id\":\"https:\/\/portaltela.pt\/#website\"},\"primaryImageOfPage\":{\"@id\":\"https:\/\/portaltela.pt\/noticias\/2026\/03\/25\/irao-rejeita-plano-de-15-pontos-dos-eua-e-aumenta-ataques-a-israel-e-no-golfo\/#primaryimage\"},\"image\":{\"@id\":\"https:\/\/portaltela.pt\/noticias\/2026\/03\/25\/irao-rejeita-plano-de-15-pontos-dos-eua-e-aumenta-ataques-a-israel-e-no-golfo\/#primaryimage\"},\"thumbnailUrl\":\"https:\/\/portaltela.pt\/s.01k8rhncp4jt1\/2026\/03\/1536x864_cmsv2_1968322e-c9a8-5f7f-8835-bd2ca6c9a051-9695407.jpg\",\"datePublished\":\"2026-03-25T16:02:27+00:00\",\"author\":{\"@id\":\"https:\/\/portaltela.pt\/#\/schema\/person\/c4278d4a6028830caff9ee44b42d32ed\"},\"breadcrumb\":{\"@id\":\"https:\/\/portaltela.pt\/noticias\/2026\/03\/25\/irao-rejeita-plano-de-15-pontos-dos-eua-e-aumenta-ataques-a-israel-e-no-golfo\/#breadcrumb\"},\"inLanguage\":\"pt-PT\",\"potentialAction\":[{\"@type\":\"ReadAction\",\"target\":[\"https:\/\/portaltela.pt\/noticias\/2026\/03\/25\/irao-rejeita-plano-de-15-pontos-dos-eua-e-aumenta-ataques-a-israel-e-no-golfo\/\"]}]},{\"@type\":\"ImageObject\",\"inLanguage\":\"pt-PT\",\"@id\":\"https:\/\/portaltela.pt\/noticias\/2026\/03\/25\/irao-rejeita-plano-de-15-pontos-dos-eua-e-aumenta-ataques-a-israel-e-no-golfo\/#primaryimage\",\"url\":\"https:\/\/portaltela.pt\/s.01k8rhncp4jt1\/2026\/03\/1536x864_cmsv2_1968322e-c9a8-5f7f-8835-bd2ca6c9a051-9695407.jpg\",\"contentUrl\":\"https:\/\/portaltela.pt\/s.01k8rhncp4jt1\/2026\/03\/1536x864_cmsv2_1968322e-c9a8-5f7f-8835-bd2ca6c9a051-9695407.jpg\",\"width\":1536,\"height\":864,\"caption\":\"ARQUIVO: Um homem sai de um comboio do metro passando por uma imagem do falecido ayatollah iraniano Ali Khamenei, em Teer\u00e3o, 13 de mar\u00e7o de 2026\"},{\"@type\":\"BreadcrumbList\",\"@id\":\"https:\/\/portaltela.pt\/noticias\/2026\/03\/25\/irao-rejeita-plano-de-15-pontos-dos-eua-e-aumenta-ataques-a-israel-e-no-golfo\/#breadcrumb\",\"itemListElement\":[{\"@type\":\"ListItem\",\"position\":1,\"name\":\"In\u00edcio\",\"item\":\"https:\/\/portaltela.pt\/\"},{\"@type\":\"ListItem\",\"position\":2,\"name\":\"Ir\u00e3o rejeita plano de 15 pontos dos EUA e aumenta ataques a Israel e no Golfo\"}]},{\"@type\":\"WebSite\",\"@id\":\"https:\/\/portaltela.pt\/#website\",\"url\":\"https:\/\/portaltela.pt\/\",\"name\":\"Portal Tela Portugal\",\"description\":\"\",\"potentialAction\":[{\"@type\":\"SearchAction\",\"target\":{\"@type\":\"EntryPoint\",\"urlTemplate\":\"https:\/\/portaltela.pt\/?s={search_term_string}\"},\"query-input\":{\"@type\":\"PropertyValueSpecification\",\"valueRequired\":true,\"valueName\":\"search_term_string\"}}],\"inLanguage\":\"pt-PT\"},{\"@type\":\"Person\",\"@id\":\"https:\/\/portaltela.pt\/#\/schema\/person\/c4278d4a6028830caff9ee44b42d32ed\",\"name\":\"Telinha\",\"image\":{\"@type\":\"ImageObject\",\"inLanguage\":\"pt-PT\",\"@id\":\"https:\/\/portaltela.pt\/s.01k8rhncp4jt1\/2025\/11\/talking-bot-125x125.png\",\"url\":\"https:\/\/portaltela.pt\/s.01k8rhncp4jt1\/2025\/11\/talking-bot-125x125.png\",\"contentUrl\":\"https:\/\/portaltela.pt\/s.01k8rhncp4jt1\/2025\/11\/talking-bot-125x125.png\",\"caption\":\"Telinha\"},\"sameAs\":[\"https:\/\/portaltela.pt\/\"],\"url\":\"https:\/\/portaltela.pt\/por\/367410592786\/\"}]}<\/script>\n<!-- \/ Yoast SEO plugin. -->","yoast_head_json":{"title":"Ir\u00e3o rejeita plano de 15 pontos dos EUA e aumenta ataques a Israel e no Golfo - Portal Tela Portugal","robots":{"index":"index","follow":"follow","max-snippet":"max-snippet:-1","max-image-preview":"max-image-preview:large","max-video-preview":"max-video-preview:-1"},"og_locale":"pt_PT","og_type":"article","og_title":"Ir\u00e3o rejeita plano de 15 pontos dos EUA e aumenta ataques a Israel e no Golfo - Portal Tela Portugal","og_description":"O Ir\u00e3o rejeitou na quarta-feira o plano americano de cessar-fogo de 15 pontos e n\u00e3o aceitou as condi\u00e7\u00f5es propostas pelos EUA. Teer\u00e3o afirmou que o fim da guerra ocorrer\u00e1 quando o Ir\u00e3o decidir, n\u00e3o conforme o que Trump prev\u00ea. O plano inclu\u00eda al\u00edvio de san\u00e7\u00f5es, retrocesso do programa nuclear, limites aos m\u00edsseis e a reabertura do Estreito de Ormuz. O Ir\u00e3o intensificou ataques contra Israel e Estados do Golfo, incluindo um inc\u00eandio no Aeroporto Internacional do Kuwait. Mediadores, em conjunto com Paquist\u00e3o e Egito, consideram poss\u00edveis conversa\u00e7\u00f5es presenciais entre as partes, com EUA mencionando participantes como Steve Witkoff, Jared Kushner, Marco Rubio e JD Vance; n\u00e3o est\u00e1 claro quem no Ir\u00e3o negociaria.","og_url":"https:\/\/portaltela.pt\/noticias\/2026\/03\/25\/irao-rejeita-plano-de-15-pontos-dos-eua-e-aumenta-ataques-a-israel-e-no-golfo\/","og_site_name":"Portal Tela Portugal","article_published_time":"2026-03-25T16:02:27+00:00","author":"Telinha","twitter_card":"summary_large_image","twitter_misc":{"Escrito por":"Telinha","Tempo estimado de leitura":"1 minuto"},"schema":{"@context":"https:\/\/schema.org","@graph":[{"@type":"Article","@id":"https:\/\/portaltela.pt\/noticias\/2026\/03\/25\/irao-rejeita-plano-de-15-pontos-dos-eua-e-aumenta-ataques-a-israel-e-no-golfo\/#article","isPartOf":{"@id":"https:\/\/portaltela.pt\/noticias\/2026\/03\/25\/irao-rejeita-plano-de-15-pontos-dos-eua-e-aumenta-ataques-a-israel-e-no-golfo\/"},"author":{"name":"Telinha","@id":"https:\/\/portaltela.pt\/#\/schema\/person\/c4278d4a6028830caff9ee44b42d32ed"},"headline":"Ir\u00e3o rejeita plano de 15 pontos dos EUA e aumenta ataques a Israel e no Golfo","datePublished":"2026-03-25T16:02:27+00:00","mainEntityOfPage":{"@id":"https:\/\/portaltela.pt\/noticias\/2026\/03\/25\/irao-rejeita-plano-de-15-pontos-dos-eua-e-aumenta-ataques-a-israel-e-no-golfo\/"},"wordCount":286,"image":{"@id":"https:\/\/portaltela.pt\/noticias\/2026\/03\/25\/irao-rejeita-plano-de-15-pontos-dos-eua-e-aumenta-ataques-a-israel-e-no-golfo\/#primaryimage"},"thumbnailUrl":"https:\/\/portaltela.pt\/s.01k8rhncp4jt1\/2026\/03\/1536x864_cmsv2_1968322e-c9a8-5f7f-8835-bd2ca6c9a051-9695407.jpg","keywords":["aeroportos","ataques","guerra","Ir\u00e3","Israel","Kuwait"],"articleSection":["Geopol\u00edtica","Pol\u00edtica"],"inLanguage":"pt-PT"},{"@type":"WebPage","@id":"https:\/\/portaltela.pt\/noticias\/2026\/03\/25\/irao-rejeita-plano-de-15-pontos-dos-eua-e-aumenta-ataques-a-israel-e-no-golfo\/","url":"https:\/\/portaltela.pt\/noticias\/2026\/03\/25\/irao-rejeita-plano-de-15-pontos-dos-eua-e-aumenta-ataques-a-israel-e-no-golfo\/","name":"Ir\u00e3o rejeita plano de 15 pontos dos EUA e aumenta ataques a Israel e no Golfo - Portal Tela Portugal","isPartOf":{"@id":"https:\/\/portaltela.pt\/#website"},"primaryImageOfPage":{"@id":"https:\/\/portaltela.pt\/noticias\/2026\/03\/25\/irao-rejeita-plano-de-15-pontos-dos-eua-e-aumenta-ataques-a-israel-e-no-golfo\/#primaryimage"},"image":{"@id":"https:\/\/portaltela.pt\/noticias\/2026\/03\/25\/irao-rejeita-plano-de-15-pontos-dos-eua-e-aumenta-ataques-a-israel-e-no-golfo\/#primaryimage"},"thumbnailUrl":"https:\/\/portaltela.pt\/s.01k8rhncp4jt1\/2026\/03\/1536x864_cmsv2_1968322e-c9a8-5f7f-8835-bd2ca6c9a051-9695407.jpg","datePublished":"2026-03-25T16:02:27+00:00","author":{"@id":"https:\/\/portaltela.pt\/#\/schema\/person\/c4278d4a6028830caff9ee44b42d32ed"},"breadcrumb":{"@id":"https:\/\/portaltela.pt\/noticias\/2026\/03\/25\/irao-rejeita-plano-de-15-pontos-dos-eua-e-aumenta-ataques-a-israel-e-no-golfo\/#breadcrumb"},"inLanguage":"pt-PT","potentialAction":[{"@type":"ReadAction","target":["https:\/\/portaltela.pt\/noticias\/2026\/03\/25\/irao-rejeita-plano-de-15-pontos-dos-eua-e-aumenta-ataques-a-israel-e-no-golfo\/"]}]},{"@type":"ImageObject","inLanguage":"pt-PT","@id":"https:\/\/portaltela.pt\/noticias\/2026\/03\/25\/irao-rejeita-plano-de-15-pontos-dos-eua-e-aumenta-ataques-a-israel-e-no-golfo\/#primaryimage","url":"https:\/\/portaltela.pt\/s.01k8rhncp4jt1\/2026\/03\/1536x864_cmsv2_1968322e-c9a8-5f7f-8835-bd2ca6c9a051-9695407.jpg","contentUrl":"https:\/\/portaltela.pt\/s.01k8rhncp4jt1\/2026\/03\/1536x864_cmsv2_1968322e-c9a8-5f7f-8835-bd2ca6c9a051-9695407.jpg","width":1536,"height":864,"caption":"ARQUIVO: Um homem sai de um comboio do metro passando por uma imagem do falecido ayatollah iraniano Ali Khamenei, em Teer\u00e3o, 13 de mar\u00e7o de 2026"},{"@type":"BreadcrumbList","@id":"https:\/\/portaltela.pt\/noticias\/2026\/03\/25\/irao-rejeita-plano-de-15-pontos-dos-eua-e-aumenta-ataques-a-israel-e-no-golfo\/#breadcrumb","itemListElement":[{"@type":"ListItem","position":1,"name":"In\u00edcio","item":"https:\/\/portaltela.pt\/"},{"@type":"ListItem","position":2,"name":"Ir\u00e3o rejeita plano de 15 pontos dos EUA e aumenta ataques a Israel e no Golfo"}]},{"@type":"WebSite","@id":"https:\/\/portaltela.pt\/#website","url":"https:\/\/portaltela.pt\/","name":"Portal Tela Portugal","description":"","potentialAction":[{"@type":"SearchAction","target":{"@type":"EntryPoint","urlTemplate":"https:\/\/portaltela.pt\/?s={search_term_string}"},"query-input":{"@type":"PropertyValueSpecification","valueRequired":true,"valueName":"search_term_string"}}],"inLanguage":"pt-PT"},{"@type":"Person","@id":"https:\/\/portaltela.pt\/#\/schema\/person\/c4278d4a6028830caff9ee44b42d32ed","name":"Telinha","image":{"@type":"ImageObject","inLanguage":"pt-PT","@id":"https:\/\/portaltela.pt\/s.01k8rhncp4jt1\/2025\/11\/talking-bot-125x125.png","url":"https:\/\/portaltela.pt\/s.01k8rhncp4jt1\/2025\/11\/talking-bot-125x125.png","contentUrl":"https:\/\/portaltela.pt\/s.01k8rhncp4jt1\/2025\/11\/talking-bot-125x125.png","caption":"Telinha"},"sameAs":["https:\/\/portaltela.pt\/"],"url":"https:\/\/portaltela.pt\/por\/367410592786\/"}]}},"_links":{"self":[{"href":"https:\/\/portaltela.pt\/api\/wp\/v2\/posts\/421055","targetHints":{"allow":["GET"]}}],"collection":[{"href":"https:\/\/portaltela.pt\/api\/wp\/v2\/posts"}],"about":[{"href":"https:\/\/portaltela.pt\/api\/wp\/v2\/types\/post"}],"author":[{"embeddable":true,"href":"https:\/\/portaltela.pt\/api\/wp\/v2\/users\/2"}],"replies":[{"embeddable":true,"href":"https:\/\/portaltela.pt\/api\/wp\/v2\/comments?post=421055"}],"version-history":[{"count":0,"href":"https:\/\/portaltela.pt\/api\/wp\/v2\/posts\/421055\/revisions"}],"wp:featuredmedia":[{"embeddable":true,"href":"https:\/\/portaltela.pt\/api\/wp\/v2\/media\/421063"}],"wp:attachment":[{"href":"https:\/\/portaltela.pt\/api\/wp\/v2\/media?parent=421055"}],"wp:term":[{"taxonomy":"category","embeddable":true,"href":"https:\/\/portaltela.pt\/api\/wp\/v2\/categories?post=421055"},{"taxonomy":"post_tag","embeddable":true,"href":"https:\/\/portaltela.pt\/api\/wp\/v2\/tags?post=421055"}],"curies":[{"name":"wp","href":"https:\/\/api.w.org\/{rel}","templated":true}]}}