{"id":421052,"date":"2026-03-25T12:57:00","date_gmt":"2026-03-25T15:57:00","guid":{"rendered":"https:\/\/portaltela.pt\/noticias\/2026\/03\/25\/madeira-4-desalojados-e-224-ocorrencias-devido-a-depressao-therese\/"},"modified":"2026-03-25T12:57:00","modified_gmt":"2026-03-25T15:57:00","slug":"madeira-4-desalojados-e-224-ocorrencias-devido-a-depressao-therese","status":"publish","type":"post","link":"https:\/\/portaltela.pt\/tempo\/2026\/03\/25\/madeira-4-desalojados-e-224-ocorrencias-devido-a-depressao-therese\/","title":{"rendered":"Madeira: 4 desalojados e 224 ocorr\u00eancias devido \u00e0 depress\u00e3o Therese"},"content":{"rendered":"<p>Durante a passagem da depress\u00e3o Therese pela Madeira, registaram-se quatro desalojados e um total de 224 ocorr\u00eancias. A informa\u00e7\u00e3o aponta para efeitos ligados ao mau tempo, com impactos locais variados.<\/p>\n<p>As autoridades locais, incluindo a Prote\u00e7\u00e3o Civil e os bombeiros, estiveram em alerta para prestar apoio \u00e0s fam\u00edlias afetadas. Os desalojos ocorreram devido a situa\u00e7\u00f5es de risco em domic\u00edlios, ruas e estruturas pequenas.<\/p>\n<p>Ainda n\u00e3o existem relatos sobre feridos graves. O organismo regional de prote\u00e7\u00e3o civil monitoriza a evolu\u00e7\u00e3o do fen\u00f3meno, com instru\u00e7\u00f5es \u00e0 popula\u00e7\u00e3o para evitar \u00e1reas alagadas e infiltra\u00e7\u00f5es.<\/p>\n<p>Impacto na Madeira<\/p>\n<p>Entre as ocorr\u00eancias contam-se queimaduras, entupimentos de vias e interrup\u00e7\u00f5es tempor\u00e1rias de servi\u00e7os. Os t\u00e9cnicos trabalham para normalizar rapidamente o acesso a infraestruturas cr\u00edticas.<\/p>\n<p>Quem esteve envolvido<\/p>\n<p>Autarquias locais, servi\u00e7os de prote\u00e7\u00e3o civil, bombeiros e entidades de emerg\u00eancia coordenaram opera\u00e7\u00f5es de apoio aos desalojados e \u00e0 popula\u00e7\u00e3o. A prioridade foi assegurar abrigo, alimenta\u00e7\u00e3o e acompanhamento social.<\/p>\n<p>Quando e onde<\/p>\n<p>O registo de ocorr\u00eancias ocorreu na Madeira durante a passagem da depress\u00e3o Therese, com atua\u00e7\u00e3o contra os impactos em \u00e1reas urbanas e rurais da regi\u00e3o.<\/p>\n<p>Porqu\u00ea<\/p>\n<p>Ayliza\u00e7\u00e3o do tempo adverso associado \u00e0 depress\u00e3o Therese provocou inunda\u00e7\u00f5es pontuais, quedas de \u00e1rvores e estragos em vias, levando \u00e0 evacua\u00e7\u00e3o preventiva de moradores em situa\u00e7\u00e3o vulner\u00e1vel.<\/p>\n","protected":false},"excerpt":{"rendered":"<ul>\n<li>Em Madeira, quatro desalojados foram registados devido \u00e0 depress\u00e3o Therese.<\/li>\n<li>Registaram-se 224 ocorr\u00eancias associadas ao mau tempo na regi\u00e3o.<\/li>\n<li>A depress\u00e3o Therese afetou v\u00e1rias zonas da Madeira.<\/li>\n<li>As informa\u00e7\u00f5es dispon\u00edveis referem-se ao balan\u00e7o inicial do fen\u00f3meno.<\/li>\n<\/ul>\n","protected":false},"author":2,"featured_media":421057,"comment_status":"closed","ping_status":"closed","sticky":false,"template":"","format":"standard","meta":{"footnotes":""},"categories":[7365],"tags":[971,3004,6711,2293,859,320],"class_list":["post-421052","post","type-post","status-publish","format-standard","has-post-thumbnail","hentry","category-tempo","tag-bombeiros","tag-desalojados","tag-desastre","tag-inundacoes","tag-madeira","tag-protecao-civil"],"yoast_head":"<!-- This site is optimized with the Yoast SEO plugin v27.2 - https:\/\/yoast.com\/product\/yoast-seo-wordpress\/ -->\n<title>Madeira: 4 desalojados e 224 ocorr\u00eancias devido \u00e0 depress\u00e3o Therese - Portal Tela Portugal<\/title>\n<meta name=\"robots\" content=\"index, follow, max-snippet:-1, max-image-preview:large, max-video-preview:-1\" \/>\n<meta property=\"og:locale\" content=\"pt_PT\" \/>\n<meta property=\"og:type\" content=\"article\" \/>\n<meta property=\"og:title\" content=\"Madeira: 4 desalojados e 224 ocorr\u00eancias devido \u00e0 depress\u00e3o Therese - Portal Tela Portugal\" \/>\n<meta property=\"og:description\" content=\"Em Madeira, quatro desalojados foram registados devido \u00e0 depress\u00e3o Therese. Registaram-se 224 ocorr\u00eancias associadas ao mau tempo na regi\u00e3o. A depress\u00e3o Therese afetou v\u00e1rias zonas da Madeira. As informa\u00e7\u00f5es dispon\u00edveis referem-se ao balan\u00e7o inicial do fen\u00f3meno.\" \/>\n<meta property=\"og:url\" content=\"https:\/\/portaltela.pt\/noticias\/2026\/03\/25\/madeira-4-desalojados-e-224-ocorrencias-devido-a-depressao-therese\/\" \/>\n<meta property=\"og:site_name\" content=\"Portal Tela Portugal\" \/>\n<meta property=\"article:published_time\" content=\"2026-03-25T15:57:00+00:00\" \/>\n<meta name=\"author\" content=\"Telinha\" \/>\n<meta name=\"twitter:card\" content=\"summary_large_image\" \/>\n<meta name=\"twitter:label1\" content=\"Escrito por\" \/>\n\t<meta name=\"twitter:data1\" content=\"Telinha\" \/>\n\t<meta name=\"twitter:label2\" content=\"Tempo estimado de leitura\" \/>\n\t<meta name=\"twitter:data2\" content=\"1 minuto\" \/>\n<script type=\"application\/ld+json\" class=\"yoast-schema-graph\">{\"@context\":\"https:\/\/schema.org\",\"@graph\":[{\"@type\":\"Article\",\"@id\":\"https:\/\/portaltela.pt\/noticias\/2026\/03\/25\/madeira-4-desalojados-e-224-ocorrencias-devido-a-depressao-therese\/#article\",\"isPartOf\":{\"@id\":\"https:\/\/portaltela.pt\/noticias\/2026\/03\/25\/madeira-4-desalojados-e-224-ocorrencias-devido-a-depressao-therese\/\"},\"author\":{\"name\":\"Telinha\",\"@id\":\"https:\/\/portaltela.pt\/#\/schema\/person\/c4278d4a6028830caff9ee44b42d32ed\"},\"headline\":\"Madeira: 4 desalojados e 224 ocorr\u00eancias devido \u00e0 depress\u00e3o Therese\",\"datePublished\":\"2026-03-25T15:57:00+00:00\",\"mainEntityOfPage\":{\"@id\":\"https:\/\/portaltela.pt\/noticias\/2026\/03\/25\/madeira-4-desalojados-e-224-ocorrencias-devido-a-depressao-therese\/\"},\"wordCount\":246,\"image\":{\"@id\":\"https:\/\/portaltela.pt\/noticias\/2026\/03\/25\/madeira-4-desalojados-e-224-ocorrencias-devido-a-depressao-therese\/#primaryimage\"},\"thumbnailUrl\":\"https:\/\/portaltela.pt\/s.01k8rhncp4jt1\/2026\/03\/CACHE_780X1200_ANALOG_WATERMARKED_31043372_342147_28032021030128.jpg\",\"keywords\":[\"bombeiros\",\"desalojados\",\"desastre\",\"inunda\u00e7\u00f5es\",\"Madeira\",\"prote\u00e7\u00e3o civil\"],\"articleSection\":[\"Tempo\"],\"inLanguage\":\"pt-PT\"},{\"@type\":\"WebPage\",\"@id\":\"https:\/\/portaltela.pt\/noticias\/2026\/03\/25\/madeira-4-desalojados-e-224-ocorrencias-devido-a-depressao-therese\/\",\"url\":\"https:\/\/portaltela.pt\/noticias\/2026\/03\/25\/madeira-4-desalojados-e-224-ocorrencias-devido-a-depressao-therese\/\",\"name\":\"Madeira: 4 desalojados e 224 ocorr\u00eancias devido \u00e0 depress\u00e3o Therese - Portal Tela Portugal\",\"isPartOf\":{\"@id\":\"https:\/\/portaltela.pt\/#website\"},\"primaryImageOfPage\":{\"@id\":\"https:\/\/portaltela.pt\/noticias\/2026\/03\/25\/madeira-4-desalojados-e-224-ocorrencias-devido-a-depressao-therese\/#primaryimage\"},\"image\":{\"@id\":\"https:\/\/portaltela.pt\/noticias\/2026\/03\/25\/madeira-4-desalojados-e-224-ocorrencias-devido-a-depressao-therese\/#primaryimage\"},\"thumbnailUrl\":\"https:\/\/portaltela.pt\/s.01k8rhncp4jt1\/2026\/03\/CACHE_780X1200_ANALOG_WATERMARKED_31043372_342147_28032021030128.jpg\",\"datePublished\":\"2026-03-25T15:57:00+00:00\",\"author\":{\"@id\":\"https:\/\/portaltela.pt\/#\/schema\/person\/c4278d4a6028830caff9ee44b42d32ed\"},\"breadcrumb\":{\"@id\":\"https:\/\/portaltela.pt\/noticias\/2026\/03\/25\/madeira-4-desalojados-e-224-ocorrencias-devido-a-depressao-therese\/#breadcrumb\"},\"inLanguage\":\"pt-PT\",\"potentialAction\":[{\"@type\":\"ReadAction\",\"target\":[\"https:\/\/portaltela.pt\/noticias\/2026\/03\/25\/madeira-4-desalojados-e-224-ocorrencias-devido-a-depressao-therese\/\"]}]},{\"@type\":\"ImageObject\",\"inLanguage\":\"pt-PT\",\"@id\":\"https:\/\/portaltela.pt\/noticias\/2026\/03\/25\/madeira-4-desalojados-e-224-ocorrencias-devido-a-depressao-therese\/#primaryimage\",\"url\":\"https:\/\/portaltela.pt\/s.01k8rhncp4jt1\/2026\/03\/CACHE_780X1200_ANALOG_WATERMARKED_31043372_342147_28032021030128.jpg\",\"contentUrl\":\"https:\/\/portaltela.pt\/s.01k8rhncp4jt1\/2026\/03\/CACHE_780X1200_ANALOG_WATERMARKED_31043372_342147_28032021030128.jpg\",\"width\":768,\"height\":512,\"caption\":\"Quatro desalojados e 224 ocorr\u00eancias registadas na Madeira devido \u00e0 depress\u00e3o Therese\"},{\"@type\":\"BreadcrumbList\",\"@id\":\"https:\/\/portaltela.pt\/noticias\/2026\/03\/25\/madeira-4-desalojados-e-224-ocorrencias-devido-a-depressao-therese\/#breadcrumb\",\"itemListElement\":[{\"@type\":\"ListItem\",\"position\":1,\"name\":\"In\u00edcio\",\"item\":\"https:\/\/portaltela.pt\/\"},{\"@type\":\"ListItem\",\"position\":2,\"name\":\"Madeira: 4 desalojados e 224 ocorr\u00eancias devido \u00e0 depress\u00e3o Therese\"}]},{\"@type\":\"WebSite\",\"@id\":\"https:\/\/portaltela.pt\/#website\",\"url\":\"https:\/\/portaltela.pt\/\",\"name\":\"Portal Tela Portugal\",\"description\":\"\",\"potentialAction\":[{\"@type\":\"SearchAction\",\"target\":{\"@type\":\"EntryPoint\",\"urlTemplate\":\"https:\/\/portaltela.pt\/?s={search_term_string}\"},\"query-input\":{\"@type\":\"PropertyValueSpecification\",\"valueRequired\":true,\"valueName\":\"search_term_string\"}}],\"inLanguage\":\"pt-PT\"},{\"@type\":\"Person\",\"@id\":\"https:\/\/portaltela.pt\/#\/schema\/person\/c4278d4a6028830caff9ee44b42d32ed\",\"name\":\"Telinha\",\"image\":{\"@type\":\"ImageObject\",\"inLanguage\":\"pt-PT\",\"@id\":\"https:\/\/portaltela.pt\/s.01k8rhncp4jt1\/2025\/11\/talking-bot-125x125.png\",\"url\":\"https:\/\/portaltela.pt\/s.01k8rhncp4jt1\/2025\/11\/talking-bot-125x125.png\",\"contentUrl\":\"https:\/\/portaltela.pt\/s.01k8rhncp4jt1\/2025\/11\/talking-bot-125x125.png\",\"caption\":\"Telinha\"},\"sameAs\":[\"https:\/\/portaltela.pt\/\"],\"url\":\"https:\/\/portaltela.pt\/por\/367410592786\/\"}]}<\/script>\n<!-- \/ Yoast SEO plugin. -->","yoast_head_json":{"title":"Madeira: 4 desalojados e 224 ocorr\u00eancias devido \u00e0 depress\u00e3o Therese - Portal Tela Portugal","robots":{"index":"index","follow":"follow","max-snippet":"max-snippet:-1","max-image-preview":"max-image-preview:large","max-video-preview":"max-video-preview:-1"},"og_locale":"pt_PT","og_type":"article","og_title":"Madeira: 4 desalojados e 224 ocorr\u00eancias devido \u00e0 depress\u00e3o Therese - Portal Tela Portugal","og_description":"Em Madeira, quatro desalojados foram registados devido \u00e0 depress\u00e3o Therese. Registaram-se 224 ocorr\u00eancias associadas ao mau tempo na regi\u00e3o. A depress\u00e3o Therese afetou v\u00e1rias zonas da Madeira. As informa\u00e7\u00f5es dispon\u00edveis referem-se ao balan\u00e7o inicial do fen\u00f3meno.","og_url":"https:\/\/portaltela.pt\/noticias\/2026\/03\/25\/madeira-4-desalojados-e-224-ocorrencias-devido-a-depressao-therese\/","og_site_name":"Portal Tela Portugal","article_published_time":"2026-03-25T15:57:00+00:00","author":"Telinha","twitter_card":"summary_large_image","twitter_misc":{"Escrito por":"Telinha","Tempo estimado de leitura":"1 minuto"},"schema":{"@context":"https:\/\/schema.org","@graph":[{"@type":"Article","@id":"https:\/\/portaltela.pt\/noticias\/2026\/03\/25\/madeira-4-desalojados-e-224-ocorrencias-devido-a-depressao-therese\/#article","isPartOf":{"@id":"https:\/\/portaltela.pt\/noticias\/2026\/03\/25\/madeira-4-desalojados-e-224-ocorrencias-devido-a-depressao-therese\/"},"author":{"name":"Telinha","@id":"https:\/\/portaltela.pt\/#\/schema\/person\/c4278d4a6028830caff9ee44b42d32ed"},"headline":"Madeira: 4 desalojados e 224 ocorr\u00eancias devido \u00e0 depress\u00e3o Therese","datePublished":"2026-03-25T15:57:00+00:00","mainEntityOfPage":{"@id":"https:\/\/portaltela.pt\/noticias\/2026\/03\/25\/madeira-4-desalojados-e-224-ocorrencias-devido-a-depressao-therese\/"},"wordCount":246,"image":{"@id":"https:\/\/portaltela.pt\/noticias\/2026\/03\/25\/madeira-4-desalojados-e-224-ocorrencias-devido-a-depressao-therese\/#primaryimage"},"thumbnailUrl":"https:\/\/portaltela.pt\/s.01k8rhncp4jt1\/2026\/03\/CACHE_780X1200_ANALOG_WATERMARKED_31043372_342147_28032021030128.jpg","keywords":["bombeiros","desalojados","desastre","inunda\u00e7\u00f5es","Madeira","prote\u00e7\u00e3o civil"],"articleSection":["Tempo"],"inLanguage":"pt-PT"},{"@type":"WebPage","@id":"https:\/\/portaltela.pt\/noticias\/2026\/03\/25\/madeira-4-desalojados-e-224-ocorrencias-devido-a-depressao-therese\/","url":"https:\/\/portaltela.pt\/noticias\/2026\/03\/25\/madeira-4-desalojados-e-224-ocorrencias-devido-a-depressao-therese\/","name":"Madeira: 4 desalojados e 224 ocorr\u00eancias devido \u00e0 depress\u00e3o Therese - Portal Tela Portugal","isPartOf":{"@id":"https:\/\/portaltela.pt\/#website"},"primaryImageOfPage":{"@id":"https:\/\/portaltela.pt\/noticias\/2026\/03\/25\/madeira-4-desalojados-e-224-ocorrencias-devido-a-depressao-therese\/#primaryimage"},"image":{"@id":"https:\/\/portaltela.pt\/noticias\/2026\/03\/25\/madeira-4-desalojados-e-224-ocorrencias-devido-a-depressao-therese\/#primaryimage"},"thumbnailUrl":"https:\/\/portaltela.pt\/s.01k8rhncp4jt1\/2026\/03\/CACHE_780X1200_ANALOG_WATERMARKED_31043372_342147_28032021030128.jpg","datePublished":"2026-03-25T15:57:00+00:00","author":{"@id":"https:\/\/portaltela.pt\/#\/schema\/person\/c4278d4a6028830caff9ee44b42d32ed"},"breadcrumb":{"@id":"https:\/\/portaltela.pt\/noticias\/2026\/03\/25\/madeira-4-desalojados-e-224-ocorrencias-devido-a-depressao-therese\/#breadcrumb"},"inLanguage":"pt-PT","potentialAction":[{"@type":"ReadAction","target":["https:\/\/portaltela.pt\/noticias\/2026\/03\/25\/madeira-4-desalojados-e-224-ocorrencias-devido-a-depressao-therese\/"]}]},{"@type":"ImageObject","inLanguage":"pt-PT","@id":"https:\/\/portaltela.pt\/noticias\/2026\/03\/25\/madeira-4-desalojados-e-224-ocorrencias-devido-a-depressao-therese\/#primaryimage","url":"https:\/\/portaltela.pt\/s.01k8rhncp4jt1\/2026\/03\/CACHE_780X1200_ANALOG_WATERMARKED_31043372_342147_28032021030128.jpg","contentUrl":"https:\/\/portaltela.pt\/s.01k8rhncp4jt1\/2026\/03\/CACHE_780X1200_ANALOG_WATERMARKED_31043372_342147_28032021030128.jpg","width":768,"height":512,"caption":"Quatro desalojados e 224 ocorr\u00eancias registadas na Madeira devido \u00e0 depress\u00e3o Therese"},{"@type":"BreadcrumbList","@id":"https:\/\/portaltela.pt\/noticias\/2026\/03\/25\/madeira-4-desalojados-e-224-ocorrencias-devido-a-depressao-therese\/#breadcrumb","itemListElement":[{"@type":"ListItem","position":1,"name":"In\u00edcio","item":"https:\/\/portaltela.pt\/"},{"@type":"ListItem","position":2,"name":"Madeira: 4 desalojados e 224 ocorr\u00eancias devido \u00e0 depress\u00e3o Therese"}]},{"@type":"WebSite","@id":"https:\/\/portaltela.pt\/#website","url":"https:\/\/portaltela.pt\/","name":"Portal Tela Portugal","description":"","potentialAction":[{"@type":"SearchAction","target":{"@type":"EntryPoint","urlTemplate":"https:\/\/portaltela.pt\/?s={search_term_string}"},"query-input":{"@type":"PropertyValueSpecification","valueRequired":true,"valueName":"search_term_string"}}],"inLanguage":"pt-PT"},{"@type":"Person","@id":"https:\/\/portaltela.pt\/#\/schema\/person\/c4278d4a6028830caff9ee44b42d32ed","name":"Telinha","image":{"@type":"ImageObject","inLanguage":"pt-PT","@id":"https:\/\/portaltela.pt\/s.01k8rhncp4jt1\/2025\/11\/talking-bot-125x125.png","url":"https:\/\/portaltela.pt\/s.01k8rhncp4jt1\/2025\/11\/talking-bot-125x125.png","contentUrl":"https:\/\/portaltela.pt\/s.01k8rhncp4jt1\/2025\/11\/talking-bot-125x125.png","caption":"Telinha"},"sameAs":["https:\/\/portaltela.pt\/"],"url":"https:\/\/portaltela.pt\/por\/367410592786\/"}]}},"_links":{"self":[{"href":"https:\/\/portaltela.pt\/api\/wp\/v2\/posts\/421052","targetHints":{"allow":["GET"]}}],"collection":[{"href":"https:\/\/portaltela.pt\/api\/wp\/v2\/posts"}],"about":[{"href":"https:\/\/portaltela.pt\/api\/wp\/v2\/types\/post"}],"author":[{"embeddable":true,"href":"https:\/\/portaltela.pt\/api\/wp\/v2\/users\/2"}],"replies":[{"embeddable":true,"href":"https:\/\/portaltela.pt\/api\/wp\/v2\/comments?post=421052"}],"version-history":[{"count":0,"href":"https:\/\/portaltela.pt\/api\/wp\/v2\/posts\/421052\/revisions"}],"wp:featuredmedia":[{"embeddable":true,"href":"https:\/\/portaltela.pt\/api\/wp\/v2\/media\/421057"}],"wp:attachment":[{"href":"https:\/\/portaltela.pt\/api\/wp\/v2\/media?parent=421052"}],"wp:term":[{"taxonomy":"category","embeddable":true,"href":"https:\/\/portaltela.pt\/api\/wp\/v2\/categories?post=421052"},{"taxonomy":"post_tag","embeddable":true,"href":"https:\/\/portaltela.pt\/api\/wp\/v2\/tags?post=421052"}],"curies":[{"name":"wp","href":"https:\/\/api.w.org\/{rel}","templated":true}]}}