{"id":421048,"date":"2026-03-25T12:54:00","date_gmt":"2026-03-25T15:54:00","guid":{"rendered":"https:\/\/portaltela.pt\/noticias\/2026\/03\/25\/rastreios-a-tuberculose-de-migrantes-nas-fronteiras-avaliacao-de-impactos\/"},"modified":"2026-03-25T12:54:00","modified_gmt":"2026-03-25T15:54:00","slug":"rastreios-a-tuberculose-de-migrantes-nas-fronteiras-avaliacao-de-impactos","status":"publish","type":"post","link":"https:\/\/portaltela.pt\/saude\/2026\/03\/25\/rastreios-a-tuberculose-de-migrantes-nas-fronteiras-avaliacao-de-impactos\/","title":{"rendered":"Rastreios \u00e0 tuberculose de migrantes nas fronteiras \u2014 avalia\u00e7\u00e3o de impactos"},"content":{"rendered":"<p>A Sociedade Portuguesa de Pneumologia (SPP) defende a realiza\u00e7\u00e3o de rastreios \u00e0 tuberculose junto de migrantes provenientes de pa\u00edses com alta incid\u00eancia, logo \u00e0 chegada a Portugal. A proposta surge a partir do relat\u00f3rio da Dire\u00e7\u00e3o-Geral da Sa\u00fade (DGS), que indica que quase 40% dos 1584 casos registados em 2024 pertencem a esta popula\u00e7\u00e3o.<\/p>\n<p>As especialistas Joana Barbosa e Carina R\u00f4lo Silvestre defendem ainda uma coordena\u00e7\u00e3o com embaixadas e centros de apoio aos migrantes, bem como medidas socioecon\u00f3micas para melhorar as condi\u00e7\u00f5es de vida. Entre as a\u00e7\u00f5es apontadas est\u00e3o a redu\u00e7\u00e3o da sobrelota\u00e7\u00e3o habitacional, melhoria da ventila\u00e7\u00e3o em espa\u00e7os fechados e combate \u00e0 pobreza.<\/p>\n<p>A identifica\u00e7\u00e3o precoce da tuberculose \u00e9 apresentada como crucial para prote\u00e7\u00e3o da comunidade, especialmente entre migrantes de pa\u00edses com elevada incid\u00eancia, pessoas com VIH, sem-abrigo, depend\u00eancias e outras doen\u00e7as cr\u00f3nicas. Novos surtos s\u00e3o menos prov\u00e1veis quando h\u00e1 detec\u00e7\u00e3o atempada e acesso r\u00e1pido a cuidados.<\/p>\n<p>Segundo a DGS, 2024 ficou marcado pelo menor n\u00famero de casos de tuberculose j\u00e1 registado em Portugal, com 1584 ocorr\u00eancias. Ainda assim, a SPP alerta que a tuberculose continua a ser uma das principais doen\u00e7as infecciosas a n\u00edvel global, afetando cerca de 10,7 milh\u00f5es de pessoas.<\/p>\n<h3>Contexto<\/h3>\n<p>Os defensores de rastreios salientam a necessidade de uma rede de vigil\u00e2ncia que inclua campanhas de sensibiliza\u00e7\u00e3o sobre sintomas como tosse persistente, expectora\u00e7\u00e3o, febre, suores noturnos e perda de peso. A abordagem integrada inclui comunica\u00e7\u00e3o com comunidades migrantes e medidas de apoio social.<\/p>\n<h3>Desdobramentos esperados<\/h3>\n<p>A proposta prev\u00ea colabora\u00e7\u00e3o com servi\u00e7os de sa\u00fade, entidades p\u00fablicas e organiza\u00e7\u00f5es n\u00e3o governamentais para operacionalizar rastreios na chegada a Portugal. A discuss\u00e3o p\u00fablica deve ainda considerar recursos log\u00edsticos e o equil\u00edbrio entre direitos individuais e prote\u00e7\u00e3o coletiva.<\/p>\n","protected":false},"excerpt":{"rendered":"<ul>\n<li>A Sociedade Portuguesa de Pneumologia pediu rastreios \u00e0 tuberculose a migrantes de pa\u00edses com alta incid\u00eancia, logo \u00e0 chegada a Portugal.<\/li>\n<li>A posi\u00e7\u00e3o surge ap\u00f3s a Dire\u00e7\u00e3o-Geral da Sa\u00fade ter revelado que quase quarenta por cento dos 1.584 casos em 2024 ocorreram neste grupo.<\/li>\n<li>A SPP defende articula\u00e7\u00e3o com embaixadas e centros de apoio aos migrantes, bem como medidas socioecon\u00f3micas para melhorar condi\u00e7\u00f5es de vida e reduzir a sobrelota\u00e7\u00e3o.<\/li>\n<li>Defendem a identifica\u00e7\u00e3o precoce, especialmente em popula\u00e7\u00f5es de risco, e a sensibiliza\u00e7\u00e3o para sintomas como tosse persistente, expetora\u00e7\u00e3o, febre, suores noturnos e perda de peso.<\/li>\n<li>Em 2024, o total de tuberculose em Portugal foi o mais baixo de sempre, mas a doen\u00e7a continua a afetar cerca de 10,7 milh\u00f5es de pessoas no mundo.<\/li>\n<\/ul>\n","protected":false},"author":2,"featured_media":421059,"comment_status":"closed","ping_status":"closed","sticky":false,"template":"","format":"standard","meta":{"footnotes":""},"categories":[1,6745],"tags":[6483,1456,6691,1678,1014,271],"class_list":["post-421048","post","type-post","status-publish","format-standard","has-post-thumbnail","hentry","category-noticias","category-saude","tag-doencas-infecciosas-e-parasitarias","tag-migracao","tag-migracao-internacional","tag-migrantes","tag-portugal","tag-saude-publica"],"yoast_head":"<!-- This site is optimized with the Yoast SEO plugin v27.2 - https:\/\/yoast.com\/product\/yoast-seo-wordpress\/ -->\n<title>Rastreios \u00e0 tuberculose de migrantes nas fronteiras \u2014 avalia\u00e7\u00e3o de impactos - Portal Tela Portugal<\/title>\n<meta name=\"robots\" content=\"index, follow, max-snippet:-1, max-image-preview:large, max-video-preview:-1\" \/>\n<meta property=\"og:locale\" content=\"pt_PT\" \/>\n<meta property=\"og:type\" content=\"article\" \/>\n<meta property=\"og:title\" content=\"Rastreios \u00e0 tuberculose de migrantes nas fronteiras \u2014 avalia\u00e7\u00e3o de impactos - Portal Tela Portugal\" \/>\n<meta property=\"og:description\" content=\"A Sociedade Portuguesa de Pneumologia pediu rastreios \u00e0 tuberculose a migrantes de pa\u00edses com alta incid\u00eancia, logo \u00e0 chegada a Portugal. A posi\u00e7\u00e3o surge ap\u00f3s a Dire\u00e7\u00e3o-Geral da Sa\u00fade ter revelado que quase quarenta por cento dos 1.584 casos em 2024 ocorreram neste grupo. A SPP defende articula\u00e7\u00e3o com embaixadas e centros de apoio aos migrantes, bem como medidas socioecon\u00f3micas para melhorar condi\u00e7\u00f5es de vida e reduzir a sobrelota\u00e7\u00e3o. Defendem a identifica\u00e7\u00e3o precoce, especialmente em popula\u00e7\u00f5es de risco, e a sensibiliza\u00e7\u00e3o para sintomas como tosse persistente, expetora\u00e7\u00e3o, febre, suores noturnos e perda de peso. Em 2024, o total de tuberculose em Portugal foi o mais baixo de sempre, mas a doen\u00e7a continua a afetar cerca de 10,7 milh\u00f5es de pessoas no mundo.\" \/>\n<meta property=\"og:url\" content=\"https:\/\/portaltela.pt\/noticias\/2026\/03\/25\/rastreios-a-tuberculose-de-migrantes-nas-fronteiras-avaliacao-de-impactos\/\" \/>\n<meta property=\"og:site_name\" content=\"Portal Tela Portugal\" \/>\n<meta property=\"article:published_time\" content=\"2026-03-25T15:54:00+00:00\" \/>\n<meta name=\"author\" content=\"Telinha\" \/>\n<meta name=\"twitter:card\" content=\"summary_large_image\" \/>\n<meta name=\"twitter:label1\" content=\"Escrito por\" \/>\n\t<meta name=\"twitter:data1\" content=\"Telinha\" \/>\n\t<meta name=\"twitter:label2\" content=\"Tempo estimado de leitura\" \/>\n\t<meta name=\"twitter:data2\" content=\"2 minutos\" \/>\n<script type=\"application\/ld+json\" class=\"yoast-schema-graph\">{\"@context\":\"https:\/\/schema.org\",\"@graph\":[{\"@type\":\"Article\",\"@id\":\"https:\/\/portaltela.pt\/noticias\/2026\/03\/25\/rastreios-a-tuberculose-de-migrantes-nas-fronteiras-avaliacao-de-impactos\/#article\",\"isPartOf\":{\"@id\":\"https:\/\/portaltela.pt\/noticias\/2026\/03\/25\/rastreios-a-tuberculose-de-migrantes-nas-fronteiras-avaliacao-de-impactos\/\"},\"author\":{\"name\":\"Telinha\",\"@id\":\"https:\/\/portaltela.pt\/#\/schema\/person\/c4278d4a6028830caff9ee44b42d32ed\"},\"headline\":\"Rastreios \u00e0 tuberculose de migrantes nas fronteiras \u2014 avalia\u00e7\u00e3o de impactos\",\"datePublished\":\"2026-03-25T15:54:00+00:00\",\"mainEntityOfPage\":{\"@id\":\"https:\/\/portaltela.pt\/noticias\/2026\/03\/25\/rastreios-a-tuberculose-de-migrantes-nas-fronteiras-avaliacao-de-impactos\/\"},\"wordCount\":326,\"image\":{\"@id\":\"https:\/\/portaltela.pt\/noticias\/2026\/03\/25\/rastreios-a-tuberculose-de-migrantes-nas-fronteiras-avaliacao-de-impactos\/#primaryimage\"},\"thumbnailUrl\":\"https:\/\/portaltela.pt\/s.01k8rhncp4jt1\/2026\/03\/img_1500x1000uu2026-03-25-15-42-00-2274763.jpg\",\"keywords\":[\"Doen\u00e7as infecciosas e parasit\u00e1rias\",\"migra\u00e7\u00e3o\",\"migra\u00e7\u00e3o internacional\",\"migrantes\",\"Portugal\",\"sa\u00fade p\u00fablica\"],\"articleSection\":[\"Not\u00edcias\",\"Sa\u00fade\"],\"inLanguage\":\"pt-PT\"},{\"@type\":\"WebPage\",\"@id\":\"https:\/\/portaltela.pt\/noticias\/2026\/03\/25\/rastreios-a-tuberculose-de-migrantes-nas-fronteiras-avaliacao-de-impactos\/\",\"url\":\"https:\/\/portaltela.pt\/noticias\/2026\/03\/25\/rastreios-a-tuberculose-de-migrantes-nas-fronteiras-avaliacao-de-impactos\/\",\"name\":\"Rastreios \u00e0 tuberculose de migrantes nas fronteiras \u2014 avalia\u00e7\u00e3o de impactos - Portal Tela Portugal\",\"isPartOf\":{\"@id\":\"https:\/\/portaltela.pt\/#website\"},\"primaryImageOfPage\":{\"@id\":\"https:\/\/portaltela.pt\/noticias\/2026\/03\/25\/rastreios-a-tuberculose-de-migrantes-nas-fronteiras-avaliacao-de-impactos\/#primaryimage\"},\"image\":{\"@id\":\"https:\/\/portaltela.pt\/noticias\/2026\/03\/25\/rastreios-a-tuberculose-de-migrantes-nas-fronteiras-avaliacao-de-impactos\/#primaryimage\"},\"thumbnailUrl\":\"https:\/\/portaltela.pt\/s.01k8rhncp4jt1\/2026\/03\/img_1500x1000uu2026-03-25-15-42-00-2274763.jpg\",\"datePublished\":\"2026-03-25T15:54:00+00:00\",\"author\":{\"@id\":\"https:\/\/portaltela.pt\/#\/schema\/person\/c4278d4a6028830caff9ee44b42d32ed\"},\"breadcrumb\":{\"@id\":\"https:\/\/portaltela.pt\/noticias\/2026\/03\/25\/rastreios-a-tuberculose-de-migrantes-nas-fronteiras-avaliacao-de-impactos\/#breadcrumb\"},\"inLanguage\":\"pt-PT\",\"potentialAction\":[{\"@type\":\"ReadAction\",\"target\":[\"https:\/\/portaltela.pt\/noticias\/2026\/03\/25\/rastreios-a-tuberculose-de-migrantes-nas-fronteiras-avaliacao-de-impactos\/\"]}]},{\"@type\":\"ImageObject\",\"inLanguage\":\"pt-PT\",\"@id\":\"https:\/\/portaltela.pt\/noticias\/2026\/03\/25\/rastreios-a-tuberculose-de-migrantes-nas-fronteiras-avaliacao-de-impactos\/#primaryimage\",\"url\":\"https:\/\/portaltela.pt\/s.01k8rhncp4jt1\/2026\/03\/img_1500x1000uu2026-03-25-15-42-00-2274763.jpg\",\"contentUrl\":\"https:\/\/portaltela.pt\/s.01k8rhncp4jt1\/2026\/03\/img_1500x1000uu2026-03-25-15-42-00-2274763.jpg\",\"width\":1500,\"height\":1000,\"caption\":\"M\u00e9dicos defendem rastreios nas fronteiras\"},{\"@type\":\"BreadcrumbList\",\"@id\":\"https:\/\/portaltela.pt\/noticias\/2026\/03\/25\/rastreios-a-tuberculose-de-migrantes-nas-fronteiras-avaliacao-de-impactos\/#breadcrumb\",\"itemListElement\":[{\"@type\":\"ListItem\",\"position\":1,\"name\":\"In\u00edcio\",\"item\":\"https:\/\/portaltela.pt\/\"},{\"@type\":\"ListItem\",\"position\":2,\"name\":\"Rastreios \u00e0 tuberculose de migrantes nas fronteiras \u2014 avalia\u00e7\u00e3o de impactos\"}]},{\"@type\":\"WebSite\",\"@id\":\"https:\/\/portaltela.pt\/#website\",\"url\":\"https:\/\/portaltela.pt\/\",\"name\":\"Portal Tela Portugal\",\"description\":\"\",\"potentialAction\":[{\"@type\":\"SearchAction\",\"target\":{\"@type\":\"EntryPoint\",\"urlTemplate\":\"https:\/\/portaltela.pt\/?s={search_term_string}\"},\"query-input\":{\"@type\":\"PropertyValueSpecification\",\"valueRequired\":true,\"valueName\":\"search_term_string\"}}],\"inLanguage\":\"pt-PT\"},{\"@type\":\"Person\",\"@id\":\"https:\/\/portaltela.pt\/#\/schema\/person\/c4278d4a6028830caff9ee44b42d32ed\",\"name\":\"Telinha\",\"image\":{\"@type\":\"ImageObject\",\"inLanguage\":\"pt-PT\",\"@id\":\"https:\/\/portaltela.pt\/s.01k8rhncp4jt1\/2025\/11\/talking-bot-125x125.png\",\"url\":\"https:\/\/portaltela.pt\/s.01k8rhncp4jt1\/2025\/11\/talking-bot-125x125.png\",\"contentUrl\":\"https:\/\/portaltela.pt\/s.01k8rhncp4jt1\/2025\/11\/talking-bot-125x125.png\",\"caption\":\"Telinha\"},\"sameAs\":[\"https:\/\/portaltela.pt\/\"],\"url\":\"https:\/\/portaltela.pt\/por\/367410592786\/\"}]}<\/script>\n<!-- \/ Yoast SEO plugin. -->","yoast_head_json":{"title":"Rastreios \u00e0 tuberculose de migrantes nas fronteiras \u2014 avalia\u00e7\u00e3o de impactos - Portal Tela Portugal","robots":{"index":"index","follow":"follow","max-snippet":"max-snippet:-1","max-image-preview":"max-image-preview:large","max-video-preview":"max-video-preview:-1"},"og_locale":"pt_PT","og_type":"article","og_title":"Rastreios \u00e0 tuberculose de migrantes nas fronteiras \u2014 avalia\u00e7\u00e3o de impactos - Portal Tela Portugal","og_description":"A Sociedade Portuguesa de Pneumologia pediu rastreios \u00e0 tuberculose a migrantes de pa\u00edses com alta incid\u00eancia, logo \u00e0 chegada a Portugal. A posi\u00e7\u00e3o surge ap\u00f3s a Dire\u00e7\u00e3o-Geral da Sa\u00fade ter revelado que quase quarenta por cento dos 1.584 casos em 2024 ocorreram neste grupo. A SPP defende articula\u00e7\u00e3o com embaixadas e centros de apoio aos migrantes, bem como medidas socioecon\u00f3micas para melhorar condi\u00e7\u00f5es de vida e reduzir a sobrelota\u00e7\u00e3o. Defendem a identifica\u00e7\u00e3o precoce, especialmente em popula\u00e7\u00f5es de risco, e a sensibiliza\u00e7\u00e3o para sintomas como tosse persistente, expetora\u00e7\u00e3o, febre, suores noturnos e perda de peso. Em 2024, o total de tuberculose em Portugal foi o mais baixo de sempre, mas a doen\u00e7a continua a afetar cerca de 10,7 milh\u00f5es de pessoas no mundo.","og_url":"https:\/\/portaltela.pt\/noticias\/2026\/03\/25\/rastreios-a-tuberculose-de-migrantes-nas-fronteiras-avaliacao-de-impactos\/","og_site_name":"Portal Tela Portugal","article_published_time":"2026-03-25T15:54:00+00:00","author":"Telinha","twitter_card":"summary_large_image","twitter_misc":{"Escrito por":"Telinha","Tempo estimado de leitura":"2 minutos"},"schema":{"@context":"https:\/\/schema.org","@graph":[{"@type":"Article","@id":"https:\/\/portaltela.pt\/noticias\/2026\/03\/25\/rastreios-a-tuberculose-de-migrantes-nas-fronteiras-avaliacao-de-impactos\/#article","isPartOf":{"@id":"https:\/\/portaltela.pt\/noticias\/2026\/03\/25\/rastreios-a-tuberculose-de-migrantes-nas-fronteiras-avaliacao-de-impactos\/"},"author":{"name":"Telinha","@id":"https:\/\/portaltela.pt\/#\/schema\/person\/c4278d4a6028830caff9ee44b42d32ed"},"headline":"Rastreios \u00e0 tuberculose de migrantes nas fronteiras \u2014 avalia\u00e7\u00e3o de impactos","datePublished":"2026-03-25T15:54:00+00:00","mainEntityOfPage":{"@id":"https:\/\/portaltela.pt\/noticias\/2026\/03\/25\/rastreios-a-tuberculose-de-migrantes-nas-fronteiras-avaliacao-de-impactos\/"},"wordCount":326,"image":{"@id":"https:\/\/portaltela.pt\/noticias\/2026\/03\/25\/rastreios-a-tuberculose-de-migrantes-nas-fronteiras-avaliacao-de-impactos\/#primaryimage"},"thumbnailUrl":"https:\/\/portaltela.pt\/s.01k8rhncp4jt1\/2026\/03\/img_1500x1000uu2026-03-25-15-42-00-2274763.jpg","keywords":["Doen\u00e7as infecciosas e parasit\u00e1rias","migra\u00e7\u00e3o","migra\u00e7\u00e3o internacional","migrantes","Portugal","sa\u00fade p\u00fablica"],"articleSection":["Not\u00edcias","Sa\u00fade"],"inLanguage":"pt-PT"},{"@type":"WebPage","@id":"https:\/\/portaltela.pt\/noticias\/2026\/03\/25\/rastreios-a-tuberculose-de-migrantes-nas-fronteiras-avaliacao-de-impactos\/","url":"https:\/\/portaltela.pt\/noticias\/2026\/03\/25\/rastreios-a-tuberculose-de-migrantes-nas-fronteiras-avaliacao-de-impactos\/","name":"Rastreios \u00e0 tuberculose de migrantes nas fronteiras \u2014 avalia\u00e7\u00e3o de impactos - Portal Tela Portugal","isPartOf":{"@id":"https:\/\/portaltela.pt\/#website"},"primaryImageOfPage":{"@id":"https:\/\/portaltela.pt\/noticias\/2026\/03\/25\/rastreios-a-tuberculose-de-migrantes-nas-fronteiras-avaliacao-de-impactos\/#primaryimage"},"image":{"@id":"https:\/\/portaltela.pt\/noticias\/2026\/03\/25\/rastreios-a-tuberculose-de-migrantes-nas-fronteiras-avaliacao-de-impactos\/#primaryimage"},"thumbnailUrl":"https:\/\/portaltela.pt\/s.01k8rhncp4jt1\/2026\/03\/img_1500x1000uu2026-03-25-15-42-00-2274763.jpg","datePublished":"2026-03-25T15:54:00+00:00","author":{"@id":"https:\/\/portaltela.pt\/#\/schema\/person\/c4278d4a6028830caff9ee44b42d32ed"},"breadcrumb":{"@id":"https:\/\/portaltela.pt\/noticias\/2026\/03\/25\/rastreios-a-tuberculose-de-migrantes-nas-fronteiras-avaliacao-de-impactos\/#breadcrumb"},"inLanguage":"pt-PT","potentialAction":[{"@type":"ReadAction","target":["https:\/\/portaltela.pt\/noticias\/2026\/03\/25\/rastreios-a-tuberculose-de-migrantes-nas-fronteiras-avaliacao-de-impactos\/"]}]},{"@type":"ImageObject","inLanguage":"pt-PT","@id":"https:\/\/portaltela.pt\/noticias\/2026\/03\/25\/rastreios-a-tuberculose-de-migrantes-nas-fronteiras-avaliacao-de-impactos\/#primaryimage","url":"https:\/\/portaltela.pt\/s.01k8rhncp4jt1\/2026\/03\/img_1500x1000uu2026-03-25-15-42-00-2274763.jpg","contentUrl":"https:\/\/portaltela.pt\/s.01k8rhncp4jt1\/2026\/03\/img_1500x1000uu2026-03-25-15-42-00-2274763.jpg","width":1500,"height":1000,"caption":"M\u00e9dicos defendem rastreios nas fronteiras"},{"@type":"BreadcrumbList","@id":"https:\/\/portaltela.pt\/noticias\/2026\/03\/25\/rastreios-a-tuberculose-de-migrantes-nas-fronteiras-avaliacao-de-impactos\/#breadcrumb","itemListElement":[{"@type":"ListItem","position":1,"name":"In\u00edcio","item":"https:\/\/portaltela.pt\/"},{"@type":"ListItem","position":2,"name":"Rastreios \u00e0 tuberculose de migrantes nas fronteiras \u2014 avalia\u00e7\u00e3o de impactos"}]},{"@type":"WebSite","@id":"https:\/\/portaltela.pt\/#website","url":"https:\/\/portaltela.pt\/","name":"Portal Tela Portugal","description":"","potentialAction":[{"@type":"SearchAction","target":{"@type":"EntryPoint","urlTemplate":"https:\/\/portaltela.pt\/?s={search_term_string}"},"query-input":{"@type":"PropertyValueSpecification","valueRequired":true,"valueName":"search_term_string"}}],"inLanguage":"pt-PT"},{"@type":"Person","@id":"https:\/\/portaltela.pt\/#\/schema\/person\/c4278d4a6028830caff9ee44b42d32ed","name":"Telinha","image":{"@type":"ImageObject","inLanguage":"pt-PT","@id":"https:\/\/portaltela.pt\/s.01k8rhncp4jt1\/2025\/11\/talking-bot-125x125.png","url":"https:\/\/portaltela.pt\/s.01k8rhncp4jt1\/2025\/11\/talking-bot-125x125.png","contentUrl":"https:\/\/portaltela.pt\/s.01k8rhncp4jt1\/2025\/11\/talking-bot-125x125.png","caption":"Telinha"},"sameAs":["https:\/\/portaltela.pt\/"],"url":"https:\/\/portaltela.pt\/por\/367410592786\/"}]}},"_links":{"self":[{"href":"https:\/\/portaltela.pt\/api\/wp\/v2\/posts\/421048","targetHints":{"allow":["GET"]}}],"collection":[{"href":"https:\/\/portaltela.pt\/api\/wp\/v2\/posts"}],"about":[{"href":"https:\/\/portaltela.pt\/api\/wp\/v2\/types\/post"}],"author":[{"embeddable":true,"href":"https:\/\/portaltela.pt\/api\/wp\/v2\/users\/2"}],"replies":[{"embeddable":true,"href":"https:\/\/portaltela.pt\/api\/wp\/v2\/comments?post=421048"}],"version-history":[{"count":0,"href":"https:\/\/portaltela.pt\/api\/wp\/v2\/posts\/421048\/revisions"}],"wp:featuredmedia":[{"embeddable":true,"href":"https:\/\/portaltela.pt\/api\/wp\/v2\/media\/421059"}],"wp:attachment":[{"href":"https:\/\/portaltela.pt\/api\/wp\/v2\/media?parent=421048"}],"wp:term":[{"taxonomy":"category","embeddable":true,"href":"https:\/\/portaltela.pt\/api\/wp\/v2\/categories?post=421048"},{"taxonomy":"post_tag","embeddable":true,"href":"https:\/\/portaltela.pt\/api\/wp\/v2\/tags?post=421048"}],"curies":[{"name":"wp","href":"https:\/\/api.w.org\/{rel}","templated":true}]}}