{"id":421014,"date":"2026-03-25T12:14:00","date_gmt":"2026-03-25T15:14:00","guid":{"rendered":"https:\/\/portaltela.pt\/noticias\/2026\/03\/25\/concursos-da-cresap-tem-poucos-candidatos-devido-a-remuneracao\/"},"modified":"2026-03-25T12:14:00","modified_gmt":"2026-03-25T15:14:00","slug":"concursos-da-cresap-tem-poucos-candidatos-devido-a-remuneracao","status":"publish","type":"post","link":"https:\/\/portaltela.pt\/sociedade\/2026\/03\/25\/concursos-da-cresap-tem-poucos-candidatos-devido-a-remuneracao\/","title":{"rendered":"Concursos da Cresap t\u00eam poucos candidatos devido \u00e0 remunera\u00e7\u00e3o"},"content":{"rendered":"<p>O presidente da Comiss\u00e3o de Recrutamento e Selec\u00e7\u00e3o para a Administra\u00e7\u00e3o P\u00fablica (Cresap), Damasceno Dias, admite que o processo de escolha dos dirigentes de \u00f3rg\u00e3os p\u00fablicos precisa de altera\u00e7\u00f5es. A principal raz\u00e3o para a escassez de candidaturas nos concursos \u00e9 a remunera\u00e7\u00e3o oferecida aos dirigentes, que considera pouco atractiva.<\/p>\n<p>Durante uma audi\u00e7\u00e3o parlamentar pedida pelo Chega, Dias explicou que, quando surgem ofertas com melhor remunera\u00e7\u00e3o, o n\u00famero de interessados aumenta de forma significativa. O respons\u00e1vel indicou ainda que a revis\u00e3o dos estatutos dos dirigentes da Administra\u00e7\u00e3o P\u00fablica pode ser necess\u00e1ria para enfrentar estes problemas.<\/p>\n<p>Damasceno Dias reiterou que as nomea\u00e7\u00f5es em regime de substitui\u00e7\u00e3o constituem um entrave, referindo necessidade de ajustes que, no entanto, n\u00e3o competem \u00e0 Cresap. O dirigente recusou acusa\u00e7\u00f5es de \u201cbandidagem\u201d ou \u201caldrabice\u201d formuladas pela IL e pelo Chega, defendendo que a responsabilidade recai sobre os governos.<\/p>\n<p>A comiss\u00e3o sublinhou que poucas nomea\u00e7\u00f5es em substitui\u00e7\u00e3o resultam de uma pr\u00e1tica que n\u00e3o depende da Cresap. Em rela\u00e7\u00e3o ao tempo de resposta aos concursos, Dias afirmou que, assim que \u00e9 pedido o processo, a Cresap demora em m\u00e9dia 3 a 4 meses a emitir uma decis\u00e3o.<\/p>\n<p>Sobre o futuro, Dias defendeu a necessidade de refundar o processo de selec\u00e7\u00e3o para acompanhar novas realidades como intelig\u00eancia artificial, sustentabilidade e compliance. A Cresap, recordou, foi criada em 2011, e v\u00e1rias medidas legislativas carecem de ajuste para acomodar os tempos atuais.<\/p>\n","protected":false},"excerpt":{"rendered":"<ul>\n<li>Damasceno Dias, presidente da Cresap, afirmou que a principal raz\u00e3o para a falta de candidatos aos concursos \u00e9 a remunera\u00e7\u00e3o oferecida aos dirigentes, que n\u00e3o \u00e9 atractiva.<\/li>\n<li>O respons\u00e1vel disse que, quando existem ofertas com remunera\u00e7\u00e3o melhor, o n\u00famero de candidatos \u00e9 maior, sugerindo revis\u00e3o dos estatutos dos dirigentes da administra\u00e7\u00e3o p\u00fablica.<\/li>\n<li>As nomea\u00e7\u00f5es em regime de substitui\u00e7\u00e3o foram apontadas como um problema que exige ajustamentos, mas a solu\u00e7\u00e3o n\u00e3o depende da Cresap.<\/li>\n<li>A Cresap defendeu que n\u00e3o \u00e9 respons\u00e1vel por eventuais irregularidades no regime de substitui\u00e7\u00e3o; a responsabilidade cabe aos governos e \u00e0 abertura dos concursos.<\/li>\n<li>A comiss\u00e3o destacou que, ap\u00f3s o pedido de concurso, demora em m\u00e9dia 3 a 4 meses a dar uma resposta e sugeriu a refunda\u00e7\u00e3o do processo para acompanhar novas realidades, como intelig\u00eancia artificial, sustentabilidade e compliance.<\/li>\n<\/ul>\n","protected":false},"author":2,"featured_media":421017,"comment_status":"closed","ping_status":"closed","sticky":false,"template":"","format":"standard","meta":{"footnotes":""},"categories":[7384,6871],"tags":[168,164,34,51,2818,3444],"class_list":["post-421014","post","type-post","status-publish","format-standard","has-post-thumbnail","hentry","category-curiosidades","category-sociedade","tag-administracao-publica","tag-concurso","tag-governo","tag-inteligencia-artificial","tag-remuneracoes","tag-sustentabilidade"],"yoast_head":"<!-- This site is optimized with the Yoast SEO plugin v27.2 - https:\/\/yoast.com\/product\/yoast-seo-wordpress\/ -->\n<title>Concursos da Cresap t\u00eam poucos candidatos devido \u00e0 remunera\u00e7\u00e3o - Portal Tela Portugal<\/title>\n<meta name=\"robots\" content=\"index, follow, max-snippet:-1, max-image-preview:large, max-video-preview:-1\" \/>\n<meta property=\"og:locale\" content=\"pt_PT\" \/>\n<meta property=\"og:type\" content=\"article\" \/>\n<meta property=\"og:title\" content=\"Concursos da Cresap t\u00eam poucos candidatos devido \u00e0 remunera\u00e7\u00e3o - Portal Tela Portugal\" \/>\n<meta property=\"og:description\" content=\"Damasceno Dias, presidente da Cresap, afirmou que a principal raz\u00e3o para a falta de candidatos aos concursos \u00e9 a remunera\u00e7\u00e3o oferecida aos dirigentes, que n\u00e3o \u00e9 atractiva. O respons\u00e1vel disse que, quando existem ofertas com remunera\u00e7\u00e3o melhor, o n\u00famero de candidatos \u00e9 maior, sugerindo revis\u00e3o dos estatutos dos dirigentes da administra\u00e7\u00e3o p\u00fablica. As nomea\u00e7\u00f5es em regime de substitui\u00e7\u00e3o foram apontadas como um problema que exige ajustamentos, mas a solu\u00e7\u00e3o n\u00e3o depende da Cresap. A Cresap defendeu que n\u00e3o \u00e9 respons\u00e1vel por eventuais irregularidades no regime de substitui\u00e7\u00e3o; a responsabilidade cabe aos governos e \u00e0 abertura dos concursos. A comiss\u00e3o destacou que, ap\u00f3s o pedido de concurso, demora em m\u00e9dia 3 a 4 meses a dar uma resposta e sugeriu a refunda\u00e7\u00e3o do processo para acompanhar novas realidades, como intelig\u00eancia artificial, sustentabilidade e compliance.\" \/>\n<meta property=\"og:url\" content=\"https:\/\/portaltela.pt\/noticias\/2026\/03\/25\/concursos-da-cresap-tem-poucos-candidatos-devido-a-remuneracao\/\" \/>\n<meta property=\"og:site_name\" content=\"Portal Tela Portugal\" \/>\n<meta property=\"article:published_time\" content=\"2026-03-25T15:14:00+00:00\" \/>\n<meta name=\"author\" content=\"Telinha\" \/>\n<meta name=\"twitter:card\" content=\"summary_large_image\" \/>\n<meta name=\"twitter:label1\" content=\"Escrito por\" \/>\n\t<meta name=\"twitter:data1\" content=\"Telinha\" \/>\n\t<meta name=\"twitter:label2\" content=\"Tempo estimado de leitura\" \/>\n\t<meta name=\"twitter:data2\" content=\"1 minuto\" \/>\n<script type=\"application\/ld+json\" class=\"yoast-schema-graph\">{\"@context\":\"https:\/\/schema.org\",\"@graph\":[{\"@type\":\"Article\",\"@id\":\"https:\/\/portaltela.pt\/noticias\/2026\/03\/25\/concursos-da-cresap-tem-poucos-candidatos-devido-a-remuneracao\/#article\",\"isPartOf\":{\"@id\":\"https:\/\/portaltela.pt\/noticias\/2026\/03\/25\/concursos-da-cresap-tem-poucos-candidatos-devido-a-remuneracao\/\"},\"author\":{\"name\":\"Telinha\",\"@id\":\"https:\/\/portaltela.pt\/#\/schema\/person\/c4278d4a6028830caff9ee44b42d32ed\"},\"headline\":\"Concursos da Cresap t\u00eam poucos candidatos devido \u00e0 remunera\u00e7\u00e3o\",\"datePublished\":\"2026-03-25T15:14:00+00:00\",\"mainEntityOfPage\":{\"@id\":\"https:\/\/portaltela.pt\/noticias\/2026\/03\/25\/concursos-da-cresap-tem-poucos-candidatos-devido-a-remuneracao\/\"},\"wordCount\":265,\"image\":{\"@id\":\"https:\/\/portaltela.pt\/noticias\/2026\/03\/25\/concursos-da-cresap-tem-poucos-candidatos-devido-a-remuneracao\/#primaryimage\"},\"thumbnailUrl\":\"https:\/\/portaltela.pt\/s.01k8rhncp4jt1\/2026\/03\/tpUHdbIMAGENStypeJPGshare1oBarraFacebook_Publico-56.jpg\",\"keywords\":[\"administra\u00e7\u00e3o p\u00fablica\",\"concurso\",\"governo\",\"intelig\u00eancia artificial\",\"Remunera\u00e7\u00f5es\",\"Sustentabilidade\"],\"articleSection\":[\"Curiosidades\",\"Sociedade\"],\"inLanguage\":\"pt-PT\"},{\"@type\":\"WebPage\",\"@id\":\"https:\/\/portaltela.pt\/noticias\/2026\/03\/25\/concursos-da-cresap-tem-poucos-candidatos-devido-a-remuneracao\/\",\"url\":\"https:\/\/portaltela.pt\/noticias\/2026\/03\/25\/concursos-da-cresap-tem-poucos-candidatos-devido-a-remuneracao\/\",\"name\":\"Concursos da Cresap t\u00eam poucos candidatos devido \u00e0 remunera\u00e7\u00e3o - Portal Tela Portugal\",\"isPartOf\":{\"@id\":\"https:\/\/portaltela.pt\/#website\"},\"primaryImageOfPage\":{\"@id\":\"https:\/\/portaltela.pt\/noticias\/2026\/03\/25\/concursos-da-cresap-tem-poucos-candidatos-devido-a-remuneracao\/#primaryimage\"},\"image\":{\"@id\":\"https:\/\/portaltela.pt\/noticias\/2026\/03\/25\/concursos-da-cresap-tem-poucos-candidatos-devido-a-remuneracao\/#primaryimage\"},\"thumbnailUrl\":\"https:\/\/portaltela.pt\/s.01k8rhncp4jt1\/2026\/03\/tpUHdbIMAGENStypeJPGshare1oBarraFacebook_Publico-56.jpg\",\"datePublished\":\"2026-03-25T15:14:00+00:00\",\"author\":{\"@id\":\"https:\/\/portaltela.pt\/#\/schema\/person\/c4278d4a6028830caff9ee44b42d32ed\"},\"breadcrumb\":{\"@id\":\"https:\/\/portaltela.pt\/noticias\/2026\/03\/25\/concursos-da-cresap-tem-poucos-candidatos-devido-a-remuneracao\/#breadcrumb\"},\"inLanguage\":\"pt-PT\",\"potentialAction\":[{\"@type\":\"ReadAction\",\"target\":[\"https:\/\/portaltela.pt\/noticias\/2026\/03\/25\/concursos-da-cresap-tem-poucos-candidatos-devido-a-remuneracao\/\"]}]},{\"@type\":\"ImageObject\",\"inLanguage\":\"pt-PT\",\"@id\":\"https:\/\/portaltela.pt\/noticias\/2026\/03\/25\/concursos-da-cresap-tem-poucos-candidatos-devido-a-remuneracao\/#primaryimage\",\"url\":\"https:\/\/portaltela.pt\/s.01k8rhncp4jt1\/2026\/03\/tpUHdbIMAGENStypeJPGshare1oBarraFacebook_Publico-56.jpg\",\"contentUrl\":\"https:\/\/portaltela.pt\/s.01k8rhncp4jt1\/2026\/03\/tpUHdbIMAGENStypeJPGshare1oBarraFacebook_Publico-56.jpg\",\"width\":1200,\"height\":630,\"caption\":\"O antigo primeiro-ministro, Pedro Passos Coelho, criticou o uso abusivo do regime de substitui\u00e7\u00e3o\"},{\"@type\":\"BreadcrumbList\",\"@id\":\"https:\/\/portaltela.pt\/noticias\/2026\/03\/25\/concursos-da-cresap-tem-poucos-candidatos-devido-a-remuneracao\/#breadcrumb\",\"itemListElement\":[{\"@type\":\"ListItem\",\"position\":1,\"name\":\"In\u00edcio\",\"item\":\"https:\/\/portaltela.pt\/\"},{\"@type\":\"ListItem\",\"position\":2,\"name\":\"Concursos da Cresap t\u00eam poucos candidatos devido \u00e0 remunera\u00e7\u00e3o\"}]},{\"@type\":\"WebSite\",\"@id\":\"https:\/\/portaltela.pt\/#website\",\"url\":\"https:\/\/portaltela.pt\/\",\"name\":\"Portal Tela Portugal\",\"description\":\"\",\"potentialAction\":[{\"@type\":\"SearchAction\",\"target\":{\"@type\":\"EntryPoint\",\"urlTemplate\":\"https:\/\/portaltela.pt\/?s={search_term_string}\"},\"query-input\":{\"@type\":\"PropertyValueSpecification\",\"valueRequired\":true,\"valueName\":\"search_term_string\"}}],\"inLanguage\":\"pt-PT\"},{\"@type\":\"Person\",\"@id\":\"https:\/\/portaltela.pt\/#\/schema\/person\/c4278d4a6028830caff9ee44b42d32ed\",\"name\":\"Telinha\",\"image\":{\"@type\":\"ImageObject\",\"inLanguage\":\"pt-PT\",\"@id\":\"https:\/\/portaltela.pt\/s.01k8rhncp4jt1\/2025\/11\/talking-bot-125x125.png\",\"url\":\"https:\/\/portaltela.pt\/s.01k8rhncp4jt1\/2025\/11\/talking-bot-125x125.png\",\"contentUrl\":\"https:\/\/portaltela.pt\/s.01k8rhncp4jt1\/2025\/11\/talking-bot-125x125.png\",\"caption\":\"Telinha\"},\"sameAs\":[\"https:\/\/portaltela.pt\/\"],\"url\":\"https:\/\/portaltela.pt\/por\/367410592786\/\"}]}<\/script>\n<!-- \/ Yoast SEO plugin. -->","yoast_head_json":{"title":"Concursos da Cresap t\u00eam poucos candidatos devido \u00e0 remunera\u00e7\u00e3o - Portal Tela Portugal","robots":{"index":"index","follow":"follow","max-snippet":"max-snippet:-1","max-image-preview":"max-image-preview:large","max-video-preview":"max-video-preview:-1"},"og_locale":"pt_PT","og_type":"article","og_title":"Concursos da Cresap t\u00eam poucos candidatos devido \u00e0 remunera\u00e7\u00e3o - Portal Tela Portugal","og_description":"Damasceno Dias, presidente da Cresap, afirmou que a principal raz\u00e3o para a falta de candidatos aos concursos \u00e9 a remunera\u00e7\u00e3o oferecida aos dirigentes, que n\u00e3o \u00e9 atractiva. O respons\u00e1vel disse que, quando existem ofertas com remunera\u00e7\u00e3o melhor, o n\u00famero de candidatos \u00e9 maior, sugerindo revis\u00e3o dos estatutos dos dirigentes da administra\u00e7\u00e3o p\u00fablica. As nomea\u00e7\u00f5es em regime de substitui\u00e7\u00e3o foram apontadas como um problema que exige ajustamentos, mas a solu\u00e7\u00e3o n\u00e3o depende da Cresap. A Cresap defendeu que n\u00e3o \u00e9 respons\u00e1vel por eventuais irregularidades no regime de substitui\u00e7\u00e3o; a responsabilidade cabe aos governos e \u00e0 abertura dos concursos. A comiss\u00e3o destacou que, ap\u00f3s o pedido de concurso, demora em m\u00e9dia 3 a 4 meses a dar uma resposta e sugeriu a refunda\u00e7\u00e3o do processo para acompanhar novas realidades, como intelig\u00eancia artificial, sustentabilidade e compliance.","og_url":"https:\/\/portaltela.pt\/noticias\/2026\/03\/25\/concursos-da-cresap-tem-poucos-candidatos-devido-a-remuneracao\/","og_site_name":"Portal Tela Portugal","article_published_time":"2026-03-25T15:14:00+00:00","author":"Telinha","twitter_card":"summary_large_image","twitter_misc":{"Escrito por":"Telinha","Tempo estimado de leitura":"1 minuto"},"schema":{"@context":"https:\/\/schema.org","@graph":[{"@type":"Article","@id":"https:\/\/portaltela.pt\/noticias\/2026\/03\/25\/concursos-da-cresap-tem-poucos-candidatos-devido-a-remuneracao\/#article","isPartOf":{"@id":"https:\/\/portaltela.pt\/noticias\/2026\/03\/25\/concursos-da-cresap-tem-poucos-candidatos-devido-a-remuneracao\/"},"author":{"name":"Telinha","@id":"https:\/\/portaltela.pt\/#\/schema\/person\/c4278d4a6028830caff9ee44b42d32ed"},"headline":"Concursos da Cresap t\u00eam poucos candidatos devido \u00e0 remunera\u00e7\u00e3o","datePublished":"2026-03-25T15:14:00+00:00","mainEntityOfPage":{"@id":"https:\/\/portaltela.pt\/noticias\/2026\/03\/25\/concursos-da-cresap-tem-poucos-candidatos-devido-a-remuneracao\/"},"wordCount":265,"image":{"@id":"https:\/\/portaltela.pt\/noticias\/2026\/03\/25\/concursos-da-cresap-tem-poucos-candidatos-devido-a-remuneracao\/#primaryimage"},"thumbnailUrl":"https:\/\/portaltela.pt\/s.01k8rhncp4jt1\/2026\/03\/tpUHdbIMAGENStypeJPGshare1oBarraFacebook_Publico-56.jpg","keywords":["administra\u00e7\u00e3o p\u00fablica","concurso","governo","intelig\u00eancia artificial","Remunera\u00e7\u00f5es","Sustentabilidade"],"articleSection":["Curiosidades","Sociedade"],"inLanguage":"pt-PT"},{"@type":"WebPage","@id":"https:\/\/portaltela.pt\/noticias\/2026\/03\/25\/concursos-da-cresap-tem-poucos-candidatos-devido-a-remuneracao\/","url":"https:\/\/portaltela.pt\/noticias\/2026\/03\/25\/concursos-da-cresap-tem-poucos-candidatos-devido-a-remuneracao\/","name":"Concursos da Cresap t\u00eam poucos candidatos devido \u00e0 remunera\u00e7\u00e3o - Portal Tela Portugal","isPartOf":{"@id":"https:\/\/portaltela.pt\/#website"},"primaryImageOfPage":{"@id":"https:\/\/portaltela.pt\/noticias\/2026\/03\/25\/concursos-da-cresap-tem-poucos-candidatos-devido-a-remuneracao\/#primaryimage"},"image":{"@id":"https:\/\/portaltela.pt\/noticias\/2026\/03\/25\/concursos-da-cresap-tem-poucos-candidatos-devido-a-remuneracao\/#primaryimage"},"thumbnailUrl":"https:\/\/portaltela.pt\/s.01k8rhncp4jt1\/2026\/03\/tpUHdbIMAGENStypeJPGshare1oBarraFacebook_Publico-56.jpg","datePublished":"2026-03-25T15:14:00+00:00","author":{"@id":"https:\/\/portaltela.pt\/#\/schema\/person\/c4278d4a6028830caff9ee44b42d32ed"},"breadcrumb":{"@id":"https:\/\/portaltela.pt\/noticias\/2026\/03\/25\/concursos-da-cresap-tem-poucos-candidatos-devido-a-remuneracao\/#breadcrumb"},"inLanguage":"pt-PT","potentialAction":[{"@type":"ReadAction","target":["https:\/\/portaltela.pt\/noticias\/2026\/03\/25\/concursos-da-cresap-tem-poucos-candidatos-devido-a-remuneracao\/"]}]},{"@type":"ImageObject","inLanguage":"pt-PT","@id":"https:\/\/portaltela.pt\/noticias\/2026\/03\/25\/concursos-da-cresap-tem-poucos-candidatos-devido-a-remuneracao\/#primaryimage","url":"https:\/\/portaltela.pt\/s.01k8rhncp4jt1\/2026\/03\/tpUHdbIMAGENStypeJPGshare1oBarraFacebook_Publico-56.jpg","contentUrl":"https:\/\/portaltela.pt\/s.01k8rhncp4jt1\/2026\/03\/tpUHdbIMAGENStypeJPGshare1oBarraFacebook_Publico-56.jpg","width":1200,"height":630,"caption":"O antigo primeiro-ministro, Pedro Passos Coelho, criticou o uso abusivo do regime de substitui\u00e7\u00e3o"},{"@type":"BreadcrumbList","@id":"https:\/\/portaltela.pt\/noticias\/2026\/03\/25\/concursos-da-cresap-tem-poucos-candidatos-devido-a-remuneracao\/#breadcrumb","itemListElement":[{"@type":"ListItem","position":1,"name":"In\u00edcio","item":"https:\/\/portaltela.pt\/"},{"@type":"ListItem","position":2,"name":"Concursos da Cresap t\u00eam poucos candidatos devido \u00e0 remunera\u00e7\u00e3o"}]},{"@type":"WebSite","@id":"https:\/\/portaltela.pt\/#website","url":"https:\/\/portaltela.pt\/","name":"Portal Tela Portugal","description":"","potentialAction":[{"@type":"SearchAction","target":{"@type":"EntryPoint","urlTemplate":"https:\/\/portaltela.pt\/?s={search_term_string}"},"query-input":{"@type":"PropertyValueSpecification","valueRequired":true,"valueName":"search_term_string"}}],"inLanguage":"pt-PT"},{"@type":"Person","@id":"https:\/\/portaltela.pt\/#\/schema\/person\/c4278d4a6028830caff9ee44b42d32ed","name":"Telinha","image":{"@type":"ImageObject","inLanguage":"pt-PT","@id":"https:\/\/portaltela.pt\/s.01k8rhncp4jt1\/2025\/11\/talking-bot-125x125.png","url":"https:\/\/portaltela.pt\/s.01k8rhncp4jt1\/2025\/11\/talking-bot-125x125.png","contentUrl":"https:\/\/portaltela.pt\/s.01k8rhncp4jt1\/2025\/11\/talking-bot-125x125.png","caption":"Telinha"},"sameAs":["https:\/\/portaltela.pt\/"],"url":"https:\/\/portaltela.pt\/por\/367410592786\/"}]}},"_links":{"self":[{"href":"https:\/\/portaltela.pt\/api\/wp\/v2\/posts\/421014","targetHints":{"allow":["GET"]}}],"collection":[{"href":"https:\/\/portaltela.pt\/api\/wp\/v2\/posts"}],"about":[{"href":"https:\/\/portaltela.pt\/api\/wp\/v2\/types\/post"}],"author":[{"embeddable":true,"href":"https:\/\/portaltela.pt\/api\/wp\/v2\/users\/2"}],"replies":[{"embeddable":true,"href":"https:\/\/portaltela.pt\/api\/wp\/v2\/comments?post=421014"}],"version-history":[{"count":0,"href":"https:\/\/portaltela.pt\/api\/wp\/v2\/posts\/421014\/revisions"}],"wp:featuredmedia":[{"embeddable":true,"href":"https:\/\/portaltela.pt\/api\/wp\/v2\/media\/421017"}],"wp:attachment":[{"href":"https:\/\/portaltela.pt\/api\/wp\/v2\/media?parent=421014"}],"wp:term":[{"taxonomy":"category","embeddable":true,"href":"https:\/\/portaltela.pt\/api\/wp\/v2\/categories?post=421014"},{"taxonomy":"post_tag","embeddable":true,"href":"https:\/\/portaltela.pt\/api\/wp\/v2\/tags?post=421014"}],"curies":[{"name":"wp","href":"https:\/\/api.w.org\/{rel}","templated":true}]}}